{"id":47823,"date":"2015-05-10T18:12:06","date_gmt":"2015-05-10T21:12:06","guid":{"rendered":"http:\/\/www.notibras.com\/site\/?p=47823"},"modified":"2015-05-10T18:25:51","modified_gmt":"2015-05-10T21:25:51","slug":"reservas-do-corinthians-batem-time-misto-do-cruzeiro-na-arena-pantanal","status":"publish","type":"post","link":"https:\/\/www.notibras.com\/site\/reservas-do-corinthians-batem-time-misto-do-cruzeiro-na-arena-pantanal\/","title":{"rendered":"Reservas do Tim\u00e3o batem misto do Cruzeiro na Arena Pantanal"},"content":{"rendered":"<p class=\"text\">O\u00a0Campeonato Brasileiro 2015 come\u00e7ou neste fim de semana, mas Corinthians e Cruzeiro estiveram com a cabe\u00e7a bem longe dele neste domingo, na Arena Pantanal, com mando do time mineiro. Com o pensamento na Libertadores , os dois times pouparam jogadores e quem se deu melhor foi o time paulista: vit\u00f3ria por 1 a 0 gra\u00e7as a gol de Romero, paraguaio muito pouco utilizado por Tite na temporada at\u00e9 aqui, A vit\u00f3ria ainda marcou uma \u201cfreguesia\u201d da equipe celeste para o advers\u00e1rio, que j\u00e1 havia vencido o bicampe\u00e3o nacional por duas vezes na temporada 2014.<\/p>\n<p class=\"text\">Em campo, o que se viu foi tanto mineiros quanto paulistas com forma\u00e7\u00f5es bem diferentes do time titular. Os dois times t\u00eam \u201cdecis\u00f5es\u201d pela Libertadores na pr\u00f3xima quarta-feira e pouparam jogadores. A equipe de Tite apareceu apenas com C\u00e1ssio do time que entrou em campo no primeiro jogo das oitavas, enquanto o clube de Marcelo Oliveira tinha F\u00e1bio, Manoel, Willians, Willian e Marquinhos.<\/p>\n<p class=\"text\">As escala\u00e7\u00f5es diferentes fizeram os cruzeirenses dominarem os primeiros instantes do jogo, enquanto o Corinthians n\u00e3o conseguia trocar tr\u00eas passes seguidos. A partir dos 15min, contudo, a situa\u00e7\u00e3o se inverteu: o time alvinegro teve a bola utilizando principalmente Malcom pela direita e finalizou mais, apesar de poucas com perigo. O lance de maior emo\u00e7\u00e3o na etapa inicial foi em boa jogada de Vagner Love, que finalizou por cima de frente para F\u00e1bio.<\/p>\n<p class=\"text\">O Corinthians finalmente ganhou mais um titular com a entrada de Emerson na vaga de Danilo para a etapa final. O Cruzeiro , por sua vez, optou pelo lateral Mayke. A situa\u00e7\u00e3o pouco mudou e a partida seguiu morosa. O time mineiro era ligeiramente melhor, mas quem marcou foi os paulistas, com gol de Romero, atacante que saiu do banco para substituir Vagner Love.<\/p>\n<p class=\"text\">Os dois times jogaram com a cabe\u00e7a na Libertadores: na pr\u00f3xima quarta, o Cruzeiro encara o S\u00e3o Paulo , enquanto o Corinthians enfrenta o Guaran\u00ed-PAR. Ambos os clubes jogam em casa e t\u00eam que reverter resultados negativos \u2013 a situa\u00e7\u00e3o corintiana \u00e9 pior, pois perdeu de 2 a 0, enquanto os mineiros tiveram derrota por um gol.<\/p>\n<blockquote>\n<p class=\"text\">Pelo Brasileiro, os paulistas encaram a segunda rodada no pr\u00f3ximo s\u00e1bado, \u00e0s 21h (de Bras\u00edlia), em Araraquara, contra a Chapecoense . O Cruzeiro, por sua vez, visita o campe\u00e3o paulista Santos \u00e0s 16h do domingo na Vila Belmiro. Na tabela,o Corinthians aparece\u00a0em quinto lugar com tr\u00eas pontos, enquanto o time celeste \u00e9 o 17\u00ba com nenhum.<\/p>\n<\/blockquote>\n","protected":false},"excerpt":{"rendered":"<p>O\u00a0Campeonato Brasileiro 2015 come\u00e7ou neste fim de semana, mas Corinthians e Cruzeiro estiveram com a cabe\u00e7a bem longe dele neste domingo, na Arena Pantanal, com mando do time mineiro. Com o pensamento na Libertadores , os dois times pouparam jogadores e quem se deu melhor foi o time paulista: vit\u00f3ria por 1 a 0 gra\u00e7as [&hellip;]<\/p>\n","protected":false},"author":1,"featured_media":47824,"comment_status":"open","ping_status":"closed","sticky":false,"template":"","format":"standard","meta":{"_acf_changed":false,"footnotes":""},"categories":[29],"tags":[],"class_list":["post-47823","post","type-post","status-publish","format-standard","has-post-thumbnail","hentry","category-futebol"],"acf":[],"yoast_head":"<!-- This site is optimized with the Yoast SEO plugin v27.2 - https:\/\/yoast.com\/product\/yoast-seo-wordpress\/ -->\n<title>Reservas do Tim\u00e3o batem misto do Cruzeiro na Arena Pantanal - Notibras<\/title>\n<meta name=\"robots\" content=\"index, follow, max-snippet:-1, max-image-preview:large, max-video-preview:-1\" \/>\n<link rel=\"canonical\" href=\"https:\/\/www.notibras.com\/site\/reservas-do-corinthians-batem-time-misto-do-cruzeiro-na-arena-pantanal\/\" \/>\n<meta property=\"og:locale\" content=\"pt_BR\" \/>\n<meta property=\"og:type\" content=\"article\" \/>\n<meta property=\"og:title\" content=\"Reservas do Tim\u00e3o batem misto do Cruzeiro na Arena Pantanal - Notibras\" \/>\n<meta property=\"og:description\" content=\"O\u00a0Campeonato Brasileiro 2015 come\u00e7ou neste fim de semana, mas Corinthians e Cruzeiro estiveram com a cabe\u00e7a bem longe dele neste domingo, na Arena Pantanal, com mando do time mineiro. Com o pensamento na Libertadores , os dois times pouparam jogadores e quem se deu melhor foi o time paulista: vit\u00f3ria por 1 a 0 gra\u00e7as [&hellip;]\" \/>\n<meta property=\"og:url\" content=\"https:\/\/www.notibras.com\/site\/reservas-do-corinthians-batem-time-misto-do-cruzeiro-na-arena-pantanal\/\" \/>\n<meta property=\"og:site_name\" content=\"Notibras\" \/>\n<meta property=\"article:publisher\" content=\"https:\/\/www.facebook.com\/notibras\/\" \/>\n<meta property=\"article:published_time\" content=\"2015-05-10T21:12:06+00:00\" \/>\n<meta property=\"article:modified_time\" content=\"2015-05-10T21:25:51+00:00\" \/>\n<meta property=\"og:image\" content=\"https:\/\/www.notibras.com\/site\/wp-content\/uploads\/2015\/05\/Sem-t\u00edtulo-144.jpg\" \/>\n\t<meta property=\"og:image:width\" content=\"940\" \/>\n\t<meta property=\"og:image:height\" content=\"627\" \/>\n\t<meta property=\"og:image:type\" content=\"image\/jpeg\" \/>\n<meta name=\"author\" content=\"Reda\u00e7\u00e3o\" \/>\n<meta name=\"twitter:card\" content=\"summary_large_image\" \/>\n<meta name=\"twitter:creator\" content=\"@Notibras\" \/>\n<meta name=\"twitter:site\" content=\"@Notibras\" \/>\n<meta name=\"twitter:label1\" content=\"Escrito por\" \/>\n\t<meta name=\"twitter:data1\" content=\"Reda\u00e7\u00e3o\" \/>\n\t<meta name=\"twitter:label2\" content=\"Est. tempo de leitura\" \/>\n\t<meta name=\"twitter:data2\" content=\"2 minutos\" \/>\n<script type=\"application\/ld+json\" class=\"yoast-schema-graph\">{\"@context\":\"https:\/\/schema.org\",\"@graph\":[{\"@type\":\"Article\",\"@id\":\"https:\/\/www.notibras.com\/site\/reservas-do-corinthians-batem-time-misto-do-cruzeiro-na-arena-pantanal\/#article\",\"isPartOf\":{\"@id\":\"https:\/\/www.notibras.com\/site\/reservas-do-corinthians-batem-time-misto-do-cruzeiro-na-arena-pantanal\/\"},\"author\":{\"name\":\"Reda\u00e7\u00e3o\",\"@id\":\"https:\/\/www.notibras.com\/site\/#\/schema\/person\/00b8e1aa08f9ef6563e878c5159d01cf\"},\"headline\":\"Reservas do Tim\u00e3o batem misto do Cruzeiro na Arena Pantanal\",\"datePublished\":\"2015-05-10T21:12:06+00:00\",\"dateModified\":\"2015-05-10T21:25:51+00:00\",\"mainEntityOfPage\":{\"@id\":\"https:\/\/www.notibras.com\/site\/reservas-do-corinthians-batem-time-misto-do-cruzeiro-na-arena-pantanal\/\"},\"wordCount\":437,\"commentCount\":0,\"publisher\":{\"@id\":\"https:\/\/www.notibras.com\/site\/#organization\"},\"image\":{\"@id\":\"https:\/\/www.notibras.com\/site\/reservas-do-corinthians-batem-time-misto-do-cruzeiro-na-arena-pantanal\/#primaryimage\"},\"thumbnailUrl\":\"https:\/\/www.notibras.com\/site\/wp-content\/uploads\/2015\/05\/Sem-t\u00edtulo-144.jpg\",\"articleSection\":[\"Futebol\"],\"inLanguage\":\"pt-BR\",\"potentialAction\":[{\"@type\":\"CommentAction\",\"name\":\"Comment\",\"target\":[\"https:\/\/www.notibras.com\/site\/reservas-do-corinthians-batem-time-misto-do-cruzeiro-na-arena-pantanal\/#respond\"]}]},{\"@type\":\"WebPage\",\"@id\":\"https:\/\/www.notibras.com\/site\/reservas-do-corinthians-batem-time-misto-do-cruzeiro-na-arena-pantanal\/\",\"url\":\"https:\/\/www.notibras.com\/site\/reservas-do-corinthians-batem-time-misto-do-cruzeiro-na-arena-pantanal\/\",\"name\":\"Reservas do Tim\u00e3o batem misto do Cruzeiro na Arena Pantanal - Notibras\",\"isPartOf\":{\"@id\":\"https:\/\/www.notibras.com\/site\/#website\"},\"primaryImageOfPage\":{\"@id\":\"https:\/\/www.notibras.com\/site\/reservas-do-corinthians-batem-time-misto-do-cruzeiro-na-arena-pantanal\/#primaryimage\"},\"image\":{\"@id\":\"https:\/\/www.notibras.com\/site\/reservas-do-corinthians-batem-time-misto-do-cruzeiro-na-arena-pantanal\/#primaryimage\"},\"thumbnailUrl\":\"https:\/\/www.notibras.com\/site\/wp-content\/uploads\/2015\/05\/Sem-t\u00edtulo-144.jpg\",\"datePublished\":\"2015-05-10T21:12:06+00:00\",\"dateModified\":\"2015-05-10T21:25:51+00:00\",\"breadcrumb\":{\"@id\":\"https:\/\/www.notibras.com\/site\/reservas-do-corinthians-batem-time-misto-do-cruzeiro-na-arena-pantanal\/#breadcrumb\"},\"inLanguage\":\"pt-BR\",\"potentialAction\":[{\"@type\":\"ReadAction\",\"target\":[\"https:\/\/www.notibras.com\/site\/reservas-do-corinthians-batem-time-misto-do-cruzeiro-na-arena-pantanal\/\"]}]},{\"@type\":\"ImageObject\",\"inLanguage\":\"pt-BR\",\"@id\":\"https:\/\/www.notibras.com\/site\/reservas-do-corinthians-batem-time-misto-do-cruzeiro-na-arena-pantanal\/#primaryimage\",\"url\":\"https:\/\/www.notibras.com\/site\/wp-content\/uploads\/2015\/05\/Sem-t\u00edtulo-144.jpg\",\"contentUrl\":\"https:\/\/www.notibras.com\/site\/wp-content\/uploads\/2015\/05\/Sem-t\u00edtulo-144.jpg\",\"width\":940,\"height\":627},{\"@type\":\"BreadcrumbList\",\"@id\":\"https:\/\/www.notibras.com\/site\/reservas-do-corinthians-batem-time-misto-do-cruzeiro-na-arena-pantanal\/#breadcrumb\",\"itemListElement\":[{\"@type\":\"ListItem\",\"position\":1,\"name\":\"In\u00edcio\",\"item\":\"https:\/\/www.notibras.com\/site\/\"},{\"@type\":\"ListItem\",\"position\":2,\"name\":\"Reservas do Tim\u00e3o batem misto do Cruzeiro na Arena Pantanal\"}]},{\"@type\":\"WebSite\",\"@id\":\"https:\/\/www.notibras.com\/site\/#website\",\"url\":\"https:\/\/www.notibras.com\/site\/\",\"name\":\"Notibras\",\"description\":\"Not\u00edcias de Bras\u00edlia, do Brasil e do Mundo\",\"publisher\":{\"@id\":\"https:\/\/www.notibras.com\/site\/#organization\"},\"potentialAction\":[{\"@type\":\"SearchAction\",\"target\":{\"@type\":\"EntryPoint\",\"urlTemplate\":\"https:\/\/www.notibras.com\/site\/?s={search_term_string}\"},\"query-input\":{\"@type\":\"PropertyValueSpecification\",\"valueRequired\":true,\"valueName\":\"search_term_string\"}}],\"inLanguage\":\"pt-BR\"},{\"@type\":\"Organization\",\"@id\":\"https:\/\/www.notibras.com\/site\/#organization\",\"name\":\"Grupo Notibras de Comunica\u00e7\u00e3o\",\"url\":\"https:\/\/www.notibras.com\/site\/\",\"logo\":{\"@type\":\"ImageObject\",\"inLanguage\":\"pt-BR\",\"@id\":\"https:\/\/www.notibras.com\/site\/#\/schema\/logo\/image\/\",\"url\":\"https:\/\/www.notibras.com\/site\/wp-content\/uploads\/2023\/01\/notibras23.png\",\"contentUrl\":\"https:\/\/www.notibras.com\/site\/wp-content\/uploads\/2023\/01\/notibras23.png\",\"width\":350,\"height\":87,\"caption\":\"Grupo Notibras de Comunica\u00e7\u00e3o\"},\"image\":{\"@id\":\"https:\/\/www.notibras.com\/site\/#\/schema\/logo\/image\/\"},\"sameAs\":[\"https:\/\/www.facebook.com\/notibras\/\",\"https:\/\/x.com\/Notibras\",\"https:\/\/www.instagram.com\/notibras\/\"]},{\"@type\":\"Person\",\"@id\":\"https:\/\/www.notibras.com\/site\/#\/schema\/person\/00b8e1aa08f9ef6563e878c5159d01cf\",\"name\":\"Reda\u00e7\u00e3o\",\"image\":{\"@type\":\"ImageObject\",\"inLanguage\":\"pt-BR\",\"@id\":\"https:\/\/secure.gravatar.com\/avatar\/ac5a707d5b47784a5ed426c6e213e201423c750890f64e4c379114dade67dfb9?s=96&d=mm&r=g\",\"url\":\"https:\/\/secure.gravatar.com\/avatar\/ac5a707d5b47784a5ed426c6e213e201423c750890f64e4c379114dade67dfb9?s=96&d=mm&r=g\",\"contentUrl\":\"https:\/\/secure.gravatar.com\/avatar\/ac5a707d5b47784a5ed426c6e213e201423c750890f64e4c379114dade67dfb9?s=96&d=mm&r=g\",\"caption\":\"Reda\u00e7\u00e3o\"}}]}<\/script>\n<!-- \/ Yoast SEO plugin. -->","yoast_head_json":{"title":"Reservas do Tim\u00e3o batem misto do Cruzeiro na Arena Pantanal - Notibras","robots":{"index":"index","follow":"follow","max-snippet":"max-snippet:-1","max-image-preview":"max-image-preview:large","max-video-preview":"max-video-preview:-1"},"canonical":"https:\/\/www.notibras.com\/site\/reservas-do-corinthians-batem-time-misto-do-cruzeiro-na-arena-pantanal\/","og_locale":"pt_BR","og_type":"article","og_title":"Reservas do Tim\u00e3o batem misto do Cruzeiro na Arena Pantanal - Notibras","og_description":"O\u00a0Campeonato Brasileiro 2015 come\u00e7ou neste fim de semana, mas Corinthians e Cruzeiro estiveram com a cabe\u00e7a bem longe dele neste domingo, na Arena Pantanal, com mando do time mineiro. Com o pensamento na Libertadores , os dois times pouparam jogadores e quem se deu melhor foi o time paulista: vit\u00f3ria por 1 a 0 gra\u00e7as [&hellip;]","og_url":"https:\/\/www.notibras.com\/site\/reservas-do-corinthians-batem-time-misto-do-cruzeiro-na-arena-pantanal\/","og_site_name":"Notibras","article_publisher":"https:\/\/www.facebook.com\/notibras\/","article_published_time":"2015-05-10T21:12:06+00:00","article_modified_time":"2015-05-10T21:25:51+00:00","og_image":[{"width":940,"height":627,"url":"https:\/\/www.notibras.com\/site\/wp-content\/uploads\/2015\/05\/Sem-t\u00edtulo-144.jpg","type":"image\/jpeg"}],"author":"Reda\u00e7\u00e3o","twitter_card":"summary_large_image","twitter_creator":"@Notibras","twitter_site":"@Notibras","twitter_misc":{"Escrito por":"Reda\u00e7\u00e3o","Est. tempo de leitura":"2 minutos"},"schema":{"@context":"https:\/\/schema.org","@graph":[{"@type":"Article","@id":"https:\/\/www.notibras.com\/site\/reservas-do-corinthians-batem-time-misto-do-cruzeiro-na-arena-pantanal\/#article","isPartOf":{"@id":"https:\/\/www.notibras.com\/site\/reservas-do-corinthians-batem-time-misto-do-cruzeiro-na-arena-pantanal\/"},"author":{"name":"Reda\u00e7\u00e3o","@id":"https:\/\/www.notibras.com\/site\/#\/schema\/person\/00b8e1aa08f9ef6563e878c5159d01cf"},"headline":"Reservas do Tim\u00e3o batem misto do Cruzeiro na Arena Pantanal","datePublished":"2015-05-10T21:12:06+00:00","dateModified":"2015-05-10T21:25:51+00:00","mainEntityOfPage":{"@id":"https:\/\/www.notibras.com\/site\/reservas-do-corinthians-batem-time-misto-do-cruzeiro-na-arena-pantanal\/"},"wordCount":437,"commentCount":0,"publisher":{"@id":"https:\/\/www.notibras.com\/site\/#organization"},"image":{"@id":"https:\/\/www.notibras.com\/site\/reservas-do-corinthians-batem-time-misto-do-cruzeiro-na-arena-pantanal\/#primaryimage"},"thumbnailUrl":"https:\/\/www.notibras.com\/site\/wp-content\/uploads\/2015\/05\/Sem-t\u00edtulo-144.jpg","articleSection":["Futebol"],"inLanguage":"pt-BR","potentialAction":[{"@type":"CommentAction","name":"Comment","target":["https:\/\/www.notibras.com\/site\/reservas-do-corinthians-batem-time-misto-do-cruzeiro-na-arena-pantanal\/#respond"]}]},{"@type":"WebPage","@id":"https:\/\/www.notibras.com\/site\/reservas-do-corinthians-batem-time-misto-do-cruzeiro-na-arena-pantanal\/","url":"https:\/\/www.notibras.com\/site\/reservas-do-corinthians-batem-time-misto-do-cruzeiro-na-arena-pantanal\/","name":"Reservas do Tim\u00e3o batem misto do Cruzeiro na Arena Pantanal - Notibras","isPartOf":{"@id":"https:\/\/www.notibras.com\/site\/#website"},"primaryImageOfPage":{"@id":"https:\/\/www.notibras.com\/site\/reservas-do-corinthians-batem-time-misto-do-cruzeiro-na-arena-pantanal\/#primaryimage"},"image":{"@id":"https:\/\/www.notibras.com\/site\/reservas-do-corinthians-batem-time-misto-do-cruzeiro-na-arena-pantanal\/#primaryimage"},"thumbnailUrl":"https:\/\/www.notibras.com\/site\/wp-content\/uploads\/2015\/05\/Sem-t\u00edtulo-144.jpg","datePublished":"2015-05-10T21:12:06+00:00","dateModified":"2015-05-10T21:25:51+00:00","breadcrumb":{"@id":"https:\/\/www.notibras.com\/site\/reservas-do-corinthians-batem-time-misto-do-cruzeiro-na-arena-pantanal\/#breadcrumb"},"inLanguage":"pt-BR","potentialAction":[{"@type":"ReadAction","target":["https:\/\/www.notibras.com\/site\/reservas-do-corinthians-batem-time-misto-do-cruzeiro-na-arena-pantanal\/"]}]},{"@type":"ImageObject","inLanguage":"pt-BR","@id":"https:\/\/www.notibras.com\/site\/reservas-do-corinthians-batem-time-misto-do-cruzeiro-na-arena-pantanal\/#primaryimage","url":"https:\/\/www.notibras.com\/site\/wp-content\/uploads\/2015\/05\/Sem-t\u00edtulo-144.jpg","contentUrl":"https:\/\/www.notibras.com\/site\/wp-content\/uploads\/2015\/05\/Sem-t\u00edtulo-144.jpg","width":940,"height":627},{"@type":"BreadcrumbList","@id":"https:\/\/www.notibras.com\/site\/reservas-do-corinthians-batem-time-misto-do-cruzeiro-na-arena-pantanal\/#breadcrumb","itemListElement":[{"@type":"ListItem","position":1,"name":"In\u00edcio","item":"https:\/\/www.notibras.com\/site\/"},{"@type":"ListItem","position":2,"name":"Reservas do Tim\u00e3o batem misto do Cruzeiro na Arena Pantanal"}]},{"@type":"WebSite","@id":"https:\/\/www.notibras.com\/site\/#website","url":"https:\/\/www.notibras.com\/site\/","name":"Notibras","description":"Not\u00edcias de Bras\u00edlia, do Brasil e do Mundo","publisher":{"@id":"https:\/\/www.notibras.com\/site\/#organization"},"potentialAction":[{"@type":"SearchAction","target":{"@type":"EntryPoint","urlTemplate":"https:\/\/www.notibras.com\/site\/?s={search_term_string}"},"query-input":{"@type":"PropertyValueSpecification","valueRequired":true,"valueName":"search_term_string"}}],"inLanguage":"pt-BR"},{"@type":"Organization","@id":"https:\/\/www.notibras.com\/site\/#organization","name":"Grupo Notibras de Comunica\u00e7\u00e3o","url":"https:\/\/www.notibras.com\/site\/","logo":{"@type":"ImageObject","inLanguage":"pt-BR","@id":"https:\/\/www.notibras.com\/site\/#\/schema\/logo\/image\/","url":"https:\/\/www.notibras.com\/site\/wp-content\/uploads\/2023\/01\/notibras23.png","contentUrl":"https:\/\/www.notibras.com\/site\/wp-content\/uploads\/2023\/01\/notibras23.png","width":350,"height":87,"caption":"Grupo Notibras de Comunica\u00e7\u00e3o"},"image":{"@id":"https:\/\/www.notibras.com\/site\/#\/schema\/logo\/image\/"},"sameAs":["https:\/\/www.facebook.com\/notibras\/","https:\/\/x.com\/Notibras","https:\/\/www.instagram.com\/notibras\/"]},{"@type":"Person","@id":"https:\/\/www.notibras.com\/site\/#\/schema\/person\/00b8e1aa08f9ef6563e878c5159d01cf","name":"Reda\u00e7\u00e3o","image":{"@type":"ImageObject","inLanguage":"pt-BR","@id":"https:\/\/secure.gravatar.com\/avatar\/ac5a707d5b47784a5ed426c6e213e201423c750890f64e4c379114dade67dfb9?s=96&d=mm&r=g","url":"https:\/\/secure.gravatar.com\/avatar\/ac5a707d5b47784a5ed426c6e213e201423c750890f64e4c379114dade67dfb9?s=96&d=mm&r=g","contentUrl":"https:\/\/secure.gravatar.com\/avatar\/ac5a707d5b47784a5ed426c6e213e201423c750890f64e4c379114dade67dfb9?s=96&d=mm&r=g","caption":"Reda\u00e7\u00e3o"}}]}},"amp_enabled":true,"_links":{"self":[{"href":"https:\/\/www.notibras.com\/site\/wp-json\/wp\/v2\/posts\/47823","targetHints":{"allow":["GET"]}}],"collection":[{"href":"https:\/\/www.notibras.com\/site\/wp-json\/wp\/v2\/posts"}],"about":[{"href":"https:\/\/www.notibras.com\/site\/wp-json\/wp\/v2\/types\/post"}],"author":[{"embeddable":true,"href":"https:\/\/www.notibras.com\/site\/wp-json\/wp\/v2\/users\/1"}],"replies":[{"embeddable":true,"href":"https:\/\/www.notibras.com\/site\/wp-json\/wp\/v2\/comments?post=47823"}],"version-history":[{"count":0,"href":"https:\/\/www.notibras.com\/site\/wp-json\/wp\/v2\/posts\/47823\/revisions"}],"wp:featuredmedia":[{"embeddable":true,"href":"https:\/\/www.notibras.com\/site\/wp-json\/wp\/v2\/media\/47824"}],"wp:attachment":[{"href":"https:\/\/www.notibras.com\/site\/wp-json\/wp\/v2\/media?parent=47823"}],"wp:term":[{"taxonomy":"category","embeddable":true,"href":"https:\/\/www.notibras.com\/site\/wp-json\/wp\/v2\/categories?post=47823"},{"taxonomy":"post_tag","embeddable":true,"href":"https:\/\/www.notibras.com\/site\/wp-json\/wp\/v2\/tags?post=47823"}],"curies":[{"name":"wp","href":"https:\/\/api.w.org\/{rel}","templated":true}]}}