{"id":47826,"date":"2015-05-10T18:00:32","date_gmt":"2015-05-10T21:00:32","guid":{"rendered":"http:\/\/www.notibras.com\/site\/?p=47826"},"modified":"2015-05-10T18:19:44","modified_gmt":"2015-05-10T21:19:44","slug":"atletico-pr-vence-e-se-recupera-contra-reservas-do-inter","status":"publish","type":"post","link":"https:\/\/www.notibras.com\/site\/atletico-pr-vence-e-se-recupera-contra-reservas-do-inter\/","title":{"rendered":"Atl\u00e9tico-PR vence e se recupera contra reservas do Inter"},"content":{"rendered":"<p class=\"text\">A grande maioria das pessoas que fez uma lista de favoritos ao t\u00edtulo no Campeonato Brasileiro de 2015 incluiu o Internacional, inclusive por causa da qualidade dos seus reservas. Muitos tamb\u00e9m colocaram o Atl\u00e9tico-PR entre os candidatos ao rebaixamento, j\u00e1 que o time teve um p\u00e9ssimo in\u00edcio de ano. Mas todas expectativas foram frustradas, pelo menos na primeira rodada. O Inter resolveu poupar seus titulares e n\u00e3o conseguiu mostrar que tem um elenco t\u00e3o forte assim. Em casa, o\u00a0Atl\u00e9tico-PR atropelou o time colorado, dominando o jogo e vencendo por 3 a 0 na estreia.<\/p>\n<p class=\"text\">Atl\u00e9tico-PR e Internacional fizeram um jogo bastante equilibrado no primeiro tempo. Os dois times marcaram bem, mas foram pouco criativos na frente. O time ga\u00facho sofreu principalmente com a falta de entrosamento de seus reservas, que erraram muitos passes no meio-campo.<\/p>\n<blockquote>\n<p class=\"text\">O Atl\u00e9tico-PR esteve ligeiramente melhor, mas sofreu inclusive com o gramado da Arena da Baixada, que estava muito escorregadio. Quem fez a diferen\u00e7a foi Walter, logo ele, que foi revelado no Inter. O centroavante\u00a0mostrou \u00f3tima presen\u00e7a de \u00e1rea e aproveitou o bom cruzamento de Marcos Guilherme para fazer o primeiro gol.<\/p>\n<\/blockquote>\n<p class=\"text\">O segundo tempo come\u00e7ou no mesmo ritmo. O Inter at\u00e9 melhorou na posse de bola, mas continuou sem criatividade,\u00a0mesmo ap\u00f3s as entradas de Alex e Valdivia.<\/p>\n<p class=\"text\">A\u00a0situa\u00e7\u00e3o piorou para os colorados quando o juiz marcou p\u00eanalti de Cl\u00e1udio Winck em Walter. Felipe foi para a cobran\u00e7a e balan\u00e7ou a rede. O gol desestabilizou o Inter, que acabou marcando um gol contra logo depois, quando Paul\u00e3o tentou afastar o perigo e jogou contra a pr\u00f3pria meta.<\/p>\n","protected":false},"excerpt":{"rendered":"<p>A grande maioria das pessoas que fez uma lista de favoritos ao t\u00edtulo no Campeonato Brasileiro de 2015 incluiu o Internacional, inclusive por causa da qualidade dos seus reservas. Muitos tamb\u00e9m colocaram o Atl\u00e9tico-PR entre os candidatos ao rebaixamento, j\u00e1 que o time teve um p\u00e9ssimo in\u00edcio de ano. Mas todas expectativas foram frustradas, pelo [&hellip;]<\/p>\n","protected":false},"author":1,"featured_media":47827,"comment_status":"open","ping_status":"closed","sticky":false,"template":"","format":"standard","meta":{"_acf_changed":false,"footnotes":""},"categories":[29],"tags":[],"class_list":["post-47826","post","type-post","status-publish","format-standard","has-post-thumbnail","hentry","category-futebol"],"acf":[],"yoast_head":"<!-- This site is optimized with the Yoast SEO plugin v27.2 - https:\/\/yoast.com\/product\/yoast-seo-wordpress\/ -->\n<title>Atl\u00e9tico-PR vence e se recupera contra reservas do Inter - Notibras<\/title>\n<meta name=\"robots\" content=\"index, follow, max-snippet:-1, max-image-preview:large, max-video-preview:-1\" \/>\n<link rel=\"canonical\" href=\"https:\/\/www.notibras.com\/site\/atletico-pr-vence-e-se-recupera-contra-reservas-do-inter\/\" \/>\n<meta property=\"og:locale\" content=\"pt_BR\" \/>\n<meta property=\"og:type\" content=\"article\" \/>\n<meta property=\"og:title\" content=\"Atl\u00e9tico-PR vence e se recupera contra reservas do Inter - Notibras\" \/>\n<meta property=\"og:description\" content=\"A grande maioria das pessoas que fez uma lista de favoritos ao t\u00edtulo no Campeonato Brasileiro de 2015 incluiu o Internacional, inclusive por causa da qualidade dos seus reservas. Muitos tamb\u00e9m colocaram o Atl\u00e9tico-PR entre os candidatos ao rebaixamento, j\u00e1 que o time teve um p\u00e9ssimo in\u00edcio de ano. Mas todas expectativas foram frustradas, pelo [&hellip;]\" \/>\n<meta property=\"og:url\" content=\"https:\/\/www.notibras.com\/site\/atletico-pr-vence-e-se-recupera-contra-reservas-do-inter\/\" \/>\n<meta property=\"og:site_name\" content=\"Notibras\" \/>\n<meta property=\"article:publisher\" content=\"https:\/\/www.facebook.com\/notibras\/\" \/>\n<meta property=\"article:published_time\" content=\"2015-05-10T21:00:32+00:00\" \/>\n<meta property=\"article:modified_time\" content=\"2015-05-10T21:19:44+00:00\" \/>\n<meta property=\"og:image\" content=\"https:\/\/www.notibras.com\/site\/wp-content\/uploads\/2015\/05\/Sem-t\u00edtulo-145.jpg\" \/>\n\t<meta property=\"og:image:width\" content=\"500\" \/>\n\t<meta property=\"og:image:height\" content=\"343\" \/>\n\t<meta property=\"og:image:type\" content=\"image\/jpeg\" \/>\n<meta name=\"author\" content=\"Reda\u00e7\u00e3o\" \/>\n<meta name=\"twitter:card\" content=\"summary_large_image\" \/>\n<meta name=\"twitter:creator\" content=\"@Notibras\" \/>\n<meta name=\"twitter:site\" content=\"@Notibras\" \/>\n<meta name=\"twitter:label1\" content=\"Escrito por\" \/>\n\t<meta name=\"twitter:data1\" content=\"Reda\u00e7\u00e3o\" \/>\n\t<meta name=\"twitter:label2\" content=\"Est. tempo de leitura\" \/>\n\t<meta name=\"twitter:data2\" content=\"1 minuto\" \/>\n<script type=\"application\/ld+json\" class=\"yoast-schema-graph\">{\"@context\":\"https:\/\/schema.org\",\"@graph\":[{\"@type\":\"Article\",\"@id\":\"https:\/\/www.notibras.com\/site\/atletico-pr-vence-e-se-recupera-contra-reservas-do-inter\/#article\",\"isPartOf\":{\"@id\":\"https:\/\/www.notibras.com\/site\/atletico-pr-vence-e-se-recupera-contra-reservas-do-inter\/\"},\"author\":{\"name\":\"Reda\u00e7\u00e3o\",\"@id\":\"https:\/\/www.notibras.com\/site\/#\/schema\/person\/00b8e1aa08f9ef6563e878c5159d01cf\"},\"headline\":\"Atl\u00e9tico-PR vence e se recupera contra reservas do Inter\",\"datePublished\":\"2015-05-10T21:00:32+00:00\",\"dateModified\":\"2015-05-10T21:19:44+00:00\",\"mainEntityOfPage\":{\"@id\":\"https:\/\/www.notibras.com\/site\/atletico-pr-vence-e-se-recupera-contra-reservas-do-inter\/\"},\"wordCount\":294,\"commentCount\":0,\"publisher\":{\"@id\":\"https:\/\/www.notibras.com\/site\/#organization\"},\"image\":{\"@id\":\"https:\/\/www.notibras.com\/site\/atletico-pr-vence-e-se-recupera-contra-reservas-do-inter\/#primaryimage\"},\"thumbnailUrl\":\"https:\/\/www.notibras.com\/site\/wp-content\/uploads\/2015\/05\/Sem-t\u00edtulo-145.jpg\",\"articleSection\":[\"Futebol\"],\"inLanguage\":\"pt-BR\",\"potentialAction\":[{\"@type\":\"CommentAction\",\"name\":\"Comment\",\"target\":[\"https:\/\/www.notibras.com\/site\/atletico-pr-vence-e-se-recupera-contra-reservas-do-inter\/#respond\"]}]},{\"@type\":\"WebPage\",\"@id\":\"https:\/\/www.notibras.com\/site\/atletico-pr-vence-e-se-recupera-contra-reservas-do-inter\/\",\"url\":\"https:\/\/www.notibras.com\/site\/atletico-pr-vence-e-se-recupera-contra-reservas-do-inter\/\",\"name\":\"Atl\u00e9tico-PR vence e se recupera contra reservas do Inter - Notibras\",\"isPartOf\":{\"@id\":\"https:\/\/www.notibras.com\/site\/#website\"},\"primaryImageOfPage\":{\"@id\":\"https:\/\/www.notibras.com\/site\/atletico-pr-vence-e-se-recupera-contra-reservas-do-inter\/#primaryimage\"},\"image\":{\"@id\":\"https:\/\/www.notibras.com\/site\/atletico-pr-vence-e-se-recupera-contra-reservas-do-inter\/#primaryimage\"},\"thumbnailUrl\":\"https:\/\/www.notibras.com\/site\/wp-content\/uploads\/2015\/05\/Sem-t\u00edtulo-145.jpg\",\"datePublished\":\"2015-05-10T21:00:32+00:00\",\"dateModified\":\"2015-05-10T21:19:44+00:00\",\"breadcrumb\":{\"@id\":\"https:\/\/www.notibras.com\/site\/atletico-pr-vence-e-se-recupera-contra-reservas-do-inter\/#breadcrumb\"},\"inLanguage\":\"pt-BR\",\"potentialAction\":[{\"@type\":\"ReadAction\",\"target\":[\"https:\/\/www.notibras.com\/site\/atletico-pr-vence-e-se-recupera-contra-reservas-do-inter\/\"]}]},{\"@type\":\"ImageObject\",\"inLanguage\":\"pt-BR\",\"@id\":\"https:\/\/www.notibras.com\/site\/atletico-pr-vence-e-se-recupera-contra-reservas-do-inter\/#primaryimage\",\"url\":\"https:\/\/www.notibras.com\/site\/wp-content\/uploads\/2015\/05\/Sem-t\u00edtulo-145.jpg\",\"contentUrl\":\"https:\/\/www.notibras.com\/site\/wp-content\/uploads\/2015\/05\/Sem-t\u00edtulo-145.jpg\",\"width\":500,\"height\":343},{\"@type\":\"BreadcrumbList\",\"@id\":\"https:\/\/www.notibras.com\/site\/atletico-pr-vence-e-se-recupera-contra-reservas-do-inter\/#breadcrumb\",\"itemListElement\":[{\"@type\":\"ListItem\",\"position\":1,\"name\":\"In\u00edcio\",\"item\":\"https:\/\/www.notibras.com\/site\/\"},{\"@type\":\"ListItem\",\"position\":2,\"name\":\"Atl\u00e9tico-PR vence e se recupera contra reservas do Inter\"}]},{\"@type\":\"WebSite\",\"@id\":\"https:\/\/www.notibras.com\/site\/#website\",\"url\":\"https:\/\/www.notibras.com\/site\/\",\"name\":\"Notibras\",\"description\":\"Not\u00edcias de Bras\u00edlia, do Brasil e do Mundo\",\"publisher\":{\"@id\":\"https:\/\/www.notibras.com\/site\/#organization\"},\"potentialAction\":[{\"@type\":\"SearchAction\",\"target\":{\"@type\":\"EntryPoint\",\"urlTemplate\":\"https:\/\/www.notibras.com\/site\/?s={search_term_string}\"},\"query-input\":{\"@type\":\"PropertyValueSpecification\",\"valueRequired\":true,\"valueName\":\"search_term_string\"}}],\"inLanguage\":\"pt-BR\"},{\"@type\":\"Organization\",\"@id\":\"https:\/\/www.notibras.com\/site\/#organization\",\"name\":\"Grupo Notibras de Comunica\u00e7\u00e3o\",\"url\":\"https:\/\/www.notibras.com\/site\/\",\"logo\":{\"@type\":\"ImageObject\",\"inLanguage\":\"pt-BR\",\"@id\":\"https:\/\/www.notibras.com\/site\/#\/schema\/logo\/image\/\",\"url\":\"https:\/\/www.notibras.com\/site\/wp-content\/uploads\/2023\/01\/notibras23.png\",\"contentUrl\":\"https:\/\/www.notibras.com\/site\/wp-content\/uploads\/2023\/01\/notibras23.png\",\"width\":350,\"height\":87,\"caption\":\"Grupo Notibras de Comunica\u00e7\u00e3o\"},\"image\":{\"@id\":\"https:\/\/www.notibras.com\/site\/#\/schema\/logo\/image\/\"},\"sameAs\":[\"https:\/\/www.facebook.com\/notibras\/\",\"https:\/\/x.com\/Notibras\",\"https:\/\/www.instagram.com\/notibras\/\"]},{\"@type\":\"Person\",\"@id\":\"https:\/\/www.notibras.com\/site\/#\/schema\/person\/00b8e1aa08f9ef6563e878c5159d01cf\",\"name\":\"Reda\u00e7\u00e3o\",\"image\":{\"@type\":\"ImageObject\",\"inLanguage\":\"pt-BR\",\"@id\":\"https:\/\/secure.gravatar.com\/avatar\/ac5a707d5b47784a5ed426c6e213e201423c750890f64e4c379114dade67dfb9?s=96&d=mm&r=g\",\"url\":\"https:\/\/secure.gravatar.com\/avatar\/ac5a707d5b47784a5ed426c6e213e201423c750890f64e4c379114dade67dfb9?s=96&d=mm&r=g\",\"contentUrl\":\"https:\/\/secure.gravatar.com\/avatar\/ac5a707d5b47784a5ed426c6e213e201423c750890f64e4c379114dade67dfb9?s=96&d=mm&r=g\",\"caption\":\"Reda\u00e7\u00e3o\"}}]}<\/script>\n<!-- \/ Yoast SEO plugin. -->","yoast_head_json":{"title":"Atl\u00e9tico-PR vence e se recupera contra reservas do Inter - Notibras","robots":{"index":"index","follow":"follow","max-snippet":"max-snippet:-1","max-image-preview":"max-image-preview:large","max-video-preview":"max-video-preview:-1"},"canonical":"https:\/\/www.notibras.com\/site\/atletico-pr-vence-e-se-recupera-contra-reservas-do-inter\/","og_locale":"pt_BR","og_type":"article","og_title":"Atl\u00e9tico-PR vence e se recupera contra reservas do Inter - Notibras","og_description":"A grande maioria das pessoas que fez uma lista de favoritos ao t\u00edtulo no Campeonato Brasileiro de 2015 incluiu o Internacional, inclusive por causa da qualidade dos seus reservas. Muitos tamb\u00e9m colocaram o Atl\u00e9tico-PR entre os candidatos ao rebaixamento, j\u00e1 que o time teve um p\u00e9ssimo in\u00edcio de ano. Mas todas expectativas foram frustradas, pelo [&hellip;]","og_url":"https:\/\/www.notibras.com\/site\/atletico-pr-vence-e-se-recupera-contra-reservas-do-inter\/","og_site_name":"Notibras","article_publisher":"https:\/\/www.facebook.com\/notibras\/","article_published_time":"2015-05-10T21:00:32+00:00","article_modified_time":"2015-05-10T21:19:44+00:00","og_image":[{"width":500,"height":343,"url":"https:\/\/www.notibras.com\/site\/wp-content\/uploads\/2015\/05\/Sem-t\u00edtulo-145.jpg","type":"image\/jpeg"}],"author":"Reda\u00e7\u00e3o","twitter_card":"summary_large_image","twitter_creator":"@Notibras","twitter_site":"@Notibras","twitter_misc":{"Escrito por":"Reda\u00e7\u00e3o","Est. tempo de leitura":"1 minuto"},"schema":{"@context":"https:\/\/schema.org","@graph":[{"@type":"Article","@id":"https:\/\/www.notibras.com\/site\/atletico-pr-vence-e-se-recupera-contra-reservas-do-inter\/#article","isPartOf":{"@id":"https:\/\/www.notibras.com\/site\/atletico-pr-vence-e-se-recupera-contra-reservas-do-inter\/"},"author":{"name":"Reda\u00e7\u00e3o","@id":"https:\/\/www.notibras.com\/site\/#\/schema\/person\/00b8e1aa08f9ef6563e878c5159d01cf"},"headline":"Atl\u00e9tico-PR vence e se recupera contra reservas do Inter","datePublished":"2015-05-10T21:00:32+00:00","dateModified":"2015-05-10T21:19:44+00:00","mainEntityOfPage":{"@id":"https:\/\/www.notibras.com\/site\/atletico-pr-vence-e-se-recupera-contra-reservas-do-inter\/"},"wordCount":294,"commentCount":0,"publisher":{"@id":"https:\/\/www.notibras.com\/site\/#organization"},"image":{"@id":"https:\/\/www.notibras.com\/site\/atletico-pr-vence-e-se-recupera-contra-reservas-do-inter\/#primaryimage"},"thumbnailUrl":"https:\/\/www.notibras.com\/site\/wp-content\/uploads\/2015\/05\/Sem-t\u00edtulo-145.jpg","articleSection":["Futebol"],"inLanguage":"pt-BR","potentialAction":[{"@type":"CommentAction","name":"Comment","target":["https:\/\/www.notibras.com\/site\/atletico-pr-vence-e-se-recupera-contra-reservas-do-inter\/#respond"]}]},{"@type":"WebPage","@id":"https:\/\/www.notibras.com\/site\/atletico-pr-vence-e-se-recupera-contra-reservas-do-inter\/","url":"https:\/\/www.notibras.com\/site\/atletico-pr-vence-e-se-recupera-contra-reservas-do-inter\/","name":"Atl\u00e9tico-PR vence e se recupera contra reservas do Inter - Notibras","isPartOf":{"@id":"https:\/\/www.notibras.com\/site\/#website"},"primaryImageOfPage":{"@id":"https:\/\/www.notibras.com\/site\/atletico-pr-vence-e-se-recupera-contra-reservas-do-inter\/#primaryimage"},"image":{"@id":"https:\/\/www.notibras.com\/site\/atletico-pr-vence-e-se-recupera-contra-reservas-do-inter\/#primaryimage"},"thumbnailUrl":"https:\/\/www.notibras.com\/site\/wp-content\/uploads\/2015\/05\/Sem-t\u00edtulo-145.jpg","datePublished":"2015-05-10T21:00:32+00:00","dateModified":"2015-05-10T21:19:44+00:00","breadcrumb":{"@id":"https:\/\/www.notibras.com\/site\/atletico-pr-vence-e-se-recupera-contra-reservas-do-inter\/#breadcrumb"},"inLanguage":"pt-BR","potentialAction":[{"@type":"ReadAction","target":["https:\/\/www.notibras.com\/site\/atletico-pr-vence-e-se-recupera-contra-reservas-do-inter\/"]}]},{"@type":"ImageObject","inLanguage":"pt-BR","@id":"https:\/\/www.notibras.com\/site\/atletico-pr-vence-e-se-recupera-contra-reservas-do-inter\/#primaryimage","url":"https:\/\/www.notibras.com\/site\/wp-content\/uploads\/2015\/05\/Sem-t\u00edtulo-145.jpg","contentUrl":"https:\/\/www.notibras.com\/site\/wp-content\/uploads\/2015\/05\/Sem-t\u00edtulo-145.jpg","width":500,"height":343},{"@type":"BreadcrumbList","@id":"https:\/\/www.notibras.com\/site\/atletico-pr-vence-e-se-recupera-contra-reservas-do-inter\/#breadcrumb","itemListElement":[{"@type":"ListItem","position":1,"name":"In\u00edcio","item":"https:\/\/www.notibras.com\/site\/"},{"@type":"ListItem","position":2,"name":"Atl\u00e9tico-PR vence e se recupera contra reservas do Inter"}]},{"@type":"WebSite","@id":"https:\/\/www.notibras.com\/site\/#website","url":"https:\/\/www.notibras.com\/site\/","name":"Notibras","description":"Not\u00edcias de Bras\u00edlia, do Brasil e do Mundo","publisher":{"@id":"https:\/\/www.notibras.com\/site\/#organization"},"potentialAction":[{"@type":"SearchAction","target":{"@type":"EntryPoint","urlTemplate":"https:\/\/www.notibras.com\/site\/?s={search_term_string}"},"query-input":{"@type":"PropertyValueSpecification","valueRequired":true,"valueName":"search_term_string"}}],"inLanguage":"pt-BR"},{"@type":"Organization","@id":"https:\/\/www.notibras.com\/site\/#organization","name":"Grupo Notibras de Comunica\u00e7\u00e3o","url":"https:\/\/www.notibras.com\/site\/","logo":{"@type":"ImageObject","inLanguage":"pt-BR","@id":"https:\/\/www.notibras.com\/site\/#\/schema\/logo\/image\/","url":"https:\/\/www.notibras.com\/site\/wp-content\/uploads\/2023\/01\/notibras23.png","contentUrl":"https:\/\/www.notibras.com\/site\/wp-content\/uploads\/2023\/01\/notibras23.png","width":350,"height":87,"caption":"Grupo Notibras de Comunica\u00e7\u00e3o"},"image":{"@id":"https:\/\/www.notibras.com\/site\/#\/schema\/logo\/image\/"},"sameAs":["https:\/\/www.facebook.com\/notibras\/","https:\/\/x.com\/Notibras","https:\/\/www.instagram.com\/notibras\/"]},{"@type":"Person","@id":"https:\/\/www.notibras.com\/site\/#\/schema\/person\/00b8e1aa08f9ef6563e878c5159d01cf","name":"Reda\u00e7\u00e3o","image":{"@type":"ImageObject","inLanguage":"pt-BR","@id":"https:\/\/secure.gravatar.com\/avatar\/ac5a707d5b47784a5ed426c6e213e201423c750890f64e4c379114dade67dfb9?s=96&d=mm&r=g","url":"https:\/\/secure.gravatar.com\/avatar\/ac5a707d5b47784a5ed426c6e213e201423c750890f64e4c379114dade67dfb9?s=96&d=mm&r=g","contentUrl":"https:\/\/secure.gravatar.com\/avatar\/ac5a707d5b47784a5ed426c6e213e201423c750890f64e4c379114dade67dfb9?s=96&d=mm&r=g","caption":"Reda\u00e7\u00e3o"}}]}},"amp_enabled":true,"_links":{"self":[{"href":"https:\/\/www.notibras.com\/site\/wp-json\/wp\/v2\/posts\/47826","targetHints":{"allow":["GET"]}}],"collection":[{"href":"https:\/\/www.notibras.com\/site\/wp-json\/wp\/v2\/posts"}],"about":[{"href":"https:\/\/www.notibras.com\/site\/wp-json\/wp\/v2\/types\/post"}],"author":[{"embeddable":true,"href":"https:\/\/www.notibras.com\/site\/wp-json\/wp\/v2\/users\/1"}],"replies":[{"embeddable":true,"href":"https:\/\/www.notibras.com\/site\/wp-json\/wp\/v2\/comments?post=47826"}],"version-history":[{"count":0,"href":"https:\/\/www.notibras.com\/site\/wp-json\/wp\/v2\/posts\/47826\/revisions"}],"wp:featuredmedia":[{"embeddable":true,"href":"https:\/\/www.notibras.com\/site\/wp-json\/wp\/v2\/media\/47827"}],"wp:attachment":[{"href":"https:\/\/www.notibras.com\/site\/wp-json\/wp\/v2\/media?parent=47826"}],"wp:term":[{"taxonomy":"category","embeddable":true,"href":"https:\/\/www.notibras.com\/site\/wp-json\/wp\/v2\/categories?post=47826"},{"taxonomy":"post_tag","embeddable":true,"href":"https:\/\/www.notibras.com\/site\/wp-json\/wp\/v2\/tags?post=47826"}],"curies":[{"name":"wp","href":"https:\/\/api.w.org\/{rel}","templated":true}]}}