{"id":47892,"date":"2015-05-11T08:29:12","date_gmt":"2015-05-11T11:29:12","guid":{"rendered":"http:\/\/www.notibras.com\/site\/?p=47892"},"modified":"2015-05-11T09:48:49","modified_gmt":"2015-05-11T12:48:49","slug":"manutencao-da-ceb-deixa-ceilandia-paranoa-e-taguatinga-sem-luz","status":"publish","type":"post","link":"https:\/\/www.notibras.com\/site\/manutencao-da-ceb-deixa-ceilandia-paranoa-e-taguatinga-sem-luz\/","title":{"rendered":"Manuten\u00e7\u00e3o deixa Ceil\u00e2ndia, Parano\u00e1 e Taguatinga sem luz"},"content":{"rendered":"<p>As cidades de Ceil\u00e2ndia, Parano\u00e1 e Taguatinga receber\u00e3o t\u00e9cnicos da CEB nesta segunda-feira 11, para servi\u00e7os de manuten\u00e7\u00e3o. Em fun\u00e7\u00e3o disso, algumas quadras ficar\u00e3o com o servi\u00e7o de energia suspenso, conforme indicado a seguir:<\/p>\n<p><strong>CEIL\u00c2NDIA<\/strong><br \/>\nHor\u00e1rio:\u00a0 13h \u00e0s 17h<br \/>\nLocal: Eqnm 21\/23 blocos A, B, C.<br \/>\nMotivo:\u00a0 manuten\u00e7\u00e3o preventiva geral na rede com substitui\u00e7\u00e3o de transformador.<\/p>\n<p><strong>PARANO\u00c1<\/strong><br \/>\nHor\u00e1rio: 9h \u00e0s 15h<br \/>\nLocal: N\u00facleo rural Cap\u00e3o da on\u00e7a: ch\u00e1cara Aroeira, ch\u00e1cara Boa,\u00a0 ch\u00e1cara padre C\u00edcero, fazenda lar Gales, fazenda Ip\u00ea, ch\u00e1caras 55, 56.<br \/>\nMotivo: manuten\u00e7\u00e3o preventiva, poda de \u00e1rvores e substitui\u00e7\u00e3o de conectores.<\/p>\n<p><strong>TAGUATINGA<\/strong><br \/>\nHor\u00e1rio: 8h \u00e0s 12h<br \/>\nLocal:\u00a0 Qsc 19:\u00a0\u00a0 Ch\u00e1cara\u00a0 27 conjunto B Lotes 02, 02-a, 04,06, 08, 09, 09 &#8211; conjunto C lotes 01-a,\u00a0 01c,02, 05b, 07,10, 11,11b,12b,13,14, 15, 16,17-a, 19-a,19c, 19d &#8211; conjunto D lotes 11c,11d,12,14, 14b,15,17,18 &#8211; conjunto E lotes\u00a0 12, 13, 18, 19.<br \/>\nMotivo: manuten\u00e7\u00e3o preventiva geral na rede com substitui\u00e7\u00e3o de transformador, poda de \u00e1rvores, reaperto de conex\u00f5es e substituir\u00a0 thv, substitui\u00e7\u00e3o e padroniza\u00e7\u00e3o de conectores.<\/p>\n","protected":false},"excerpt":{"rendered":"<p>As cidades de Ceil\u00e2ndia, Parano\u00e1 e Taguatinga receber\u00e3o t\u00e9cnicos da CEB nesta segunda-feira 11, para servi\u00e7os de manuten\u00e7\u00e3o. Em fun\u00e7\u00e3o disso, algumas quadras ficar\u00e3o com o servi\u00e7o de energia suspenso, conforme indicado a seguir: CEIL\u00c2NDIA Hor\u00e1rio:\u00a0 13h \u00e0s 17h Local: Eqnm 21\/23 blocos A, B, C. Motivo:\u00a0 manuten\u00e7\u00e3o preventiva geral na rede com substitui\u00e7\u00e3o de [&hellip;]<\/p>\n","protected":false},"author":2,"featured_media":47893,"comment_status":"open","ping_status":"closed","sticky":false,"template":"","format":"standard","meta":{"_acf_changed":false,"footnotes":""},"categories":[40],"tags":[],"class_list":["post-47892","post","type-post","status-publish","format-standard","has-post-thumbnail","hentry","category-zapzap-das-quadras"],"acf":[],"yoast_head":"<!-- This site is optimized with the Yoast SEO plugin v27.2 - https:\/\/yoast.com\/product\/yoast-seo-wordpress\/ -->\n<title>Manuten\u00e7\u00e3o deixa Ceil\u00e2ndia, Parano\u00e1 e Taguatinga sem luz - Notibras<\/title>\n<meta name=\"robots\" content=\"index, follow, max-snippet:-1, max-image-preview:large, max-video-preview:-1\" \/>\n<link rel=\"canonical\" href=\"https:\/\/www.notibras.com\/site\/manutencao-da-ceb-deixa-ceilandia-paranoa-e-taguatinga-sem-luz\/\" \/>\n<meta property=\"og:locale\" content=\"pt_BR\" \/>\n<meta property=\"og:type\" content=\"article\" \/>\n<meta property=\"og:title\" content=\"Manuten\u00e7\u00e3o deixa Ceil\u00e2ndia, Parano\u00e1 e Taguatinga sem luz - Notibras\" \/>\n<meta property=\"og:description\" content=\"As cidades de Ceil\u00e2ndia, Parano\u00e1 e Taguatinga receber\u00e3o t\u00e9cnicos da CEB nesta segunda-feira 11, para servi\u00e7os de manuten\u00e7\u00e3o. Em fun\u00e7\u00e3o disso, algumas quadras ficar\u00e3o com o servi\u00e7o de energia suspenso, conforme indicado a seguir: CEIL\u00c2NDIA Hor\u00e1rio:\u00a0 13h \u00e0s 17h Local: Eqnm 21\/23 blocos A, B, C. Motivo:\u00a0 manuten\u00e7\u00e3o preventiva geral na rede com substitui\u00e7\u00e3o de [&hellip;]\" \/>\n<meta property=\"og:url\" content=\"https:\/\/www.notibras.com\/site\/manutencao-da-ceb-deixa-ceilandia-paranoa-e-taguatinga-sem-luz\/\" \/>\n<meta property=\"og:site_name\" content=\"Notibras\" \/>\n<meta property=\"article:publisher\" content=\"https:\/\/www.facebook.com\/notibras\/\" \/>\n<meta property=\"article:published_time\" content=\"2015-05-11T11:29:12+00:00\" \/>\n<meta property=\"article:modified_time\" content=\"2015-05-11T12:48:49+00:00\" \/>\n<meta property=\"og:image\" content=\"https:\/\/www.notibras.com\/site\/wp-content\/uploads\/2015\/05\/ceb11.jpeg\" \/>\n\t<meta property=\"og:image:width\" content=\"248\" \/>\n\t<meta property=\"og:image:height\" content=\"204\" \/>\n\t<meta property=\"og:image:type\" content=\"image\/jpeg\" \/>\n<meta name=\"author\" content=\"Reda\u00e7\u00e3o\" \/>\n<meta name=\"twitter:card\" content=\"summary_large_image\" \/>\n<meta name=\"twitter:creator\" content=\"@Notibras\" \/>\n<meta name=\"twitter:site\" content=\"@Notibras\" \/>\n<meta name=\"twitter:label1\" content=\"Escrito por\" \/>\n\t<meta name=\"twitter:data1\" content=\"Reda\u00e7\u00e3o\" \/>\n\t<meta name=\"twitter:label2\" content=\"Est. tempo de leitura\" \/>\n\t<meta name=\"twitter:data2\" content=\"1 minuto\" \/>\n<script type=\"application\/ld+json\" class=\"yoast-schema-graph\">{\"@context\":\"https:\/\/schema.org\",\"@graph\":[{\"@type\":\"Article\",\"@id\":\"https:\/\/www.notibras.com\/site\/manutencao-da-ceb-deixa-ceilandia-paranoa-e-taguatinga-sem-luz\/#article\",\"isPartOf\":{\"@id\":\"https:\/\/www.notibras.com\/site\/manutencao-da-ceb-deixa-ceilandia-paranoa-e-taguatinga-sem-luz\/\"},\"author\":{\"name\":\"Reda\u00e7\u00e3o\",\"@id\":\"https:\/\/www.notibras.com\/site\/#\/schema\/person\/36ab0979449956132d3e5b517ea76ac8\"},\"headline\":\"Manuten\u00e7\u00e3o deixa Ceil\u00e2ndia, Parano\u00e1 e Taguatinga sem luz\",\"datePublished\":\"2015-05-11T11:29:12+00:00\",\"dateModified\":\"2015-05-11T12:48:49+00:00\",\"mainEntityOfPage\":{\"@id\":\"https:\/\/www.notibras.com\/site\/manutencao-da-ceb-deixa-ceilandia-paranoa-e-taguatinga-sem-luz\/\"},\"wordCount\":188,\"commentCount\":0,\"publisher\":{\"@id\":\"https:\/\/www.notibras.com\/site\/#organization\"},\"image\":{\"@id\":\"https:\/\/www.notibras.com\/site\/manutencao-da-ceb-deixa-ceilandia-paranoa-e-taguatinga-sem-luz\/#primaryimage\"},\"thumbnailUrl\":\"https:\/\/www.notibras.com\/site\/wp-content\/uploads\/2015\/05\/ceb11.jpeg\",\"articleSection\":[\"ZapZap das Quadras\"],\"inLanguage\":\"pt-BR\",\"potentialAction\":[{\"@type\":\"CommentAction\",\"name\":\"Comment\",\"target\":[\"https:\/\/www.notibras.com\/site\/manutencao-da-ceb-deixa-ceilandia-paranoa-e-taguatinga-sem-luz\/#respond\"]}]},{\"@type\":\"WebPage\",\"@id\":\"https:\/\/www.notibras.com\/site\/manutencao-da-ceb-deixa-ceilandia-paranoa-e-taguatinga-sem-luz\/\",\"url\":\"https:\/\/www.notibras.com\/site\/manutencao-da-ceb-deixa-ceilandia-paranoa-e-taguatinga-sem-luz\/\",\"name\":\"Manuten\u00e7\u00e3o deixa Ceil\u00e2ndia, Parano\u00e1 e Taguatinga sem luz - Notibras\",\"isPartOf\":{\"@id\":\"https:\/\/www.notibras.com\/site\/#website\"},\"primaryImageOfPage\":{\"@id\":\"https:\/\/www.notibras.com\/site\/manutencao-da-ceb-deixa-ceilandia-paranoa-e-taguatinga-sem-luz\/#primaryimage\"},\"image\":{\"@id\":\"https:\/\/www.notibras.com\/site\/manutencao-da-ceb-deixa-ceilandia-paranoa-e-taguatinga-sem-luz\/#primaryimage\"},\"thumbnailUrl\":\"https:\/\/www.notibras.com\/site\/wp-content\/uploads\/2015\/05\/ceb11.jpeg\",\"datePublished\":\"2015-05-11T11:29:12+00:00\",\"dateModified\":\"2015-05-11T12:48:49+00:00\",\"breadcrumb\":{\"@id\":\"https:\/\/www.notibras.com\/site\/manutencao-da-ceb-deixa-ceilandia-paranoa-e-taguatinga-sem-luz\/#breadcrumb\"},\"inLanguage\":\"pt-BR\",\"potentialAction\":[{\"@type\":\"ReadAction\",\"target\":[\"https:\/\/www.notibras.com\/site\/manutencao-da-ceb-deixa-ceilandia-paranoa-e-taguatinga-sem-luz\/\"]}]},{\"@type\":\"ImageObject\",\"inLanguage\":\"pt-BR\",\"@id\":\"https:\/\/www.notibras.com\/site\/manutencao-da-ceb-deixa-ceilandia-paranoa-e-taguatinga-sem-luz\/#primaryimage\",\"url\":\"https:\/\/www.notibras.com\/site\/wp-content\/uploads\/2015\/05\/ceb11.jpeg\",\"contentUrl\":\"https:\/\/www.notibras.com\/site\/wp-content\/uploads\/2015\/05\/ceb11.jpeg\",\"width\":248,\"height\":204},{\"@type\":\"BreadcrumbList\",\"@id\":\"https:\/\/www.notibras.com\/site\/manutencao-da-ceb-deixa-ceilandia-paranoa-e-taguatinga-sem-luz\/#breadcrumb\",\"itemListElement\":[{\"@type\":\"ListItem\",\"position\":1,\"name\":\"In\u00edcio\",\"item\":\"https:\/\/www.notibras.com\/site\/\"},{\"@type\":\"ListItem\",\"position\":2,\"name\":\"Manuten\u00e7\u00e3o deixa Ceil\u00e2ndia, Parano\u00e1 e Taguatinga sem luz\"}]},{\"@type\":\"WebSite\",\"@id\":\"https:\/\/www.notibras.com\/site\/#website\",\"url\":\"https:\/\/www.notibras.com\/site\/\",\"name\":\"Notibras\",\"description\":\"Not\u00edcias de Bras\u00edlia, do Brasil e do Mundo\",\"publisher\":{\"@id\":\"https:\/\/www.notibras.com\/site\/#organization\"},\"potentialAction\":[{\"@type\":\"SearchAction\",\"target\":{\"@type\":\"EntryPoint\",\"urlTemplate\":\"https:\/\/www.notibras.com\/site\/?s={search_term_string}\"},\"query-input\":{\"@type\":\"PropertyValueSpecification\",\"valueRequired\":true,\"valueName\":\"search_term_string\"}}],\"inLanguage\":\"pt-BR\"},{\"@type\":\"Organization\",\"@id\":\"https:\/\/www.notibras.com\/site\/#organization\",\"name\":\"Grupo Notibras de Comunica\u00e7\u00e3o\",\"url\":\"https:\/\/www.notibras.com\/site\/\",\"logo\":{\"@type\":\"ImageObject\",\"inLanguage\":\"pt-BR\",\"@id\":\"https:\/\/www.notibras.com\/site\/#\/schema\/logo\/image\/\",\"url\":\"https:\/\/www.notibras.com\/site\/wp-content\/uploads\/2023\/01\/notibras23.png\",\"contentUrl\":\"https:\/\/www.notibras.com\/site\/wp-content\/uploads\/2023\/01\/notibras23.png\",\"width\":350,\"height\":87,\"caption\":\"Grupo Notibras de Comunica\u00e7\u00e3o\"},\"image\":{\"@id\":\"https:\/\/www.notibras.com\/site\/#\/schema\/logo\/image\/\"},\"sameAs\":[\"https:\/\/www.facebook.com\/notibras\/\",\"https:\/\/x.com\/Notibras\",\"https:\/\/www.instagram.com\/notibras\/\"]},{\"@type\":\"Person\",\"@id\":\"https:\/\/www.notibras.com\/site\/#\/schema\/person\/36ab0979449956132d3e5b517ea76ac8\",\"name\":\"Reda\u00e7\u00e3o\",\"image\":{\"@type\":\"ImageObject\",\"inLanguage\":\"pt-BR\",\"@id\":\"https:\/\/secure.gravatar.com\/avatar\/e0a867bdedb85fd243eadf09663511f96fc81e0720a4a42581f334ad4303aa6b?s=96&d=mm&r=g\",\"url\":\"https:\/\/secure.gravatar.com\/avatar\/e0a867bdedb85fd243eadf09663511f96fc81e0720a4a42581f334ad4303aa6b?s=96&d=mm&r=g\",\"contentUrl\":\"https:\/\/secure.gravatar.com\/avatar\/e0a867bdedb85fd243eadf09663511f96fc81e0720a4a42581f334ad4303aa6b?s=96&d=mm&r=g\",\"caption\":\"Reda\u00e7\u00e3o\"}}]}<\/script>\n<!-- \/ Yoast SEO plugin. -->","yoast_head_json":{"title":"Manuten\u00e7\u00e3o deixa Ceil\u00e2ndia, Parano\u00e1 e Taguatinga sem luz - Notibras","robots":{"index":"index","follow":"follow","max-snippet":"max-snippet:-1","max-image-preview":"max-image-preview:large","max-video-preview":"max-video-preview:-1"},"canonical":"https:\/\/www.notibras.com\/site\/manutencao-da-ceb-deixa-ceilandia-paranoa-e-taguatinga-sem-luz\/","og_locale":"pt_BR","og_type":"article","og_title":"Manuten\u00e7\u00e3o deixa Ceil\u00e2ndia, Parano\u00e1 e Taguatinga sem luz - Notibras","og_description":"As cidades de Ceil\u00e2ndia, Parano\u00e1 e Taguatinga receber\u00e3o t\u00e9cnicos da CEB nesta segunda-feira 11, para servi\u00e7os de manuten\u00e7\u00e3o. Em fun\u00e7\u00e3o disso, algumas quadras ficar\u00e3o com o servi\u00e7o de energia suspenso, conforme indicado a seguir: CEIL\u00c2NDIA Hor\u00e1rio:\u00a0 13h \u00e0s 17h Local: Eqnm 21\/23 blocos A, B, C. Motivo:\u00a0 manuten\u00e7\u00e3o preventiva geral na rede com substitui\u00e7\u00e3o de [&hellip;]","og_url":"https:\/\/www.notibras.com\/site\/manutencao-da-ceb-deixa-ceilandia-paranoa-e-taguatinga-sem-luz\/","og_site_name":"Notibras","article_publisher":"https:\/\/www.facebook.com\/notibras\/","article_published_time":"2015-05-11T11:29:12+00:00","article_modified_time":"2015-05-11T12:48:49+00:00","og_image":[{"width":248,"height":204,"url":"https:\/\/www.notibras.com\/site\/wp-content\/uploads\/2015\/05\/ceb11.jpeg","type":"image\/jpeg"}],"author":"Reda\u00e7\u00e3o","twitter_card":"summary_large_image","twitter_creator":"@Notibras","twitter_site":"@Notibras","twitter_misc":{"Escrito por":"Reda\u00e7\u00e3o","Est. tempo de leitura":"1 minuto"},"schema":{"@context":"https:\/\/schema.org","@graph":[{"@type":"Article","@id":"https:\/\/www.notibras.com\/site\/manutencao-da-ceb-deixa-ceilandia-paranoa-e-taguatinga-sem-luz\/#article","isPartOf":{"@id":"https:\/\/www.notibras.com\/site\/manutencao-da-ceb-deixa-ceilandia-paranoa-e-taguatinga-sem-luz\/"},"author":{"name":"Reda\u00e7\u00e3o","@id":"https:\/\/www.notibras.com\/site\/#\/schema\/person\/36ab0979449956132d3e5b517ea76ac8"},"headline":"Manuten\u00e7\u00e3o deixa Ceil\u00e2ndia, Parano\u00e1 e Taguatinga sem luz","datePublished":"2015-05-11T11:29:12+00:00","dateModified":"2015-05-11T12:48:49+00:00","mainEntityOfPage":{"@id":"https:\/\/www.notibras.com\/site\/manutencao-da-ceb-deixa-ceilandia-paranoa-e-taguatinga-sem-luz\/"},"wordCount":188,"commentCount":0,"publisher":{"@id":"https:\/\/www.notibras.com\/site\/#organization"},"image":{"@id":"https:\/\/www.notibras.com\/site\/manutencao-da-ceb-deixa-ceilandia-paranoa-e-taguatinga-sem-luz\/#primaryimage"},"thumbnailUrl":"https:\/\/www.notibras.com\/site\/wp-content\/uploads\/2015\/05\/ceb11.jpeg","articleSection":["ZapZap das Quadras"],"inLanguage":"pt-BR","potentialAction":[{"@type":"CommentAction","name":"Comment","target":["https:\/\/www.notibras.com\/site\/manutencao-da-ceb-deixa-ceilandia-paranoa-e-taguatinga-sem-luz\/#respond"]}]},{"@type":"WebPage","@id":"https:\/\/www.notibras.com\/site\/manutencao-da-ceb-deixa-ceilandia-paranoa-e-taguatinga-sem-luz\/","url":"https:\/\/www.notibras.com\/site\/manutencao-da-ceb-deixa-ceilandia-paranoa-e-taguatinga-sem-luz\/","name":"Manuten\u00e7\u00e3o deixa Ceil\u00e2ndia, Parano\u00e1 e Taguatinga sem luz - Notibras","isPartOf":{"@id":"https:\/\/www.notibras.com\/site\/#website"},"primaryImageOfPage":{"@id":"https:\/\/www.notibras.com\/site\/manutencao-da-ceb-deixa-ceilandia-paranoa-e-taguatinga-sem-luz\/#primaryimage"},"image":{"@id":"https:\/\/www.notibras.com\/site\/manutencao-da-ceb-deixa-ceilandia-paranoa-e-taguatinga-sem-luz\/#primaryimage"},"thumbnailUrl":"https:\/\/www.notibras.com\/site\/wp-content\/uploads\/2015\/05\/ceb11.jpeg","datePublished":"2015-05-11T11:29:12+00:00","dateModified":"2015-05-11T12:48:49+00:00","breadcrumb":{"@id":"https:\/\/www.notibras.com\/site\/manutencao-da-ceb-deixa-ceilandia-paranoa-e-taguatinga-sem-luz\/#breadcrumb"},"inLanguage":"pt-BR","potentialAction":[{"@type":"ReadAction","target":["https:\/\/www.notibras.com\/site\/manutencao-da-ceb-deixa-ceilandia-paranoa-e-taguatinga-sem-luz\/"]}]},{"@type":"ImageObject","inLanguage":"pt-BR","@id":"https:\/\/www.notibras.com\/site\/manutencao-da-ceb-deixa-ceilandia-paranoa-e-taguatinga-sem-luz\/#primaryimage","url":"https:\/\/www.notibras.com\/site\/wp-content\/uploads\/2015\/05\/ceb11.jpeg","contentUrl":"https:\/\/www.notibras.com\/site\/wp-content\/uploads\/2015\/05\/ceb11.jpeg","width":248,"height":204},{"@type":"BreadcrumbList","@id":"https:\/\/www.notibras.com\/site\/manutencao-da-ceb-deixa-ceilandia-paranoa-e-taguatinga-sem-luz\/#breadcrumb","itemListElement":[{"@type":"ListItem","position":1,"name":"In\u00edcio","item":"https:\/\/www.notibras.com\/site\/"},{"@type":"ListItem","position":2,"name":"Manuten\u00e7\u00e3o deixa Ceil\u00e2ndia, Parano\u00e1 e Taguatinga sem luz"}]},{"@type":"WebSite","@id":"https:\/\/www.notibras.com\/site\/#website","url":"https:\/\/www.notibras.com\/site\/","name":"Notibras","description":"Not\u00edcias de Bras\u00edlia, do Brasil e do Mundo","publisher":{"@id":"https:\/\/www.notibras.com\/site\/#organization"},"potentialAction":[{"@type":"SearchAction","target":{"@type":"EntryPoint","urlTemplate":"https:\/\/www.notibras.com\/site\/?s={search_term_string}"},"query-input":{"@type":"PropertyValueSpecification","valueRequired":true,"valueName":"search_term_string"}}],"inLanguage":"pt-BR"},{"@type":"Organization","@id":"https:\/\/www.notibras.com\/site\/#organization","name":"Grupo Notibras de Comunica\u00e7\u00e3o","url":"https:\/\/www.notibras.com\/site\/","logo":{"@type":"ImageObject","inLanguage":"pt-BR","@id":"https:\/\/www.notibras.com\/site\/#\/schema\/logo\/image\/","url":"https:\/\/www.notibras.com\/site\/wp-content\/uploads\/2023\/01\/notibras23.png","contentUrl":"https:\/\/www.notibras.com\/site\/wp-content\/uploads\/2023\/01\/notibras23.png","width":350,"height":87,"caption":"Grupo Notibras de Comunica\u00e7\u00e3o"},"image":{"@id":"https:\/\/www.notibras.com\/site\/#\/schema\/logo\/image\/"},"sameAs":["https:\/\/www.facebook.com\/notibras\/","https:\/\/x.com\/Notibras","https:\/\/www.instagram.com\/notibras\/"]},{"@type":"Person","@id":"https:\/\/www.notibras.com\/site\/#\/schema\/person\/36ab0979449956132d3e5b517ea76ac8","name":"Reda\u00e7\u00e3o","image":{"@type":"ImageObject","inLanguage":"pt-BR","@id":"https:\/\/secure.gravatar.com\/avatar\/e0a867bdedb85fd243eadf09663511f96fc81e0720a4a42581f334ad4303aa6b?s=96&d=mm&r=g","url":"https:\/\/secure.gravatar.com\/avatar\/e0a867bdedb85fd243eadf09663511f96fc81e0720a4a42581f334ad4303aa6b?s=96&d=mm&r=g","contentUrl":"https:\/\/secure.gravatar.com\/avatar\/e0a867bdedb85fd243eadf09663511f96fc81e0720a4a42581f334ad4303aa6b?s=96&d=mm&r=g","caption":"Reda\u00e7\u00e3o"}}]}},"amp_enabled":true,"_links":{"self":[{"href":"https:\/\/www.notibras.com\/site\/wp-json\/wp\/v2\/posts\/47892","targetHints":{"allow":["GET"]}}],"collection":[{"href":"https:\/\/www.notibras.com\/site\/wp-json\/wp\/v2\/posts"}],"about":[{"href":"https:\/\/www.notibras.com\/site\/wp-json\/wp\/v2\/types\/post"}],"author":[{"embeddable":true,"href":"https:\/\/www.notibras.com\/site\/wp-json\/wp\/v2\/users\/2"}],"replies":[{"embeddable":true,"href":"https:\/\/www.notibras.com\/site\/wp-json\/wp\/v2\/comments?post=47892"}],"version-history":[{"count":0,"href":"https:\/\/www.notibras.com\/site\/wp-json\/wp\/v2\/posts\/47892\/revisions"}],"wp:featuredmedia":[{"embeddable":true,"href":"https:\/\/www.notibras.com\/site\/wp-json\/wp\/v2\/media\/47893"}],"wp:attachment":[{"href":"https:\/\/www.notibras.com\/site\/wp-json\/wp\/v2\/media?parent=47892"}],"wp:term":[{"taxonomy":"category","embeddable":true,"href":"https:\/\/www.notibras.com\/site\/wp-json\/wp\/v2\/categories?post=47892"},{"taxonomy":"post_tag","embeddable":true,"href":"https:\/\/www.notibras.com\/site\/wp-json\/wp\/v2\/tags?post=47892"}],"curies":[{"name":"wp","href":"https:\/\/api.w.org\/{rel}","templated":true}]}}