{"id":48068,"date":"2015-05-11T23:52:33","date_gmt":"2015-05-12T02:52:33","guid":{"rendered":"http:\/\/www.notibras.com\/site\/?p=48068"},"modified":"2015-05-11T23:52:33","modified_gmt":"2015-05-12T02:52:33","slug":"manutencao-da-ceb-suspende-fornecimento-em-varias-cidades","status":"publish","type":"post","link":"https:\/\/www.notibras.com\/site\/manutencao-da-ceb-suspende-fornecimento-em-varias-cidades\/","title":{"rendered":"Manuten\u00e7\u00e3o da CEB suspende fornecimento em v\u00e1rias cidades"},"content":{"rendered":"<p>Equipes da Companhia Energ\u00e9tica de Bras\u00edlia v\u00e3o se deslocar nesta ter\u00e7a-feira 12 para diferentes pontos do Distrito Federal, onde ser\u00e3o realizados servi\u00e7os de manuten\u00e7\u00e3o da rede. Durante os trabalhos os servi\u00e7os de eletricidade ser\u00e3o suspensos, conforme locais e hor\u00e1rios indicados a seguir:<\/p>\n<p>\u00c1GUAS CLARAS<br \/>\nHor\u00e1rio: 9h \u00e0s 15h<br \/>\nLocal: Rua Maca\u00faba, lotes de 01 a 23.<br \/>\nMotivo: substitui\u00e7\u00e3o de transformador.<\/p>\n<p>BRAZL\u00c2NDIA<br \/>\nHor\u00e1rio: 9h \u00e0s 15h<br \/>\nLocal: INCRA 06: ch\u00e1caras 2\/210, 2\/211, 2\/212, 2\/213,2\/215,2\/216 2\/217, 2\/218, 2\/219, 2\/220, 2\/221, 2\/222, 2\/223, 2\/225, 2\/226, 2\/227.<br \/>\nMotivo: Manuten\u00e7\u00e3o preventiva geral na rede com poda de \u00e1rvores.<\/p>\n<p>PARANO\u00c1<br \/>\nHor\u00e1rio: 9h \u00e0s 13h<br \/>\nLocal: N\u00facleo Rural Sobradinho dos Melos: ch\u00e1cara Paulista, ch\u00e1cara Xangril\u00e1.<br \/>\nMotivo: Instala\u00e7\u00e3o de rede secund\u00e1ria isolada.<\/p>\n<p>PARANO\u00c1<br \/>\nHor\u00e1rio: 9h \u00e0s 13h<br \/>\nLocal: Quadra33 lote 01(terminal rodovi\u00e1rio); Quadra 33 lote 04; \u00c1rea especial 02; posto de combust\u00edvel.<br \/>\nMotivo: Constru\u00e7\u00e3o de novo alimentador.<\/p>\n<p>PARANO\u00c1 RURAL<br \/>\nHor\u00e1rio: 9h \u00e0s 15h<br \/>\nLocal: N\u00facleo Rural Sobradinho dos Melos: ch\u00e1caras 229, 230, ch\u00e1cara Cosme e Dami\u00e3o, Ch\u00e1cara Souza E Silva, ch\u00e1cara Abra\u00e3o, Ch\u00e1cara Araguaia, Fazenda N.V, Ch\u00e1cara Bela Vista, Ch\u00e1cara s\u00e3o Luiz.<br \/>\nMotivo: Manuten\u00e7\u00e3o preventiva, poda de \u00e1rvores, substitui\u00e7\u00e3o de isolador, retensionamento de v\u00e3o de alta tens\u00e3o, substitui\u00e7\u00e3o de conectores.<\/p>\n<p>SAMAMBAIA<br \/>\nHor\u00e1rio: 9h \u00e0s 15h<br \/>\nLocal: Qr 406, conjunto 01 lotes de 14 a 26 \u2013 conjunto 02 lotes de 12 a 24 \u2013 conjunto 03 lotes de 13 a 27 \u2013 conjunto 04, 05(totais) \u2013 conjuntos 06 lotes de 01 a 16, 19 a 32 \u2013 conjunto 07 lotes 01 a 13 \u2013 conjunto 08 lotes 01 a 25 \u2013 conjunto 09 lotes de 02 a 11; Qr 408 conjunto 01 lotes 16, 17, 19 a 22.<br \/>\nMotivo: recondutoramento de rede de baixa tens\u00e3o.<\/p>\n<p>VICENTE PIRES<br \/>\nHor\u00e1rio: 10h \u00e0s 13h<br \/>\nLocal: Col\u00f4nia Agr\u00edcola Vicente Pires: ch\u00e1cara 312\/1 lotes de 01 a 45.<br \/>\nMotivo: troca de poste de baixa tens\u00e3o<\/p>\n","protected":false},"excerpt":{"rendered":"<p>Equipes da Companhia Energ\u00e9tica de Bras\u00edlia v\u00e3o se deslocar nesta ter\u00e7a-feira 12 para diferentes pontos do Distrito Federal, onde ser\u00e3o realizados servi\u00e7os de manuten\u00e7\u00e3o da rede. Durante os trabalhos os servi\u00e7os de eletricidade ser\u00e3o suspensos, conforme locais e hor\u00e1rios indicados a seguir: \u00c1GUAS CLARAS Hor\u00e1rio: 9h \u00e0s 15h Local: Rua Maca\u00faba, lotes de 01 a [&hellip;]<\/p>\n","protected":false},"author":2,"featured_media":48069,"comment_status":"open","ping_status":"closed","sticky":false,"template":"","format":"standard","meta":{"_acf_changed":false,"footnotes":""},"categories":[40],"tags":[],"class_list":["post-48068","post","type-post","status-publish","format-standard","has-post-thumbnail","hentry","category-zapzap-das-quadras"],"acf":[],"yoast_head":"<!-- This site is optimized with the Yoast SEO plugin v27.2 - https:\/\/yoast.com\/product\/yoast-seo-wordpress\/ -->\n<title>Manuten\u00e7\u00e3o da CEB suspende fornecimento em v\u00e1rias cidades - Notibras<\/title>\n<meta name=\"robots\" content=\"index, follow, max-snippet:-1, max-image-preview:large, max-video-preview:-1\" \/>\n<link rel=\"canonical\" href=\"https:\/\/www.notibras.com\/site\/manutencao-da-ceb-suspende-fornecimento-em-varias-cidades\/\" \/>\n<meta property=\"og:locale\" content=\"pt_BR\" \/>\n<meta property=\"og:type\" content=\"article\" \/>\n<meta property=\"og:title\" content=\"Manuten\u00e7\u00e3o da CEB suspende fornecimento em v\u00e1rias cidades - Notibras\" \/>\n<meta property=\"og:description\" content=\"Equipes da Companhia Energ\u00e9tica de Bras\u00edlia v\u00e3o se deslocar nesta ter\u00e7a-feira 12 para diferentes pontos do Distrito Federal, onde ser\u00e3o realizados servi\u00e7os de manuten\u00e7\u00e3o da rede. Durante os trabalhos os servi\u00e7os de eletricidade ser\u00e3o suspensos, conforme locais e hor\u00e1rios indicados a seguir: \u00c1GUAS CLARAS Hor\u00e1rio: 9h \u00e0s 15h Local: Rua Maca\u00faba, lotes de 01 a [&hellip;]\" \/>\n<meta property=\"og:url\" content=\"https:\/\/www.notibras.com\/site\/manutencao-da-ceb-suspende-fornecimento-em-varias-cidades\/\" \/>\n<meta property=\"og:site_name\" content=\"Notibras\" \/>\n<meta property=\"article:publisher\" content=\"https:\/\/www.facebook.com\/notibras\/\" \/>\n<meta property=\"article:published_time\" content=\"2015-05-12T02:52:33+00:00\" \/>\n<meta property=\"og:image\" content=\"https:\/\/www.notibras.com\/site\/wp-content\/uploads\/2015\/05\/ceb111.jpeg\" \/>\n\t<meta property=\"og:image:width\" content=\"248\" \/>\n\t<meta property=\"og:image:height\" content=\"204\" \/>\n\t<meta property=\"og:image:type\" content=\"image\/jpeg\" \/>\n<meta name=\"author\" content=\"Reda\u00e7\u00e3o\" \/>\n<meta name=\"twitter:card\" content=\"summary_large_image\" \/>\n<meta name=\"twitter:creator\" content=\"@Notibras\" \/>\n<meta name=\"twitter:site\" content=\"@Notibras\" \/>\n<meta name=\"twitter:label1\" content=\"Escrito por\" \/>\n\t<meta name=\"twitter:data1\" content=\"Reda\u00e7\u00e3o\" \/>\n\t<meta name=\"twitter:label2\" content=\"Est. tempo de leitura\" \/>\n\t<meta name=\"twitter:data2\" content=\"1 minuto\" \/>\n<script type=\"application\/ld+json\" class=\"yoast-schema-graph\">{\"@context\":\"https:\/\/schema.org\",\"@graph\":[{\"@type\":\"Article\",\"@id\":\"https:\/\/www.notibras.com\/site\/manutencao-da-ceb-suspende-fornecimento-em-varias-cidades\/#article\",\"isPartOf\":{\"@id\":\"https:\/\/www.notibras.com\/site\/manutencao-da-ceb-suspende-fornecimento-em-varias-cidades\/\"},\"author\":{\"name\":\"Reda\u00e7\u00e3o\",\"@id\":\"https:\/\/www.notibras.com\/site\/#\/schema\/person\/36ab0979449956132d3e5b517ea76ac8\"},\"headline\":\"Manuten\u00e7\u00e3o da CEB suspende fornecimento em v\u00e1rias cidades\",\"datePublished\":\"2015-05-12T02:52:33+00:00\",\"mainEntityOfPage\":{\"@id\":\"https:\/\/www.notibras.com\/site\/manutencao-da-ceb-suspende-fornecimento-em-varias-cidades\/\"},\"wordCount\":300,\"commentCount\":0,\"publisher\":{\"@id\":\"https:\/\/www.notibras.com\/site\/#organization\"},\"image\":{\"@id\":\"https:\/\/www.notibras.com\/site\/manutencao-da-ceb-suspende-fornecimento-em-varias-cidades\/#primaryimage\"},\"thumbnailUrl\":\"https:\/\/www.notibras.com\/site\/wp-content\/uploads\/2015\/05\/ceb111.jpeg\",\"articleSection\":[\"ZapZap das Quadras\"],\"inLanguage\":\"pt-BR\",\"potentialAction\":[{\"@type\":\"CommentAction\",\"name\":\"Comment\",\"target\":[\"https:\/\/www.notibras.com\/site\/manutencao-da-ceb-suspende-fornecimento-em-varias-cidades\/#respond\"]}]},{\"@type\":\"WebPage\",\"@id\":\"https:\/\/www.notibras.com\/site\/manutencao-da-ceb-suspende-fornecimento-em-varias-cidades\/\",\"url\":\"https:\/\/www.notibras.com\/site\/manutencao-da-ceb-suspende-fornecimento-em-varias-cidades\/\",\"name\":\"Manuten\u00e7\u00e3o da CEB suspende fornecimento em v\u00e1rias cidades - Notibras\",\"isPartOf\":{\"@id\":\"https:\/\/www.notibras.com\/site\/#website\"},\"primaryImageOfPage\":{\"@id\":\"https:\/\/www.notibras.com\/site\/manutencao-da-ceb-suspende-fornecimento-em-varias-cidades\/#primaryimage\"},\"image\":{\"@id\":\"https:\/\/www.notibras.com\/site\/manutencao-da-ceb-suspende-fornecimento-em-varias-cidades\/#primaryimage\"},\"thumbnailUrl\":\"https:\/\/www.notibras.com\/site\/wp-content\/uploads\/2015\/05\/ceb111.jpeg\",\"datePublished\":\"2015-05-12T02:52:33+00:00\",\"breadcrumb\":{\"@id\":\"https:\/\/www.notibras.com\/site\/manutencao-da-ceb-suspende-fornecimento-em-varias-cidades\/#breadcrumb\"},\"inLanguage\":\"pt-BR\",\"potentialAction\":[{\"@type\":\"ReadAction\",\"target\":[\"https:\/\/www.notibras.com\/site\/manutencao-da-ceb-suspende-fornecimento-em-varias-cidades\/\"]}]},{\"@type\":\"ImageObject\",\"inLanguage\":\"pt-BR\",\"@id\":\"https:\/\/www.notibras.com\/site\/manutencao-da-ceb-suspende-fornecimento-em-varias-cidades\/#primaryimage\",\"url\":\"https:\/\/www.notibras.com\/site\/wp-content\/uploads\/2015\/05\/ceb111.jpeg\",\"contentUrl\":\"https:\/\/www.notibras.com\/site\/wp-content\/uploads\/2015\/05\/ceb111.jpeg\",\"width\":248,\"height\":204},{\"@type\":\"BreadcrumbList\",\"@id\":\"https:\/\/www.notibras.com\/site\/manutencao-da-ceb-suspende-fornecimento-em-varias-cidades\/#breadcrumb\",\"itemListElement\":[{\"@type\":\"ListItem\",\"position\":1,\"name\":\"In\u00edcio\",\"item\":\"https:\/\/www.notibras.com\/site\/\"},{\"@type\":\"ListItem\",\"position\":2,\"name\":\"Manuten\u00e7\u00e3o da CEB suspende fornecimento em v\u00e1rias cidades\"}]},{\"@type\":\"WebSite\",\"@id\":\"https:\/\/www.notibras.com\/site\/#website\",\"url\":\"https:\/\/www.notibras.com\/site\/\",\"name\":\"Notibras\",\"description\":\"Not\u00edcias de Bras\u00edlia, do Brasil e do Mundo\",\"publisher\":{\"@id\":\"https:\/\/www.notibras.com\/site\/#organization\"},\"potentialAction\":[{\"@type\":\"SearchAction\",\"target\":{\"@type\":\"EntryPoint\",\"urlTemplate\":\"https:\/\/www.notibras.com\/site\/?s={search_term_string}\"},\"query-input\":{\"@type\":\"PropertyValueSpecification\",\"valueRequired\":true,\"valueName\":\"search_term_string\"}}],\"inLanguage\":\"pt-BR\"},{\"@type\":\"Organization\",\"@id\":\"https:\/\/www.notibras.com\/site\/#organization\",\"name\":\"Grupo Notibras de Comunica\u00e7\u00e3o\",\"url\":\"https:\/\/www.notibras.com\/site\/\",\"logo\":{\"@type\":\"ImageObject\",\"inLanguage\":\"pt-BR\",\"@id\":\"https:\/\/www.notibras.com\/site\/#\/schema\/logo\/image\/\",\"url\":\"https:\/\/www.notibras.com\/site\/wp-content\/uploads\/2023\/01\/notibras23.png\",\"contentUrl\":\"https:\/\/www.notibras.com\/site\/wp-content\/uploads\/2023\/01\/notibras23.png\",\"width\":350,\"height\":87,\"caption\":\"Grupo Notibras de Comunica\u00e7\u00e3o\"},\"image\":{\"@id\":\"https:\/\/www.notibras.com\/site\/#\/schema\/logo\/image\/\"},\"sameAs\":[\"https:\/\/www.facebook.com\/notibras\/\",\"https:\/\/x.com\/Notibras\",\"https:\/\/www.instagram.com\/notibras\/\"]},{\"@type\":\"Person\",\"@id\":\"https:\/\/www.notibras.com\/site\/#\/schema\/person\/36ab0979449956132d3e5b517ea76ac8\",\"name\":\"Reda\u00e7\u00e3o\",\"image\":{\"@type\":\"ImageObject\",\"inLanguage\":\"pt-BR\",\"@id\":\"https:\/\/secure.gravatar.com\/avatar\/e0a867bdedb85fd243eadf09663511f96fc81e0720a4a42581f334ad4303aa6b?s=96&d=mm&r=g\",\"url\":\"https:\/\/secure.gravatar.com\/avatar\/e0a867bdedb85fd243eadf09663511f96fc81e0720a4a42581f334ad4303aa6b?s=96&d=mm&r=g\",\"contentUrl\":\"https:\/\/secure.gravatar.com\/avatar\/e0a867bdedb85fd243eadf09663511f96fc81e0720a4a42581f334ad4303aa6b?s=96&d=mm&r=g\",\"caption\":\"Reda\u00e7\u00e3o\"}}]}<\/script>\n<!-- \/ Yoast SEO plugin. -->","yoast_head_json":{"title":"Manuten\u00e7\u00e3o da CEB suspende fornecimento em v\u00e1rias cidades - Notibras","robots":{"index":"index","follow":"follow","max-snippet":"max-snippet:-1","max-image-preview":"max-image-preview:large","max-video-preview":"max-video-preview:-1"},"canonical":"https:\/\/www.notibras.com\/site\/manutencao-da-ceb-suspende-fornecimento-em-varias-cidades\/","og_locale":"pt_BR","og_type":"article","og_title":"Manuten\u00e7\u00e3o da CEB suspende fornecimento em v\u00e1rias cidades - Notibras","og_description":"Equipes da Companhia Energ\u00e9tica de Bras\u00edlia v\u00e3o se deslocar nesta ter\u00e7a-feira 12 para diferentes pontos do Distrito Federal, onde ser\u00e3o realizados servi\u00e7os de manuten\u00e7\u00e3o da rede. Durante os trabalhos os servi\u00e7os de eletricidade ser\u00e3o suspensos, conforme locais e hor\u00e1rios indicados a seguir: \u00c1GUAS CLARAS Hor\u00e1rio: 9h \u00e0s 15h Local: Rua Maca\u00faba, lotes de 01 a [&hellip;]","og_url":"https:\/\/www.notibras.com\/site\/manutencao-da-ceb-suspende-fornecimento-em-varias-cidades\/","og_site_name":"Notibras","article_publisher":"https:\/\/www.facebook.com\/notibras\/","article_published_time":"2015-05-12T02:52:33+00:00","og_image":[{"width":248,"height":204,"url":"https:\/\/www.notibras.com\/site\/wp-content\/uploads\/2015\/05\/ceb111.jpeg","type":"image\/jpeg"}],"author":"Reda\u00e7\u00e3o","twitter_card":"summary_large_image","twitter_creator":"@Notibras","twitter_site":"@Notibras","twitter_misc":{"Escrito por":"Reda\u00e7\u00e3o","Est. tempo de leitura":"1 minuto"},"schema":{"@context":"https:\/\/schema.org","@graph":[{"@type":"Article","@id":"https:\/\/www.notibras.com\/site\/manutencao-da-ceb-suspende-fornecimento-em-varias-cidades\/#article","isPartOf":{"@id":"https:\/\/www.notibras.com\/site\/manutencao-da-ceb-suspende-fornecimento-em-varias-cidades\/"},"author":{"name":"Reda\u00e7\u00e3o","@id":"https:\/\/www.notibras.com\/site\/#\/schema\/person\/36ab0979449956132d3e5b517ea76ac8"},"headline":"Manuten\u00e7\u00e3o da CEB suspende fornecimento em v\u00e1rias cidades","datePublished":"2015-05-12T02:52:33+00:00","mainEntityOfPage":{"@id":"https:\/\/www.notibras.com\/site\/manutencao-da-ceb-suspende-fornecimento-em-varias-cidades\/"},"wordCount":300,"commentCount":0,"publisher":{"@id":"https:\/\/www.notibras.com\/site\/#organization"},"image":{"@id":"https:\/\/www.notibras.com\/site\/manutencao-da-ceb-suspende-fornecimento-em-varias-cidades\/#primaryimage"},"thumbnailUrl":"https:\/\/www.notibras.com\/site\/wp-content\/uploads\/2015\/05\/ceb111.jpeg","articleSection":["ZapZap das Quadras"],"inLanguage":"pt-BR","potentialAction":[{"@type":"CommentAction","name":"Comment","target":["https:\/\/www.notibras.com\/site\/manutencao-da-ceb-suspende-fornecimento-em-varias-cidades\/#respond"]}]},{"@type":"WebPage","@id":"https:\/\/www.notibras.com\/site\/manutencao-da-ceb-suspende-fornecimento-em-varias-cidades\/","url":"https:\/\/www.notibras.com\/site\/manutencao-da-ceb-suspende-fornecimento-em-varias-cidades\/","name":"Manuten\u00e7\u00e3o da CEB suspende fornecimento em v\u00e1rias cidades - Notibras","isPartOf":{"@id":"https:\/\/www.notibras.com\/site\/#website"},"primaryImageOfPage":{"@id":"https:\/\/www.notibras.com\/site\/manutencao-da-ceb-suspende-fornecimento-em-varias-cidades\/#primaryimage"},"image":{"@id":"https:\/\/www.notibras.com\/site\/manutencao-da-ceb-suspende-fornecimento-em-varias-cidades\/#primaryimage"},"thumbnailUrl":"https:\/\/www.notibras.com\/site\/wp-content\/uploads\/2015\/05\/ceb111.jpeg","datePublished":"2015-05-12T02:52:33+00:00","breadcrumb":{"@id":"https:\/\/www.notibras.com\/site\/manutencao-da-ceb-suspende-fornecimento-em-varias-cidades\/#breadcrumb"},"inLanguage":"pt-BR","potentialAction":[{"@type":"ReadAction","target":["https:\/\/www.notibras.com\/site\/manutencao-da-ceb-suspende-fornecimento-em-varias-cidades\/"]}]},{"@type":"ImageObject","inLanguage":"pt-BR","@id":"https:\/\/www.notibras.com\/site\/manutencao-da-ceb-suspende-fornecimento-em-varias-cidades\/#primaryimage","url":"https:\/\/www.notibras.com\/site\/wp-content\/uploads\/2015\/05\/ceb111.jpeg","contentUrl":"https:\/\/www.notibras.com\/site\/wp-content\/uploads\/2015\/05\/ceb111.jpeg","width":248,"height":204},{"@type":"BreadcrumbList","@id":"https:\/\/www.notibras.com\/site\/manutencao-da-ceb-suspende-fornecimento-em-varias-cidades\/#breadcrumb","itemListElement":[{"@type":"ListItem","position":1,"name":"In\u00edcio","item":"https:\/\/www.notibras.com\/site\/"},{"@type":"ListItem","position":2,"name":"Manuten\u00e7\u00e3o da CEB suspende fornecimento em v\u00e1rias cidades"}]},{"@type":"WebSite","@id":"https:\/\/www.notibras.com\/site\/#website","url":"https:\/\/www.notibras.com\/site\/","name":"Notibras","description":"Not\u00edcias de Bras\u00edlia, do Brasil e do Mundo","publisher":{"@id":"https:\/\/www.notibras.com\/site\/#organization"},"potentialAction":[{"@type":"SearchAction","target":{"@type":"EntryPoint","urlTemplate":"https:\/\/www.notibras.com\/site\/?s={search_term_string}"},"query-input":{"@type":"PropertyValueSpecification","valueRequired":true,"valueName":"search_term_string"}}],"inLanguage":"pt-BR"},{"@type":"Organization","@id":"https:\/\/www.notibras.com\/site\/#organization","name":"Grupo Notibras de Comunica\u00e7\u00e3o","url":"https:\/\/www.notibras.com\/site\/","logo":{"@type":"ImageObject","inLanguage":"pt-BR","@id":"https:\/\/www.notibras.com\/site\/#\/schema\/logo\/image\/","url":"https:\/\/www.notibras.com\/site\/wp-content\/uploads\/2023\/01\/notibras23.png","contentUrl":"https:\/\/www.notibras.com\/site\/wp-content\/uploads\/2023\/01\/notibras23.png","width":350,"height":87,"caption":"Grupo Notibras de Comunica\u00e7\u00e3o"},"image":{"@id":"https:\/\/www.notibras.com\/site\/#\/schema\/logo\/image\/"},"sameAs":["https:\/\/www.facebook.com\/notibras\/","https:\/\/x.com\/Notibras","https:\/\/www.instagram.com\/notibras\/"]},{"@type":"Person","@id":"https:\/\/www.notibras.com\/site\/#\/schema\/person\/36ab0979449956132d3e5b517ea76ac8","name":"Reda\u00e7\u00e3o","image":{"@type":"ImageObject","inLanguage":"pt-BR","@id":"https:\/\/secure.gravatar.com\/avatar\/e0a867bdedb85fd243eadf09663511f96fc81e0720a4a42581f334ad4303aa6b?s=96&d=mm&r=g","url":"https:\/\/secure.gravatar.com\/avatar\/e0a867bdedb85fd243eadf09663511f96fc81e0720a4a42581f334ad4303aa6b?s=96&d=mm&r=g","contentUrl":"https:\/\/secure.gravatar.com\/avatar\/e0a867bdedb85fd243eadf09663511f96fc81e0720a4a42581f334ad4303aa6b?s=96&d=mm&r=g","caption":"Reda\u00e7\u00e3o"}}]}},"amp_enabled":true,"_links":{"self":[{"href":"https:\/\/www.notibras.com\/site\/wp-json\/wp\/v2\/posts\/48068","targetHints":{"allow":["GET"]}}],"collection":[{"href":"https:\/\/www.notibras.com\/site\/wp-json\/wp\/v2\/posts"}],"about":[{"href":"https:\/\/www.notibras.com\/site\/wp-json\/wp\/v2\/types\/post"}],"author":[{"embeddable":true,"href":"https:\/\/www.notibras.com\/site\/wp-json\/wp\/v2\/users\/2"}],"replies":[{"embeddable":true,"href":"https:\/\/www.notibras.com\/site\/wp-json\/wp\/v2\/comments?post=48068"}],"version-history":[{"count":0,"href":"https:\/\/www.notibras.com\/site\/wp-json\/wp\/v2\/posts\/48068\/revisions"}],"wp:featuredmedia":[{"embeddable":true,"href":"https:\/\/www.notibras.com\/site\/wp-json\/wp\/v2\/media\/48069"}],"wp:attachment":[{"href":"https:\/\/www.notibras.com\/site\/wp-json\/wp\/v2\/media?parent=48068"}],"wp:term":[{"taxonomy":"category","embeddable":true,"href":"https:\/\/www.notibras.com\/site\/wp-json\/wp\/v2\/categories?post=48068"},{"taxonomy":"post_tag","embeddable":true,"href":"https:\/\/www.notibras.com\/site\/wp-json\/wp\/v2\/tags?post=48068"}],"curies":[{"name":"wp","href":"https:\/\/api.w.org\/{rel}","templated":true}]}}