{"id":48115,"date":"2015-05-12T09:22:50","date_gmt":"2015-05-12T12:22:50","guid":{"rendered":"http:\/\/www.notibras.com\/site\/?p=48115"},"modified":"2015-05-12T13:29:43","modified_gmt":"2015-05-12T16:29:43","slug":"tucanos-demagogos-ficam-reduzidos-ao-falso-moralismo-da-velha-udn","status":"publish","type":"post","link":"https:\/\/www.notibras.com\/site\/tucanos-demagogos-ficam-reduzidos-ao-falso-moralismo-da-velha-udn\/","title":{"rendered":"PSDB, demagogo, fica reduzido ao falso moralismo da antiga UDN"},"content":{"rendered":"<p align=\"left\">O ex-presidente Fernando Henrique Cardoso publicou artigo intitulado <i>Desvendar a trama<\/i>, repercutido nos mais diversos ve\u00edculos de comunica\u00e7\u00e3o, no qual faz duras cr\u00edticas ao Partido dos Trabalhadores e seu principal nome, o tamb\u00e9m ex-presidente Lu\u00eds In\u00e1cio Lula da Silva. O texto peca por conta de uma exagerada mem\u00f3ria seletiva, e tamb\u00e9m pela completa falta de propostas alternativas ao modelo do governo atual. Esta r\u00e9plica pretende desvendar mais um pouco essa trama pol\u00edtica, pelo bem do debate p\u00fablico.<\/p>\n<p align=\"left\">\u00c9 evidente que voc\u00ea, Fernando Henrique, prefere sim voltar ao tema das crises, afinal, o terceiro turno \u00e9 liderado pelo seu partido. A recess\u00e3o de fato est\u00e1 tomando forma, mas ela \u00e9 acelerada pelo modelo de pol\u00edtica econ\u00f4mica tamb\u00e9m por ti propalado. Penso que \u00e9 ingenuidade em tocar na quest\u00e3o do desemprego, ou ent\u00e3o certeza da ignor\u00e2ncia dos leitores. \u00c9 o atual governo que trouxe o desemprego ao menor patamar hist\u00f3rico.<\/p>\n<p align=\"left\">A gest\u00e3o tucana assumiu o Planalto com 6,1% de desemprego e entregou o indicador em 12,6% no ano de 2002, como tens coragem de reclamar de 6,2%? Sobre o BNDES, investir em obras e infraestrutura \u00e9 fundamental at\u00e9 mesmo para reduzir o tal \u201ccusto Brasil\u201d, constantemente em pauta. Lembra-se do PROER? Pois \u00e9, foram R$ 37 bilh\u00f5es, \u00e0 \u00e9poca, somente para \u201csolidificar\u201d os bancos. O senhor tamb\u00e9m fez uso do BNDES para financiar as privatiza\u00e7\u00f5es, feitas \u201cno limite da irresponsabilidade\u201d. N\u00e3o \u00e9 por a\u00ed que deste algum exemplo.<\/p>\n<p align=\"left\">Sobre o setor el\u00e9trico, recorro a opini\u00e3o do engenheiro Roberto D\u2019Ara\u00fajo, diretor do Instituto Ilumina, especializado no assunto. Em entrevista concedida a este que lhe escreve, ele postula que:<\/p>\n<blockquote>\n<p align=\"left\">Quem conhece o singular sistema f\u00edsico de produ\u00e7\u00e3o de energia el\u00e9trica sabe que o que foi imaginado pelo governo FHC, mas efetivamente implantado pelos governos Lula-Dilma \u00e9 uma adapta\u00e7\u00e3o mimetizada de modelos mercantis implantados em sistemas de base t\u00e9rmica. N\u00e3o h\u00e1 como n\u00e3o ser cr\u00edtico. Todos os problemas foram relatados ao governo Lula em 2003, mas a pol\u00edtica resolveu ouvir o \u2018mercado\u2019 e desprezar os avisos.<\/p>\n<\/blockquote>\n<p align=\"left\">Ou seja, a falha de nosso modelo consiste justamente em ceder as cantilenas do mercado autorregulado, o qual temos em ti um grande entusiasta. Portanto, parece equivocado que te\u00e7a coment\u00e1rios desse teor.<\/p>\n<p align=\"left\">Em rela\u00e7\u00e3o aos programas de acelera\u00e7\u00e3o do crescimento, \u00e9 reconhecido internacionalmente o sucesso das pol\u00edticas antic\u00edclicas encabe\u00e7adas pelo ex-ministro Guido Mantega, no intuito de combater a segunda maior crise do capitalismo, esta iniciada em 2008 e ainda por a\u00ed. Sobre contas p\u00fablicas, deficit e d\u00edvida, refresco sua mem\u00f3ria citando o desempenho de seu governo. Em 1995, quando subiste a rampa do Pal\u00e1cio, a d\u00edvida p\u00fablica l\u00edquida estava em 29,5%. Findado seu governo, este \u00edndice havia saltado para 60,4%. No tocante aos deficits, em 95, 96 e 98 praticamente n\u00e3o entregaste superavit prim\u00e1rio algum e curiosamente n\u00e3o vimos histeria nem na imprensa, nem no congresso. Quanto aos exerc\u00edcios em que houve superavit, n\u00e3o h\u00e1 grande diferen\u00e7a entre seus n\u00fameros e os das gest\u00f5es petistas posteriores. Mas, nesse ponto, \u00e9 bom salientar que triste mesmo \u00e9 um pa\u00eds onde pol\u00edticos disputam quem entrega mais dinheiro p\u00fablico ao setor financeiro.<\/p>\n<p align=\"left\">Cert\u00edssimo est\u00e1s quando apontas que o ajuste fiscal nos botar\u00e1 numa \u201cespiral de agruras\u201d, mas estranho que n\u00e3o saiba de propostas alternativas que saneariam as contas sem penalizar o trabalhador mais uma vez. Por que n\u00e3o sugeres uma auditoria da d\u00edvida p\u00fablica que tem enorme potencial de redu\u00e7\u00e3o de gastos, visto que muitos desses compromissos tem s\u00e9rios ind\u00edcios de fraude? Veja bem que esta n\u00e3o \u00e9 uma proposta de calote, o que for leg\u00edtimo permanecer\u00e1 sendo pago, os contratos ilegais, com v\u00edcios insan\u00e1veis \u00e9 que seriam revistos. Ou ent\u00e3o, poder\u00edamos ao menos reduzir a Selic para diminuir os gastos com juros, pois, o servi\u00e7o da d\u00edvida consome em torno de 45% do or\u00e7amento anualmente, de longe a maior fatia dos gastos.<\/p>\n<p align=\"left\">Tendo em vista que o jurista Miguel Reale J\u00fanior, de quem seu companheiro de partido A\u00e9cio Neves encomendou um parecer t\u00e9cnico, discorda de que h\u00e1 condi\u00e7\u00f5es objetivas para o impeachment, \u00e9 golpismo sim permanecer falando sobre o assunto, interessante somente a aqueles que sofreram quatro derrotas seguidas nos pleitos presidenciais. Em rela\u00e7\u00e3o aos esc\u00e2ndalos, \u00e9 sintom\u00e1tico que se detenha na Opera\u00e7\u00e3o Lava Jato. Ora, o Swissleaks e a Zelotes indicam montantes de dinheiro p\u00fablico saqueado bem acima dos tratados na Lava Jato, \u00e9 no m\u00ednimo estranho que sua ideia de corrup\u00e7\u00e3o se atenha ao menor dos casos.<\/p>\n<p align=\"left\">Falando ainda de Petrobras, roubalheira e Lava Jato, \u00e9 for\u00e7oso reconhecer que quando foi extinta a exig\u00eancia de licita\u00e7\u00e3o para compras da empresa, abriu-se a porteira para todo tipo de conluios, \u201cdesarranjos\u201d e desvios. At\u00e9 mesmo o altivo presidente da C\u00e2mara, Eduardo Cunha, concorda. Por\u00e9m, escandaloso \u00e9 quando lembramos que a lei (9478\/97) que permitiu essa bagun\u00e7a foi sancionada por sua caneta, e que o delator Pedro Barusco afirma que foi exatamente nessa \u00e9poca que instalou-se o dito petrol\u00e3o. Nesse ponto a seletividade de fatos escancara a n\u00edveis inaceit\u00e1veis.<\/p>\n<p align=\"left\">Finalizo constatando com tristeza ao que se resume o PSDB e suas lideran\u00e7as. A incapacidade de inovar, propor, reduziu o tucanato ao falso moralismo da antiga UDN, ao cinismo de um Alckmin, a trucul\u00eancia de um Beto Richa. N\u00e3o ser\u00e1 vocalizando os interesses de um diminuto setor da sociedade, distribuindo acusa\u00e7\u00f5es e estendendo as fronteiras da demagogia que o PSDB retornar\u00e1 ao poder.<\/p>\n<p align=\"left\"><strong>Rennan Martins<\/strong><\/p>\n","protected":false},"excerpt":{"rendered":"<p>O ex-presidente Fernando Henrique Cardoso publicou artigo intitulado Desvendar a trama, repercutido nos mais diversos ve\u00edculos de comunica\u00e7\u00e3o, no qual faz duras cr\u00edticas ao Partido dos Trabalhadores e seu principal nome, o tamb\u00e9m ex-presidente Lu\u00eds In\u00e1cio Lula da Silva. O texto peca por conta de uma exagerada mem\u00f3ria seletiva, e tamb\u00e9m pela completa falta de [&hellip;]<\/p>\n","protected":false},"author":2,"featured_media":48119,"comment_status":"open","ping_status":"closed","sticky":false,"template":"","format":"standard","meta":{"_acf_changed":false,"footnotes":""},"categories":[25],"tags":[],"class_list":["post-48115","post","type-post","status-publish","format-standard","has-post-thumbnail","hentry","category-opina-ai"],"acf":[],"yoast_head":"<!-- This site is optimized with the Yoast SEO plugin v27.2 - https:\/\/yoast.com\/product\/yoast-seo-wordpress\/ -->\n<title>PSDB, demagogo, fica reduzido ao falso moralismo da antiga UDN - Notibras<\/title>\n<meta name=\"robots\" content=\"index, follow, max-snippet:-1, max-image-preview:large, max-video-preview:-1\" \/>\n<link rel=\"canonical\" href=\"https:\/\/www.notibras.com\/site\/tucanos-demagogos-ficam-reduzidos-ao-falso-moralismo-da-velha-udn\/\" \/>\n<meta property=\"og:locale\" content=\"pt_BR\" \/>\n<meta property=\"og:type\" content=\"article\" \/>\n<meta property=\"og:title\" content=\"PSDB, demagogo, fica reduzido ao falso moralismo da antiga UDN - Notibras\" \/>\n<meta property=\"og:description\" content=\"O ex-presidente Fernando Henrique Cardoso publicou artigo intitulado Desvendar a trama, repercutido nos mais diversos ve\u00edculos de comunica\u00e7\u00e3o, no qual faz duras cr\u00edticas ao Partido dos Trabalhadores e seu principal nome, o tamb\u00e9m ex-presidente Lu\u00eds In\u00e1cio Lula da Silva. O texto peca por conta de uma exagerada mem\u00f3ria seletiva, e tamb\u00e9m pela completa falta de [&hellip;]\" \/>\n<meta property=\"og:url\" content=\"https:\/\/www.notibras.com\/site\/tucanos-demagogos-ficam-reduzidos-ao-falso-moralismo-da-velha-udn\/\" \/>\n<meta property=\"og:site_name\" content=\"Notibras\" \/>\n<meta property=\"article:publisher\" content=\"https:\/\/www.facebook.com\/notibras\/\" \/>\n<meta property=\"article:published_time\" content=\"2015-05-12T12:22:50+00:00\" \/>\n<meta property=\"article:modified_time\" content=\"2015-05-12T16:29:43+00:00\" \/>\n<meta property=\"og:image\" content=\"https:\/\/www.notibras.com\/site\/wp-content\/uploads\/2015\/05\/tuca12.jpg\" \/>\n\t<meta property=\"og:image:width\" content=\"675\" \/>\n\t<meta property=\"og:image:height\" content=\"500\" \/>\n\t<meta property=\"og:image:type\" content=\"image\/jpeg\" \/>\n<meta name=\"author\" content=\"Reda\u00e7\u00e3o\" \/>\n<meta name=\"twitter:card\" content=\"summary_large_image\" \/>\n<meta name=\"twitter:creator\" content=\"@Notibras\" \/>\n<meta name=\"twitter:site\" content=\"@Notibras\" \/>\n<meta name=\"twitter:label1\" content=\"Escrito por\" \/>\n\t<meta name=\"twitter:data1\" content=\"Reda\u00e7\u00e3o\" \/>\n\t<meta name=\"twitter:label2\" content=\"Est. tempo de leitura\" \/>\n\t<meta name=\"twitter:data2\" content=\"5 minutos\" \/>\n<script type=\"application\/ld+json\" class=\"yoast-schema-graph\">{\"@context\":\"https:\/\/schema.org\",\"@graph\":[{\"@type\":\"Article\",\"@id\":\"https:\/\/www.notibras.com\/site\/tucanos-demagogos-ficam-reduzidos-ao-falso-moralismo-da-velha-udn\/#article\",\"isPartOf\":{\"@id\":\"https:\/\/www.notibras.com\/site\/tucanos-demagogos-ficam-reduzidos-ao-falso-moralismo-da-velha-udn\/\"},\"author\":{\"name\":\"Reda\u00e7\u00e3o\",\"@id\":\"https:\/\/www.notibras.com\/site\/#\/schema\/person\/36ab0979449956132d3e5b517ea76ac8\"},\"headline\":\"PSDB, demagogo, fica reduzido ao falso moralismo da antiga UDN\",\"datePublished\":\"2015-05-12T12:22:50+00:00\",\"dateModified\":\"2015-05-12T16:29:43+00:00\",\"mainEntityOfPage\":{\"@id\":\"https:\/\/www.notibras.com\/site\/tucanos-demagogos-ficam-reduzidos-ao-falso-moralismo-da-velha-udn\/\"},\"wordCount\":961,\"commentCount\":0,\"publisher\":{\"@id\":\"https:\/\/www.notibras.com\/site\/#organization\"},\"image\":{\"@id\":\"https:\/\/www.notibras.com\/site\/tucanos-demagogos-ficam-reduzidos-ao-falso-moralismo-da-velha-udn\/#primaryimage\"},\"thumbnailUrl\":\"https:\/\/www.notibras.com\/site\/wp-content\/uploads\/2015\/05\/tuca12.jpg\",\"articleSection\":[\"Opina a\u00ed\"],\"inLanguage\":\"pt-BR\",\"potentialAction\":[{\"@type\":\"CommentAction\",\"name\":\"Comment\",\"target\":[\"https:\/\/www.notibras.com\/site\/tucanos-demagogos-ficam-reduzidos-ao-falso-moralismo-da-velha-udn\/#respond\"]}]},{\"@type\":\"WebPage\",\"@id\":\"https:\/\/www.notibras.com\/site\/tucanos-demagogos-ficam-reduzidos-ao-falso-moralismo-da-velha-udn\/\",\"url\":\"https:\/\/www.notibras.com\/site\/tucanos-demagogos-ficam-reduzidos-ao-falso-moralismo-da-velha-udn\/\",\"name\":\"PSDB, demagogo, fica reduzido ao falso moralismo da antiga UDN - Notibras\",\"isPartOf\":{\"@id\":\"https:\/\/www.notibras.com\/site\/#website\"},\"primaryImageOfPage\":{\"@id\":\"https:\/\/www.notibras.com\/site\/tucanos-demagogos-ficam-reduzidos-ao-falso-moralismo-da-velha-udn\/#primaryimage\"},\"image\":{\"@id\":\"https:\/\/www.notibras.com\/site\/tucanos-demagogos-ficam-reduzidos-ao-falso-moralismo-da-velha-udn\/#primaryimage\"},\"thumbnailUrl\":\"https:\/\/www.notibras.com\/site\/wp-content\/uploads\/2015\/05\/tuca12.jpg\",\"datePublished\":\"2015-05-12T12:22:50+00:00\",\"dateModified\":\"2015-05-12T16:29:43+00:00\",\"breadcrumb\":{\"@id\":\"https:\/\/www.notibras.com\/site\/tucanos-demagogos-ficam-reduzidos-ao-falso-moralismo-da-velha-udn\/#breadcrumb\"},\"inLanguage\":\"pt-BR\",\"potentialAction\":[{\"@type\":\"ReadAction\",\"target\":[\"https:\/\/www.notibras.com\/site\/tucanos-demagogos-ficam-reduzidos-ao-falso-moralismo-da-velha-udn\/\"]}]},{\"@type\":\"ImageObject\",\"inLanguage\":\"pt-BR\",\"@id\":\"https:\/\/www.notibras.com\/site\/tucanos-demagogos-ficam-reduzidos-ao-falso-moralismo-da-velha-udn\/#primaryimage\",\"url\":\"https:\/\/www.notibras.com\/site\/wp-content\/uploads\/2015\/05\/tuca12.jpg\",\"contentUrl\":\"https:\/\/www.notibras.com\/site\/wp-content\/uploads\/2015\/05\/tuca12.jpg\",\"width\":675,\"height\":500},{\"@type\":\"BreadcrumbList\",\"@id\":\"https:\/\/www.notibras.com\/site\/tucanos-demagogos-ficam-reduzidos-ao-falso-moralismo-da-velha-udn\/#breadcrumb\",\"itemListElement\":[{\"@type\":\"ListItem\",\"position\":1,\"name\":\"In\u00edcio\",\"item\":\"https:\/\/www.notibras.com\/site\/\"},{\"@type\":\"ListItem\",\"position\":2,\"name\":\"PSDB, demagogo, fica reduzido ao falso moralismo da antiga UDN\"}]},{\"@type\":\"WebSite\",\"@id\":\"https:\/\/www.notibras.com\/site\/#website\",\"url\":\"https:\/\/www.notibras.com\/site\/\",\"name\":\"Notibras\",\"description\":\"Not\u00edcias de Bras\u00edlia, do Brasil e do Mundo\",\"publisher\":{\"@id\":\"https:\/\/www.notibras.com\/site\/#organization\"},\"potentialAction\":[{\"@type\":\"SearchAction\",\"target\":{\"@type\":\"EntryPoint\",\"urlTemplate\":\"https:\/\/www.notibras.com\/site\/?s={search_term_string}\"},\"query-input\":{\"@type\":\"PropertyValueSpecification\",\"valueRequired\":true,\"valueName\":\"search_term_string\"}}],\"inLanguage\":\"pt-BR\"},{\"@type\":\"Organization\",\"@id\":\"https:\/\/www.notibras.com\/site\/#organization\",\"name\":\"Grupo Notibras de Comunica\u00e7\u00e3o\",\"url\":\"https:\/\/www.notibras.com\/site\/\",\"logo\":{\"@type\":\"ImageObject\",\"inLanguage\":\"pt-BR\",\"@id\":\"https:\/\/www.notibras.com\/site\/#\/schema\/logo\/image\/\",\"url\":\"https:\/\/www.notibras.com\/site\/wp-content\/uploads\/2023\/01\/notibras23.png\",\"contentUrl\":\"https:\/\/www.notibras.com\/site\/wp-content\/uploads\/2023\/01\/notibras23.png\",\"width\":350,\"height\":87,\"caption\":\"Grupo Notibras de Comunica\u00e7\u00e3o\"},\"image\":{\"@id\":\"https:\/\/www.notibras.com\/site\/#\/schema\/logo\/image\/\"},\"sameAs\":[\"https:\/\/www.facebook.com\/notibras\/\",\"https:\/\/x.com\/Notibras\",\"https:\/\/www.instagram.com\/notibras\/\"]},{\"@type\":\"Person\",\"@id\":\"https:\/\/www.notibras.com\/site\/#\/schema\/person\/36ab0979449956132d3e5b517ea76ac8\",\"name\":\"Reda\u00e7\u00e3o\",\"image\":{\"@type\":\"ImageObject\",\"inLanguage\":\"pt-BR\",\"@id\":\"https:\/\/secure.gravatar.com\/avatar\/e0a867bdedb85fd243eadf09663511f96fc81e0720a4a42581f334ad4303aa6b?s=96&d=mm&r=g\",\"url\":\"https:\/\/secure.gravatar.com\/avatar\/e0a867bdedb85fd243eadf09663511f96fc81e0720a4a42581f334ad4303aa6b?s=96&d=mm&r=g\",\"contentUrl\":\"https:\/\/secure.gravatar.com\/avatar\/e0a867bdedb85fd243eadf09663511f96fc81e0720a4a42581f334ad4303aa6b?s=96&d=mm&r=g\",\"caption\":\"Reda\u00e7\u00e3o\"}}]}<\/script>\n<!-- \/ Yoast SEO plugin. -->","yoast_head_json":{"title":"PSDB, demagogo, fica reduzido ao falso moralismo da antiga UDN - Notibras","robots":{"index":"index","follow":"follow","max-snippet":"max-snippet:-1","max-image-preview":"max-image-preview:large","max-video-preview":"max-video-preview:-1"},"canonical":"https:\/\/www.notibras.com\/site\/tucanos-demagogos-ficam-reduzidos-ao-falso-moralismo-da-velha-udn\/","og_locale":"pt_BR","og_type":"article","og_title":"PSDB, demagogo, fica reduzido ao falso moralismo da antiga UDN - Notibras","og_description":"O ex-presidente Fernando Henrique Cardoso publicou artigo intitulado Desvendar a trama, repercutido nos mais diversos ve\u00edculos de comunica\u00e7\u00e3o, no qual faz duras cr\u00edticas ao Partido dos Trabalhadores e seu principal nome, o tamb\u00e9m ex-presidente Lu\u00eds In\u00e1cio Lula da Silva. O texto peca por conta de uma exagerada mem\u00f3ria seletiva, e tamb\u00e9m pela completa falta de [&hellip;]","og_url":"https:\/\/www.notibras.com\/site\/tucanos-demagogos-ficam-reduzidos-ao-falso-moralismo-da-velha-udn\/","og_site_name":"Notibras","article_publisher":"https:\/\/www.facebook.com\/notibras\/","article_published_time":"2015-05-12T12:22:50+00:00","article_modified_time":"2015-05-12T16:29:43+00:00","og_image":[{"width":675,"height":500,"url":"https:\/\/www.notibras.com\/site\/wp-content\/uploads\/2015\/05\/tuca12.jpg","type":"image\/jpeg"}],"author":"Reda\u00e7\u00e3o","twitter_card":"summary_large_image","twitter_creator":"@Notibras","twitter_site":"@Notibras","twitter_misc":{"Escrito por":"Reda\u00e7\u00e3o","Est. tempo de leitura":"5 minutos"},"schema":{"@context":"https:\/\/schema.org","@graph":[{"@type":"Article","@id":"https:\/\/www.notibras.com\/site\/tucanos-demagogos-ficam-reduzidos-ao-falso-moralismo-da-velha-udn\/#article","isPartOf":{"@id":"https:\/\/www.notibras.com\/site\/tucanos-demagogos-ficam-reduzidos-ao-falso-moralismo-da-velha-udn\/"},"author":{"name":"Reda\u00e7\u00e3o","@id":"https:\/\/www.notibras.com\/site\/#\/schema\/person\/36ab0979449956132d3e5b517ea76ac8"},"headline":"PSDB, demagogo, fica reduzido ao falso moralismo da antiga UDN","datePublished":"2015-05-12T12:22:50+00:00","dateModified":"2015-05-12T16:29:43+00:00","mainEntityOfPage":{"@id":"https:\/\/www.notibras.com\/site\/tucanos-demagogos-ficam-reduzidos-ao-falso-moralismo-da-velha-udn\/"},"wordCount":961,"commentCount":0,"publisher":{"@id":"https:\/\/www.notibras.com\/site\/#organization"},"image":{"@id":"https:\/\/www.notibras.com\/site\/tucanos-demagogos-ficam-reduzidos-ao-falso-moralismo-da-velha-udn\/#primaryimage"},"thumbnailUrl":"https:\/\/www.notibras.com\/site\/wp-content\/uploads\/2015\/05\/tuca12.jpg","articleSection":["Opina a\u00ed"],"inLanguage":"pt-BR","potentialAction":[{"@type":"CommentAction","name":"Comment","target":["https:\/\/www.notibras.com\/site\/tucanos-demagogos-ficam-reduzidos-ao-falso-moralismo-da-velha-udn\/#respond"]}]},{"@type":"WebPage","@id":"https:\/\/www.notibras.com\/site\/tucanos-demagogos-ficam-reduzidos-ao-falso-moralismo-da-velha-udn\/","url":"https:\/\/www.notibras.com\/site\/tucanos-demagogos-ficam-reduzidos-ao-falso-moralismo-da-velha-udn\/","name":"PSDB, demagogo, fica reduzido ao falso moralismo da antiga UDN - Notibras","isPartOf":{"@id":"https:\/\/www.notibras.com\/site\/#website"},"primaryImageOfPage":{"@id":"https:\/\/www.notibras.com\/site\/tucanos-demagogos-ficam-reduzidos-ao-falso-moralismo-da-velha-udn\/#primaryimage"},"image":{"@id":"https:\/\/www.notibras.com\/site\/tucanos-demagogos-ficam-reduzidos-ao-falso-moralismo-da-velha-udn\/#primaryimage"},"thumbnailUrl":"https:\/\/www.notibras.com\/site\/wp-content\/uploads\/2015\/05\/tuca12.jpg","datePublished":"2015-05-12T12:22:50+00:00","dateModified":"2015-05-12T16:29:43+00:00","breadcrumb":{"@id":"https:\/\/www.notibras.com\/site\/tucanos-demagogos-ficam-reduzidos-ao-falso-moralismo-da-velha-udn\/#breadcrumb"},"inLanguage":"pt-BR","potentialAction":[{"@type":"ReadAction","target":["https:\/\/www.notibras.com\/site\/tucanos-demagogos-ficam-reduzidos-ao-falso-moralismo-da-velha-udn\/"]}]},{"@type":"ImageObject","inLanguage":"pt-BR","@id":"https:\/\/www.notibras.com\/site\/tucanos-demagogos-ficam-reduzidos-ao-falso-moralismo-da-velha-udn\/#primaryimage","url":"https:\/\/www.notibras.com\/site\/wp-content\/uploads\/2015\/05\/tuca12.jpg","contentUrl":"https:\/\/www.notibras.com\/site\/wp-content\/uploads\/2015\/05\/tuca12.jpg","width":675,"height":500},{"@type":"BreadcrumbList","@id":"https:\/\/www.notibras.com\/site\/tucanos-demagogos-ficam-reduzidos-ao-falso-moralismo-da-velha-udn\/#breadcrumb","itemListElement":[{"@type":"ListItem","position":1,"name":"In\u00edcio","item":"https:\/\/www.notibras.com\/site\/"},{"@type":"ListItem","position":2,"name":"PSDB, demagogo, fica reduzido ao falso moralismo da antiga UDN"}]},{"@type":"WebSite","@id":"https:\/\/www.notibras.com\/site\/#website","url":"https:\/\/www.notibras.com\/site\/","name":"Notibras","description":"Not\u00edcias de Bras\u00edlia, do Brasil e do Mundo","publisher":{"@id":"https:\/\/www.notibras.com\/site\/#organization"},"potentialAction":[{"@type":"SearchAction","target":{"@type":"EntryPoint","urlTemplate":"https:\/\/www.notibras.com\/site\/?s={search_term_string}"},"query-input":{"@type":"PropertyValueSpecification","valueRequired":true,"valueName":"search_term_string"}}],"inLanguage":"pt-BR"},{"@type":"Organization","@id":"https:\/\/www.notibras.com\/site\/#organization","name":"Grupo Notibras de Comunica\u00e7\u00e3o","url":"https:\/\/www.notibras.com\/site\/","logo":{"@type":"ImageObject","inLanguage":"pt-BR","@id":"https:\/\/www.notibras.com\/site\/#\/schema\/logo\/image\/","url":"https:\/\/www.notibras.com\/site\/wp-content\/uploads\/2023\/01\/notibras23.png","contentUrl":"https:\/\/www.notibras.com\/site\/wp-content\/uploads\/2023\/01\/notibras23.png","width":350,"height":87,"caption":"Grupo Notibras de Comunica\u00e7\u00e3o"},"image":{"@id":"https:\/\/www.notibras.com\/site\/#\/schema\/logo\/image\/"},"sameAs":["https:\/\/www.facebook.com\/notibras\/","https:\/\/x.com\/Notibras","https:\/\/www.instagram.com\/notibras\/"]},{"@type":"Person","@id":"https:\/\/www.notibras.com\/site\/#\/schema\/person\/36ab0979449956132d3e5b517ea76ac8","name":"Reda\u00e7\u00e3o","image":{"@type":"ImageObject","inLanguage":"pt-BR","@id":"https:\/\/secure.gravatar.com\/avatar\/e0a867bdedb85fd243eadf09663511f96fc81e0720a4a42581f334ad4303aa6b?s=96&d=mm&r=g","url":"https:\/\/secure.gravatar.com\/avatar\/e0a867bdedb85fd243eadf09663511f96fc81e0720a4a42581f334ad4303aa6b?s=96&d=mm&r=g","contentUrl":"https:\/\/secure.gravatar.com\/avatar\/e0a867bdedb85fd243eadf09663511f96fc81e0720a4a42581f334ad4303aa6b?s=96&d=mm&r=g","caption":"Reda\u00e7\u00e3o"}}]}},"amp_enabled":true,"_links":{"self":[{"href":"https:\/\/www.notibras.com\/site\/wp-json\/wp\/v2\/posts\/48115","targetHints":{"allow":["GET"]}}],"collection":[{"href":"https:\/\/www.notibras.com\/site\/wp-json\/wp\/v2\/posts"}],"about":[{"href":"https:\/\/www.notibras.com\/site\/wp-json\/wp\/v2\/types\/post"}],"author":[{"embeddable":true,"href":"https:\/\/www.notibras.com\/site\/wp-json\/wp\/v2\/users\/2"}],"replies":[{"embeddable":true,"href":"https:\/\/www.notibras.com\/site\/wp-json\/wp\/v2\/comments?post=48115"}],"version-history":[{"count":0,"href":"https:\/\/www.notibras.com\/site\/wp-json\/wp\/v2\/posts\/48115\/revisions"}],"wp:featuredmedia":[{"embeddable":true,"href":"https:\/\/www.notibras.com\/site\/wp-json\/wp\/v2\/media\/48119"}],"wp:attachment":[{"href":"https:\/\/www.notibras.com\/site\/wp-json\/wp\/v2\/media?parent=48115"}],"wp:term":[{"taxonomy":"category","embeddable":true,"href":"https:\/\/www.notibras.com\/site\/wp-json\/wp\/v2\/categories?post=48115"},{"taxonomy":"post_tag","embeddable":true,"href":"https:\/\/www.notibras.com\/site\/wp-json\/wp\/v2\/tags?post=48115"}],"curies":[{"name":"wp","href":"https:\/\/api.w.org\/{rel}","templated":true}]}}