{"id":48266,"date":"2015-05-12T20:21:36","date_gmt":"2015-05-12T23:21:36","guid":{"rendered":"http:\/\/www.notibras.com\/site\/?p=48266"},"modified":"2015-05-12T20:21:36","modified_gmt":"2015-05-12T23:21:36","slug":"sao-paulo-leva-michel-bastos-para-jogo-com-cruzeiro","status":"publish","type":"post","link":"https:\/\/www.notibras.com\/site\/sao-paulo-leva-michel-bastos-para-jogo-com-cruzeiro\/","title":{"rendered":"S\u00e3o Paulo leva Michel Bastos para jogo com Cruzeiro"},"content":{"rendered":"<p class=\"text\">O elenco do S\u00e3o Paulo viajou nesta ter\u00e7a-feira a Belo Horizonte, palco da segunda partida das oitavas de final da Copa Libertadores, contra o Cruzeiro . Entre os 21 jogadores relacionados, Michel Bastos e os tr\u00eas que estavam suspensos no primeiro duelo: D\u00f3ria, Hudson e Luis Fabiano.<\/p>\n<p class=\"text\">Michel Bastos foi desfalque nos dois \u00faltimos compromissos da equipe por conta de dengue. Recuperado, ele voltou a fazer um treino intenso com bola apenas na segunda-feira, ocasi\u00e3o em que marcou quatro gols e deu uma assist\u00eancia em atividade t\u00e9cnica. Sem restri\u00e7\u00f5es do departamento m\u00e9dico, deve ser titular, inclusive.<\/p>\n<p class=\"text\">Do trio que n\u00e3o atuou no Morumbi por suspens\u00e3o, quem tem mais chance de atuar \u00e9 o zagueiro D\u00f3ria, que retomaria o lugar de Luc\u00e3o. J\u00e1 o volante Hudson e o atacante Luis Fabiano devem come\u00e7ar como op\u00e7\u00e3o no banco de reservas do Mineir\u00e3o.<\/p>\n<blockquote>\n<p class=\"text\">Poupados no \u00faltimo domingo, na estreia do Campeonato Brasileiro , em jogo contra o Flamengo , o lateral direito Bruno, o zagueiro Rafael Toloi, o volante Denilson e o meia-atacante\u00a0Centuri\u00f3n tamb\u00e9m embarcaram com o restante da delega\u00e7\u00e3o. O lateral esquerdo Carlinhos, entretanto, segue como baixa ap\u00f3s ter sofrido contratura no m\u00fasculo adutor da coxa esquerda.<\/p>\n<\/blockquote>\n<p class=\"text\">Para avan\u00e7ar \u00e0s quartas de final da competi\u00e7\u00e3o sul-americana, o S\u00e3o Paulo depende apenas de um empate, j\u00e1 que venceu a primeira partida por 1 a 0, no Morumbi. O duelo no Mineir\u00e3o est\u00e1 marcado para 19h30 (de Bras\u00edlia) desta quarta-feira.<\/p>\n<p class=\"text\">\n<div id=\"image_4afb5c7afc825550f9ea2f4427b41c41r8hfRCRD\" class=\"expandedElement\"><\/div>\n","protected":false},"excerpt":{"rendered":"<p>O elenco do S\u00e3o Paulo viajou nesta ter\u00e7a-feira a Belo Horizonte, palco da segunda partida das oitavas de final da Copa Libertadores, contra o Cruzeiro . Entre os 21 jogadores relacionados, Michel Bastos e os tr\u00eas que estavam suspensos no primeiro duelo: D\u00f3ria, Hudson e Luis Fabiano. Michel Bastos foi desfalque nos dois \u00faltimos compromissos [&hellip;]<\/p>\n","protected":false},"author":2,"featured_media":48267,"comment_status":"open","ping_status":"closed","sticky":false,"template":"","format":"standard","meta":{"_acf_changed":false,"footnotes":""},"categories":[19,29],"tags":[],"class_list":["post-48266","post","type-post","status-publish","format-standard","has-post-thumbnail","hentry","category-esportes","category-futebol"],"acf":[],"yoast_head":"<!-- This site is optimized with the Yoast SEO plugin v27.2 - https:\/\/yoast.com\/product\/yoast-seo-wordpress\/ -->\n<title>S\u00e3o Paulo leva Michel Bastos para jogo com Cruzeiro - Notibras<\/title>\n<meta name=\"robots\" content=\"index, follow, max-snippet:-1, max-image-preview:large, max-video-preview:-1\" \/>\n<link rel=\"canonical\" href=\"https:\/\/www.notibras.com\/site\/sao-paulo-leva-michel-bastos-para-jogo-com-cruzeiro\/\" \/>\n<meta property=\"og:locale\" content=\"pt_BR\" \/>\n<meta property=\"og:type\" content=\"article\" \/>\n<meta property=\"og:title\" content=\"S\u00e3o Paulo leva Michel Bastos para jogo com Cruzeiro - Notibras\" \/>\n<meta property=\"og:description\" content=\"O elenco do S\u00e3o Paulo viajou nesta ter\u00e7a-feira a Belo Horizonte, palco da segunda partida das oitavas de final da Copa Libertadores, contra o Cruzeiro . Entre os 21 jogadores relacionados, Michel Bastos e os tr\u00eas que estavam suspensos no primeiro duelo: D\u00f3ria, Hudson e Luis Fabiano. Michel Bastos foi desfalque nos dois \u00faltimos compromissos [&hellip;]\" \/>\n<meta property=\"og:url\" content=\"https:\/\/www.notibras.com\/site\/sao-paulo-leva-michel-bastos-para-jogo-com-cruzeiro\/\" \/>\n<meta property=\"og:site_name\" content=\"Notibras\" \/>\n<meta property=\"article:publisher\" content=\"https:\/\/www.facebook.com\/notibras\/\" \/>\n<meta property=\"article:published_time\" content=\"2015-05-12T23:21:36+00:00\" \/>\n<meta property=\"og:image\" content=\"https:\/\/www.notibras.com\/site\/wp-content\/uploads\/2015\/05\/sp12.jpg\" \/>\n\t<meta property=\"og:image:width\" content=\"940\" \/>\n\t<meta property=\"og:image:height\" content=\"626\" \/>\n\t<meta property=\"og:image:type\" content=\"image\/jpeg\" \/>\n<meta name=\"author\" content=\"Reda\u00e7\u00e3o\" \/>\n<meta name=\"twitter:card\" content=\"summary_large_image\" \/>\n<meta name=\"twitter:creator\" content=\"@Notibras\" \/>\n<meta name=\"twitter:site\" content=\"@Notibras\" \/>\n<meta name=\"twitter:label1\" content=\"Escrito por\" \/>\n\t<meta name=\"twitter:data1\" content=\"Reda\u00e7\u00e3o\" \/>\n\t<meta name=\"twitter:label2\" content=\"Est. tempo de leitura\" \/>\n\t<meta name=\"twitter:data2\" content=\"1 minuto\" \/>\n<script type=\"application\/ld+json\" class=\"yoast-schema-graph\">{\"@context\":\"https:\/\/schema.org\",\"@graph\":[{\"@type\":\"Article\",\"@id\":\"https:\/\/www.notibras.com\/site\/sao-paulo-leva-michel-bastos-para-jogo-com-cruzeiro\/#article\",\"isPartOf\":{\"@id\":\"https:\/\/www.notibras.com\/site\/sao-paulo-leva-michel-bastos-para-jogo-com-cruzeiro\/\"},\"author\":{\"name\":\"Reda\u00e7\u00e3o\",\"@id\":\"https:\/\/www.notibras.com\/site\/#\/schema\/person\/36ab0979449956132d3e5b517ea76ac8\"},\"headline\":\"S\u00e3o Paulo leva Michel Bastos para jogo com Cruzeiro\",\"datePublished\":\"2015-05-12T23:21:36+00:00\",\"mainEntityOfPage\":{\"@id\":\"https:\/\/www.notibras.com\/site\/sao-paulo-leva-michel-bastos-para-jogo-com-cruzeiro\/\"},\"wordCount\":266,\"commentCount\":0,\"publisher\":{\"@id\":\"https:\/\/www.notibras.com\/site\/#organization\"},\"image\":{\"@id\":\"https:\/\/www.notibras.com\/site\/sao-paulo-leva-michel-bastos-para-jogo-com-cruzeiro\/#primaryimage\"},\"thumbnailUrl\":\"https:\/\/www.notibras.com\/site\/wp-content\/uploads\/2015\/05\/sp12.jpg\",\"articleSection\":[\"Esportes\",\"Futebol\"],\"inLanguage\":\"pt-BR\",\"potentialAction\":[{\"@type\":\"CommentAction\",\"name\":\"Comment\",\"target\":[\"https:\/\/www.notibras.com\/site\/sao-paulo-leva-michel-bastos-para-jogo-com-cruzeiro\/#respond\"]}]},{\"@type\":\"WebPage\",\"@id\":\"https:\/\/www.notibras.com\/site\/sao-paulo-leva-michel-bastos-para-jogo-com-cruzeiro\/\",\"url\":\"https:\/\/www.notibras.com\/site\/sao-paulo-leva-michel-bastos-para-jogo-com-cruzeiro\/\",\"name\":\"S\u00e3o Paulo leva Michel Bastos para jogo com Cruzeiro - Notibras\",\"isPartOf\":{\"@id\":\"https:\/\/www.notibras.com\/site\/#website\"},\"primaryImageOfPage\":{\"@id\":\"https:\/\/www.notibras.com\/site\/sao-paulo-leva-michel-bastos-para-jogo-com-cruzeiro\/#primaryimage\"},\"image\":{\"@id\":\"https:\/\/www.notibras.com\/site\/sao-paulo-leva-michel-bastos-para-jogo-com-cruzeiro\/#primaryimage\"},\"thumbnailUrl\":\"https:\/\/www.notibras.com\/site\/wp-content\/uploads\/2015\/05\/sp12.jpg\",\"datePublished\":\"2015-05-12T23:21:36+00:00\",\"breadcrumb\":{\"@id\":\"https:\/\/www.notibras.com\/site\/sao-paulo-leva-michel-bastos-para-jogo-com-cruzeiro\/#breadcrumb\"},\"inLanguage\":\"pt-BR\",\"potentialAction\":[{\"@type\":\"ReadAction\",\"target\":[\"https:\/\/www.notibras.com\/site\/sao-paulo-leva-michel-bastos-para-jogo-com-cruzeiro\/\"]}]},{\"@type\":\"ImageObject\",\"inLanguage\":\"pt-BR\",\"@id\":\"https:\/\/www.notibras.com\/site\/sao-paulo-leva-michel-bastos-para-jogo-com-cruzeiro\/#primaryimage\",\"url\":\"https:\/\/www.notibras.com\/site\/wp-content\/uploads\/2015\/05\/sp12.jpg\",\"contentUrl\":\"https:\/\/www.notibras.com\/site\/wp-content\/uploads\/2015\/05\/sp12.jpg\",\"width\":940,\"height\":626},{\"@type\":\"BreadcrumbList\",\"@id\":\"https:\/\/www.notibras.com\/site\/sao-paulo-leva-michel-bastos-para-jogo-com-cruzeiro\/#breadcrumb\",\"itemListElement\":[{\"@type\":\"ListItem\",\"position\":1,\"name\":\"In\u00edcio\",\"item\":\"https:\/\/www.notibras.com\/site\/\"},{\"@type\":\"ListItem\",\"position\":2,\"name\":\"S\u00e3o Paulo leva Michel Bastos para jogo com Cruzeiro\"}]},{\"@type\":\"WebSite\",\"@id\":\"https:\/\/www.notibras.com\/site\/#website\",\"url\":\"https:\/\/www.notibras.com\/site\/\",\"name\":\"Notibras\",\"description\":\"Not\u00edcias de Bras\u00edlia, do Brasil e do Mundo\",\"publisher\":{\"@id\":\"https:\/\/www.notibras.com\/site\/#organization\"},\"potentialAction\":[{\"@type\":\"SearchAction\",\"target\":{\"@type\":\"EntryPoint\",\"urlTemplate\":\"https:\/\/www.notibras.com\/site\/?s={search_term_string}\"},\"query-input\":{\"@type\":\"PropertyValueSpecification\",\"valueRequired\":true,\"valueName\":\"search_term_string\"}}],\"inLanguage\":\"pt-BR\"},{\"@type\":\"Organization\",\"@id\":\"https:\/\/www.notibras.com\/site\/#organization\",\"name\":\"Grupo Notibras de Comunica\u00e7\u00e3o\",\"url\":\"https:\/\/www.notibras.com\/site\/\",\"logo\":{\"@type\":\"ImageObject\",\"inLanguage\":\"pt-BR\",\"@id\":\"https:\/\/www.notibras.com\/site\/#\/schema\/logo\/image\/\",\"url\":\"https:\/\/www.notibras.com\/site\/wp-content\/uploads\/2023\/01\/notibras23.png\",\"contentUrl\":\"https:\/\/www.notibras.com\/site\/wp-content\/uploads\/2023\/01\/notibras23.png\",\"width\":350,\"height\":87,\"caption\":\"Grupo Notibras de Comunica\u00e7\u00e3o\"},\"image\":{\"@id\":\"https:\/\/www.notibras.com\/site\/#\/schema\/logo\/image\/\"},\"sameAs\":[\"https:\/\/www.facebook.com\/notibras\/\",\"https:\/\/x.com\/Notibras\",\"https:\/\/www.instagram.com\/notibras\/\"]},{\"@type\":\"Person\",\"@id\":\"https:\/\/www.notibras.com\/site\/#\/schema\/person\/36ab0979449956132d3e5b517ea76ac8\",\"name\":\"Reda\u00e7\u00e3o\",\"image\":{\"@type\":\"ImageObject\",\"inLanguage\":\"pt-BR\",\"@id\":\"https:\/\/secure.gravatar.com\/avatar\/e0a867bdedb85fd243eadf09663511f96fc81e0720a4a42581f334ad4303aa6b?s=96&d=mm&r=g\",\"url\":\"https:\/\/secure.gravatar.com\/avatar\/e0a867bdedb85fd243eadf09663511f96fc81e0720a4a42581f334ad4303aa6b?s=96&d=mm&r=g\",\"contentUrl\":\"https:\/\/secure.gravatar.com\/avatar\/e0a867bdedb85fd243eadf09663511f96fc81e0720a4a42581f334ad4303aa6b?s=96&d=mm&r=g\",\"caption\":\"Reda\u00e7\u00e3o\"}}]}<\/script>\n<!-- \/ Yoast SEO plugin. -->","yoast_head_json":{"title":"S\u00e3o Paulo leva Michel Bastos para jogo com Cruzeiro - Notibras","robots":{"index":"index","follow":"follow","max-snippet":"max-snippet:-1","max-image-preview":"max-image-preview:large","max-video-preview":"max-video-preview:-1"},"canonical":"https:\/\/www.notibras.com\/site\/sao-paulo-leva-michel-bastos-para-jogo-com-cruzeiro\/","og_locale":"pt_BR","og_type":"article","og_title":"S\u00e3o Paulo leva Michel Bastos para jogo com Cruzeiro - Notibras","og_description":"O elenco do S\u00e3o Paulo viajou nesta ter\u00e7a-feira a Belo Horizonte, palco da segunda partida das oitavas de final da Copa Libertadores, contra o Cruzeiro . Entre os 21 jogadores relacionados, Michel Bastos e os tr\u00eas que estavam suspensos no primeiro duelo: D\u00f3ria, Hudson e Luis Fabiano. Michel Bastos foi desfalque nos dois \u00faltimos compromissos [&hellip;]","og_url":"https:\/\/www.notibras.com\/site\/sao-paulo-leva-michel-bastos-para-jogo-com-cruzeiro\/","og_site_name":"Notibras","article_publisher":"https:\/\/www.facebook.com\/notibras\/","article_published_time":"2015-05-12T23:21:36+00:00","og_image":[{"width":940,"height":626,"url":"https:\/\/www.notibras.com\/site\/wp-content\/uploads\/2015\/05\/sp12.jpg","type":"image\/jpeg"}],"author":"Reda\u00e7\u00e3o","twitter_card":"summary_large_image","twitter_creator":"@Notibras","twitter_site":"@Notibras","twitter_misc":{"Escrito por":"Reda\u00e7\u00e3o","Est. tempo de leitura":"1 minuto"},"schema":{"@context":"https:\/\/schema.org","@graph":[{"@type":"Article","@id":"https:\/\/www.notibras.com\/site\/sao-paulo-leva-michel-bastos-para-jogo-com-cruzeiro\/#article","isPartOf":{"@id":"https:\/\/www.notibras.com\/site\/sao-paulo-leva-michel-bastos-para-jogo-com-cruzeiro\/"},"author":{"name":"Reda\u00e7\u00e3o","@id":"https:\/\/www.notibras.com\/site\/#\/schema\/person\/36ab0979449956132d3e5b517ea76ac8"},"headline":"S\u00e3o Paulo leva Michel Bastos para jogo com Cruzeiro","datePublished":"2015-05-12T23:21:36+00:00","mainEntityOfPage":{"@id":"https:\/\/www.notibras.com\/site\/sao-paulo-leva-michel-bastos-para-jogo-com-cruzeiro\/"},"wordCount":266,"commentCount":0,"publisher":{"@id":"https:\/\/www.notibras.com\/site\/#organization"},"image":{"@id":"https:\/\/www.notibras.com\/site\/sao-paulo-leva-michel-bastos-para-jogo-com-cruzeiro\/#primaryimage"},"thumbnailUrl":"https:\/\/www.notibras.com\/site\/wp-content\/uploads\/2015\/05\/sp12.jpg","articleSection":["Esportes","Futebol"],"inLanguage":"pt-BR","potentialAction":[{"@type":"CommentAction","name":"Comment","target":["https:\/\/www.notibras.com\/site\/sao-paulo-leva-michel-bastos-para-jogo-com-cruzeiro\/#respond"]}]},{"@type":"WebPage","@id":"https:\/\/www.notibras.com\/site\/sao-paulo-leva-michel-bastos-para-jogo-com-cruzeiro\/","url":"https:\/\/www.notibras.com\/site\/sao-paulo-leva-michel-bastos-para-jogo-com-cruzeiro\/","name":"S\u00e3o Paulo leva Michel Bastos para jogo com Cruzeiro - Notibras","isPartOf":{"@id":"https:\/\/www.notibras.com\/site\/#website"},"primaryImageOfPage":{"@id":"https:\/\/www.notibras.com\/site\/sao-paulo-leva-michel-bastos-para-jogo-com-cruzeiro\/#primaryimage"},"image":{"@id":"https:\/\/www.notibras.com\/site\/sao-paulo-leva-michel-bastos-para-jogo-com-cruzeiro\/#primaryimage"},"thumbnailUrl":"https:\/\/www.notibras.com\/site\/wp-content\/uploads\/2015\/05\/sp12.jpg","datePublished":"2015-05-12T23:21:36+00:00","breadcrumb":{"@id":"https:\/\/www.notibras.com\/site\/sao-paulo-leva-michel-bastos-para-jogo-com-cruzeiro\/#breadcrumb"},"inLanguage":"pt-BR","potentialAction":[{"@type":"ReadAction","target":["https:\/\/www.notibras.com\/site\/sao-paulo-leva-michel-bastos-para-jogo-com-cruzeiro\/"]}]},{"@type":"ImageObject","inLanguage":"pt-BR","@id":"https:\/\/www.notibras.com\/site\/sao-paulo-leva-michel-bastos-para-jogo-com-cruzeiro\/#primaryimage","url":"https:\/\/www.notibras.com\/site\/wp-content\/uploads\/2015\/05\/sp12.jpg","contentUrl":"https:\/\/www.notibras.com\/site\/wp-content\/uploads\/2015\/05\/sp12.jpg","width":940,"height":626},{"@type":"BreadcrumbList","@id":"https:\/\/www.notibras.com\/site\/sao-paulo-leva-michel-bastos-para-jogo-com-cruzeiro\/#breadcrumb","itemListElement":[{"@type":"ListItem","position":1,"name":"In\u00edcio","item":"https:\/\/www.notibras.com\/site\/"},{"@type":"ListItem","position":2,"name":"S\u00e3o Paulo leva Michel Bastos para jogo com Cruzeiro"}]},{"@type":"WebSite","@id":"https:\/\/www.notibras.com\/site\/#website","url":"https:\/\/www.notibras.com\/site\/","name":"Notibras","description":"Not\u00edcias de Bras\u00edlia, do Brasil e do Mundo","publisher":{"@id":"https:\/\/www.notibras.com\/site\/#organization"},"potentialAction":[{"@type":"SearchAction","target":{"@type":"EntryPoint","urlTemplate":"https:\/\/www.notibras.com\/site\/?s={search_term_string}"},"query-input":{"@type":"PropertyValueSpecification","valueRequired":true,"valueName":"search_term_string"}}],"inLanguage":"pt-BR"},{"@type":"Organization","@id":"https:\/\/www.notibras.com\/site\/#organization","name":"Grupo Notibras de Comunica\u00e7\u00e3o","url":"https:\/\/www.notibras.com\/site\/","logo":{"@type":"ImageObject","inLanguage":"pt-BR","@id":"https:\/\/www.notibras.com\/site\/#\/schema\/logo\/image\/","url":"https:\/\/www.notibras.com\/site\/wp-content\/uploads\/2023\/01\/notibras23.png","contentUrl":"https:\/\/www.notibras.com\/site\/wp-content\/uploads\/2023\/01\/notibras23.png","width":350,"height":87,"caption":"Grupo Notibras de Comunica\u00e7\u00e3o"},"image":{"@id":"https:\/\/www.notibras.com\/site\/#\/schema\/logo\/image\/"},"sameAs":["https:\/\/www.facebook.com\/notibras\/","https:\/\/x.com\/Notibras","https:\/\/www.instagram.com\/notibras\/"]},{"@type":"Person","@id":"https:\/\/www.notibras.com\/site\/#\/schema\/person\/36ab0979449956132d3e5b517ea76ac8","name":"Reda\u00e7\u00e3o","image":{"@type":"ImageObject","inLanguage":"pt-BR","@id":"https:\/\/secure.gravatar.com\/avatar\/e0a867bdedb85fd243eadf09663511f96fc81e0720a4a42581f334ad4303aa6b?s=96&d=mm&r=g","url":"https:\/\/secure.gravatar.com\/avatar\/e0a867bdedb85fd243eadf09663511f96fc81e0720a4a42581f334ad4303aa6b?s=96&d=mm&r=g","contentUrl":"https:\/\/secure.gravatar.com\/avatar\/e0a867bdedb85fd243eadf09663511f96fc81e0720a4a42581f334ad4303aa6b?s=96&d=mm&r=g","caption":"Reda\u00e7\u00e3o"}}]}},"amp_enabled":true,"_links":{"self":[{"href":"https:\/\/www.notibras.com\/site\/wp-json\/wp\/v2\/posts\/48266","targetHints":{"allow":["GET"]}}],"collection":[{"href":"https:\/\/www.notibras.com\/site\/wp-json\/wp\/v2\/posts"}],"about":[{"href":"https:\/\/www.notibras.com\/site\/wp-json\/wp\/v2\/types\/post"}],"author":[{"embeddable":true,"href":"https:\/\/www.notibras.com\/site\/wp-json\/wp\/v2\/users\/2"}],"replies":[{"embeddable":true,"href":"https:\/\/www.notibras.com\/site\/wp-json\/wp\/v2\/comments?post=48266"}],"version-history":[{"count":0,"href":"https:\/\/www.notibras.com\/site\/wp-json\/wp\/v2\/posts\/48266\/revisions"}],"wp:featuredmedia":[{"embeddable":true,"href":"https:\/\/www.notibras.com\/site\/wp-json\/wp\/v2\/media\/48267"}],"wp:attachment":[{"href":"https:\/\/www.notibras.com\/site\/wp-json\/wp\/v2\/media?parent=48266"}],"wp:term":[{"taxonomy":"category","embeddable":true,"href":"https:\/\/www.notibras.com\/site\/wp-json\/wp\/v2\/categories?post=48266"},{"taxonomy":"post_tag","embeddable":true,"href":"https:\/\/www.notibras.com\/site\/wp-json\/wp\/v2\/tags?post=48266"}],"curies":[{"name":"wp","href":"https:\/\/api.w.org\/{rel}","templated":true}]}}