{"id":48277,"date":"2015-05-12T18:51:21","date_gmt":"2015-05-12T21:51:21","guid":{"rendered":"http:\/\/www.notibras.com\/site\/?p=48277"},"modified":"2015-05-12T22:01:03","modified_gmt":"2015-05-13T01:01:03","slug":"ceara-empata-com-america-e-leva-vantagem-para-fortaleza","status":"publish","type":"post","link":"https:\/\/www.notibras.com\/site\/ceara-empata-com-america-e-leva-vantagem-para-fortaleza\/","title":{"rendered":"Cear\u00e1 empata com Am\u00e9rica e leva vantagem para Fortaleza"},"content":{"rendered":"<p>Na noite desta ter\u00e7a-feira, Am\u00e9rica-MG e Cear\u00e1 come\u00e7aram a disputa da segunda rodada da Copa do Brasil. No Independ\u00eancia, o jogo foi equilibrado e marcado por falhas do goleiro cearense, mas terminou com o empate em 1 a 1.<\/p>\n<p>A partida come\u00e7ou morna, mas o Cear\u00e1 saiu na frente na primeira chance criada pela equipe. Aos 23 minutos do primeiro tempo, Marcos Aur\u00e9lio recebeu pela esquerda do ataque e cruzou rasteiro para William, sozinho, mandar para a rede.\u00a0Em desvantagem, o time da casa teve ajuda do goleiro advers\u00e1rio para empatar. Aos 34, em cobran\u00e7a de falta, a bola foi levantada na \u00e1rea. Lu\u00eds Carlos saiu mal e Wesley Matos, de cabe\u00e7a, aproveitou para deixar tudo igual.<\/p>\n<p>No come\u00e7o da segunda etapa o Am\u00e9rica-MG foi para o ataque atr\u00e1s do gol que reverteria ao menos a vantagem do empate no jogo da volta. A press\u00e3o levou o goleiro Lu\u00eds Carlos a falhar mais uma vez.<\/p>\n<blockquote><p>Depois de uma disputa de bola ao ch\u00e3o, o zagueiro do Cear\u00e1 recuou para o goleiro que pegou com a m\u00e3o. O zagueiro Charles n\u00e3o escondeu sua irrita\u00e7\u00e3o e deu uma bronca em Lu\u00eds Carlos. Para a sorte do goleiro e da torcida cearense, a cobran\u00e7a da falta dentro da \u00e1rea foi com perigo, mas o chute de Mancini acabou indo para fora.<\/p><\/blockquote>\n<p>O jogo no segundo tempo foi mais agitado e o alvinegro cearense chegou a marcar mais uma vez, com Eloir, mas o lance foi anulado por impedimento.<\/p>\n<p>A melhor chance do Am\u00e9rica-MG veio em nova falha do goleiro aos 44 minutos. Ap\u00f3s bola cruzada na \u00e1rea, Lu\u00eds Carlos n\u00e3o conseguiu segurar, a zaga chutou em cima de um jogador do Am\u00e9rica e a bola acabou indo para fora.<\/p>\n<p>Apesar de ter deixado a vit\u00f3ria escapar, o Cear\u00e1 leva para o segundo jogo a vantagem do gol marcado fora de casa, podendo empatar em 0 a 0 para ficar com a vaga.<\/p>\n<p>O jogo da volta, no Castel\u00e3o, em Fortaleza, est\u00e1 marcado para o dia 20, \u00e0s 22 horas. Quem conquistar a vaga vai enfrentar o Tupi, que eliminou o Atl\u00e9tico Paranaense.<\/p>\n","protected":false},"excerpt":{"rendered":"<p>Na noite desta ter\u00e7a-feira, Am\u00e9rica-MG e Cear\u00e1 come\u00e7aram a disputa da segunda rodada da Copa do Brasil. No Independ\u00eancia, o jogo foi equilibrado e marcado por falhas do goleiro cearense, mas terminou com o empate em 1 a 1. A partida come\u00e7ou morna, mas o Cear\u00e1 saiu na frente na primeira chance criada pela equipe. [&hellip;]<\/p>\n","protected":false},"author":2,"featured_media":48278,"comment_status":"open","ping_status":"closed","sticky":false,"template":"","format":"standard","meta":{"_acf_changed":false,"footnotes":""},"categories":[19,29],"tags":[],"class_list":["post-48277","post","type-post","status-publish","format-standard","has-post-thumbnail","hentry","category-esportes","category-futebol"],"acf":[],"yoast_head":"<!-- This site is optimized with the Yoast SEO plugin v27.2 - https:\/\/yoast.com\/product\/yoast-seo-wordpress\/ -->\n<title>Cear\u00e1 empata com Am\u00e9rica e leva vantagem para Fortaleza - Notibras<\/title>\n<meta name=\"robots\" content=\"index, follow, max-snippet:-1, max-image-preview:large, max-video-preview:-1\" \/>\n<link rel=\"canonical\" href=\"https:\/\/www.notibras.com\/site\/ceara-empata-com-america-e-leva-vantagem-para-fortaleza\/\" \/>\n<meta property=\"og:locale\" content=\"pt_BR\" \/>\n<meta property=\"og:type\" content=\"article\" \/>\n<meta property=\"og:title\" content=\"Cear\u00e1 empata com Am\u00e9rica e leva vantagem para Fortaleza - Notibras\" \/>\n<meta property=\"og:description\" content=\"Na noite desta ter\u00e7a-feira, Am\u00e9rica-MG e Cear\u00e1 come\u00e7aram a disputa da segunda rodada da Copa do Brasil. No Independ\u00eancia, o jogo foi equilibrado e marcado por falhas do goleiro cearense, mas terminou com o empate em 1 a 1. A partida come\u00e7ou morna, mas o Cear\u00e1 saiu na frente na primeira chance criada pela equipe. [&hellip;]\" \/>\n<meta property=\"og:url\" content=\"https:\/\/www.notibras.com\/site\/ceara-empata-com-america-e-leva-vantagem-para-fortaleza\/\" \/>\n<meta property=\"og:site_name\" content=\"Notibras\" \/>\n<meta property=\"article:publisher\" content=\"https:\/\/www.facebook.com\/notibras\/\" \/>\n<meta property=\"article:published_time\" content=\"2015-05-12T21:51:21+00:00\" \/>\n<meta property=\"article:modified_time\" content=\"2015-05-13T01:01:03+00:00\" \/>\n<meta property=\"og:image\" content=\"https:\/\/www.notibras.com\/site\/wp-content\/uploads\/2015\/05\/ce12.jpg\" \/>\n\t<meta property=\"og:image:width\" content=\"620\" \/>\n\t<meta property=\"og:image:height\" content=\"390\" \/>\n\t<meta property=\"og:image:type\" content=\"image\/jpeg\" \/>\n<meta name=\"author\" content=\"Reda\u00e7\u00e3o\" \/>\n<meta name=\"twitter:card\" content=\"summary_large_image\" \/>\n<meta name=\"twitter:creator\" content=\"@Notibras\" \/>\n<meta name=\"twitter:site\" content=\"@Notibras\" \/>\n<meta name=\"twitter:label1\" content=\"Escrito por\" \/>\n\t<meta name=\"twitter:data1\" content=\"Reda\u00e7\u00e3o\" \/>\n\t<meta name=\"twitter:label2\" content=\"Est. tempo de leitura\" \/>\n\t<meta name=\"twitter:data2\" content=\"2 minutos\" \/>\n<script type=\"application\/ld+json\" class=\"yoast-schema-graph\">{\"@context\":\"https:\/\/schema.org\",\"@graph\":[{\"@type\":\"Article\",\"@id\":\"https:\/\/www.notibras.com\/site\/ceara-empata-com-america-e-leva-vantagem-para-fortaleza\/#article\",\"isPartOf\":{\"@id\":\"https:\/\/www.notibras.com\/site\/ceara-empata-com-america-e-leva-vantagem-para-fortaleza\/\"},\"author\":{\"name\":\"Reda\u00e7\u00e3o\",\"@id\":\"https:\/\/www.notibras.com\/site\/#\/schema\/person\/36ab0979449956132d3e5b517ea76ac8\"},\"headline\":\"Cear\u00e1 empata com Am\u00e9rica e leva vantagem para Fortaleza\",\"datePublished\":\"2015-05-12T21:51:21+00:00\",\"dateModified\":\"2015-05-13T01:01:03+00:00\",\"mainEntityOfPage\":{\"@id\":\"https:\/\/www.notibras.com\/site\/ceara-empata-com-america-e-leva-vantagem-para-fortaleza\/\"},\"wordCount\":379,\"commentCount\":0,\"publisher\":{\"@id\":\"https:\/\/www.notibras.com\/site\/#organization\"},\"image\":{\"@id\":\"https:\/\/www.notibras.com\/site\/ceara-empata-com-america-e-leva-vantagem-para-fortaleza\/#primaryimage\"},\"thumbnailUrl\":\"https:\/\/www.notibras.com\/site\/wp-content\/uploads\/2015\/05\/ce12.jpg\",\"articleSection\":[\"Esportes\",\"Futebol\"],\"inLanguage\":\"pt-BR\",\"potentialAction\":[{\"@type\":\"CommentAction\",\"name\":\"Comment\",\"target\":[\"https:\/\/www.notibras.com\/site\/ceara-empata-com-america-e-leva-vantagem-para-fortaleza\/#respond\"]}]},{\"@type\":\"WebPage\",\"@id\":\"https:\/\/www.notibras.com\/site\/ceara-empata-com-america-e-leva-vantagem-para-fortaleza\/\",\"url\":\"https:\/\/www.notibras.com\/site\/ceara-empata-com-america-e-leva-vantagem-para-fortaleza\/\",\"name\":\"Cear\u00e1 empata com Am\u00e9rica e leva vantagem para Fortaleza - Notibras\",\"isPartOf\":{\"@id\":\"https:\/\/www.notibras.com\/site\/#website\"},\"primaryImageOfPage\":{\"@id\":\"https:\/\/www.notibras.com\/site\/ceara-empata-com-america-e-leva-vantagem-para-fortaleza\/#primaryimage\"},\"image\":{\"@id\":\"https:\/\/www.notibras.com\/site\/ceara-empata-com-america-e-leva-vantagem-para-fortaleza\/#primaryimage\"},\"thumbnailUrl\":\"https:\/\/www.notibras.com\/site\/wp-content\/uploads\/2015\/05\/ce12.jpg\",\"datePublished\":\"2015-05-12T21:51:21+00:00\",\"dateModified\":\"2015-05-13T01:01:03+00:00\",\"breadcrumb\":{\"@id\":\"https:\/\/www.notibras.com\/site\/ceara-empata-com-america-e-leva-vantagem-para-fortaleza\/#breadcrumb\"},\"inLanguage\":\"pt-BR\",\"potentialAction\":[{\"@type\":\"ReadAction\",\"target\":[\"https:\/\/www.notibras.com\/site\/ceara-empata-com-america-e-leva-vantagem-para-fortaleza\/\"]}]},{\"@type\":\"ImageObject\",\"inLanguage\":\"pt-BR\",\"@id\":\"https:\/\/www.notibras.com\/site\/ceara-empata-com-america-e-leva-vantagem-para-fortaleza\/#primaryimage\",\"url\":\"https:\/\/www.notibras.com\/site\/wp-content\/uploads\/2015\/05\/ce12.jpg\",\"contentUrl\":\"https:\/\/www.notibras.com\/site\/wp-content\/uploads\/2015\/05\/ce12.jpg\",\"width\":620,\"height\":390},{\"@type\":\"BreadcrumbList\",\"@id\":\"https:\/\/www.notibras.com\/site\/ceara-empata-com-america-e-leva-vantagem-para-fortaleza\/#breadcrumb\",\"itemListElement\":[{\"@type\":\"ListItem\",\"position\":1,\"name\":\"In\u00edcio\",\"item\":\"https:\/\/www.notibras.com\/site\/\"},{\"@type\":\"ListItem\",\"position\":2,\"name\":\"Cear\u00e1 empata com Am\u00e9rica e leva vantagem para Fortaleza\"}]},{\"@type\":\"WebSite\",\"@id\":\"https:\/\/www.notibras.com\/site\/#website\",\"url\":\"https:\/\/www.notibras.com\/site\/\",\"name\":\"Notibras\",\"description\":\"Not\u00edcias de Bras\u00edlia, do Brasil e do Mundo\",\"publisher\":{\"@id\":\"https:\/\/www.notibras.com\/site\/#organization\"},\"potentialAction\":[{\"@type\":\"SearchAction\",\"target\":{\"@type\":\"EntryPoint\",\"urlTemplate\":\"https:\/\/www.notibras.com\/site\/?s={search_term_string}\"},\"query-input\":{\"@type\":\"PropertyValueSpecification\",\"valueRequired\":true,\"valueName\":\"search_term_string\"}}],\"inLanguage\":\"pt-BR\"},{\"@type\":\"Organization\",\"@id\":\"https:\/\/www.notibras.com\/site\/#organization\",\"name\":\"Grupo Notibras de Comunica\u00e7\u00e3o\",\"url\":\"https:\/\/www.notibras.com\/site\/\",\"logo\":{\"@type\":\"ImageObject\",\"inLanguage\":\"pt-BR\",\"@id\":\"https:\/\/www.notibras.com\/site\/#\/schema\/logo\/image\/\",\"url\":\"https:\/\/www.notibras.com\/site\/wp-content\/uploads\/2023\/01\/notibras23.png\",\"contentUrl\":\"https:\/\/www.notibras.com\/site\/wp-content\/uploads\/2023\/01\/notibras23.png\",\"width\":350,\"height\":87,\"caption\":\"Grupo Notibras de Comunica\u00e7\u00e3o\"},\"image\":{\"@id\":\"https:\/\/www.notibras.com\/site\/#\/schema\/logo\/image\/\"},\"sameAs\":[\"https:\/\/www.facebook.com\/notibras\/\",\"https:\/\/x.com\/Notibras\",\"https:\/\/www.instagram.com\/notibras\/\"]},{\"@type\":\"Person\",\"@id\":\"https:\/\/www.notibras.com\/site\/#\/schema\/person\/36ab0979449956132d3e5b517ea76ac8\",\"name\":\"Reda\u00e7\u00e3o\",\"image\":{\"@type\":\"ImageObject\",\"inLanguage\":\"pt-BR\",\"@id\":\"https:\/\/secure.gravatar.com\/avatar\/e0a867bdedb85fd243eadf09663511f96fc81e0720a4a42581f334ad4303aa6b?s=96&d=mm&r=g\",\"url\":\"https:\/\/secure.gravatar.com\/avatar\/e0a867bdedb85fd243eadf09663511f96fc81e0720a4a42581f334ad4303aa6b?s=96&d=mm&r=g\",\"contentUrl\":\"https:\/\/secure.gravatar.com\/avatar\/e0a867bdedb85fd243eadf09663511f96fc81e0720a4a42581f334ad4303aa6b?s=96&d=mm&r=g\",\"caption\":\"Reda\u00e7\u00e3o\"}}]}<\/script>\n<!-- \/ Yoast SEO plugin. -->","yoast_head_json":{"title":"Cear\u00e1 empata com Am\u00e9rica e leva vantagem para Fortaleza - Notibras","robots":{"index":"index","follow":"follow","max-snippet":"max-snippet:-1","max-image-preview":"max-image-preview:large","max-video-preview":"max-video-preview:-1"},"canonical":"https:\/\/www.notibras.com\/site\/ceara-empata-com-america-e-leva-vantagem-para-fortaleza\/","og_locale":"pt_BR","og_type":"article","og_title":"Cear\u00e1 empata com Am\u00e9rica e leva vantagem para Fortaleza - Notibras","og_description":"Na noite desta ter\u00e7a-feira, Am\u00e9rica-MG e Cear\u00e1 come\u00e7aram a disputa da segunda rodada da Copa do Brasil. No Independ\u00eancia, o jogo foi equilibrado e marcado por falhas do goleiro cearense, mas terminou com o empate em 1 a 1. A partida come\u00e7ou morna, mas o Cear\u00e1 saiu na frente na primeira chance criada pela equipe. [&hellip;]","og_url":"https:\/\/www.notibras.com\/site\/ceara-empata-com-america-e-leva-vantagem-para-fortaleza\/","og_site_name":"Notibras","article_publisher":"https:\/\/www.facebook.com\/notibras\/","article_published_time":"2015-05-12T21:51:21+00:00","article_modified_time":"2015-05-13T01:01:03+00:00","og_image":[{"width":620,"height":390,"url":"https:\/\/www.notibras.com\/site\/wp-content\/uploads\/2015\/05\/ce12.jpg","type":"image\/jpeg"}],"author":"Reda\u00e7\u00e3o","twitter_card":"summary_large_image","twitter_creator":"@Notibras","twitter_site":"@Notibras","twitter_misc":{"Escrito por":"Reda\u00e7\u00e3o","Est. tempo de leitura":"2 minutos"},"schema":{"@context":"https:\/\/schema.org","@graph":[{"@type":"Article","@id":"https:\/\/www.notibras.com\/site\/ceara-empata-com-america-e-leva-vantagem-para-fortaleza\/#article","isPartOf":{"@id":"https:\/\/www.notibras.com\/site\/ceara-empata-com-america-e-leva-vantagem-para-fortaleza\/"},"author":{"name":"Reda\u00e7\u00e3o","@id":"https:\/\/www.notibras.com\/site\/#\/schema\/person\/36ab0979449956132d3e5b517ea76ac8"},"headline":"Cear\u00e1 empata com Am\u00e9rica e leva vantagem para Fortaleza","datePublished":"2015-05-12T21:51:21+00:00","dateModified":"2015-05-13T01:01:03+00:00","mainEntityOfPage":{"@id":"https:\/\/www.notibras.com\/site\/ceara-empata-com-america-e-leva-vantagem-para-fortaleza\/"},"wordCount":379,"commentCount":0,"publisher":{"@id":"https:\/\/www.notibras.com\/site\/#organization"},"image":{"@id":"https:\/\/www.notibras.com\/site\/ceara-empata-com-america-e-leva-vantagem-para-fortaleza\/#primaryimage"},"thumbnailUrl":"https:\/\/www.notibras.com\/site\/wp-content\/uploads\/2015\/05\/ce12.jpg","articleSection":["Esportes","Futebol"],"inLanguage":"pt-BR","potentialAction":[{"@type":"CommentAction","name":"Comment","target":["https:\/\/www.notibras.com\/site\/ceara-empata-com-america-e-leva-vantagem-para-fortaleza\/#respond"]}]},{"@type":"WebPage","@id":"https:\/\/www.notibras.com\/site\/ceara-empata-com-america-e-leva-vantagem-para-fortaleza\/","url":"https:\/\/www.notibras.com\/site\/ceara-empata-com-america-e-leva-vantagem-para-fortaleza\/","name":"Cear\u00e1 empata com Am\u00e9rica e leva vantagem para Fortaleza - Notibras","isPartOf":{"@id":"https:\/\/www.notibras.com\/site\/#website"},"primaryImageOfPage":{"@id":"https:\/\/www.notibras.com\/site\/ceara-empata-com-america-e-leva-vantagem-para-fortaleza\/#primaryimage"},"image":{"@id":"https:\/\/www.notibras.com\/site\/ceara-empata-com-america-e-leva-vantagem-para-fortaleza\/#primaryimage"},"thumbnailUrl":"https:\/\/www.notibras.com\/site\/wp-content\/uploads\/2015\/05\/ce12.jpg","datePublished":"2015-05-12T21:51:21+00:00","dateModified":"2015-05-13T01:01:03+00:00","breadcrumb":{"@id":"https:\/\/www.notibras.com\/site\/ceara-empata-com-america-e-leva-vantagem-para-fortaleza\/#breadcrumb"},"inLanguage":"pt-BR","potentialAction":[{"@type":"ReadAction","target":["https:\/\/www.notibras.com\/site\/ceara-empata-com-america-e-leva-vantagem-para-fortaleza\/"]}]},{"@type":"ImageObject","inLanguage":"pt-BR","@id":"https:\/\/www.notibras.com\/site\/ceara-empata-com-america-e-leva-vantagem-para-fortaleza\/#primaryimage","url":"https:\/\/www.notibras.com\/site\/wp-content\/uploads\/2015\/05\/ce12.jpg","contentUrl":"https:\/\/www.notibras.com\/site\/wp-content\/uploads\/2015\/05\/ce12.jpg","width":620,"height":390},{"@type":"BreadcrumbList","@id":"https:\/\/www.notibras.com\/site\/ceara-empata-com-america-e-leva-vantagem-para-fortaleza\/#breadcrumb","itemListElement":[{"@type":"ListItem","position":1,"name":"In\u00edcio","item":"https:\/\/www.notibras.com\/site\/"},{"@type":"ListItem","position":2,"name":"Cear\u00e1 empata com Am\u00e9rica e leva vantagem para Fortaleza"}]},{"@type":"WebSite","@id":"https:\/\/www.notibras.com\/site\/#website","url":"https:\/\/www.notibras.com\/site\/","name":"Notibras","description":"Not\u00edcias de Bras\u00edlia, do Brasil e do Mundo","publisher":{"@id":"https:\/\/www.notibras.com\/site\/#organization"},"potentialAction":[{"@type":"SearchAction","target":{"@type":"EntryPoint","urlTemplate":"https:\/\/www.notibras.com\/site\/?s={search_term_string}"},"query-input":{"@type":"PropertyValueSpecification","valueRequired":true,"valueName":"search_term_string"}}],"inLanguage":"pt-BR"},{"@type":"Organization","@id":"https:\/\/www.notibras.com\/site\/#organization","name":"Grupo Notibras de Comunica\u00e7\u00e3o","url":"https:\/\/www.notibras.com\/site\/","logo":{"@type":"ImageObject","inLanguage":"pt-BR","@id":"https:\/\/www.notibras.com\/site\/#\/schema\/logo\/image\/","url":"https:\/\/www.notibras.com\/site\/wp-content\/uploads\/2023\/01\/notibras23.png","contentUrl":"https:\/\/www.notibras.com\/site\/wp-content\/uploads\/2023\/01\/notibras23.png","width":350,"height":87,"caption":"Grupo Notibras de Comunica\u00e7\u00e3o"},"image":{"@id":"https:\/\/www.notibras.com\/site\/#\/schema\/logo\/image\/"},"sameAs":["https:\/\/www.facebook.com\/notibras\/","https:\/\/x.com\/Notibras","https:\/\/www.instagram.com\/notibras\/"]},{"@type":"Person","@id":"https:\/\/www.notibras.com\/site\/#\/schema\/person\/36ab0979449956132d3e5b517ea76ac8","name":"Reda\u00e7\u00e3o","image":{"@type":"ImageObject","inLanguage":"pt-BR","@id":"https:\/\/secure.gravatar.com\/avatar\/e0a867bdedb85fd243eadf09663511f96fc81e0720a4a42581f334ad4303aa6b?s=96&d=mm&r=g","url":"https:\/\/secure.gravatar.com\/avatar\/e0a867bdedb85fd243eadf09663511f96fc81e0720a4a42581f334ad4303aa6b?s=96&d=mm&r=g","contentUrl":"https:\/\/secure.gravatar.com\/avatar\/e0a867bdedb85fd243eadf09663511f96fc81e0720a4a42581f334ad4303aa6b?s=96&d=mm&r=g","caption":"Reda\u00e7\u00e3o"}}]}},"amp_enabled":true,"_links":{"self":[{"href":"https:\/\/www.notibras.com\/site\/wp-json\/wp\/v2\/posts\/48277","targetHints":{"allow":["GET"]}}],"collection":[{"href":"https:\/\/www.notibras.com\/site\/wp-json\/wp\/v2\/posts"}],"about":[{"href":"https:\/\/www.notibras.com\/site\/wp-json\/wp\/v2\/types\/post"}],"author":[{"embeddable":true,"href":"https:\/\/www.notibras.com\/site\/wp-json\/wp\/v2\/users\/2"}],"replies":[{"embeddable":true,"href":"https:\/\/www.notibras.com\/site\/wp-json\/wp\/v2\/comments?post=48277"}],"version-history":[{"count":0,"href":"https:\/\/www.notibras.com\/site\/wp-json\/wp\/v2\/posts\/48277\/revisions"}],"wp:featuredmedia":[{"embeddable":true,"href":"https:\/\/www.notibras.com\/site\/wp-json\/wp\/v2\/media\/48278"}],"wp:attachment":[{"href":"https:\/\/www.notibras.com\/site\/wp-json\/wp\/v2\/media?parent=48277"}],"wp:term":[{"taxonomy":"category","embeddable":true,"href":"https:\/\/www.notibras.com\/site\/wp-json\/wp\/v2\/categories?post=48277"},{"taxonomy":"post_tag","embeddable":true,"href":"https:\/\/www.notibras.com\/site\/wp-json\/wp\/v2\/tags?post=48277"}],"curies":[{"name":"wp","href":"https:\/\/api.w.org\/{rel}","templated":true}]}}