{"id":4828,"date":"2014-03-20T02:34:32","date_gmt":"2014-03-20T05:34:32","guid":{"rendered":"http:\/\/www.notibras.com\/site\/?p=4828"},"modified":"2014-03-20T02:34:32","modified_gmt":"2014-03-20T05:34:32","slug":"flamengo-cai-na-altitude-de-la-paz-e-segura-a-lanterna-do-grupo-7","status":"publish","type":"post","link":"https:\/\/www.notibras.com\/site\/flamengo-cai-na-altitude-de-la-paz-e-segura-a-lanterna-do-grupo-7\/","title":{"rendered":"Flamengo cai na altitude de La Paz e segura a lanterna do Grupo 7"},"content":{"rendered":"<p>O Flamengo se complicou na Copa Libertadores de 2014. Na noite desta quarta-feira, a equipe rubro-negra foi at\u00e9 a altitude de 3.600 m de La Paz encarar o Bol\u00edvar e sofreu um rev\u00e9s por 1 a 0 que amea\u00e7a duramente as possibilidades de classifica\u00e7\u00e3o do time de Jayme de Almeida para a pr\u00f3xima fase \u2013 o clube carioca caiu para a lanterna do Grupo 7, e uma derrota na pr\u00f3xima rodada o elimina prematuramente.<\/p>\n<p>Na altitude boliviana, o Flamengo n\u00e3o conseguiu se encontrar em campo tanto no primeiro quanto no segundo tempo. A equipe de Jayme sofreu com erros de passe e praticamente n\u00e3o conseguiu encaixar jogadas ofensivas. O goleiro Felipe ainda teve que fazer uma s\u00e9rie de defesas para evitar placar pior.<\/p>\n<p>Com apenas quatro pontos \u2013 uma vit\u00f3ria, um\u00a0empate e\u00a0\u00a0derrotas -, o time rubro-negro come\u00e7a a se complicar para alcan\u00e7ar a\u00a0classifica\u00e7\u00e3o \u00e0 pr\u00f3xima fase: est\u00e1 apenas em \u00faltimo lugar do grupo, gra\u00e7as \u00e0 vit\u00f3ria do Le\u00f3n por 3\u00a0a 0,\u00a0com gols de Britos, Vazques e Pe\u00f1a, sobre o equatoriano Emelec no M\u00e9xico, tamb\u00e9m nesta quarta, que deu a \u00a0lideran\u00e7a ao mexicanos com sete pontos. Eles\u00a0s\u00e3o seguidos pelo pr\u00f3prio Emelec, com seis, e Bol\u00edvar, com cinco.<\/p>\n<p>A derrota, assim, deixa o Flamengo em uma situa\u00e7\u00e3o de tudo ou nada para a pr\u00f3xima partida, fora de casa, contra o Emelec, no dia 2 de abril, \u00e0s 22h (de Bras\u00edlia). Uma derrota combinada com qualquer placar de L\u00e9on x Bol\u00edvar elimina o time rubro-negro prematuramente da principal competi\u00e7\u00e3o do ano.<\/p>\n","protected":false},"excerpt":{"rendered":"<p>O Flamengo se complicou na Copa Libertadores de 2014. Na noite desta quarta-feira, a equipe rubro-negra foi at\u00e9 a altitude de 3.600 m de La Paz encarar o Bol\u00edvar e sofreu um rev\u00e9s por 1 a 0 que amea\u00e7a duramente as possibilidades de classifica\u00e7\u00e3o do time de Jayme de Almeida para a pr\u00f3xima fase \u2013 [&hellip;]<\/p>\n","protected":false},"author":2,"featured_media":4829,"comment_status":"open","ping_status":"closed","sticky":false,"template":"","format":"standard","meta":{"_acf_changed":false,"footnotes":""},"categories":[19],"tags":[],"class_list":["post-4828","post","type-post","status-publish","format-standard","has-post-thumbnail","hentry","category-esportes"],"acf":[],"yoast_head":"<!-- This site is optimized with the Yoast SEO plugin v27.2 - https:\/\/yoast.com\/product\/yoast-seo-wordpress\/ -->\n<title>Flamengo cai na altitude de La Paz e segura a lanterna do Grupo 7 - Notibras<\/title>\n<meta name=\"robots\" content=\"index, follow, max-snippet:-1, max-image-preview:large, max-video-preview:-1\" \/>\n<link rel=\"canonical\" href=\"https:\/\/www.notibras.com\/site\/flamengo-cai-na-altitude-de-la-paz-e-segura-a-lanterna-do-grupo-7\/\" \/>\n<meta property=\"og:locale\" content=\"pt_BR\" \/>\n<meta property=\"og:type\" content=\"article\" \/>\n<meta property=\"og:title\" content=\"Flamengo cai na altitude de La Paz e segura a lanterna do Grupo 7 - Notibras\" \/>\n<meta property=\"og:description\" content=\"O Flamengo se complicou na Copa Libertadores de 2014. Na noite desta quarta-feira, a equipe rubro-negra foi at\u00e9 a altitude de 3.600 m de La Paz encarar o Bol\u00edvar e sofreu um rev\u00e9s por 1 a 0 que amea\u00e7a duramente as possibilidades de classifica\u00e7\u00e3o do time de Jayme de Almeida para a pr\u00f3xima fase \u2013 [&hellip;]\" \/>\n<meta property=\"og:url\" content=\"https:\/\/www.notibras.com\/site\/flamengo-cai-na-altitude-de-la-paz-e-segura-a-lanterna-do-grupo-7\/\" \/>\n<meta property=\"og:site_name\" content=\"Notibras\" \/>\n<meta property=\"article:publisher\" content=\"https:\/\/www.facebook.com\/notibras\/\" \/>\n<meta property=\"article:published_time\" content=\"2014-03-20T05:34:32+00:00\" \/>\n<meta property=\"og:image\" content=\"https:\/\/www.notibras.com\/site\/wp-content\/uploads\/2014\/03\/bolivarcomemoraefe.jpg\" \/>\n\t<meta property=\"og:image:width\" content=\"407\" \/>\n\t<meta property=\"og:image:height\" content=\"305\" \/>\n\t<meta property=\"og:image:type\" content=\"image\/jpeg\" \/>\n<meta name=\"author\" content=\"Reda\u00e7\u00e3o\" \/>\n<meta name=\"twitter:card\" content=\"summary_large_image\" \/>\n<meta name=\"twitter:creator\" content=\"@Notibras\" \/>\n<meta name=\"twitter:site\" content=\"@Notibras\" \/>\n<meta name=\"twitter:label1\" content=\"Escrito por\" \/>\n\t<meta name=\"twitter:data1\" content=\"Reda\u00e7\u00e3o\" \/>\n\t<meta name=\"twitter:label2\" content=\"Est. tempo de leitura\" \/>\n\t<meta name=\"twitter:data2\" content=\"1 minuto\" \/>\n<script type=\"application\/ld+json\" class=\"yoast-schema-graph\">{\"@context\":\"https:\/\/schema.org\",\"@graph\":[{\"@type\":\"Article\",\"@id\":\"https:\/\/www.notibras.com\/site\/flamengo-cai-na-altitude-de-la-paz-e-segura-a-lanterna-do-grupo-7\/#article\",\"isPartOf\":{\"@id\":\"https:\/\/www.notibras.com\/site\/flamengo-cai-na-altitude-de-la-paz-e-segura-a-lanterna-do-grupo-7\/\"},\"author\":{\"name\":\"Reda\u00e7\u00e3o\",\"@id\":\"https:\/\/www.notibras.com\/site\/#\/schema\/person\/36ab0979449956132d3e5b517ea76ac8\"},\"headline\":\"Flamengo cai na altitude de La Paz e segura a lanterna do Grupo 7\",\"datePublished\":\"2014-03-20T05:34:32+00:00\",\"mainEntityOfPage\":{\"@id\":\"https:\/\/www.notibras.com\/site\/flamengo-cai-na-altitude-de-la-paz-e-segura-a-lanterna-do-grupo-7\/\"},\"wordCount\":285,\"commentCount\":0,\"publisher\":{\"@id\":\"https:\/\/www.notibras.com\/site\/#organization\"},\"image\":{\"@id\":\"https:\/\/www.notibras.com\/site\/flamengo-cai-na-altitude-de-la-paz-e-segura-a-lanterna-do-grupo-7\/#primaryimage\"},\"thumbnailUrl\":\"https:\/\/www.notibras.com\/site\/wp-content\/uploads\/2014\/03\/bolivarcomemoraefe.jpg\",\"articleSection\":[\"Esportes\"],\"inLanguage\":\"pt-BR\",\"potentialAction\":[{\"@type\":\"CommentAction\",\"name\":\"Comment\",\"target\":[\"https:\/\/www.notibras.com\/site\/flamengo-cai-na-altitude-de-la-paz-e-segura-a-lanterna-do-grupo-7\/#respond\"]}]},{\"@type\":\"WebPage\",\"@id\":\"https:\/\/www.notibras.com\/site\/flamengo-cai-na-altitude-de-la-paz-e-segura-a-lanterna-do-grupo-7\/\",\"url\":\"https:\/\/www.notibras.com\/site\/flamengo-cai-na-altitude-de-la-paz-e-segura-a-lanterna-do-grupo-7\/\",\"name\":\"Flamengo cai na altitude de La Paz e segura a lanterna do Grupo 7 - Notibras\",\"isPartOf\":{\"@id\":\"https:\/\/www.notibras.com\/site\/#website\"},\"primaryImageOfPage\":{\"@id\":\"https:\/\/www.notibras.com\/site\/flamengo-cai-na-altitude-de-la-paz-e-segura-a-lanterna-do-grupo-7\/#primaryimage\"},\"image\":{\"@id\":\"https:\/\/www.notibras.com\/site\/flamengo-cai-na-altitude-de-la-paz-e-segura-a-lanterna-do-grupo-7\/#primaryimage\"},\"thumbnailUrl\":\"https:\/\/www.notibras.com\/site\/wp-content\/uploads\/2014\/03\/bolivarcomemoraefe.jpg\",\"datePublished\":\"2014-03-20T05:34:32+00:00\",\"breadcrumb\":{\"@id\":\"https:\/\/www.notibras.com\/site\/flamengo-cai-na-altitude-de-la-paz-e-segura-a-lanterna-do-grupo-7\/#breadcrumb\"},\"inLanguage\":\"pt-BR\",\"potentialAction\":[{\"@type\":\"ReadAction\",\"target\":[\"https:\/\/www.notibras.com\/site\/flamengo-cai-na-altitude-de-la-paz-e-segura-a-lanterna-do-grupo-7\/\"]}]},{\"@type\":\"ImageObject\",\"inLanguage\":\"pt-BR\",\"@id\":\"https:\/\/www.notibras.com\/site\/flamengo-cai-na-altitude-de-la-paz-e-segura-a-lanterna-do-grupo-7\/#primaryimage\",\"url\":\"https:\/\/www.notibras.com\/site\/wp-content\/uploads\/2014\/03\/bolivarcomemoraefe.jpg\",\"contentUrl\":\"https:\/\/www.notibras.com\/site\/wp-content\/uploads\/2014\/03\/bolivarcomemoraefe.jpg\",\"width\":407,\"height\":305},{\"@type\":\"BreadcrumbList\",\"@id\":\"https:\/\/www.notibras.com\/site\/flamengo-cai-na-altitude-de-la-paz-e-segura-a-lanterna-do-grupo-7\/#breadcrumb\",\"itemListElement\":[{\"@type\":\"ListItem\",\"position\":1,\"name\":\"In\u00edcio\",\"item\":\"https:\/\/www.notibras.com\/site\/\"},{\"@type\":\"ListItem\",\"position\":2,\"name\":\"Flamengo cai na altitude de La Paz e segura a lanterna do Grupo 7\"}]},{\"@type\":\"WebSite\",\"@id\":\"https:\/\/www.notibras.com\/site\/#website\",\"url\":\"https:\/\/www.notibras.com\/site\/\",\"name\":\"Notibras\",\"description\":\"Not\u00edcias de Bras\u00edlia, do Brasil e do Mundo\",\"publisher\":{\"@id\":\"https:\/\/www.notibras.com\/site\/#organization\"},\"potentialAction\":[{\"@type\":\"SearchAction\",\"target\":{\"@type\":\"EntryPoint\",\"urlTemplate\":\"https:\/\/www.notibras.com\/site\/?s={search_term_string}\"},\"query-input\":{\"@type\":\"PropertyValueSpecification\",\"valueRequired\":true,\"valueName\":\"search_term_string\"}}],\"inLanguage\":\"pt-BR\"},{\"@type\":\"Organization\",\"@id\":\"https:\/\/www.notibras.com\/site\/#organization\",\"name\":\"Grupo Notibras de Comunica\u00e7\u00e3o\",\"url\":\"https:\/\/www.notibras.com\/site\/\",\"logo\":{\"@type\":\"ImageObject\",\"inLanguage\":\"pt-BR\",\"@id\":\"https:\/\/www.notibras.com\/site\/#\/schema\/logo\/image\/\",\"url\":\"https:\/\/www.notibras.com\/site\/wp-content\/uploads\/2023\/01\/notibras23.png\",\"contentUrl\":\"https:\/\/www.notibras.com\/site\/wp-content\/uploads\/2023\/01\/notibras23.png\",\"width\":350,\"height\":87,\"caption\":\"Grupo Notibras de Comunica\u00e7\u00e3o\"},\"image\":{\"@id\":\"https:\/\/www.notibras.com\/site\/#\/schema\/logo\/image\/\"},\"sameAs\":[\"https:\/\/www.facebook.com\/notibras\/\",\"https:\/\/x.com\/Notibras\",\"https:\/\/www.instagram.com\/notibras\/\"]},{\"@type\":\"Person\",\"@id\":\"https:\/\/www.notibras.com\/site\/#\/schema\/person\/36ab0979449956132d3e5b517ea76ac8\",\"name\":\"Reda\u00e7\u00e3o\",\"image\":{\"@type\":\"ImageObject\",\"inLanguage\":\"pt-BR\",\"@id\":\"https:\/\/secure.gravatar.com\/avatar\/e0a867bdedb85fd243eadf09663511f96fc81e0720a4a42581f334ad4303aa6b?s=96&d=mm&r=g\",\"url\":\"https:\/\/secure.gravatar.com\/avatar\/e0a867bdedb85fd243eadf09663511f96fc81e0720a4a42581f334ad4303aa6b?s=96&d=mm&r=g\",\"contentUrl\":\"https:\/\/secure.gravatar.com\/avatar\/e0a867bdedb85fd243eadf09663511f96fc81e0720a4a42581f334ad4303aa6b?s=96&d=mm&r=g\",\"caption\":\"Reda\u00e7\u00e3o\"}}]}<\/script>\n<!-- \/ Yoast SEO plugin. -->","yoast_head_json":{"title":"Flamengo cai na altitude de La Paz e segura a lanterna do Grupo 7 - Notibras","robots":{"index":"index","follow":"follow","max-snippet":"max-snippet:-1","max-image-preview":"max-image-preview:large","max-video-preview":"max-video-preview:-1"},"canonical":"https:\/\/www.notibras.com\/site\/flamengo-cai-na-altitude-de-la-paz-e-segura-a-lanterna-do-grupo-7\/","og_locale":"pt_BR","og_type":"article","og_title":"Flamengo cai na altitude de La Paz e segura a lanterna do Grupo 7 - Notibras","og_description":"O Flamengo se complicou na Copa Libertadores de 2014. Na noite desta quarta-feira, a equipe rubro-negra foi at\u00e9 a altitude de 3.600 m de La Paz encarar o Bol\u00edvar e sofreu um rev\u00e9s por 1 a 0 que amea\u00e7a duramente as possibilidades de classifica\u00e7\u00e3o do time de Jayme de Almeida para a pr\u00f3xima fase \u2013 [&hellip;]","og_url":"https:\/\/www.notibras.com\/site\/flamengo-cai-na-altitude-de-la-paz-e-segura-a-lanterna-do-grupo-7\/","og_site_name":"Notibras","article_publisher":"https:\/\/www.facebook.com\/notibras\/","article_published_time":"2014-03-20T05:34:32+00:00","og_image":[{"width":407,"height":305,"url":"https:\/\/www.notibras.com\/site\/wp-content\/uploads\/2014\/03\/bolivarcomemoraefe.jpg","type":"image\/jpeg"}],"author":"Reda\u00e7\u00e3o","twitter_card":"summary_large_image","twitter_creator":"@Notibras","twitter_site":"@Notibras","twitter_misc":{"Escrito por":"Reda\u00e7\u00e3o","Est. tempo de leitura":"1 minuto"},"schema":{"@context":"https:\/\/schema.org","@graph":[{"@type":"Article","@id":"https:\/\/www.notibras.com\/site\/flamengo-cai-na-altitude-de-la-paz-e-segura-a-lanterna-do-grupo-7\/#article","isPartOf":{"@id":"https:\/\/www.notibras.com\/site\/flamengo-cai-na-altitude-de-la-paz-e-segura-a-lanterna-do-grupo-7\/"},"author":{"name":"Reda\u00e7\u00e3o","@id":"https:\/\/www.notibras.com\/site\/#\/schema\/person\/36ab0979449956132d3e5b517ea76ac8"},"headline":"Flamengo cai na altitude de La Paz e segura a lanterna do Grupo 7","datePublished":"2014-03-20T05:34:32+00:00","mainEntityOfPage":{"@id":"https:\/\/www.notibras.com\/site\/flamengo-cai-na-altitude-de-la-paz-e-segura-a-lanterna-do-grupo-7\/"},"wordCount":285,"commentCount":0,"publisher":{"@id":"https:\/\/www.notibras.com\/site\/#organization"},"image":{"@id":"https:\/\/www.notibras.com\/site\/flamengo-cai-na-altitude-de-la-paz-e-segura-a-lanterna-do-grupo-7\/#primaryimage"},"thumbnailUrl":"https:\/\/www.notibras.com\/site\/wp-content\/uploads\/2014\/03\/bolivarcomemoraefe.jpg","articleSection":["Esportes"],"inLanguage":"pt-BR","potentialAction":[{"@type":"CommentAction","name":"Comment","target":["https:\/\/www.notibras.com\/site\/flamengo-cai-na-altitude-de-la-paz-e-segura-a-lanterna-do-grupo-7\/#respond"]}]},{"@type":"WebPage","@id":"https:\/\/www.notibras.com\/site\/flamengo-cai-na-altitude-de-la-paz-e-segura-a-lanterna-do-grupo-7\/","url":"https:\/\/www.notibras.com\/site\/flamengo-cai-na-altitude-de-la-paz-e-segura-a-lanterna-do-grupo-7\/","name":"Flamengo cai na altitude de La Paz e segura a lanterna do Grupo 7 - Notibras","isPartOf":{"@id":"https:\/\/www.notibras.com\/site\/#website"},"primaryImageOfPage":{"@id":"https:\/\/www.notibras.com\/site\/flamengo-cai-na-altitude-de-la-paz-e-segura-a-lanterna-do-grupo-7\/#primaryimage"},"image":{"@id":"https:\/\/www.notibras.com\/site\/flamengo-cai-na-altitude-de-la-paz-e-segura-a-lanterna-do-grupo-7\/#primaryimage"},"thumbnailUrl":"https:\/\/www.notibras.com\/site\/wp-content\/uploads\/2014\/03\/bolivarcomemoraefe.jpg","datePublished":"2014-03-20T05:34:32+00:00","breadcrumb":{"@id":"https:\/\/www.notibras.com\/site\/flamengo-cai-na-altitude-de-la-paz-e-segura-a-lanterna-do-grupo-7\/#breadcrumb"},"inLanguage":"pt-BR","potentialAction":[{"@type":"ReadAction","target":["https:\/\/www.notibras.com\/site\/flamengo-cai-na-altitude-de-la-paz-e-segura-a-lanterna-do-grupo-7\/"]}]},{"@type":"ImageObject","inLanguage":"pt-BR","@id":"https:\/\/www.notibras.com\/site\/flamengo-cai-na-altitude-de-la-paz-e-segura-a-lanterna-do-grupo-7\/#primaryimage","url":"https:\/\/www.notibras.com\/site\/wp-content\/uploads\/2014\/03\/bolivarcomemoraefe.jpg","contentUrl":"https:\/\/www.notibras.com\/site\/wp-content\/uploads\/2014\/03\/bolivarcomemoraefe.jpg","width":407,"height":305},{"@type":"BreadcrumbList","@id":"https:\/\/www.notibras.com\/site\/flamengo-cai-na-altitude-de-la-paz-e-segura-a-lanterna-do-grupo-7\/#breadcrumb","itemListElement":[{"@type":"ListItem","position":1,"name":"In\u00edcio","item":"https:\/\/www.notibras.com\/site\/"},{"@type":"ListItem","position":2,"name":"Flamengo cai na altitude de La Paz e segura a lanterna do Grupo 7"}]},{"@type":"WebSite","@id":"https:\/\/www.notibras.com\/site\/#website","url":"https:\/\/www.notibras.com\/site\/","name":"Notibras","description":"Not\u00edcias de Bras\u00edlia, do Brasil e do Mundo","publisher":{"@id":"https:\/\/www.notibras.com\/site\/#organization"},"potentialAction":[{"@type":"SearchAction","target":{"@type":"EntryPoint","urlTemplate":"https:\/\/www.notibras.com\/site\/?s={search_term_string}"},"query-input":{"@type":"PropertyValueSpecification","valueRequired":true,"valueName":"search_term_string"}}],"inLanguage":"pt-BR"},{"@type":"Organization","@id":"https:\/\/www.notibras.com\/site\/#organization","name":"Grupo Notibras de Comunica\u00e7\u00e3o","url":"https:\/\/www.notibras.com\/site\/","logo":{"@type":"ImageObject","inLanguage":"pt-BR","@id":"https:\/\/www.notibras.com\/site\/#\/schema\/logo\/image\/","url":"https:\/\/www.notibras.com\/site\/wp-content\/uploads\/2023\/01\/notibras23.png","contentUrl":"https:\/\/www.notibras.com\/site\/wp-content\/uploads\/2023\/01\/notibras23.png","width":350,"height":87,"caption":"Grupo Notibras de Comunica\u00e7\u00e3o"},"image":{"@id":"https:\/\/www.notibras.com\/site\/#\/schema\/logo\/image\/"},"sameAs":["https:\/\/www.facebook.com\/notibras\/","https:\/\/x.com\/Notibras","https:\/\/www.instagram.com\/notibras\/"]},{"@type":"Person","@id":"https:\/\/www.notibras.com\/site\/#\/schema\/person\/36ab0979449956132d3e5b517ea76ac8","name":"Reda\u00e7\u00e3o","image":{"@type":"ImageObject","inLanguage":"pt-BR","@id":"https:\/\/secure.gravatar.com\/avatar\/e0a867bdedb85fd243eadf09663511f96fc81e0720a4a42581f334ad4303aa6b?s=96&d=mm&r=g","url":"https:\/\/secure.gravatar.com\/avatar\/e0a867bdedb85fd243eadf09663511f96fc81e0720a4a42581f334ad4303aa6b?s=96&d=mm&r=g","contentUrl":"https:\/\/secure.gravatar.com\/avatar\/e0a867bdedb85fd243eadf09663511f96fc81e0720a4a42581f334ad4303aa6b?s=96&d=mm&r=g","caption":"Reda\u00e7\u00e3o"}}]}},"amp_enabled":true,"_links":{"self":[{"href":"https:\/\/www.notibras.com\/site\/wp-json\/wp\/v2\/posts\/4828","targetHints":{"allow":["GET"]}}],"collection":[{"href":"https:\/\/www.notibras.com\/site\/wp-json\/wp\/v2\/posts"}],"about":[{"href":"https:\/\/www.notibras.com\/site\/wp-json\/wp\/v2\/types\/post"}],"author":[{"embeddable":true,"href":"https:\/\/www.notibras.com\/site\/wp-json\/wp\/v2\/users\/2"}],"replies":[{"embeddable":true,"href":"https:\/\/www.notibras.com\/site\/wp-json\/wp\/v2\/comments?post=4828"}],"version-history":[{"count":0,"href":"https:\/\/www.notibras.com\/site\/wp-json\/wp\/v2\/posts\/4828\/revisions"}],"wp:featuredmedia":[{"embeddable":true,"href":"https:\/\/www.notibras.com\/site\/wp-json\/wp\/v2\/media\/4829"}],"wp:attachment":[{"href":"https:\/\/www.notibras.com\/site\/wp-json\/wp\/v2\/media?parent=4828"}],"wp:term":[{"taxonomy":"category","embeddable":true,"href":"https:\/\/www.notibras.com\/site\/wp-json\/wp\/v2\/categories?post=4828"},{"taxonomy":"post_tag","embeddable":true,"href":"https:\/\/www.notibras.com\/site\/wp-json\/wp\/v2\/tags?post=4828"}],"curies":[{"name":"wp","href":"https:\/\/api.w.org\/{rel}","templated":true}]}}