{"id":48404,"date":"2015-05-13T16:01:22","date_gmt":"2015-05-13T19:01:22","guid":{"rendered":"http:\/\/www.notibras.com\/site\/?p=48404"},"modified":"2015-05-13T17:35:09","modified_gmt":"2015-05-13T20:35:09","slug":"o-deprimente-lado-da-imprensa-que-nao-cria-apenas-copia","status":"publish","type":"post","link":"https:\/\/www.notibras.com\/site\/o-deprimente-lado-da-imprensa-que-nao-cria-apenas-copia\/","title":{"rendered":"O deprimente lado da imprensa que n\u00e3o cria, apenas copia"},"content":{"rendered":"<p>\u00c9 deprimente ver incompreens\u00e3o, desinforma\u00e7\u00e3o, deturpa\u00e7\u00e3o da verdade e m\u00e1 inten\u00e7\u00e3o na humanidade. Nestes casos, o agente do mal busca sempre mais riqueza e poder. Em contrapartida, no consequente conjunto de impactados, s\u00e3o colocadas pen\u00faria e humilha\u00e7\u00e3o. De forma correta, a sociedade tem criado prote\u00e7\u00f5es para minorias e, \u00e0s vezes, para maiorias, desde que estejam sendo maltratadas.<\/p>\n<p>Com muito esfor\u00e7o e luta, a sociedade resgatou, em parte, o direito dos negros, dos homossexuais, das mulheres e dos miser\u00e1veis. Estes grupos come\u00e7am a ter vidas menos sofridas. Mas, falta muito a ser atendido. Busco chegar a determinada tese e, para isso, preciso estudar alguns casos.<\/p>\n<p>Em um grupo conservador, foi feito um debate para se explicar as causas do baixo n\u00edvel de desenvolvimento brasileiro. Logo, apareceram o \u201c<i>custo Brasil<\/i>\u201d, a \u201c<i>baixa especializa\u00e7\u00e3o da m\u00e3o-de-obra<\/i>\u201d e a \u201c<i>exist\u00eancia da pobreza, que dificulta a capacidade cognitiva dos trabalhadores<\/i>\u201d. Sem entrar no m\u00e9rito, foi lembrado que o desenvolvimento em pauta n\u00e3o era s\u00f3 o econ\u00f4mico, pois existiam tamb\u00e9m o desenvolvimento social, o pol\u00edtico e outros.<\/p>\n<p>Com esta nova abrang\u00eancia da an\u00e1lise, se n\u00e3o fosse triste, teria sido engra\u00e7ado ouvir pessoas dizerem absurdos como: \u201c<i>a pregui\u00e7a de algumas pessoas os leva \u00e0 condi\u00e7\u00e3o de extrema pobreza<\/i>\u201d e \u201c<i>oportunidades existem, vejam, por exemplo, o caso do Ministro Joaquim Barbosa, que de origem humilde chegou a ministro do STF<\/i>\u201d. Mas, o auge da cretinice ocorreu quando afirmaram que \u201c<i>em qualquer sociedade, t\u00eam que existir pobres e, por isso, \u00e9 uma ilus\u00e3o imaginar uma sociedade sem pobres<\/i>\u201d.<\/p>\n<blockquote><p>Durante estas observa\u00e7\u00f5es, fiquei pensando: \u201c<i>A quem querem enganar? Porque deve ser dif\u00edcil algu\u00e9m pensar assim, honestamente.<\/i>\u201d Era o caso de se perguntar: \u201c<i>A explora\u00e7\u00e3o capitalista, como raz\u00e3o para a gera\u00e7\u00e3o de pobreza, n\u00e3o conta?<\/i>\u201d Estive presente neste grupo por uma destas imposi\u00e7\u00f5es do trabalho que acontecem na vida. Seus membros j\u00e1 tinham o conservadorismo incrustado em suas almas. A pergunta que persiste \u00e9: \u201c<i>Como eles foram formados?<\/i>\u201d<\/p>\n<p>As cortinas se fecham e se abrem na \u00e9poca do Rio+20. Um professor da USP est\u00e1 sendo entrevistado por um canal de televis\u00e3o e a rep\u00f3rter, que havia sido bem treinada, busca arrancar dele palavras de apoio para a \u201ceconomia verde\u201d. Em determinado instante, ele disse algo como: \u201c<i>A gan\u00e2ncia e o individualismo, caracter\u00edsticos do capitalismo, levam a este menosprezo pela natureza. Se tiv\u00e9ssemos um mundo mais solid\u00e1rio com seres mais humanos, a natureza seria preservada naturalmente.<\/i>\u201d<\/p><\/blockquote>\n<p>As cortinas se fecham e se abrem, novamente. Aparece o senhor Paulo Skaf dizendo a frase: \u201c<i>A terceiriza\u00e7\u00e3o \u00e9 boa para o trabalhador<\/i>\u201d. Esta frase \u00e9 um descalabro, mas fiquei esperando algum l\u00edder de central sindical ser entrevistado e dizer: \u201c<i>A terceiriza\u00e7\u00e3o \u00e9 boa para o patr\u00e3o<\/i>\u201d. Mas, ele n\u00e3o chegou, porque trabalhador n\u00e3o tem vez na m\u00eddia tradicional. O quase nada que o governo Dilma fez nesta \u00e1rea \u00e9 imperdo\u00e1vel.<\/p>\n<p>\u00c9 estarrecedor o grau de agressividade dos meios de comunica\u00e7\u00e3o. Plagiando o coronel Passarinho, os donos desta m\u00eddia devem pensar: \u201c<i>Que o conceito de igualdade de oportunidade na m\u00eddia para todos os grupos v\u00e1 \u00e0s favas. Vamos deixar de lado os pruridos. A m\u00eddia \u00e9 nossa e n\u00f3s entrevistamos quem n\u00f3s queremos.<\/i>\u201d Obviamente, eles n\u00e3o t\u00eam nenhum receio que a concess\u00e3o de opera\u00e7\u00e3o da m\u00eddia seja revogada. Assim, a m\u00eddia \u00e9 um grande instrumento de a\u00e7\u00e3o pol\u00edtica a servi\u00e7o do capital.<\/p>\n<p>Vamos analisar melhor a posi\u00e7\u00e3o do senhor Skaf. A terceiriza\u00e7\u00e3o proposta por ele pode repercutir desfavoravelmente para a classe que ele representa. N\u00e3o \u00e9 s\u00f3 na F\u00edsica que \u201c<i>a toda a\u00e7\u00e3o existe uma rea\u00e7\u00e3o de intensidade igual e em sentido contr\u00e1rio<\/i>\u201d. \u00c0 medida que maiores parcelas da mais-valia dos trabalhadores s\u00e3o retiradas ou eles perdem o emprego, menos comida chega \u00e0s suas casas, eles n\u00e3o conseguem ter acesso a m\u00e9dicos e hospitais, e outras mazelas ocorrer\u00e3o. Assim, o n\u00edvel de ang\u00fastia da popula\u00e7\u00e3o carente ir\u00e1 aumentar com a terceiriza\u00e7\u00e3o. N\u00e3o h\u00e1 como negar que, quanto maior este n\u00edvel de ang\u00fastia, o cidad\u00e3o ficar\u00e1 mais propenso a atuar na criminalidade. N\u00e3o digo que o aflito est\u00e1 liberado para praticar crimes, mas est\u00e1 sendo impelido para a criminalidade.<\/p>\n<p>Desta forma, os que auferiram maiores lucros com a terceiriza\u00e7\u00e3o ir\u00e3o gastar mais com carros blindados, motoristas mais caros, porque sabem lutas marciais, equipamentos novos de seguran\u00e7a para suas casas e guarda-costas para si e os entes queridos. Fora o sobressalto constante que seu sequestro ou de algum familiar representa. O crescimento do \u00edndice de Gini, que mede a m\u00e1 distribui\u00e7\u00e3o de renda em uma sociedade, causado pela terceiriza\u00e7\u00e3o, significar\u00e1, em \u00faltima inst\u00e2ncia, maior inseguran\u00e7a na sociedade. Nesta hora, o Estado ser\u00e1 denunciado, principalmente pela classe rica, como \u00fanico culpado por n\u00e3o garantir seguran\u00e7a para os cidad\u00e3os. Esquecem que n\u00e3o h\u00e1 s\u00f3 a seguran\u00e7a f\u00edsica. H\u00e1 tamb\u00e9m a seguran\u00e7a alimentar para os\u00a0pobres, a seguran\u00e7a da educa\u00e7\u00e3o para os filhos dos trabalhadores, a seguran\u00e7a do atendimento de sa\u00fade para os pobres e, por a\u00ed, vai.<\/p>\n<p>Os meios de comunica\u00e7\u00e3o corruptos, comprometidos com a manipula\u00e7\u00e3o da popula\u00e7\u00e3o, n\u00e3o t\u00eam redatores de not\u00edcias, t\u00eam roteiristas criativos, que devem ficar criando sa\u00eddas para os constantes furos de quem n\u00e3o t\u00eam a verdade consigo. Para a popula\u00e7\u00e3o despolitizada, \u00e9 dif\u00edcil, em muitas situa\u00e7\u00f5es, descobrir onde est\u00e1 a verdade. Por exemplo, no conturbado Grande Oriente, sem querer justificar as injustific\u00e1veis a\u00e7\u00f5es do Estado Isl\u00e2mico, tenho d\u00favida se s\u00f3 eles praticam atrocidades. \u00c9 dif\u00edcil saber qual \u00e9 o mundo real. A \u00fanica forma de combater a manipula\u00e7\u00e3o \u00e9 identificando alguns articulistas, que s\u00e3o nossas estacas, pois servem como ancoradouro para a popula\u00e7\u00e3o em busca de compreens\u00e3o do que est\u00e1 por tr\u00e1s dos notici\u00e1rios. S\u00e3o os tradutores da fic\u00e7\u00e3o para o real e s\u00e3o encontrados, basicamente, nos\u00a0<i>sites<\/i>, blogs etc.<\/p>\n<p>Finalmente, a citada tese \u00e9 que a causa\u00a0<i>mater\u00a0<\/i>\u00e9 a m\u00eddia do capital, que est\u00e1 a\u00ed, e sua triste consequ\u00eancia s\u00e3o as mazelas do nosso povo. Sem compreender o que acontece por falta de informa\u00e7\u00e3o, a popula\u00e7\u00e3o n\u00e3o se protege, n\u00e3o evolui politicamente e elege representantes que ir\u00e3o prejudic\u00e1-la. Pouco ir\u00e1 representar uma nova lei que reforme a pol\u00edtica, se ela ser\u00e1 realizada pela maioria de desonestos que, hoje, sacrificam o povo em benef\u00edcio pr\u00f3prio e dos grupos que representam.<\/p>\n<p><strong>Paulo Metri<\/strong><\/p>\n","protected":false},"excerpt":{"rendered":"<p>\u00c9 deprimente ver incompreens\u00e3o, desinforma\u00e7\u00e3o, deturpa\u00e7\u00e3o da verdade e m\u00e1 inten\u00e7\u00e3o na humanidade. Nestes casos, o agente do mal busca sempre mais riqueza e poder. Em contrapartida, no consequente conjunto de impactados, s\u00e3o colocadas pen\u00faria e humilha\u00e7\u00e3o. De forma correta, a sociedade tem criado prote\u00e7\u00f5es para minorias e, \u00e0s vezes, para maiorias, desde que estejam [&hellip;]<\/p>\n","protected":false},"author":2,"featured_media":48405,"comment_status":"open","ping_status":"closed","sticky":false,"template":"","format":"standard","meta":{"_acf_changed":false,"footnotes":""},"categories":[25],"tags":[],"class_list":["post-48404","post","type-post","status-publish","format-standard","has-post-thumbnail","hentry","category-opina-ai"],"acf":[],"yoast_head":"<!-- This site is optimized with the Yoast SEO plugin v27.2 - https:\/\/yoast.com\/product\/yoast-seo-wordpress\/ -->\n<title>O deprimente lado da imprensa que n\u00e3o cria, apenas copia - Notibras<\/title>\n<meta name=\"robots\" content=\"index, follow, max-snippet:-1, max-image-preview:large, max-video-preview:-1\" \/>\n<link rel=\"canonical\" href=\"https:\/\/www.notibras.com\/site\/o-deprimente-lado-da-imprensa-que-nao-cria-apenas-copia\/\" \/>\n<meta property=\"og:locale\" content=\"pt_BR\" \/>\n<meta property=\"og:type\" content=\"article\" \/>\n<meta property=\"og:title\" content=\"O deprimente lado da imprensa que n\u00e3o cria, apenas copia - Notibras\" \/>\n<meta property=\"og:description\" content=\"\u00c9 deprimente ver incompreens\u00e3o, desinforma\u00e7\u00e3o, deturpa\u00e7\u00e3o da verdade e m\u00e1 inten\u00e7\u00e3o na humanidade. Nestes casos, o agente do mal busca sempre mais riqueza e poder. Em contrapartida, no consequente conjunto de impactados, s\u00e3o colocadas pen\u00faria e humilha\u00e7\u00e3o. De forma correta, a sociedade tem criado prote\u00e7\u00f5es para minorias e, \u00e0s vezes, para maiorias, desde que estejam [&hellip;]\" \/>\n<meta property=\"og:url\" content=\"https:\/\/www.notibras.com\/site\/o-deprimente-lado-da-imprensa-que-nao-cria-apenas-copia\/\" \/>\n<meta property=\"og:site_name\" content=\"Notibras\" \/>\n<meta property=\"article:publisher\" content=\"https:\/\/www.facebook.com\/notibras\/\" \/>\n<meta property=\"article:published_time\" content=\"2015-05-13T19:01:22+00:00\" \/>\n<meta property=\"article:modified_time\" content=\"2015-05-13T20:35:09+00:00\" \/>\n<meta property=\"og:image\" content=\"https:\/\/www.notibras.com\/site\/wp-content\/uploads\/2015\/05\/liberdade-de-imprensa.jpg\" \/>\n\t<meta property=\"og:image:width\" content=\"590\" \/>\n\t<meta property=\"og:image:height\" content=\"443\" \/>\n\t<meta property=\"og:image:type\" content=\"image\/jpeg\" \/>\n<meta name=\"author\" content=\"Reda\u00e7\u00e3o\" \/>\n<meta name=\"twitter:card\" content=\"summary_large_image\" \/>\n<meta name=\"twitter:creator\" content=\"@Notibras\" \/>\n<meta name=\"twitter:site\" content=\"@Notibras\" \/>\n<meta name=\"twitter:label1\" content=\"Escrito por\" \/>\n\t<meta name=\"twitter:data1\" content=\"Reda\u00e7\u00e3o\" \/>\n\t<meta name=\"twitter:label2\" content=\"Est. tempo de leitura\" \/>\n\t<meta name=\"twitter:data2\" content=\"6 minutos\" \/>\n<script type=\"application\/ld+json\" class=\"yoast-schema-graph\">{\"@context\":\"https:\/\/schema.org\",\"@graph\":[{\"@type\":\"Article\",\"@id\":\"https:\/\/www.notibras.com\/site\/o-deprimente-lado-da-imprensa-que-nao-cria-apenas-copia\/#article\",\"isPartOf\":{\"@id\":\"https:\/\/www.notibras.com\/site\/o-deprimente-lado-da-imprensa-que-nao-cria-apenas-copia\/\"},\"author\":{\"name\":\"Reda\u00e7\u00e3o\",\"@id\":\"https:\/\/www.notibras.com\/site\/#\/schema\/person\/36ab0979449956132d3e5b517ea76ac8\"},\"headline\":\"O deprimente lado da imprensa que n\u00e3o cria, apenas copia\",\"datePublished\":\"2015-05-13T19:01:22+00:00\",\"dateModified\":\"2015-05-13T20:35:09+00:00\",\"mainEntityOfPage\":{\"@id\":\"https:\/\/www.notibras.com\/site\/o-deprimente-lado-da-imprensa-que-nao-cria-apenas-copia\/\"},\"wordCount\":1153,\"commentCount\":0,\"publisher\":{\"@id\":\"https:\/\/www.notibras.com\/site\/#organization\"},\"image\":{\"@id\":\"https:\/\/www.notibras.com\/site\/o-deprimente-lado-da-imprensa-que-nao-cria-apenas-copia\/#primaryimage\"},\"thumbnailUrl\":\"https:\/\/www.notibras.com\/site\/wp-content\/uploads\/2015\/05\/liberdade-de-imprensa.jpg\",\"articleSection\":[\"Opina a\u00ed\"],\"inLanguage\":\"pt-BR\",\"potentialAction\":[{\"@type\":\"CommentAction\",\"name\":\"Comment\",\"target\":[\"https:\/\/www.notibras.com\/site\/o-deprimente-lado-da-imprensa-que-nao-cria-apenas-copia\/#respond\"]}]},{\"@type\":\"WebPage\",\"@id\":\"https:\/\/www.notibras.com\/site\/o-deprimente-lado-da-imprensa-que-nao-cria-apenas-copia\/\",\"url\":\"https:\/\/www.notibras.com\/site\/o-deprimente-lado-da-imprensa-que-nao-cria-apenas-copia\/\",\"name\":\"O deprimente lado da imprensa que n\u00e3o cria, apenas copia - Notibras\",\"isPartOf\":{\"@id\":\"https:\/\/www.notibras.com\/site\/#website\"},\"primaryImageOfPage\":{\"@id\":\"https:\/\/www.notibras.com\/site\/o-deprimente-lado-da-imprensa-que-nao-cria-apenas-copia\/#primaryimage\"},\"image\":{\"@id\":\"https:\/\/www.notibras.com\/site\/o-deprimente-lado-da-imprensa-que-nao-cria-apenas-copia\/#primaryimage\"},\"thumbnailUrl\":\"https:\/\/www.notibras.com\/site\/wp-content\/uploads\/2015\/05\/liberdade-de-imprensa.jpg\",\"datePublished\":\"2015-05-13T19:01:22+00:00\",\"dateModified\":\"2015-05-13T20:35:09+00:00\",\"breadcrumb\":{\"@id\":\"https:\/\/www.notibras.com\/site\/o-deprimente-lado-da-imprensa-que-nao-cria-apenas-copia\/#breadcrumb\"},\"inLanguage\":\"pt-BR\",\"potentialAction\":[{\"@type\":\"ReadAction\",\"target\":[\"https:\/\/www.notibras.com\/site\/o-deprimente-lado-da-imprensa-que-nao-cria-apenas-copia\/\"]}]},{\"@type\":\"ImageObject\",\"inLanguage\":\"pt-BR\",\"@id\":\"https:\/\/www.notibras.com\/site\/o-deprimente-lado-da-imprensa-que-nao-cria-apenas-copia\/#primaryimage\",\"url\":\"https:\/\/www.notibras.com\/site\/wp-content\/uploads\/2015\/05\/liberdade-de-imprensa.jpg\",\"contentUrl\":\"https:\/\/www.notibras.com\/site\/wp-content\/uploads\/2015\/05\/liberdade-de-imprensa.jpg\",\"width\":590,\"height\":443},{\"@type\":\"BreadcrumbList\",\"@id\":\"https:\/\/www.notibras.com\/site\/o-deprimente-lado-da-imprensa-que-nao-cria-apenas-copia\/#breadcrumb\",\"itemListElement\":[{\"@type\":\"ListItem\",\"position\":1,\"name\":\"In\u00edcio\",\"item\":\"https:\/\/www.notibras.com\/site\/\"},{\"@type\":\"ListItem\",\"position\":2,\"name\":\"O deprimente lado da imprensa que n\u00e3o cria, apenas copia\"}]},{\"@type\":\"WebSite\",\"@id\":\"https:\/\/www.notibras.com\/site\/#website\",\"url\":\"https:\/\/www.notibras.com\/site\/\",\"name\":\"Notibras\",\"description\":\"Not\u00edcias de Bras\u00edlia, do Brasil e do Mundo\",\"publisher\":{\"@id\":\"https:\/\/www.notibras.com\/site\/#organization\"},\"potentialAction\":[{\"@type\":\"SearchAction\",\"target\":{\"@type\":\"EntryPoint\",\"urlTemplate\":\"https:\/\/www.notibras.com\/site\/?s={search_term_string}\"},\"query-input\":{\"@type\":\"PropertyValueSpecification\",\"valueRequired\":true,\"valueName\":\"search_term_string\"}}],\"inLanguage\":\"pt-BR\"},{\"@type\":\"Organization\",\"@id\":\"https:\/\/www.notibras.com\/site\/#organization\",\"name\":\"Grupo Notibras de Comunica\u00e7\u00e3o\",\"url\":\"https:\/\/www.notibras.com\/site\/\",\"logo\":{\"@type\":\"ImageObject\",\"inLanguage\":\"pt-BR\",\"@id\":\"https:\/\/www.notibras.com\/site\/#\/schema\/logo\/image\/\",\"url\":\"https:\/\/www.notibras.com\/site\/wp-content\/uploads\/2023\/01\/notibras23.png\",\"contentUrl\":\"https:\/\/www.notibras.com\/site\/wp-content\/uploads\/2023\/01\/notibras23.png\",\"width\":350,\"height\":87,\"caption\":\"Grupo Notibras de Comunica\u00e7\u00e3o\"},\"image\":{\"@id\":\"https:\/\/www.notibras.com\/site\/#\/schema\/logo\/image\/\"},\"sameAs\":[\"https:\/\/www.facebook.com\/notibras\/\",\"https:\/\/x.com\/Notibras\",\"https:\/\/www.instagram.com\/notibras\/\"]},{\"@type\":\"Person\",\"@id\":\"https:\/\/www.notibras.com\/site\/#\/schema\/person\/36ab0979449956132d3e5b517ea76ac8\",\"name\":\"Reda\u00e7\u00e3o\",\"image\":{\"@type\":\"ImageObject\",\"inLanguage\":\"pt-BR\",\"@id\":\"https:\/\/secure.gravatar.com\/avatar\/e0a867bdedb85fd243eadf09663511f96fc81e0720a4a42581f334ad4303aa6b?s=96&d=mm&r=g\",\"url\":\"https:\/\/secure.gravatar.com\/avatar\/e0a867bdedb85fd243eadf09663511f96fc81e0720a4a42581f334ad4303aa6b?s=96&d=mm&r=g\",\"contentUrl\":\"https:\/\/secure.gravatar.com\/avatar\/e0a867bdedb85fd243eadf09663511f96fc81e0720a4a42581f334ad4303aa6b?s=96&d=mm&r=g\",\"caption\":\"Reda\u00e7\u00e3o\"}}]}<\/script>\n<!-- \/ Yoast SEO plugin. -->","yoast_head_json":{"title":"O deprimente lado da imprensa que n\u00e3o cria, apenas copia - Notibras","robots":{"index":"index","follow":"follow","max-snippet":"max-snippet:-1","max-image-preview":"max-image-preview:large","max-video-preview":"max-video-preview:-1"},"canonical":"https:\/\/www.notibras.com\/site\/o-deprimente-lado-da-imprensa-que-nao-cria-apenas-copia\/","og_locale":"pt_BR","og_type":"article","og_title":"O deprimente lado da imprensa que n\u00e3o cria, apenas copia - Notibras","og_description":"\u00c9 deprimente ver incompreens\u00e3o, desinforma\u00e7\u00e3o, deturpa\u00e7\u00e3o da verdade e m\u00e1 inten\u00e7\u00e3o na humanidade. Nestes casos, o agente do mal busca sempre mais riqueza e poder. Em contrapartida, no consequente conjunto de impactados, s\u00e3o colocadas pen\u00faria e humilha\u00e7\u00e3o. De forma correta, a sociedade tem criado prote\u00e7\u00f5es para minorias e, \u00e0s vezes, para maiorias, desde que estejam [&hellip;]","og_url":"https:\/\/www.notibras.com\/site\/o-deprimente-lado-da-imprensa-que-nao-cria-apenas-copia\/","og_site_name":"Notibras","article_publisher":"https:\/\/www.facebook.com\/notibras\/","article_published_time":"2015-05-13T19:01:22+00:00","article_modified_time":"2015-05-13T20:35:09+00:00","og_image":[{"width":590,"height":443,"url":"https:\/\/www.notibras.com\/site\/wp-content\/uploads\/2015\/05\/liberdade-de-imprensa.jpg","type":"image\/jpeg"}],"author":"Reda\u00e7\u00e3o","twitter_card":"summary_large_image","twitter_creator":"@Notibras","twitter_site":"@Notibras","twitter_misc":{"Escrito por":"Reda\u00e7\u00e3o","Est. tempo de leitura":"6 minutos"},"schema":{"@context":"https:\/\/schema.org","@graph":[{"@type":"Article","@id":"https:\/\/www.notibras.com\/site\/o-deprimente-lado-da-imprensa-que-nao-cria-apenas-copia\/#article","isPartOf":{"@id":"https:\/\/www.notibras.com\/site\/o-deprimente-lado-da-imprensa-que-nao-cria-apenas-copia\/"},"author":{"name":"Reda\u00e7\u00e3o","@id":"https:\/\/www.notibras.com\/site\/#\/schema\/person\/36ab0979449956132d3e5b517ea76ac8"},"headline":"O deprimente lado da imprensa que n\u00e3o cria, apenas copia","datePublished":"2015-05-13T19:01:22+00:00","dateModified":"2015-05-13T20:35:09+00:00","mainEntityOfPage":{"@id":"https:\/\/www.notibras.com\/site\/o-deprimente-lado-da-imprensa-que-nao-cria-apenas-copia\/"},"wordCount":1153,"commentCount":0,"publisher":{"@id":"https:\/\/www.notibras.com\/site\/#organization"},"image":{"@id":"https:\/\/www.notibras.com\/site\/o-deprimente-lado-da-imprensa-que-nao-cria-apenas-copia\/#primaryimage"},"thumbnailUrl":"https:\/\/www.notibras.com\/site\/wp-content\/uploads\/2015\/05\/liberdade-de-imprensa.jpg","articleSection":["Opina a\u00ed"],"inLanguage":"pt-BR","potentialAction":[{"@type":"CommentAction","name":"Comment","target":["https:\/\/www.notibras.com\/site\/o-deprimente-lado-da-imprensa-que-nao-cria-apenas-copia\/#respond"]}]},{"@type":"WebPage","@id":"https:\/\/www.notibras.com\/site\/o-deprimente-lado-da-imprensa-que-nao-cria-apenas-copia\/","url":"https:\/\/www.notibras.com\/site\/o-deprimente-lado-da-imprensa-que-nao-cria-apenas-copia\/","name":"O deprimente lado da imprensa que n\u00e3o cria, apenas copia - Notibras","isPartOf":{"@id":"https:\/\/www.notibras.com\/site\/#website"},"primaryImageOfPage":{"@id":"https:\/\/www.notibras.com\/site\/o-deprimente-lado-da-imprensa-que-nao-cria-apenas-copia\/#primaryimage"},"image":{"@id":"https:\/\/www.notibras.com\/site\/o-deprimente-lado-da-imprensa-que-nao-cria-apenas-copia\/#primaryimage"},"thumbnailUrl":"https:\/\/www.notibras.com\/site\/wp-content\/uploads\/2015\/05\/liberdade-de-imprensa.jpg","datePublished":"2015-05-13T19:01:22+00:00","dateModified":"2015-05-13T20:35:09+00:00","breadcrumb":{"@id":"https:\/\/www.notibras.com\/site\/o-deprimente-lado-da-imprensa-que-nao-cria-apenas-copia\/#breadcrumb"},"inLanguage":"pt-BR","potentialAction":[{"@type":"ReadAction","target":["https:\/\/www.notibras.com\/site\/o-deprimente-lado-da-imprensa-que-nao-cria-apenas-copia\/"]}]},{"@type":"ImageObject","inLanguage":"pt-BR","@id":"https:\/\/www.notibras.com\/site\/o-deprimente-lado-da-imprensa-que-nao-cria-apenas-copia\/#primaryimage","url":"https:\/\/www.notibras.com\/site\/wp-content\/uploads\/2015\/05\/liberdade-de-imprensa.jpg","contentUrl":"https:\/\/www.notibras.com\/site\/wp-content\/uploads\/2015\/05\/liberdade-de-imprensa.jpg","width":590,"height":443},{"@type":"BreadcrumbList","@id":"https:\/\/www.notibras.com\/site\/o-deprimente-lado-da-imprensa-que-nao-cria-apenas-copia\/#breadcrumb","itemListElement":[{"@type":"ListItem","position":1,"name":"In\u00edcio","item":"https:\/\/www.notibras.com\/site\/"},{"@type":"ListItem","position":2,"name":"O deprimente lado da imprensa que n\u00e3o cria, apenas copia"}]},{"@type":"WebSite","@id":"https:\/\/www.notibras.com\/site\/#website","url":"https:\/\/www.notibras.com\/site\/","name":"Notibras","description":"Not\u00edcias de Bras\u00edlia, do Brasil e do Mundo","publisher":{"@id":"https:\/\/www.notibras.com\/site\/#organization"},"potentialAction":[{"@type":"SearchAction","target":{"@type":"EntryPoint","urlTemplate":"https:\/\/www.notibras.com\/site\/?s={search_term_string}"},"query-input":{"@type":"PropertyValueSpecification","valueRequired":true,"valueName":"search_term_string"}}],"inLanguage":"pt-BR"},{"@type":"Organization","@id":"https:\/\/www.notibras.com\/site\/#organization","name":"Grupo Notibras de Comunica\u00e7\u00e3o","url":"https:\/\/www.notibras.com\/site\/","logo":{"@type":"ImageObject","inLanguage":"pt-BR","@id":"https:\/\/www.notibras.com\/site\/#\/schema\/logo\/image\/","url":"https:\/\/www.notibras.com\/site\/wp-content\/uploads\/2023\/01\/notibras23.png","contentUrl":"https:\/\/www.notibras.com\/site\/wp-content\/uploads\/2023\/01\/notibras23.png","width":350,"height":87,"caption":"Grupo Notibras de Comunica\u00e7\u00e3o"},"image":{"@id":"https:\/\/www.notibras.com\/site\/#\/schema\/logo\/image\/"},"sameAs":["https:\/\/www.facebook.com\/notibras\/","https:\/\/x.com\/Notibras","https:\/\/www.instagram.com\/notibras\/"]},{"@type":"Person","@id":"https:\/\/www.notibras.com\/site\/#\/schema\/person\/36ab0979449956132d3e5b517ea76ac8","name":"Reda\u00e7\u00e3o","image":{"@type":"ImageObject","inLanguage":"pt-BR","@id":"https:\/\/secure.gravatar.com\/avatar\/e0a867bdedb85fd243eadf09663511f96fc81e0720a4a42581f334ad4303aa6b?s=96&d=mm&r=g","url":"https:\/\/secure.gravatar.com\/avatar\/e0a867bdedb85fd243eadf09663511f96fc81e0720a4a42581f334ad4303aa6b?s=96&d=mm&r=g","contentUrl":"https:\/\/secure.gravatar.com\/avatar\/e0a867bdedb85fd243eadf09663511f96fc81e0720a4a42581f334ad4303aa6b?s=96&d=mm&r=g","caption":"Reda\u00e7\u00e3o"}}]}},"amp_enabled":true,"_links":{"self":[{"href":"https:\/\/www.notibras.com\/site\/wp-json\/wp\/v2\/posts\/48404","targetHints":{"allow":["GET"]}}],"collection":[{"href":"https:\/\/www.notibras.com\/site\/wp-json\/wp\/v2\/posts"}],"about":[{"href":"https:\/\/www.notibras.com\/site\/wp-json\/wp\/v2\/types\/post"}],"author":[{"embeddable":true,"href":"https:\/\/www.notibras.com\/site\/wp-json\/wp\/v2\/users\/2"}],"replies":[{"embeddable":true,"href":"https:\/\/www.notibras.com\/site\/wp-json\/wp\/v2\/comments?post=48404"}],"version-history":[{"count":0,"href":"https:\/\/www.notibras.com\/site\/wp-json\/wp\/v2\/posts\/48404\/revisions"}],"wp:featuredmedia":[{"embeddable":true,"href":"https:\/\/www.notibras.com\/site\/wp-json\/wp\/v2\/media\/48405"}],"wp:attachment":[{"href":"https:\/\/www.notibras.com\/site\/wp-json\/wp\/v2\/media?parent=48404"}],"wp:term":[{"taxonomy":"category","embeddable":true,"href":"https:\/\/www.notibras.com\/site\/wp-json\/wp\/v2\/categories?post=48404"},{"taxonomy":"post_tag","embeddable":true,"href":"https:\/\/www.notibras.com\/site\/wp-json\/wp\/v2\/tags?post=48404"}],"curies":[{"name":"wp","href":"https:\/\/api.w.org\/{rel}","templated":true}]}}