{"id":48407,"date":"2015-05-13T16:12:37","date_gmt":"2015-05-13T19:12:37","guid":{"rendered":"http:\/\/www.notibras.com\/site\/?p=48407"},"modified":"2015-05-13T16:12:37","modified_gmt":"2015-05-13T19:12:37","slug":"lixo-e-inseguranca-levam-desanimo-a-sobradinho-ii","status":"publish","type":"post","link":"https:\/\/www.notibras.com\/site\/lixo-e-inseguranca-levam-desanimo-a-sobradinho-ii\/","title":{"rendered":"Lixo e inseguran\u00e7a levam des\u00e2nimo a Sobradinho II"},"content":{"rendered":"<p>Tereza Veloso, moradora de Sobradinho II, reclama da aus\u00eancia de fiscaliza\u00e7\u00e3o por parte do governo nas quadras residenciais da regi\u00e3o. Ela denuncia que na AR 12 Conjunto 10, um lote abandonado est\u00e1 virando dep\u00f3sito de lixo, criadouro de mosquitos da dengue e esconderijo de bandidos. A moradora pede que o governo tome as provid\u00eancias para a limpeza do local e reforce o policiamento di\u00e1rio na quadra.<\/p>\n","protected":false},"excerpt":{"rendered":"<p>Tereza Veloso, moradora de Sobradinho II, reclama da aus\u00eancia de fiscaliza\u00e7\u00e3o por parte do governo nas quadras residenciais da regi\u00e3o. Ela denuncia que na AR 12 Conjunto 10, um lote abandonado est\u00e1 virando dep\u00f3sito de lixo, criadouro de mosquitos da dengue e esconderijo de bandidos. A moradora pede que o governo tome as provid\u00eancias para [&hellip;]<\/p>\n","protected":false},"author":2,"featured_media":48408,"comment_status":"open","ping_status":"closed","sticky":false,"template":"","format":"standard","meta":{"_acf_changed":false,"footnotes":""},"categories":[40],"tags":[],"class_list":["post-48407","post","type-post","status-publish","format-standard","has-post-thumbnail","hentry","category-zapzap-das-quadras"],"acf":[],"yoast_head":"<!-- This site is optimized with the Yoast SEO plugin v27.2 - https:\/\/yoast.com\/product\/yoast-seo-wordpress\/ -->\n<title>Lixo e inseguran\u00e7a levam des\u00e2nimo a Sobradinho II - Notibras<\/title>\n<meta name=\"robots\" content=\"index, follow, max-snippet:-1, max-image-preview:large, max-video-preview:-1\" \/>\n<link rel=\"canonical\" href=\"https:\/\/www.notibras.com\/site\/lixo-e-inseguranca-levam-desanimo-a-sobradinho-ii\/\" \/>\n<meta property=\"og:locale\" content=\"pt_BR\" \/>\n<meta property=\"og:type\" content=\"article\" \/>\n<meta property=\"og:title\" content=\"Lixo e inseguran\u00e7a levam des\u00e2nimo a Sobradinho II - Notibras\" \/>\n<meta property=\"og:description\" content=\"Tereza Veloso, moradora de Sobradinho II, reclama da aus\u00eancia de fiscaliza\u00e7\u00e3o por parte do governo nas quadras residenciais da regi\u00e3o. Ela denuncia que na AR 12 Conjunto 10, um lote abandonado est\u00e1 virando dep\u00f3sito de lixo, criadouro de mosquitos da dengue e esconderijo de bandidos. A moradora pede que o governo tome as provid\u00eancias para [&hellip;]\" \/>\n<meta property=\"og:url\" content=\"https:\/\/www.notibras.com\/site\/lixo-e-inseguranca-levam-desanimo-a-sobradinho-ii\/\" \/>\n<meta property=\"og:site_name\" content=\"Notibras\" \/>\n<meta property=\"article:publisher\" content=\"https:\/\/www.facebook.com\/notibras\/\" \/>\n<meta property=\"article:published_time\" content=\"2015-05-13T19:12:37+00:00\" \/>\n<meta property=\"og:image\" content=\"https:\/\/www.notibras.com\/site\/wp-content\/uploads\/2015\/05\/lisobro.jpg\" \/>\n\t<meta property=\"og:image:width\" content=\"534\" \/>\n\t<meta property=\"og:image:height\" content=\"300\" \/>\n\t<meta property=\"og:image:type\" content=\"image\/jpeg\" \/>\n<meta name=\"author\" content=\"Reda\u00e7\u00e3o\" \/>\n<meta name=\"twitter:card\" content=\"summary_large_image\" \/>\n<meta name=\"twitter:creator\" content=\"@Notibras\" \/>\n<meta name=\"twitter:site\" content=\"@Notibras\" \/>\n<meta name=\"twitter:label1\" content=\"Escrito por\" \/>\n\t<meta name=\"twitter:data1\" content=\"Reda\u00e7\u00e3o\" \/>\n<script type=\"application\/ld+json\" class=\"yoast-schema-graph\">{\"@context\":\"https:\/\/schema.org\",\"@graph\":[{\"@type\":\"Article\",\"@id\":\"https:\/\/www.notibras.com\/site\/lixo-e-inseguranca-levam-desanimo-a-sobradinho-ii\/#article\",\"isPartOf\":{\"@id\":\"https:\/\/www.notibras.com\/site\/lixo-e-inseguranca-levam-desanimo-a-sobradinho-ii\/\"},\"author\":{\"name\":\"Reda\u00e7\u00e3o\",\"@id\":\"https:\/\/www.notibras.com\/site\/#\/schema\/person\/36ab0979449956132d3e5b517ea76ac8\"},\"headline\":\"Lixo e inseguran\u00e7a levam des\u00e2nimo a Sobradinho II\",\"datePublished\":\"2015-05-13T19:12:37+00:00\",\"mainEntityOfPage\":{\"@id\":\"https:\/\/www.notibras.com\/site\/lixo-e-inseguranca-levam-desanimo-a-sobradinho-ii\/\"},\"wordCount\":80,\"commentCount\":0,\"publisher\":{\"@id\":\"https:\/\/www.notibras.com\/site\/#organization\"},\"image\":{\"@id\":\"https:\/\/www.notibras.com\/site\/lixo-e-inseguranca-levam-desanimo-a-sobradinho-ii\/#primaryimage\"},\"thumbnailUrl\":\"https:\/\/www.notibras.com\/site\/wp-content\/uploads\/2015\/05\/lisobro.jpg\",\"articleSection\":[\"ZapZap das Quadras\"],\"inLanguage\":\"pt-BR\",\"potentialAction\":[{\"@type\":\"CommentAction\",\"name\":\"Comment\",\"target\":[\"https:\/\/www.notibras.com\/site\/lixo-e-inseguranca-levam-desanimo-a-sobradinho-ii\/#respond\"]}]},{\"@type\":\"WebPage\",\"@id\":\"https:\/\/www.notibras.com\/site\/lixo-e-inseguranca-levam-desanimo-a-sobradinho-ii\/\",\"url\":\"https:\/\/www.notibras.com\/site\/lixo-e-inseguranca-levam-desanimo-a-sobradinho-ii\/\",\"name\":\"Lixo e inseguran\u00e7a levam des\u00e2nimo a Sobradinho II - Notibras\",\"isPartOf\":{\"@id\":\"https:\/\/www.notibras.com\/site\/#website\"},\"primaryImageOfPage\":{\"@id\":\"https:\/\/www.notibras.com\/site\/lixo-e-inseguranca-levam-desanimo-a-sobradinho-ii\/#primaryimage\"},\"image\":{\"@id\":\"https:\/\/www.notibras.com\/site\/lixo-e-inseguranca-levam-desanimo-a-sobradinho-ii\/#primaryimage\"},\"thumbnailUrl\":\"https:\/\/www.notibras.com\/site\/wp-content\/uploads\/2015\/05\/lisobro.jpg\",\"datePublished\":\"2015-05-13T19:12:37+00:00\",\"breadcrumb\":{\"@id\":\"https:\/\/www.notibras.com\/site\/lixo-e-inseguranca-levam-desanimo-a-sobradinho-ii\/#breadcrumb\"},\"inLanguage\":\"pt-BR\",\"potentialAction\":[{\"@type\":\"ReadAction\",\"target\":[\"https:\/\/www.notibras.com\/site\/lixo-e-inseguranca-levam-desanimo-a-sobradinho-ii\/\"]}]},{\"@type\":\"ImageObject\",\"inLanguage\":\"pt-BR\",\"@id\":\"https:\/\/www.notibras.com\/site\/lixo-e-inseguranca-levam-desanimo-a-sobradinho-ii\/#primaryimage\",\"url\":\"https:\/\/www.notibras.com\/site\/wp-content\/uploads\/2015\/05\/lisobro.jpg\",\"contentUrl\":\"https:\/\/www.notibras.com\/site\/wp-content\/uploads\/2015\/05\/lisobro.jpg\",\"width\":534,\"height\":300},{\"@type\":\"BreadcrumbList\",\"@id\":\"https:\/\/www.notibras.com\/site\/lixo-e-inseguranca-levam-desanimo-a-sobradinho-ii\/#breadcrumb\",\"itemListElement\":[{\"@type\":\"ListItem\",\"position\":1,\"name\":\"In\u00edcio\",\"item\":\"https:\/\/www.notibras.com\/site\/\"},{\"@type\":\"ListItem\",\"position\":2,\"name\":\"Lixo e inseguran\u00e7a levam des\u00e2nimo a Sobradinho II\"}]},{\"@type\":\"WebSite\",\"@id\":\"https:\/\/www.notibras.com\/site\/#website\",\"url\":\"https:\/\/www.notibras.com\/site\/\",\"name\":\"Notibras\",\"description\":\"Not\u00edcias de Bras\u00edlia, do Brasil e do Mundo\",\"publisher\":{\"@id\":\"https:\/\/www.notibras.com\/site\/#organization\"},\"potentialAction\":[{\"@type\":\"SearchAction\",\"target\":{\"@type\":\"EntryPoint\",\"urlTemplate\":\"https:\/\/www.notibras.com\/site\/?s={search_term_string}\"},\"query-input\":{\"@type\":\"PropertyValueSpecification\",\"valueRequired\":true,\"valueName\":\"search_term_string\"}}],\"inLanguage\":\"pt-BR\"},{\"@type\":\"Organization\",\"@id\":\"https:\/\/www.notibras.com\/site\/#organization\",\"name\":\"Grupo Notibras de Comunica\u00e7\u00e3o\",\"url\":\"https:\/\/www.notibras.com\/site\/\",\"logo\":{\"@type\":\"ImageObject\",\"inLanguage\":\"pt-BR\",\"@id\":\"https:\/\/www.notibras.com\/site\/#\/schema\/logo\/image\/\",\"url\":\"https:\/\/www.notibras.com\/site\/wp-content\/uploads\/2023\/01\/notibras23.png\",\"contentUrl\":\"https:\/\/www.notibras.com\/site\/wp-content\/uploads\/2023\/01\/notibras23.png\",\"width\":350,\"height\":87,\"caption\":\"Grupo Notibras de Comunica\u00e7\u00e3o\"},\"image\":{\"@id\":\"https:\/\/www.notibras.com\/site\/#\/schema\/logo\/image\/\"},\"sameAs\":[\"https:\/\/www.facebook.com\/notibras\/\",\"https:\/\/x.com\/Notibras\",\"https:\/\/www.instagram.com\/notibras\/\"]},{\"@type\":\"Person\",\"@id\":\"https:\/\/www.notibras.com\/site\/#\/schema\/person\/36ab0979449956132d3e5b517ea76ac8\",\"name\":\"Reda\u00e7\u00e3o\",\"image\":{\"@type\":\"ImageObject\",\"inLanguage\":\"pt-BR\",\"@id\":\"https:\/\/secure.gravatar.com\/avatar\/e0a867bdedb85fd243eadf09663511f96fc81e0720a4a42581f334ad4303aa6b?s=96&d=mm&r=g\",\"url\":\"https:\/\/secure.gravatar.com\/avatar\/e0a867bdedb85fd243eadf09663511f96fc81e0720a4a42581f334ad4303aa6b?s=96&d=mm&r=g\",\"contentUrl\":\"https:\/\/secure.gravatar.com\/avatar\/e0a867bdedb85fd243eadf09663511f96fc81e0720a4a42581f334ad4303aa6b?s=96&d=mm&r=g\",\"caption\":\"Reda\u00e7\u00e3o\"}}]}<\/script>\n<!-- \/ Yoast SEO plugin. -->","yoast_head_json":{"title":"Lixo e inseguran\u00e7a levam des\u00e2nimo a Sobradinho II - Notibras","robots":{"index":"index","follow":"follow","max-snippet":"max-snippet:-1","max-image-preview":"max-image-preview:large","max-video-preview":"max-video-preview:-1"},"canonical":"https:\/\/www.notibras.com\/site\/lixo-e-inseguranca-levam-desanimo-a-sobradinho-ii\/","og_locale":"pt_BR","og_type":"article","og_title":"Lixo e inseguran\u00e7a levam des\u00e2nimo a Sobradinho II - Notibras","og_description":"Tereza Veloso, moradora de Sobradinho II, reclama da aus\u00eancia de fiscaliza\u00e7\u00e3o por parte do governo nas quadras residenciais da regi\u00e3o. Ela denuncia que na AR 12 Conjunto 10, um lote abandonado est\u00e1 virando dep\u00f3sito de lixo, criadouro de mosquitos da dengue e esconderijo de bandidos. A moradora pede que o governo tome as provid\u00eancias para [&hellip;]","og_url":"https:\/\/www.notibras.com\/site\/lixo-e-inseguranca-levam-desanimo-a-sobradinho-ii\/","og_site_name":"Notibras","article_publisher":"https:\/\/www.facebook.com\/notibras\/","article_published_time":"2015-05-13T19:12:37+00:00","og_image":[{"width":534,"height":300,"url":"https:\/\/www.notibras.com\/site\/wp-content\/uploads\/2015\/05\/lisobro.jpg","type":"image\/jpeg"}],"author":"Reda\u00e7\u00e3o","twitter_card":"summary_large_image","twitter_creator":"@Notibras","twitter_site":"@Notibras","twitter_misc":{"Escrito por":"Reda\u00e7\u00e3o"},"schema":{"@context":"https:\/\/schema.org","@graph":[{"@type":"Article","@id":"https:\/\/www.notibras.com\/site\/lixo-e-inseguranca-levam-desanimo-a-sobradinho-ii\/#article","isPartOf":{"@id":"https:\/\/www.notibras.com\/site\/lixo-e-inseguranca-levam-desanimo-a-sobradinho-ii\/"},"author":{"name":"Reda\u00e7\u00e3o","@id":"https:\/\/www.notibras.com\/site\/#\/schema\/person\/36ab0979449956132d3e5b517ea76ac8"},"headline":"Lixo e inseguran\u00e7a levam des\u00e2nimo a Sobradinho II","datePublished":"2015-05-13T19:12:37+00:00","mainEntityOfPage":{"@id":"https:\/\/www.notibras.com\/site\/lixo-e-inseguranca-levam-desanimo-a-sobradinho-ii\/"},"wordCount":80,"commentCount":0,"publisher":{"@id":"https:\/\/www.notibras.com\/site\/#organization"},"image":{"@id":"https:\/\/www.notibras.com\/site\/lixo-e-inseguranca-levam-desanimo-a-sobradinho-ii\/#primaryimage"},"thumbnailUrl":"https:\/\/www.notibras.com\/site\/wp-content\/uploads\/2015\/05\/lisobro.jpg","articleSection":["ZapZap das Quadras"],"inLanguage":"pt-BR","potentialAction":[{"@type":"CommentAction","name":"Comment","target":["https:\/\/www.notibras.com\/site\/lixo-e-inseguranca-levam-desanimo-a-sobradinho-ii\/#respond"]}]},{"@type":"WebPage","@id":"https:\/\/www.notibras.com\/site\/lixo-e-inseguranca-levam-desanimo-a-sobradinho-ii\/","url":"https:\/\/www.notibras.com\/site\/lixo-e-inseguranca-levam-desanimo-a-sobradinho-ii\/","name":"Lixo e inseguran\u00e7a levam des\u00e2nimo a Sobradinho II - Notibras","isPartOf":{"@id":"https:\/\/www.notibras.com\/site\/#website"},"primaryImageOfPage":{"@id":"https:\/\/www.notibras.com\/site\/lixo-e-inseguranca-levam-desanimo-a-sobradinho-ii\/#primaryimage"},"image":{"@id":"https:\/\/www.notibras.com\/site\/lixo-e-inseguranca-levam-desanimo-a-sobradinho-ii\/#primaryimage"},"thumbnailUrl":"https:\/\/www.notibras.com\/site\/wp-content\/uploads\/2015\/05\/lisobro.jpg","datePublished":"2015-05-13T19:12:37+00:00","breadcrumb":{"@id":"https:\/\/www.notibras.com\/site\/lixo-e-inseguranca-levam-desanimo-a-sobradinho-ii\/#breadcrumb"},"inLanguage":"pt-BR","potentialAction":[{"@type":"ReadAction","target":["https:\/\/www.notibras.com\/site\/lixo-e-inseguranca-levam-desanimo-a-sobradinho-ii\/"]}]},{"@type":"ImageObject","inLanguage":"pt-BR","@id":"https:\/\/www.notibras.com\/site\/lixo-e-inseguranca-levam-desanimo-a-sobradinho-ii\/#primaryimage","url":"https:\/\/www.notibras.com\/site\/wp-content\/uploads\/2015\/05\/lisobro.jpg","contentUrl":"https:\/\/www.notibras.com\/site\/wp-content\/uploads\/2015\/05\/lisobro.jpg","width":534,"height":300},{"@type":"BreadcrumbList","@id":"https:\/\/www.notibras.com\/site\/lixo-e-inseguranca-levam-desanimo-a-sobradinho-ii\/#breadcrumb","itemListElement":[{"@type":"ListItem","position":1,"name":"In\u00edcio","item":"https:\/\/www.notibras.com\/site\/"},{"@type":"ListItem","position":2,"name":"Lixo e inseguran\u00e7a levam des\u00e2nimo a Sobradinho II"}]},{"@type":"WebSite","@id":"https:\/\/www.notibras.com\/site\/#website","url":"https:\/\/www.notibras.com\/site\/","name":"Notibras","description":"Not\u00edcias de Bras\u00edlia, do Brasil e do Mundo","publisher":{"@id":"https:\/\/www.notibras.com\/site\/#organization"},"potentialAction":[{"@type":"SearchAction","target":{"@type":"EntryPoint","urlTemplate":"https:\/\/www.notibras.com\/site\/?s={search_term_string}"},"query-input":{"@type":"PropertyValueSpecification","valueRequired":true,"valueName":"search_term_string"}}],"inLanguage":"pt-BR"},{"@type":"Organization","@id":"https:\/\/www.notibras.com\/site\/#organization","name":"Grupo Notibras de Comunica\u00e7\u00e3o","url":"https:\/\/www.notibras.com\/site\/","logo":{"@type":"ImageObject","inLanguage":"pt-BR","@id":"https:\/\/www.notibras.com\/site\/#\/schema\/logo\/image\/","url":"https:\/\/www.notibras.com\/site\/wp-content\/uploads\/2023\/01\/notibras23.png","contentUrl":"https:\/\/www.notibras.com\/site\/wp-content\/uploads\/2023\/01\/notibras23.png","width":350,"height":87,"caption":"Grupo Notibras de Comunica\u00e7\u00e3o"},"image":{"@id":"https:\/\/www.notibras.com\/site\/#\/schema\/logo\/image\/"},"sameAs":["https:\/\/www.facebook.com\/notibras\/","https:\/\/x.com\/Notibras","https:\/\/www.instagram.com\/notibras\/"]},{"@type":"Person","@id":"https:\/\/www.notibras.com\/site\/#\/schema\/person\/36ab0979449956132d3e5b517ea76ac8","name":"Reda\u00e7\u00e3o","image":{"@type":"ImageObject","inLanguage":"pt-BR","@id":"https:\/\/secure.gravatar.com\/avatar\/e0a867bdedb85fd243eadf09663511f96fc81e0720a4a42581f334ad4303aa6b?s=96&d=mm&r=g","url":"https:\/\/secure.gravatar.com\/avatar\/e0a867bdedb85fd243eadf09663511f96fc81e0720a4a42581f334ad4303aa6b?s=96&d=mm&r=g","contentUrl":"https:\/\/secure.gravatar.com\/avatar\/e0a867bdedb85fd243eadf09663511f96fc81e0720a4a42581f334ad4303aa6b?s=96&d=mm&r=g","caption":"Reda\u00e7\u00e3o"}}]}},"amp_enabled":true,"_links":{"self":[{"href":"https:\/\/www.notibras.com\/site\/wp-json\/wp\/v2\/posts\/48407","targetHints":{"allow":["GET"]}}],"collection":[{"href":"https:\/\/www.notibras.com\/site\/wp-json\/wp\/v2\/posts"}],"about":[{"href":"https:\/\/www.notibras.com\/site\/wp-json\/wp\/v2\/types\/post"}],"author":[{"embeddable":true,"href":"https:\/\/www.notibras.com\/site\/wp-json\/wp\/v2\/users\/2"}],"replies":[{"embeddable":true,"href":"https:\/\/www.notibras.com\/site\/wp-json\/wp\/v2\/comments?post=48407"}],"version-history":[{"count":0,"href":"https:\/\/www.notibras.com\/site\/wp-json\/wp\/v2\/posts\/48407\/revisions"}],"wp:featuredmedia":[{"embeddable":true,"href":"https:\/\/www.notibras.com\/site\/wp-json\/wp\/v2\/media\/48408"}],"wp:attachment":[{"href":"https:\/\/www.notibras.com\/site\/wp-json\/wp\/v2\/media?parent=48407"}],"wp:term":[{"taxonomy":"category","embeddable":true,"href":"https:\/\/www.notibras.com\/site\/wp-json\/wp\/v2\/categories?post=48407"},{"taxonomy":"post_tag","embeddable":true,"href":"https:\/\/www.notibras.com\/site\/wp-json\/wp\/v2\/tags?post=48407"}],"curies":[{"name":"wp","href":"https:\/\/api.w.org\/{rel}","templated":true}]}}