{"id":48445,"date":"2015-05-13T21:15:16","date_gmt":"2015-05-14T00:15:16","guid":{"rendered":"http:\/\/www.notibras.com\/site\/?p=48445"},"modified":"2015-05-13T21:15:16","modified_gmt":"2015-05-14T00:15:16","slug":"uma-cidade-sem-delegacia-sem-escola-e-sem-posto-de-saude","status":"publish","type":"post","link":"https:\/\/www.notibras.com\/site\/uma-cidade-sem-delegacia-sem-escola-e-sem-posto-de-saude\/","title":{"rendered":"Uma cidade sem delegacia, sem escola e sem posto de sa\u00fade"},"content":{"rendered":"<p>Mais uma queixa sobre problemas em \u00c1guas Claras. Agora \u00e9 do morador Augusto Vieira, que reclama da aus\u00eancia de servi\u00e7os p\u00fablicos na cidade, que\u00a0foi planejada para ser um modelo de ocupa\u00e7\u00e3o, mas o que se v\u00ea s\u00e3o mais pr\u00e9dios em constru\u00e7\u00e3o desordenada que planejamento. Com pouco investimento em infraestrutura e servi\u00e7os necess\u00e1rios por parte do governo, a cidade anda esquecida, diz Augusto. Segundo ele, das 93 \u00e1reas destinadas a servi\u00e7os p\u00fablicos, apenas 36 foram ocupadas. N\u00e3o h\u00e1 delegacia de pol\u00edcia, posto de sa\u00fade e nem mesmo escola p\u00fablica.<\/p>\n","protected":false},"excerpt":{"rendered":"<p>Mais uma queixa sobre problemas em \u00c1guas Claras. Agora \u00e9 do morador Augusto Vieira, que reclama da aus\u00eancia de servi\u00e7os p\u00fablicos na cidade, que\u00a0foi planejada para ser um modelo de ocupa\u00e7\u00e3o, mas o que se v\u00ea s\u00e3o mais pr\u00e9dios em constru\u00e7\u00e3o desordenada que planejamento. Com pouco investimento em infraestrutura e servi\u00e7os necess\u00e1rios por parte do [&hellip;]<\/p>\n","protected":false},"author":2,"featured_media":48446,"comment_status":"open","ping_status":"closed","sticky":false,"template":"","format":"standard","meta":{"_acf_changed":false,"footnotes":""},"categories":[40],"tags":[],"class_list":["post-48445","post","type-post","status-publish","format-standard","has-post-thumbnail","hentry","category-zapzap-das-quadras"],"acf":[],"yoast_head":"<!-- This site is optimized with the Yoast SEO plugin v27.2 - https:\/\/yoast.com\/product\/yoast-seo-wordpress\/ -->\n<title>Uma cidade sem delegacia, sem escola e sem posto de sa\u00fade - Notibras<\/title>\n<meta name=\"robots\" content=\"index, follow, max-snippet:-1, max-image-preview:large, max-video-preview:-1\" \/>\n<link rel=\"canonical\" href=\"https:\/\/www.notibras.com\/site\/uma-cidade-sem-delegacia-sem-escola-e-sem-posto-de-saude\/\" \/>\n<meta property=\"og:locale\" content=\"pt_BR\" \/>\n<meta property=\"og:type\" content=\"article\" \/>\n<meta property=\"og:title\" content=\"Uma cidade sem delegacia, sem escola e sem posto de sa\u00fade - Notibras\" \/>\n<meta property=\"og:description\" content=\"Mais uma queixa sobre problemas em \u00c1guas Claras. Agora \u00e9 do morador Augusto Vieira, que reclama da aus\u00eancia de servi\u00e7os p\u00fablicos na cidade, que\u00a0foi planejada para ser um modelo de ocupa\u00e7\u00e3o, mas o que se v\u00ea s\u00e3o mais pr\u00e9dios em constru\u00e7\u00e3o desordenada que planejamento. Com pouco investimento em infraestrutura e servi\u00e7os necess\u00e1rios por parte do [&hellip;]\" \/>\n<meta property=\"og:url\" content=\"https:\/\/www.notibras.com\/site\/uma-cidade-sem-delegacia-sem-escola-e-sem-posto-de-saude\/\" \/>\n<meta property=\"og:site_name\" content=\"Notibras\" \/>\n<meta property=\"article:publisher\" content=\"https:\/\/www.facebook.com\/notibras\/\" \/>\n<meta property=\"article:published_time\" content=\"2015-05-14T00:15:16+00:00\" \/>\n<meta property=\"og:image\" content=\"https:\/\/www.notibras.com\/site\/wp-content\/uploads\/2015\/05\/zap.ac_.jpg\" \/>\n\t<meta property=\"og:image:width\" content=\"300\" \/>\n\t<meta property=\"og:image:height\" content=\"216\" \/>\n\t<meta property=\"og:image:type\" content=\"image\/jpeg\" \/>\n<meta name=\"author\" content=\"Reda\u00e7\u00e3o\" \/>\n<meta name=\"twitter:card\" content=\"summary_large_image\" \/>\n<meta name=\"twitter:creator\" content=\"@Notibras\" \/>\n<meta name=\"twitter:site\" content=\"@Notibras\" \/>\n<meta name=\"twitter:label1\" content=\"Escrito por\" \/>\n\t<meta name=\"twitter:data1\" content=\"Reda\u00e7\u00e3o\" \/>\n\t<meta name=\"twitter:label2\" content=\"Est. tempo de leitura\" \/>\n\t<meta name=\"twitter:data2\" content=\"1 minuto\" \/>\n<script type=\"application\/ld+json\" class=\"yoast-schema-graph\">{\"@context\":\"https:\/\/schema.org\",\"@graph\":[{\"@type\":\"Article\",\"@id\":\"https:\/\/www.notibras.com\/site\/uma-cidade-sem-delegacia-sem-escola-e-sem-posto-de-saude\/#article\",\"isPartOf\":{\"@id\":\"https:\/\/www.notibras.com\/site\/uma-cidade-sem-delegacia-sem-escola-e-sem-posto-de-saude\/\"},\"author\":{\"name\":\"Reda\u00e7\u00e3o\",\"@id\":\"https:\/\/www.notibras.com\/site\/#\/schema\/person\/36ab0979449956132d3e5b517ea76ac8\"},\"headline\":\"Uma cidade sem delegacia, sem escola e sem posto de sa\u00fade\",\"datePublished\":\"2015-05-14T00:15:16+00:00\",\"mainEntityOfPage\":{\"@id\":\"https:\/\/www.notibras.com\/site\/uma-cidade-sem-delegacia-sem-escola-e-sem-posto-de-saude\/\"},\"wordCount\":113,\"commentCount\":0,\"publisher\":{\"@id\":\"https:\/\/www.notibras.com\/site\/#organization\"},\"image\":{\"@id\":\"https:\/\/www.notibras.com\/site\/uma-cidade-sem-delegacia-sem-escola-e-sem-posto-de-saude\/#primaryimage\"},\"thumbnailUrl\":\"https:\/\/www.notibras.com\/site\/wp-content\/uploads\/2015\/05\/zap.ac_.jpg\",\"articleSection\":[\"ZapZap das Quadras\"],\"inLanguage\":\"pt-BR\",\"potentialAction\":[{\"@type\":\"CommentAction\",\"name\":\"Comment\",\"target\":[\"https:\/\/www.notibras.com\/site\/uma-cidade-sem-delegacia-sem-escola-e-sem-posto-de-saude\/#respond\"]}]},{\"@type\":\"WebPage\",\"@id\":\"https:\/\/www.notibras.com\/site\/uma-cidade-sem-delegacia-sem-escola-e-sem-posto-de-saude\/\",\"url\":\"https:\/\/www.notibras.com\/site\/uma-cidade-sem-delegacia-sem-escola-e-sem-posto-de-saude\/\",\"name\":\"Uma cidade sem delegacia, sem escola e sem posto de sa\u00fade - Notibras\",\"isPartOf\":{\"@id\":\"https:\/\/www.notibras.com\/site\/#website\"},\"primaryImageOfPage\":{\"@id\":\"https:\/\/www.notibras.com\/site\/uma-cidade-sem-delegacia-sem-escola-e-sem-posto-de-saude\/#primaryimage\"},\"image\":{\"@id\":\"https:\/\/www.notibras.com\/site\/uma-cidade-sem-delegacia-sem-escola-e-sem-posto-de-saude\/#primaryimage\"},\"thumbnailUrl\":\"https:\/\/www.notibras.com\/site\/wp-content\/uploads\/2015\/05\/zap.ac_.jpg\",\"datePublished\":\"2015-05-14T00:15:16+00:00\",\"breadcrumb\":{\"@id\":\"https:\/\/www.notibras.com\/site\/uma-cidade-sem-delegacia-sem-escola-e-sem-posto-de-saude\/#breadcrumb\"},\"inLanguage\":\"pt-BR\",\"potentialAction\":[{\"@type\":\"ReadAction\",\"target\":[\"https:\/\/www.notibras.com\/site\/uma-cidade-sem-delegacia-sem-escola-e-sem-posto-de-saude\/\"]}]},{\"@type\":\"ImageObject\",\"inLanguage\":\"pt-BR\",\"@id\":\"https:\/\/www.notibras.com\/site\/uma-cidade-sem-delegacia-sem-escola-e-sem-posto-de-saude\/#primaryimage\",\"url\":\"https:\/\/www.notibras.com\/site\/wp-content\/uploads\/2015\/05\/zap.ac_.jpg\",\"contentUrl\":\"https:\/\/www.notibras.com\/site\/wp-content\/uploads\/2015\/05\/zap.ac_.jpg\",\"width\":300,\"height\":216},{\"@type\":\"BreadcrumbList\",\"@id\":\"https:\/\/www.notibras.com\/site\/uma-cidade-sem-delegacia-sem-escola-e-sem-posto-de-saude\/#breadcrumb\",\"itemListElement\":[{\"@type\":\"ListItem\",\"position\":1,\"name\":\"In\u00edcio\",\"item\":\"https:\/\/www.notibras.com\/site\/\"},{\"@type\":\"ListItem\",\"position\":2,\"name\":\"Uma cidade sem delegacia, sem escola e sem posto de sa\u00fade\"}]},{\"@type\":\"WebSite\",\"@id\":\"https:\/\/www.notibras.com\/site\/#website\",\"url\":\"https:\/\/www.notibras.com\/site\/\",\"name\":\"Notibras\",\"description\":\"Not\u00edcias de Bras\u00edlia, do Brasil e do Mundo\",\"publisher\":{\"@id\":\"https:\/\/www.notibras.com\/site\/#organization\"},\"potentialAction\":[{\"@type\":\"SearchAction\",\"target\":{\"@type\":\"EntryPoint\",\"urlTemplate\":\"https:\/\/www.notibras.com\/site\/?s={search_term_string}\"},\"query-input\":{\"@type\":\"PropertyValueSpecification\",\"valueRequired\":true,\"valueName\":\"search_term_string\"}}],\"inLanguage\":\"pt-BR\"},{\"@type\":\"Organization\",\"@id\":\"https:\/\/www.notibras.com\/site\/#organization\",\"name\":\"Grupo Notibras de Comunica\u00e7\u00e3o\",\"url\":\"https:\/\/www.notibras.com\/site\/\",\"logo\":{\"@type\":\"ImageObject\",\"inLanguage\":\"pt-BR\",\"@id\":\"https:\/\/www.notibras.com\/site\/#\/schema\/logo\/image\/\",\"url\":\"https:\/\/www.notibras.com\/site\/wp-content\/uploads\/2023\/01\/notibras23.png\",\"contentUrl\":\"https:\/\/www.notibras.com\/site\/wp-content\/uploads\/2023\/01\/notibras23.png\",\"width\":350,\"height\":87,\"caption\":\"Grupo Notibras de Comunica\u00e7\u00e3o\"},\"image\":{\"@id\":\"https:\/\/www.notibras.com\/site\/#\/schema\/logo\/image\/\"},\"sameAs\":[\"https:\/\/www.facebook.com\/notibras\/\",\"https:\/\/x.com\/Notibras\",\"https:\/\/www.instagram.com\/notibras\/\"]},{\"@type\":\"Person\",\"@id\":\"https:\/\/www.notibras.com\/site\/#\/schema\/person\/36ab0979449956132d3e5b517ea76ac8\",\"name\":\"Reda\u00e7\u00e3o\",\"image\":{\"@type\":\"ImageObject\",\"inLanguage\":\"pt-BR\",\"@id\":\"https:\/\/secure.gravatar.com\/avatar\/e0a867bdedb85fd243eadf09663511f96fc81e0720a4a42581f334ad4303aa6b?s=96&d=mm&r=g\",\"url\":\"https:\/\/secure.gravatar.com\/avatar\/e0a867bdedb85fd243eadf09663511f96fc81e0720a4a42581f334ad4303aa6b?s=96&d=mm&r=g\",\"contentUrl\":\"https:\/\/secure.gravatar.com\/avatar\/e0a867bdedb85fd243eadf09663511f96fc81e0720a4a42581f334ad4303aa6b?s=96&d=mm&r=g\",\"caption\":\"Reda\u00e7\u00e3o\"}}]}<\/script>\n<!-- \/ Yoast SEO plugin. -->","yoast_head_json":{"title":"Uma cidade sem delegacia, sem escola e sem posto de sa\u00fade - Notibras","robots":{"index":"index","follow":"follow","max-snippet":"max-snippet:-1","max-image-preview":"max-image-preview:large","max-video-preview":"max-video-preview:-1"},"canonical":"https:\/\/www.notibras.com\/site\/uma-cidade-sem-delegacia-sem-escola-e-sem-posto-de-saude\/","og_locale":"pt_BR","og_type":"article","og_title":"Uma cidade sem delegacia, sem escola e sem posto de sa\u00fade - Notibras","og_description":"Mais uma queixa sobre problemas em \u00c1guas Claras. Agora \u00e9 do morador Augusto Vieira, que reclama da aus\u00eancia de servi\u00e7os p\u00fablicos na cidade, que\u00a0foi planejada para ser um modelo de ocupa\u00e7\u00e3o, mas o que se v\u00ea s\u00e3o mais pr\u00e9dios em constru\u00e7\u00e3o desordenada que planejamento. Com pouco investimento em infraestrutura e servi\u00e7os necess\u00e1rios por parte do [&hellip;]","og_url":"https:\/\/www.notibras.com\/site\/uma-cidade-sem-delegacia-sem-escola-e-sem-posto-de-saude\/","og_site_name":"Notibras","article_publisher":"https:\/\/www.facebook.com\/notibras\/","article_published_time":"2015-05-14T00:15:16+00:00","og_image":[{"width":300,"height":216,"url":"https:\/\/www.notibras.com\/site\/wp-content\/uploads\/2015\/05\/zap.ac_.jpg","type":"image\/jpeg"}],"author":"Reda\u00e7\u00e3o","twitter_card":"summary_large_image","twitter_creator":"@Notibras","twitter_site":"@Notibras","twitter_misc":{"Escrito por":"Reda\u00e7\u00e3o","Est. tempo de leitura":"1 minuto"},"schema":{"@context":"https:\/\/schema.org","@graph":[{"@type":"Article","@id":"https:\/\/www.notibras.com\/site\/uma-cidade-sem-delegacia-sem-escola-e-sem-posto-de-saude\/#article","isPartOf":{"@id":"https:\/\/www.notibras.com\/site\/uma-cidade-sem-delegacia-sem-escola-e-sem-posto-de-saude\/"},"author":{"name":"Reda\u00e7\u00e3o","@id":"https:\/\/www.notibras.com\/site\/#\/schema\/person\/36ab0979449956132d3e5b517ea76ac8"},"headline":"Uma cidade sem delegacia, sem escola e sem posto de sa\u00fade","datePublished":"2015-05-14T00:15:16+00:00","mainEntityOfPage":{"@id":"https:\/\/www.notibras.com\/site\/uma-cidade-sem-delegacia-sem-escola-e-sem-posto-de-saude\/"},"wordCount":113,"commentCount":0,"publisher":{"@id":"https:\/\/www.notibras.com\/site\/#organization"},"image":{"@id":"https:\/\/www.notibras.com\/site\/uma-cidade-sem-delegacia-sem-escola-e-sem-posto-de-saude\/#primaryimage"},"thumbnailUrl":"https:\/\/www.notibras.com\/site\/wp-content\/uploads\/2015\/05\/zap.ac_.jpg","articleSection":["ZapZap das Quadras"],"inLanguage":"pt-BR","potentialAction":[{"@type":"CommentAction","name":"Comment","target":["https:\/\/www.notibras.com\/site\/uma-cidade-sem-delegacia-sem-escola-e-sem-posto-de-saude\/#respond"]}]},{"@type":"WebPage","@id":"https:\/\/www.notibras.com\/site\/uma-cidade-sem-delegacia-sem-escola-e-sem-posto-de-saude\/","url":"https:\/\/www.notibras.com\/site\/uma-cidade-sem-delegacia-sem-escola-e-sem-posto-de-saude\/","name":"Uma cidade sem delegacia, sem escola e sem posto de sa\u00fade - Notibras","isPartOf":{"@id":"https:\/\/www.notibras.com\/site\/#website"},"primaryImageOfPage":{"@id":"https:\/\/www.notibras.com\/site\/uma-cidade-sem-delegacia-sem-escola-e-sem-posto-de-saude\/#primaryimage"},"image":{"@id":"https:\/\/www.notibras.com\/site\/uma-cidade-sem-delegacia-sem-escola-e-sem-posto-de-saude\/#primaryimage"},"thumbnailUrl":"https:\/\/www.notibras.com\/site\/wp-content\/uploads\/2015\/05\/zap.ac_.jpg","datePublished":"2015-05-14T00:15:16+00:00","breadcrumb":{"@id":"https:\/\/www.notibras.com\/site\/uma-cidade-sem-delegacia-sem-escola-e-sem-posto-de-saude\/#breadcrumb"},"inLanguage":"pt-BR","potentialAction":[{"@type":"ReadAction","target":["https:\/\/www.notibras.com\/site\/uma-cidade-sem-delegacia-sem-escola-e-sem-posto-de-saude\/"]}]},{"@type":"ImageObject","inLanguage":"pt-BR","@id":"https:\/\/www.notibras.com\/site\/uma-cidade-sem-delegacia-sem-escola-e-sem-posto-de-saude\/#primaryimage","url":"https:\/\/www.notibras.com\/site\/wp-content\/uploads\/2015\/05\/zap.ac_.jpg","contentUrl":"https:\/\/www.notibras.com\/site\/wp-content\/uploads\/2015\/05\/zap.ac_.jpg","width":300,"height":216},{"@type":"BreadcrumbList","@id":"https:\/\/www.notibras.com\/site\/uma-cidade-sem-delegacia-sem-escola-e-sem-posto-de-saude\/#breadcrumb","itemListElement":[{"@type":"ListItem","position":1,"name":"In\u00edcio","item":"https:\/\/www.notibras.com\/site\/"},{"@type":"ListItem","position":2,"name":"Uma cidade sem delegacia, sem escola e sem posto de sa\u00fade"}]},{"@type":"WebSite","@id":"https:\/\/www.notibras.com\/site\/#website","url":"https:\/\/www.notibras.com\/site\/","name":"Notibras","description":"Not\u00edcias de Bras\u00edlia, do Brasil e do Mundo","publisher":{"@id":"https:\/\/www.notibras.com\/site\/#organization"},"potentialAction":[{"@type":"SearchAction","target":{"@type":"EntryPoint","urlTemplate":"https:\/\/www.notibras.com\/site\/?s={search_term_string}"},"query-input":{"@type":"PropertyValueSpecification","valueRequired":true,"valueName":"search_term_string"}}],"inLanguage":"pt-BR"},{"@type":"Organization","@id":"https:\/\/www.notibras.com\/site\/#organization","name":"Grupo Notibras de Comunica\u00e7\u00e3o","url":"https:\/\/www.notibras.com\/site\/","logo":{"@type":"ImageObject","inLanguage":"pt-BR","@id":"https:\/\/www.notibras.com\/site\/#\/schema\/logo\/image\/","url":"https:\/\/www.notibras.com\/site\/wp-content\/uploads\/2023\/01\/notibras23.png","contentUrl":"https:\/\/www.notibras.com\/site\/wp-content\/uploads\/2023\/01\/notibras23.png","width":350,"height":87,"caption":"Grupo Notibras de Comunica\u00e7\u00e3o"},"image":{"@id":"https:\/\/www.notibras.com\/site\/#\/schema\/logo\/image\/"},"sameAs":["https:\/\/www.facebook.com\/notibras\/","https:\/\/x.com\/Notibras","https:\/\/www.instagram.com\/notibras\/"]},{"@type":"Person","@id":"https:\/\/www.notibras.com\/site\/#\/schema\/person\/36ab0979449956132d3e5b517ea76ac8","name":"Reda\u00e7\u00e3o","image":{"@type":"ImageObject","inLanguage":"pt-BR","@id":"https:\/\/secure.gravatar.com\/avatar\/e0a867bdedb85fd243eadf09663511f96fc81e0720a4a42581f334ad4303aa6b?s=96&d=mm&r=g","url":"https:\/\/secure.gravatar.com\/avatar\/e0a867bdedb85fd243eadf09663511f96fc81e0720a4a42581f334ad4303aa6b?s=96&d=mm&r=g","contentUrl":"https:\/\/secure.gravatar.com\/avatar\/e0a867bdedb85fd243eadf09663511f96fc81e0720a4a42581f334ad4303aa6b?s=96&d=mm&r=g","caption":"Reda\u00e7\u00e3o"}}]}},"amp_enabled":true,"_links":{"self":[{"href":"https:\/\/www.notibras.com\/site\/wp-json\/wp\/v2\/posts\/48445","targetHints":{"allow":["GET"]}}],"collection":[{"href":"https:\/\/www.notibras.com\/site\/wp-json\/wp\/v2\/posts"}],"about":[{"href":"https:\/\/www.notibras.com\/site\/wp-json\/wp\/v2\/types\/post"}],"author":[{"embeddable":true,"href":"https:\/\/www.notibras.com\/site\/wp-json\/wp\/v2\/users\/2"}],"replies":[{"embeddable":true,"href":"https:\/\/www.notibras.com\/site\/wp-json\/wp\/v2\/comments?post=48445"}],"version-history":[{"count":0,"href":"https:\/\/www.notibras.com\/site\/wp-json\/wp\/v2\/posts\/48445\/revisions"}],"wp:featuredmedia":[{"embeddable":true,"href":"https:\/\/www.notibras.com\/site\/wp-json\/wp\/v2\/media\/48446"}],"wp:attachment":[{"href":"https:\/\/www.notibras.com\/site\/wp-json\/wp\/v2\/media?parent=48445"}],"wp:term":[{"taxonomy":"category","embeddable":true,"href":"https:\/\/www.notibras.com\/site\/wp-json\/wp\/v2\/categories?post=48445"},{"taxonomy":"post_tag","embeddable":true,"href":"https:\/\/www.notibras.com\/site\/wp-json\/wp\/v2\/tags?post=48445"}],"curies":[{"name":"wp","href":"https:\/\/api.w.org\/{rel}","templated":true}]}}