{"id":48465,"date":"2015-05-13T21:56:54","date_gmt":"2015-05-14T00:56:54","guid":{"rendered":"http:\/\/www.notibras.com\/site\/?p=48465"},"modified":"2015-05-13T21:56:54","modified_gmt":"2015-05-14T00:56:54","slug":"cruzeiro-elimina-sao-paulo-da-libertadores-nos-penaltis","status":"publish","type":"post","link":"https:\/\/www.notibras.com\/site\/cruzeiro-elimina-sao-paulo-da-libertadores-nos-penaltis\/","title":{"rendered":"Cruzeiro elimina S\u00e3o Paulo da Libertadores nos p\u00eanaltis"},"content":{"rendered":"<p>O Cruzeiro venceu o S\u00e3o Paulo ap\u00f3s disputa de p\u00eanaltis, depois de empate no resultado agregado, e avan\u00e7ou \u00e0s quartas de final da Copa Libertadores. A partida disputada nesta quarta-feira (13), no Mineir\u00e3o, pelas oitavas de final, teve vit\u00f3ria do Cruzeiro por 1 a 0 e atua\u00e7\u00e3o superior do time treinado por Marcelo Oliveira, que come\u00e7ou pressionando e aproveitando os espa\u00e7os deixados pelo S\u00e3o Paulo, desorganizado. A equipe de Milton Cruz teve imensa dificuldade para chegar ao gol advers\u00e1rio e acabou ficando para tr\u00e1s quando Leandro Dami\u00e3o abriu o placar, no in\u00edcio do segundo tempo.<\/p>\n<p>Nos p\u00eanaltis, Rog\u00e9rio Ceni ainda brilhou, convertendo a primeira e defendendo a cobran\u00e7a de Leandro Dami\u00e3o, na sequ\u00eancia. Depois, Souza e Luis Fabiano erraram para o S\u00e3o Paulo e o zagueiro Manoel teve a chance de definir a vit\u00f3ria do Cruzeiro na quinta cobran\u00e7a, mas novamente parou em Ceni. Na primeira s\u00e9rie das alternadas, Luc\u00e3o perdeu para o S\u00e3o Paulo e Gabriel Xavier definiu a vit\u00f3ria do time da casa. No fim o brilho maior foi de F\u00e1bio.<\/p>\n<p>Agora, o Cruzeiro aguarda o resultado do confronto do cl\u00e1ssico argentino entre Boca Juniors e River Plate, na Bombonera, nesta quinta-feira (14), para saber qual ser\u00e1 o advers\u00e1rio das quartas de final. O River venceu a primeira partida, no Monumental de Nu\u00f1ez, por 1 a 0.<\/p>\n<p>O Cruzeiro viu a possibilidade de um bom in\u00edcio de jogo diante de um S\u00e3o Paulo muito desorganizado. Nos dez primeiros minutos, o time do interino Milton Cruz n\u00e3o teve meio de campo \u2013 Souza e Denilson tiveram muita dificuldade para marcar o meio de campo advers\u00e1rio e deixaram espa\u00e7os.<\/p>\n<p>Se o S\u00e3o Paulo n\u00e3o dominava o espa\u00e7o no meio de campo, falhava no setor ofensivo. Pato buscou jogo, mas errou quase tudo que tentou \u2013 em dois momentos, logo no in\u00edcio do jogo, seus erros proporcionaram ataques do Cruzeiro.<\/p>\n<blockquote><p>O Cruzeiro aproveitou a desorganiza\u00e7\u00e3o do S\u00e3o Paulo para pressionar. Teve oportunidades de finaliza\u00e7\u00e3o de diferentes \u00e2ngulos e, ainda no in\u00edcio, conquistou uma sequ\u00eancia de escanteios que levou perigo ao gol de Rog\u00e9rio Ceni. O time bicampe\u00e3o brasileiro, treinado por Marcelo Oliveira, ainda se aproveitou do espa\u00e7o no meio de campo s\u00e3o-paulino em jogada individual do volante Willians: ele dominou no meio de campo e avan\u00e7ou, driblou dois advers\u00e1rios e finalizou por cima.<\/p><\/blockquote>\n<p>Mesmo com o dom\u00ednio, o Cruzeiro teve dificuldade para entrar na \u00e1rea do S\u00e3o Paulo. Se meio de campo e ataque n\u00e3o funcionavam, a dupla de zaga formada por Rafael Toloi e Luc\u00e3o marcou com precis\u00e3o e fechou os espa\u00e7os.<\/p>\n<p>O S\u00e3o Paulo respondeu com Michel Bastos. O meia que n\u00e3o jogou na vit\u00f3ria por 1 a 0 no Morumbi, ap\u00f3s ter contra\u00eddo dengue, voltou na vaga do argentino Ricardo Centuri\u00f3n, como meia direita. Em cobran\u00e7a de falta, Michel rematou forte de p\u00e9 esquerdo e levou muito perigo ao gol de F\u00e1bio. Logo depois, fez jogada individual pela direita, invadiu a \u00e1rea do Cruzeiro e cruzou, levando perigo.<\/p>\n<p>Na parte final do primeiro tempo, Willian teve duas boas chances: uma em cobran\u00e7a de falta e outra em chute de fora da \u00e1rea, e em ambas ficou perto de atingir o gol de Ceni.<\/p>\n<p>Os times voltaram do intervalo sem altera\u00e7\u00e3o. E o Cruzeiro prevaleceu. Logo nos primeiros minutos o time de Marcelo Oliveira passou a pressionar muito mais o S\u00e3o Paulo e pela primeira vez come\u00e7ou a entrar na \u00e1rea. O gol que abriu o placar sairia na sequ\u00eancia: Willian lan\u00e7ou Mayke na direita, que se valeu de desaten\u00e7\u00e3o de Reinaldo e dominou nas costas de Wesley; o lateral cruzou rasteiro para Dami\u00e3o, que finalizou para as redes na sa\u00edda de Rog\u00e9rio Ceni.<\/p>\n<p>Marquinhos quase ampliou logo depois para o Cruzeiro, novamente em finaliza\u00e7\u00e3o de fora da \u00e1rea que exigiu boa defesa do goleiro s\u00e3o-paulino.<\/p>\n<p>A press\u00e3o dos donos da casa se manteve depois do primeiro gol, e o S\u00e3o Paulo se manteve desorganizado. Pareceu at\u00e9 ceder mais espa\u00e7os para o Cruzeiro. Milton Cruz, ent\u00e3o, trocou Pato por Luis Fabiano e Wesley por Centuri\u00f3n \u2013 na sequ\u00eancia, Bruno fez boa jogada pela direita e cruzou para Luis Fabiano que, na marca do p\u00eanalti, finalizou desequilibrado, para fora.<\/p>\n<p>O S\u00e3o Paulo mostrou preparo f\u00edsico muito inferior ao do Cruzeiro. Nos minutos finais da partida, o clube paulista n\u00e3o conseguia se defender ao ser contra-atacado e perdia em velocidade para os atletas do clube mineiro. No fim do jogo, De Arrascaeta perdeu a chance de definir a partida.<\/p>\n<p>Com o resultado empatado com uma vit\u00f3ria por 1 a 0 na casa de cada advers\u00e1rio, o jogo foi para os p\u00eanaltis ap\u00f3s os 90 minutos. Para o S\u00e3o Paulo, Rog\u00e9rio Ceni e Ganso coverteram; Souza e Luis Fabiano perderam. Centuri\u00f3n converteu o quinto. Para O Cruzeiro, Leandro Dami\u00e3o perdeu, em cobran\u00e7a defendida por Ceni; Marquinhos, \u00a0De Arrascaeta e Henrique fizeram. Manoel perdeu o quinto. Nas alternadas, Luc\u00e3o perdeu para o S\u00e3o Paulo e Gabriel Xavier converteu para o Cruzeiro.<\/p>\n","protected":false},"excerpt":{"rendered":"<p>O Cruzeiro venceu o S\u00e3o Paulo ap\u00f3s disputa de p\u00eanaltis, depois de empate no resultado agregado, e avan\u00e7ou \u00e0s quartas de final da Copa Libertadores. A partida disputada nesta quarta-feira (13), no Mineir\u00e3o, pelas oitavas de final, teve vit\u00f3ria do Cruzeiro por 1 a 0 e atua\u00e7\u00e3o superior do time treinado por Marcelo Oliveira, que [&hellip;]<\/p>\n","protected":false},"author":2,"featured_media":48466,"comment_status":"open","ping_status":"closed","sticky":false,"template":"","format":"standard","meta":{"_acf_changed":false,"footnotes":""},"categories":[19,29],"tags":[],"class_list":["post-48465","post","type-post","status-publish","format-standard","has-post-thumbnail","hentry","category-esportes","category-futebol"],"acf":[],"yoast_head":"<!-- This site is optimized with the Yoast SEO plugin v27.5 - https:\/\/yoast.com\/product\/yoast-seo-wordpress\/ -->\n<title>Cruzeiro elimina S\u00e3o Paulo da Libertadores nos p\u00eanaltis - Notibras<\/title>\n<meta name=\"robots\" content=\"index, follow, max-snippet:-1, max-image-preview:large, max-video-preview:-1\" \/>\n<link rel=\"canonical\" href=\"https:\/\/www.notibras.com\/site\/cruzeiro-elimina-sao-paulo-da-libertadores-nos-penaltis\/\" \/>\n<meta property=\"og:locale\" content=\"pt_BR\" \/>\n<meta property=\"og:type\" content=\"article\" \/>\n<meta property=\"og:title\" content=\"Cruzeiro elimina S\u00e3o Paulo da Libertadores nos p\u00eanaltis - Notibras\" \/>\n<meta property=\"og:description\" content=\"O Cruzeiro venceu o S\u00e3o Paulo ap\u00f3s disputa de p\u00eanaltis, depois de empate no resultado agregado, e avan\u00e7ou \u00e0s quartas de final da Copa Libertadores. A partida disputada nesta quarta-feira (13), no Mineir\u00e3o, pelas oitavas de final, teve vit\u00f3ria do Cruzeiro por 1 a 0 e atua\u00e7\u00e3o superior do time treinado por Marcelo Oliveira, que [&hellip;]\" \/>\n<meta property=\"og:url\" content=\"https:\/\/www.notibras.com\/site\/cruzeiro-elimina-sao-paulo-da-libertadores-nos-penaltis\/\" \/>\n<meta property=\"og:site_name\" content=\"Notibras\" \/>\n<meta property=\"article:publisher\" content=\"https:\/\/www.facebook.com\/notibras\/\" \/>\n<meta property=\"article:published_time\" content=\"2015-05-14T00:56:54+00:00\" \/>\n<meta property=\"og:image\" content=\"https:\/\/www.notibras.com\/site\/wp-content\/uploads\/2015\/05\/cruzeirofestagoleugeniosavioap.jpg\" \/>\n\t<meta property=\"og:image:width\" content=\"600\" \/>\n\t<meta property=\"og:image:height\" content=\"400\" \/>\n\t<meta property=\"og:image:type\" content=\"image\/jpeg\" \/>\n<meta name=\"author\" content=\"Reda\u00e7\u00e3o\" \/>\n<meta name=\"twitter:card\" content=\"summary_large_image\" \/>\n<meta name=\"twitter:creator\" content=\"@Notibras\" \/>\n<meta name=\"twitter:site\" content=\"@Notibras\" \/>\n<meta name=\"twitter:label1\" content=\"Escrito por\" \/>\n\t<meta name=\"twitter:data1\" content=\"Reda\u00e7\u00e3o\" \/>\n\t<meta name=\"twitter:label2\" content=\"Est. tempo de leitura\" \/>\n\t<meta name=\"twitter:data2\" content=\"5 minutos\" \/>\n<script type=\"application\/ld+json\" class=\"yoast-schema-graph\">{\"@context\":\"https:\\\/\\\/schema.org\",\"@graph\":[{\"@type\":\"Article\",\"@id\":\"https:\\\/\\\/www.notibras.com\\\/site\\\/cruzeiro-elimina-sao-paulo-da-libertadores-nos-penaltis\\\/#article\",\"isPartOf\":{\"@id\":\"https:\\\/\\\/www.notibras.com\\\/site\\\/cruzeiro-elimina-sao-paulo-da-libertadores-nos-penaltis\\\/\"},\"author\":{\"name\":\"Reda\u00e7\u00e3o\",\"@id\":\"https:\\\/\\\/www.notibras.com\\\/site\\\/#\\\/schema\\\/person\\\/36ab0979449956132d3e5b517ea76ac8\"},\"headline\":\"Cruzeiro elimina S\u00e3o Paulo da Libertadores nos p\u00eanaltis\",\"datePublished\":\"2015-05-14T00:56:54+00:00\",\"mainEntityOfPage\":{\"@id\":\"https:\\\/\\\/www.notibras.com\\\/site\\\/cruzeiro-elimina-sao-paulo-da-libertadores-nos-penaltis\\\/\"},\"wordCount\":911,\"commentCount\":0,\"publisher\":{\"@id\":\"https:\\\/\\\/www.notibras.com\\\/site\\\/#organization\"},\"image\":{\"@id\":\"https:\\\/\\\/www.notibras.com\\\/site\\\/cruzeiro-elimina-sao-paulo-da-libertadores-nos-penaltis\\\/#primaryimage\"},\"thumbnailUrl\":\"https:\\\/\\\/www.notibras.com\\\/site\\\/wp-content\\\/uploads\\\/2015\\\/05\\\/cruzeirofestagoleugeniosavioap.jpg\",\"articleSection\":[\"Esportes\",\"Futebol\"],\"inLanguage\":\"pt-BR\",\"potentialAction\":[{\"@type\":\"CommentAction\",\"name\":\"Comment\",\"target\":[\"https:\\\/\\\/www.notibras.com\\\/site\\\/cruzeiro-elimina-sao-paulo-da-libertadores-nos-penaltis\\\/#respond\"]}]},{\"@type\":\"WebPage\",\"@id\":\"https:\\\/\\\/www.notibras.com\\\/site\\\/cruzeiro-elimina-sao-paulo-da-libertadores-nos-penaltis\\\/\",\"url\":\"https:\\\/\\\/www.notibras.com\\\/site\\\/cruzeiro-elimina-sao-paulo-da-libertadores-nos-penaltis\\\/\",\"name\":\"Cruzeiro elimina S\u00e3o Paulo da Libertadores nos p\u00eanaltis - Notibras\",\"isPartOf\":{\"@id\":\"https:\\\/\\\/www.notibras.com\\\/site\\\/#website\"},\"primaryImageOfPage\":{\"@id\":\"https:\\\/\\\/www.notibras.com\\\/site\\\/cruzeiro-elimina-sao-paulo-da-libertadores-nos-penaltis\\\/#primaryimage\"},\"image\":{\"@id\":\"https:\\\/\\\/www.notibras.com\\\/site\\\/cruzeiro-elimina-sao-paulo-da-libertadores-nos-penaltis\\\/#primaryimage\"},\"thumbnailUrl\":\"https:\\\/\\\/www.notibras.com\\\/site\\\/wp-content\\\/uploads\\\/2015\\\/05\\\/cruzeirofestagoleugeniosavioap.jpg\",\"datePublished\":\"2015-05-14T00:56:54+00:00\",\"breadcrumb\":{\"@id\":\"https:\\\/\\\/www.notibras.com\\\/site\\\/cruzeiro-elimina-sao-paulo-da-libertadores-nos-penaltis\\\/#breadcrumb\"},\"inLanguage\":\"pt-BR\",\"potentialAction\":[{\"@type\":\"ReadAction\",\"target\":[\"https:\\\/\\\/www.notibras.com\\\/site\\\/cruzeiro-elimina-sao-paulo-da-libertadores-nos-penaltis\\\/\"]}]},{\"@type\":\"ImageObject\",\"inLanguage\":\"pt-BR\",\"@id\":\"https:\\\/\\\/www.notibras.com\\\/site\\\/cruzeiro-elimina-sao-paulo-da-libertadores-nos-penaltis\\\/#primaryimage\",\"url\":\"https:\\\/\\\/www.notibras.com\\\/site\\\/wp-content\\\/uploads\\\/2015\\\/05\\\/cruzeirofestagoleugeniosavioap.jpg\",\"contentUrl\":\"https:\\\/\\\/www.notibras.com\\\/site\\\/wp-content\\\/uploads\\\/2015\\\/05\\\/cruzeirofestagoleugeniosavioap.jpg\",\"width\":600,\"height\":400},{\"@type\":\"BreadcrumbList\",\"@id\":\"https:\\\/\\\/www.notibras.com\\\/site\\\/cruzeiro-elimina-sao-paulo-da-libertadores-nos-penaltis\\\/#breadcrumb\",\"itemListElement\":[{\"@type\":\"ListItem\",\"position\":1,\"name\":\"In\u00edcio\",\"item\":\"https:\\\/\\\/www.notibras.com\\\/site\\\/\"},{\"@type\":\"ListItem\",\"position\":2,\"name\":\"Cruzeiro elimina S\u00e3o Paulo da Libertadores nos p\u00eanaltis\"}]},{\"@type\":\"WebSite\",\"@id\":\"https:\\\/\\\/www.notibras.com\\\/site\\\/#website\",\"url\":\"https:\\\/\\\/www.notibras.com\\\/site\\\/\",\"name\":\"Notibras\",\"description\":\"Not\u00edcias de Bras\u00edlia, do Brasil e do Mundo\",\"publisher\":{\"@id\":\"https:\\\/\\\/www.notibras.com\\\/site\\\/#organization\"},\"potentialAction\":[{\"@type\":\"SearchAction\",\"target\":{\"@type\":\"EntryPoint\",\"urlTemplate\":\"https:\\\/\\\/www.notibras.com\\\/site\\\/?s={search_term_string}\"},\"query-input\":{\"@type\":\"PropertyValueSpecification\",\"valueRequired\":true,\"valueName\":\"search_term_string\"}}],\"inLanguage\":\"pt-BR\"},{\"@type\":\"Organization\",\"@id\":\"https:\\\/\\\/www.notibras.com\\\/site\\\/#organization\",\"name\":\"Grupo Notibras de Comunica\u00e7\u00e3o\",\"url\":\"https:\\\/\\\/www.notibras.com\\\/site\\\/\",\"logo\":{\"@type\":\"ImageObject\",\"inLanguage\":\"pt-BR\",\"@id\":\"https:\\\/\\\/www.notibras.com\\\/site\\\/#\\\/schema\\\/logo\\\/image\\\/\",\"url\":\"https:\\\/\\\/www.notibras.com\\\/site\\\/wp-content\\\/uploads\\\/2023\\\/01\\\/notibras23.png\",\"contentUrl\":\"https:\\\/\\\/www.notibras.com\\\/site\\\/wp-content\\\/uploads\\\/2023\\\/01\\\/notibras23.png\",\"width\":350,\"height\":87,\"caption\":\"Grupo Notibras de Comunica\u00e7\u00e3o\"},\"image\":{\"@id\":\"https:\\\/\\\/www.notibras.com\\\/site\\\/#\\\/schema\\\/logo\\\/image\\\/\"},\"sameAs\":[\"https:\\\/\\\/www.facebook.com\\\/notibras\\\/\",\"https:\\\/\\\/x.com\\\/Notibras\",\"https:\\\/\\\/www.instagram.com\\\/notibras\\\/\"]},{\"@type\":\"Person\",\"@id\":\"https:\\\/\\\/www.notibras.com\\\/site\\\/#\\\/schema\\\/person\\\/36ab0979449956132d3e5b517ea76ac8\",\"name\":\"Reda\u00e7\u00e3o\",\"image\":{\"@type\":\"ImageObject\",\"inLanguage\":\"pt-BR\",\"@id\":\"https:\\\/\\\/secure.gravatar.com\\\/avatar\\\/e0a867bdedb85fd243eadf09663511f96fc81e0720a4a42581f334ad4303aa6b?s=96&d=mm&r=g\",\"url\":\"https:\\\/\\\/secure.gravatar.com\\\/avatar\\\/e0a867bdedb85fd243eadf09663511f96fc81e0720a4a42581f334ad4303aa6b?s=96&d=mm&r=g\",\"contentUrl\":\"https:\\\/\\\/secure.gravatar.com\\\/avatar\\\/e0a867bdedb85fd243eadf09663511f96fc81e0720a4a42581f334ad4303aa6b?s=96&d=mm&r=g\",\"caption\":\"Reda\u00e7\u00e3o\"}}]}<\/script>\n<!-- \/ Yoast SEO plugin. -->","yoast_head_json":{"title":"Cruzeiro elimina S\u00e3o Paulo da Libertadores nos p\u00eanaltis - Notibras","robots":{"index":"index","follow":"follow","max-snippet":"max-snippet:-1","max-image-preview":"max-image-preview:large","max-video-preview":"max-video-preview:-1"},"canonical":"https:\/\/www.notibras.com\/site\/cruzeiro-elimina-sao-paulo-da-libertadores-nos-penaltis\/","og_locale":"pt_BR","og_type":"article","og_title":"Cruzeiro elimina S\u00e3o Paulo da Libertadores nos p\u00eanaltis - Notibras","og_description":"O Cruzeiro venceu o S\u00e3o Paulo ap\u00f3s disputa de p\u00eanaltis, depois de empate no resultado agregado, e avan\u00e7ou \u00e0s quartas de final da Copa Libertadores. A partida disputada nesta quarta-feira (13), no Mineir\u00e3o, pelas oitavas de final, teve vit\u00f3ria do Cruzeiro por 1 a 0 e atua\u00e7\u00e3o superior do time treinado por Marcelo Oliveira, que [&hellip;]","og_url":"https:\/\/www.notibras.com\/site\/cruzeiro-elimina-sao-paulo-da-libertadores-nos-penaltis\/","og_site_name":"Notibras","article_publisher":"https:\/\/www.facebook.com\/notibras\/","article_published_time":"2015-05-14T00:56:54+00:00","og_image":[{"width":600,"height":400,"url":"https:\/\/www.notibras.com\/site\/wp-content\/uploads\/2015\/05\/cruzeirofestagoleugeniosavioap.jpg","type":"image\/jpeg"}],"author":"Reda\u00e7\u00e3o","twitter_card":"summary_large_image","twitter_creator":"@Notibras","twitter_site":"@Notibras","twitter_misc":{"Escrito por":"Reda\u00e7\u00e3o","Est. tempo de leitura":"5 minutos"},"schema":{"@context":"https:\/\/schema.org","@graph":[{"@type":"Article","@id":"https:\/\/www.notibras.com\/site\/cruzeiro-elimina-sao-paulo-da-libertadores-nos-penaltis\/#article","isPartOf":{"@id":"https:\/\/www.notibras.com\/site\/cruzeiro-elimina-sao-paulo-da-libertadores-nos-penaltis\/"},"author":{"name":"Reda\u00e7\u00e3o","@id":"https:\/\/www.notibras.com\/site\/#\/schema\/person\/36ab0979449956132d3e5b517ea76ac8"},"headline":"Cruzeiro elimina S\u00e3o Paulo da Libertadores nos p\u00eanaltis","datePublished":"2015-05-14T00:56:54+00:00","mainEntityOfPage":{"@id":"https:\/\/www.notibras.com\/site\/cruzeiro-elimina-sao-paulo-da-libertadores-nos-penaltis\/"},"wordCount":911,"commentCount":0,"publisher":{"@id":"https:\/\/www.notibras.com\/site\/#organization"},"image":{"@id":"https:\/\/www.notibras.com\/site\/cruzeiro-elimina-sao-paulo-da-libertadores-nos-penaltis\/#primaryimage"},"thumbnailUrl":"https:\/\/www.notibras.com\/site\/wp-content\/uploads\/2015\/05\/cruzeirofestagoleugeniosavioap.jpg","articleSection":["Esportes","Futebol"],"inLanguage":"pt-BR","potentialAction":[{"@type":"CommentAction","name":"Comment","target":["https:\/\/www.notibras.com\/site\/cruzeiro-elimina-sao-paulo-da-libertadores-nos-penaltis\/#respond"]}]},{"@type":"WebPage","@id":"https:\/\/www.notibras.com\/site\/cruzeiro-elimina-sao-paulo-da-libertadores-nos-penaltis\/","url":"https:\/\/www.notibras.com\/site\/cruzeiro-elimina-sao-paulo-da-libertadores-nos-penaltis\/","name":"Cruzeiro elimina S\u00e3o Paulo da Libertadores nos p\u00eanaltis - Notibras","isPartOf":{"@id":"https:\/\/www.notibras.com\/site\/#website"},"primaryImageOfPage":{"@id":"https:\/\/www.notibras.com\/site\/cruzeiro-elimina-sao-paulo-da-libertadores-nos-penaltis\/#primaryimage"},"image":{"@id":"https:\/\/www.notibras.com\/site\/cruzeiro-elimina-sao-paulo-da-libertadores-nos-penaltis\/#primaryimage"},"thumbnailUrl":"https:\/\/www.notibras.com\/site\/wp-content\/uploads\/2015\/05\/cruzeirofestagoleugeniosavioap.jpg","datePublished":"2015-05-14T00:56:54+00:00","breadcrumb":{"@id":"https:\/\/www.notibras.com\/site\/cruzeiro-elimina-sao-paulo-da-libertadores-nos-penaltis\/#breadcrumb"},"inLanguage":"pt-BR","potentialAction":[{"@type":"ReadAction","target":["https:\/\/www.notibras.com\/site\/cruzeiro-elimina-sao-paulo-da-libertadores-nos-penaltis\/"]}]},{"@type":"ImageObject","inLanguage":"pt-BR","@id":"https:\/\/www.notibras.com\/site\/cruzeiro-elimina-sao-paulo-da-libertadores-nos-penaltis\/#primaryimage","url":"https:\/\/www.notibras.com\/site\/wp-content\/uploads\/2015\/05\/cruzeirofestagoleugeniosavioap.jpg","contentUrl":"https:\/\/www.notibras.com\/site\/wp-content\/uploads\/2015\/05\/cruzeirofestagoleugeniosavioap.jpg","width":600,"height":400},{"@type":"BreadcrumbList","@id":"https:\/\/www.notibras.com\/site\/cruzeiro-elimina-sao-paulo-da-libertadores-nos-penaltis\/#breadcrumb","itemListElement":[{"@type":"ListItem","position":1,"name":"In\u00edcio","item":"https:\/\/www.notibras.com\/site\/"},{"@type":"ListItem","position":2,"name":"Cruzeiro elimina S\u00e3o Paulo da Libertadores nos p\u00eanaltis"}]},{"@type":"WebSite","@id":"https:\/\/www.notibras.com\/site\/#website","url":"https:\/\/www.notibras.com\/site\/","name":"Notibras","description":"Not\u00edcias de Bras\u00edlia, do Brasil e do Mundo","publisher":{"@id":"https:\/\/www.notibras.com\/site\/#organization"},"potentialAction":[{"@type":"SearchAction","target":{"@type":"EntryPoint","urlTemplate":"https:\/\/www.notibras.com\/site\/?s={search_term_string}"},"query-input":{"@type":"PropertyValueSpecification","valueRequired":true,"valueName":"search_term_string"}}],"inLanguage":"pt-BR"},{"@type":"Organization","@id":"https:\/\/www.notibras.com\/site\/#organization","name":"Grupo Notibras de Comunica\u00e7\u00e3o","url":"https:\/\/www.notibras.com\/site\/","logo":{"@type":"ImageObject","inLanguage":"pt-BR","@id":"https:\/\/www.notibras.com\/site\/#\/schema\/logo\/image\/","url":"https:\/\/www.notibras.com\/site\/wp-content\/uploads\/2023\/01\/notibras23.png","contentUrl":"https:\/\/www.notibras.com\/site\/wp-content\/uploads\/2023\/01\/notibras23.png","width":350,"height":87,"caption":"Grupo Notibras de Comunica\u00e7\u00e3o"},"image":{"@id":"https:\/\/www.notibras.com\/site\/#\/schema\/logo\/image\/"},"sameAs":["https:\/\/www.facebook.com\/notibras\/","https:\/\/x.com\/Notibras","https:\/\/www.instagram.com\/notibras\/"]},{"@type":"Person","@id":"https:\/\/www.notibras.com\/site\/#\/schema\/person\/36ab0979449956132d3e5b517ea76ac8","name":"Reda\u00e7\u00e3o","image":{"@type":"ImageObject","inLanguage":"pt-BR","@id":"https:\/\/secure.gravatar.com\/avatar\/e0a867bdedb85fd243eadf09663511f96fc81e0720a4a42581f334ad4303aa6b?s=96&d=mm&r=g","url":"https:\/\/secure.gravatar.com\/avatar\/e0a867bdedb85fd243eadf09663511f96fc81e0720a4a42581f334ad4303aa6b?s=96&d=mm&r=g","contentUrl":"https:\/\/secure.gravatar.com\/avatar\/e0a867bdedb85fd243eadf09663511f96fc81e0720a4a42581f334ad4303aa6b?s=96&d=mm&r=g","caption":"Reda\u00e7\u00e3o"}}]}},"amp_enabled":true,"_links":{"self":[{"href":"https:\/\/www.notibras.com\/site\/wp-json\/wp\/v2\/posts\/48465","targetHints":{"allow":["GET"]}}],"collection":[{"href":"https:\/\/www.notibras.com\/site\/wp-json\/wp\/v2\/posts"}],"about":[{"href":"https:\/\/www.notibras.com\/site\/wp-json\/wp\/v2\/types\/post"}],"author":[{"embeddable":true,"href":"https:\/\/www.notibras.com\/site\/wp-json\/wp\/v2\/users\/2"}],"replies":[{"embeddable":true,"href":"https:\/\/www.notibras.com\/site\/wp-json\/wp\/v2\/comments?post=48465"}],"version-history":[{"count":0,"href":"https:\/\/www.notibras.com\/site\/wp-json\/wp\/v2\/posts\/48465\/revisions"}],"wp:featuredmedia":[{"embeddable":true,"href":"https:\/\/www.notibras.com\/site\/wp-json\/wp\/v2\/media\/48466"}],"wp:attachment":[{"href":"https:\/\/www.notibras.com\/site\/wp-json\/wp\/v2\/media?parent=48465"}],"wp:term":[{"taxonomy":"category","embeddable":true,"href":"https:\/\/www.notibras.com\/site\/wp-json\/wp\/v2\/categories?post=48465"},{"taxonomy":"post_tag","embeddable":true,"href":"https:\/\/www.notibras.com\/site\/wp-json\/wp\/v2\/tags?post=48465"}],"curies":[{"name":"wp","href":"https:\/\/api.w.org\/{rel}","templated":true}]}}