{"id":48474,"date":"2015-05-13T23:53:35","date_gmt":"2015-05-14T02:53:35","guid":{"rendered":"http:\/\/www.notibras.com\/site\/?p=48474"},"modified":"2015-05-13T23:53:35","modified_gmt":"2015-05-14T02:53:35","slug":"manutencao-da-ceb-trabalha-em-sete-cidades-nesta-5a-feira","status":"publish","type":"post","link":"https:\/\/www.notibras.com\/site\/manutencao-da-ceb-trabalha-em-sete-cidades-nesta-5a-feira\/","title":{"rendered":"Manuten\u00e7\u00e3o da CEB trabalha em sete cidades nesta 5\u00aa feira"},"content":{"rendered":"<p>As equipes da CEB estar\u00e3o nas ruas nesta quinta-feira 14, para trabalhos de manuten\u00e7\u00e3o da rede. Durante os servi\u00e7os, o fornecimento de energia ser\u00e1 suspenso. Veja onde e os hor\u00e1rios:<\/p>\n<p>BRAZL\u00c2NDIA<br \/>\nHor\u00e1rio: 9h \u00e0s 15h<br \/>\nLocal: N\u00facleo rural Alexandre Gusm\u00e3o: ch\u00e1caras 4\/475, 4\/476, 4\/478, 4\/479, 4\/480, 4\/481, 4\/496,4\/497,4\/498.<br \/>\nServi\u00e7o: manuten\u00e7\u00e3o preventiva geral na rede com poda de \u00e1rvores.<\/p>\n<p>PLANALTINA<br \/>\nHor\u00e1rio: 9h \u00e0s 15h<br \/>\nLocal: N\u00facleo Rural Quebrada Dos Neres: Ch\u00e1cara Belo Horizonte, Ch\u00e1cara Primavera, Ch\u00e1cara Adauto, Ch\u00e1cara Santana, Ch\u00e1cara Rosa Parano\u00e1, Ch\u00e1cara Madimara, Ch\u00e1cara Santana, Ch\u00e1cara Cap\u00e3o Danta, Ch\u00e1cara Manaus, Ch\u00e1cara Boa Esperan\u00e7a, Ch\u00e1cara Rancho V\u00f3 Tonha, Ch\u00e1cara Alma do Drag\u00e3o, Ch\u00e1cara Rafa, Ch\u00e1cara Beira do A\u00e7ude, Fazenda Fitz, Ch\u00e1cara Buritis.<br \/>\nServi\u00e7o: manuten\u00e7\u00e3o preventiva, poda de \u00e1rvores.<\/p>\n<p>RECANTO DAS EMAS<br \/>\nHor\u00e1rio: 9h \u00e0s 15h<br \/>\nLocal: Quadra 803 conjunto 09 lotes de 04 a 22, 28 a 40 &#8211; conjunto 10 lote 02 &#8211; conjuntos 17, 20, 21(totais).<br \/>\nServi\u00e7o: recondutoramento de rede de baixa tens\u00e3o.<\/p>\n<p>SAMAMBAIA<br \/>\nHor\u00e1rio: 9h \u00e0s 15h<br \/>\nLocal: Qn 118 conjunto 01 lote 01 \u2013 conjunto 02 lote 02; Qr 118 conjuntos 01, 03.<br \/>\nServi\u00e7o: Instala\u00e7\u00e3o de rede de alta tens\u00e3o e instala\u00e7\u00e3o de transformador.<\/p>\n<p>SANTA MARIA<br \/>\nHor\u00e1rio: 9h \u00e0s 12h30<br \/>\nLocal: Setor de oficinas, Ac 19 conjunto D lotes de 01 a 06 &#8211; conjunto F lotes de 01 a 04, 14 a 20 \u2013 conjunto G lotes de 01 a 05, 18 a 24 &#8211; conjunto H lotes de 01 a 05.<br \/>\nServi\u00e7o: substitui\u00e7\u00e3o transformador.<\/p>\n<p>S\u00c3O SEBASTI\u00c3O<br \/>\nHor\u00e1rio: 8h \u00e0s 12h<br \/>\nLocal: S\u00e3o Jos\u00e9, Quadra 05 lotes pares de 02 a 48,; Quadra 07 lotes impares de 01 a 33.<br \/>\nServi\u00e7o: manuten\u00e7\u00e3o preventiva, limpeza de rede secund\u00e1ria, reaperto\/padroniza\u00e7\u00e3o de conex\u00f5es.<\/p>\n<p>S\u00c3O SEBASTI\u00c3O<br \/>\nHor\u00e1rio: 13h \u00e0s 17h<br \/>\nLocal: Vila Nova, ruas 54, 56.<br \/>\nServi\u00e7o: manuten\u00e7\u00e3o preventiva com limpeza de rede secund\u00e1ria, reaperto\/padroniza\u00e7\u00e3o de conex\u00f5es.<br \/>\nVICENTE PIRES<br \/>\nHor\u00e1rio: 8h30 \u00e0s 12h30<br \/>\nCol\u00f4nia agr\u00edcola Vicente Pires: rua 01 ch\u00e1cara 25\/4.<br \/>\nServi\u00e7o: troca de transformador, instala\u00e7\u00e3o de roldana e instala\u00e7\u00e3o de rabichos na baixa tens\u00e3o.<\/p>\n","protected":false},"excerpt":{"rendered":"<p>As equipes da CEB estar\u00e3o nas ruas nesta quinta-feira 14, para trabalhos de manuten\u00e7\u00e3o da rede. Durante os servi\u00e7os, o fornecimento de energia ser\u00e1 suspenso. Veja onde e os hor\u00e1rios: BRAZL\u00c2NDIA Hor\u00e1rio: 9h \u00e0s 15h Local: N\u00facleo rural Alexandre Gusm\u00e3o: ch\u00e1caras 4\/475, 4\/476, 4\/478, 4\/479, 4\/480, 4\/481, 4\/496,4\/497,4\/498. Servi\u00e7o: manuten\u00e7\u00e3o preventiva geral na rede com [&hellip;]<\/p>\n","protected":false},"author":2,"featured_media":48475,"comment_status":"open","ping_status":"closed","sticky":false,"template":"","format":"standard","meta":{"_acf_changed":false,"footnotes":""},"categories":[40],"tags":[],"class_list":["post-48474","post","type-post","status-publish","format-standard","has-post-thumbnail","hentry","category-zapzap-das-quadras"],"acf":[],"yoast_head":"<!-- This site is optimized with the Yoast SEO plugin v27.2 - https:\/\/yoast.com\/product\/yoast-seo-wordpress\/ -->\n<title>Manuten\u00e7\u00e3o da CEB trabalha em sete cidades nesta 5\u00aa feira - Notibras<\/title>\n<meta name=\"robots\" content=\"index, follow, max-snippet:-1, max-image-preview:large, max-video-preview:-1\" \/>\n<link rel=\"canonical\" href=\"https:\/\/www.notibras.com\/site\/manutencao-da-ceb-trabalha-em-sete-cidades-nesta-5a-feira\/\" \/>\n<meta property=\"og:locale\" content=\"pt_BR\" \/>\n<meta property=\"og:type\" content=\"article\" \/>\n<meta property=\"og:title\" content=\"Manuten\u00e7\u00e3o da CEB trabalha em sete cidades nesta 5\u00aa feira - Notibras\" \/>\n<meta property=\"og:description\" content=\"As equipes da CEB estar\u00e3o nas ruas nesta quinta-feira 14, para trabalhos de manuten\u00e7\u00e3o da rede. Durante os servi\u00e7os, o fornecimento de energia ser\u00e1 suspenso. Veja onde e os hor\u00e1rios: BRAZL\u00c2NDIA Hor\u00e1rio: 9h \u00e0s 15h Local: N\u00facleo rural Alexandre Gusm\u00e3o: ch\u00e1caras 4\/475, 4\/476, 4\/478, 4\/479, 4\/480, 4\/481, 4\/496,4\/497,4\/498. Servi\u00e7o: manuten\u00e7\u00e3o preventiva geral na rede com [&hellip;]\" \/>\n<meta property=\"og:url\" content=\"https:\/\/www.notibras.com\/site\/manutencao-da-ceb-trabalha-em-sete-cidades-nesta-5a-feira\/\" \/>\n<meta property=\"og:site_name\" content=\"Notibras\" \/>\n<meta property=\"article:publisher\" content=\"https:\/\/www.facebook.com\/notibras\/\" \/>\n<meta property=\"article:published_time\" content=\"2015-05-14T02:53:35+00:00\" \/>\n<meta property=\"og:image\" content=\"https:\/\/www.notibras.com\/site\/wp-content\/uploads\/2015\/05\/ceb13.jpeg\" \/>\n\t<meta property=\"og:image:width\" content=\"460\" \/>\n\t<meta property=\"og:image:height\" content=\"305\" \/>\n\t<meta property=\"og:image:type\" content=\"image\/jpeg\" \/>\n<meta name=\"author\" content=\"Reda\u00e7\u00e3o\" \/>\n<meta name=\"twitter:card\" content=\"summary_large_image\" \/>\n<meta name=\"twitter:creator\" content=\"@Notibras\" \/>\n<meta name=\"twitter:site\" content=\"@Notibras\" \/>\n<meta name=\"twitter:label1\" content=\"Escrito por\" \/>\n\t<meta name=\"twitter:data1\" content=\"Reda\u00e7\u00e3o\" \/>\n\t<meta name=\"twitter:label2\" content=\"Est. tempo de leitura\" \/>\n\t<meta name=\"twitter:data2\" content=\"2 minutos\" \/>\n<script type=\"application\/ld+json\" class=\"yoast-schema-graph\">{\"@context\":\"https:\/\/schema.org\",\"@graph\":[{\"@type\":\"Article\",\"@id\":\"https:\/\/www.notibras.com\/site\/manutencao-da-ceb-trabalha-em-sete-cidades-nesta-5a-feira\/#article\",\"isPartOf\":{\"@id\":\"https:\/\/www.notibras.com\/site\/manutencao-da-ceb-trabalha-em-sete-cidades-nesta-5a-feira\/\"},\"author\":{\"name\":\"Reda\u00e7\u00e3o\",\"@id\":\"https:\/\/www.notibras.com\/site\/#\/schema\/person\/36ab0979449956132d3e5b517ea76ac8\"},\"headline\":\"Manuten\u00e7\u00e3o da CEB trabalha em sete cidades nesta 5\u00aa feira\",\"datePublished\":\"2015-05-14T02:53:35+00:00\",\"mainEntityOfPage\":{\"@id\":\"https:\/\/www.notibras.com\/site\/manutencao-da-ceb-trabalha-em-sete-cidades-nesta-5a-feira\/\"},\"wordCount\":356,\"commentCount\":0,\"publisher\":{\"@id\":\"https:\/\/www.notibras.com\/site\/#organization\"},\"image\":{\"@id\":\"https:\/\/www.notibras.com\/site\/manutencao-da-ceb-trabalha-em-sete-cidades-nesta-5a-feira\/#primaryimage\"},\"thumbnailUrl\":\"https:\/\/www.notibras.com\/site\/wp-content\/uploads\/2015\/05\/ceb13.jpeg\",\"articleSection\":[\"ZapZap das Quadras\"],\"inLanguage\":\"pt-BR\",\"potentialAction\":[{\"@type\":\"CommentAction\",\"name\":\"Comment\",\"target\":[\"https:\/\/www.notibras.com\/site\/manutencao-da-ceb-trabalha-em-sete-cidades-nesta-5a-feira\/#respond\"]}]},{\"@type\":\"WebPage\",\"@id\":\"https:\/\/www.notibras.com\/site\/manutencao-da-ceb-trabalha-em-sete-cidades-nesta-5a-feira\/\",\"url\":\"https:\/\/www.notibras.com\/site\/manutencao-da-ceb-trabalha-em-sete-cidades-nesta-5a-feira\/\",\"name\":\"Manuten\u00e7\u00e3o da CEB trabalha em sete cidades nesta 5\u00aa feira - Notibras\",\"isPartOf\":{\"@id\":\"https:\/\/www.notibras.com\/site\/#website\"},\"primaryImageOfPage\":{\"@id\":\"https:\/\/www.notibras.com\/site\/manutencao-da-ceb-trabalha-em-sete-cidades-nesta-5a-feira\/#primaryimage\"},\"image\":{\"@id\":\"https:\/\/www.notibras.com\/site\/manutencao-da-ceb-trabalha-em-sete-cidades-nesta-5a-feira\/#primaryimage\"},\"thumbnailUrl\":\"https:\/\/www.notibras.com\/site\/wp-content\/uploads\/2015\/05\/ceb13.jpeg\",\"datePublished\":\"2015-05-14T02:53:35+00:00\",\"breadcrumb\":{\"@id\":\"https:\/\/www.notibras.com\/site\/manutencao-da-ceb-trabalha-em-sete-cidades-nesta-5a-feira\/#breadcrumb\"},\"inLanguage\":\"pt-BR\",\"potentialAction\":[{\"@type\":\"ReadAction\",\"target\":[\"https:\/\/www.notibras.com\/site\/manutencao-da-ceb-trabalha-em-sete-cidades-nesta-5a-feira\/\"]}]},{\"@type\":\"ImageObject\",\"inLanguage\":\"pt-BR\",\"@id\":\"https:\/\/www.notibras.com\/site\/manutencao-da-ceb-trabalha-em-sete-cidades-nesta-5a-feira\/#primaryimage\",\"url\":\"https:\/\/www.notibras.com\/site\/wp-content\/uploads\/2015\/05\/ceb13.jpeg\",\"contentUrl\":\"https:\/\/www.notibras.com\/site\/wp-content\/uploads\/2015\/05\/ceb13.jpeg\",\"width\":460,\"height\":305},{\"@type\":\"BreadcrumbList\",\"@id\":\"https:\/\/www.notibras.com\/site\/manutencao-da-ceb-trabalha-em-sete-cidades-nesta-5a-feira\/#breadcrumb\",\"itemListElement\":[{\"@type\":\"ListItem\",\"position\":1,\"name\":\"In\u00edcio\",\"item\":\"https:\/\/www.notibras.com\/site\/\"},{\"@type\":\"ListItem\",\"position\":2,\"name\":\"Manuten\u00e7\u00e3o da CEB trabalha em sete cidades nesta 5\u00aa feira\"}]},{\"@type\":\"WebSite\",\"@id\":\"https:\/\/www.notibras.com\/site\/#website\",\"url\":\"https:\/\/www.notibras.com\/site\/\",\"name\":\"Notibras\",\"description\":\"Not\u00edcias de Bras\u00edlia, do Brasil e do Mundo\",\"publisher\":{\"@id\":\"https:\/\/www.notibras.com\/site\/#organization\"},\"potentialAction\":[{\"@type\":\"SearchAction\",\"target\":{\"@type\":\"EntryPoint\",\"urlTemplate\":\"https:\/\/www.notibras.com\/site\/?s={search_term_string}\"},\"query-input\":{\"@type\":\"PropertyValueSpecification\",\"valueRequired\":true,\"valueName\":\"search_term_string\"}}],\"inLanguage\":\"pt-BR\"},{\"@type\":\"Organization\",\"@id\":\"https:\/\/www.notibras.com\/site\/#organization\",\"name\":\"Grupo Notibras de Comunica\u00e7\u00e3o\",\"url\":\"https:\/\/www.notibras.com\/site\/\",\"logo\":{\"@type\":\"ImageObject\",\"inLanguage\":\"pt-BR\",\"@id\":\"https:\/\/www.notibras.com\/site\/#\/schema\/logo\/image\/\",\"url\":\"https:\/\/www.notibras.com\/site\/wp-content\/uploads\/2023\/01\/notibras23.png\",\"contentUrl\":\"https:\/\/www.notibras.com\/site\/wp-content\/uploads\/2023\/01\/notibras23.png\",\"width\":350,\"height\":87,\"caption\":\"Grupo Notibras de Comunica\u00e7\u00e3o\"},\"image\":{\"@id\":\"https:\/\/www.notibras.com\/site\/#\/schema\/logo\/image\/\"},\"sameAs\":[\"https:\/\/www.facebook.com\/notibras\/\",\"https:\/\/x.com\/Notibras\",\"https:\/\/www.instagram.com\/notibras\/\"]},{\"@type\":\"Person\",\"@id\":\"https:\/\/www.notibras.com\/site\/#\/schema\/person\/36ab0979449956132d3e5b517ea76ac8\",\"name\":\"Reda\u00e7\u00e3o\",\"image\":{\"@type\":\"ImageObject\",\"inLanguage\":\"pt-BR\",\"@id\":\"https:\/\/secure.gravatar.com\/avatar\/e0a867bdedb85fd243eadf09663511f96fc81e0720a4a42581f334ad4303aa6b?s=96&d=mm&r=g\",\"url\":\"https:\/\/secure.gravatar.com\/avatar\/e0a867bdedb85fd243eadf09663511f96fc81e0720a4a42581f334ad4303aa6b?s=96&d=mm&r=g\",\"contentUrl\":\"https:\/\/secure.gravatar.com\/avatar\/e0a867bdedb85fd243eadf09663511f96fc81e0720a4a42581f334ad4303aa6b?s=96&d=mm&r=g\",\"caption\":\"Reda\u00e7\u00e3o\"}}]}<\/script>\n<!-- \/ Yoast SEO plugin. -->","yoast_head_json":{"title":"Manuten\u00e7\u00e3o da CEB trabalha em sete cidades nesta 5\u00aa feira - Notibras","robots":{"index":"index","follow":"follow","max-snippet":"max-snippet:-1","max-image-preview":"max-image-preview:large","max-video-preview":"max-video-preview:-1"},"canonical":"https:\/\/www.notibras.com\/site\/manutencao-da-ceb-trabalha-em-sete-cidades-nesta-5a-feira\/","og_locale":"pt_BR","og_type":"article","og_title":"Manuten\u00e7\u00e3o da CEB trabalha em sete cidades nesta 5\u00aa feira - Notibras","og_description":"As equipes da CEB estar\u00e3o nas ruas nesta quinta-feira 14, para trabalhos de manuten\u00e7\u00e3o da rede. Durante os servi\u00e7os, o fornecimento de energia ser\u00e1 suspenso. Veja onde e os hor\u00e1rios: BRAZL\u00c2NDIA Hor\u00e1rio: 9h \u00e0s 15h Local: N\u00facleo rural Alexandre Gusm\u00e3o: ch\u00e1caras 4\/475, 4\/476, 4\/478, 4\/479, 4\/480, 4\/481, 4\/496,4\/497,4\/498. Servi\u00e7o: manuten\u00e7\u00e3o preventiva geral na rede com [&hellip;]","og_url":"https:\/\/www.notibras.com\/site\/manutencao-da-ceb-trabalha-em-sete-cidades-nesta-5a-feira\/","og_site_name":"Notibras","article_publisher":"https:\/\/www.facebook.com\/notibras\/","article_published_time":"2015-05-14T02:53:35+00:00","og_image":[{"width":460,"height":305,"url":"https:\/\/www.notibras.com\/site\/wp-content\/uploads\/2015\/05\/ceb13.jpeg","type":"image\/jpeg"}],"author":"Reda\u00e7\u00e3o","twitter_card":"summary_large_image","twitter_creator":"@Notibras","twitter_site":"@Notibras","twitter_misc":{"Escrito por":"Reda\u00e7\u00e3o","Est. tempo de leitura":"2 minutos"},"schema":{"@context":"https:\/\/schema.org","@graph":[{"@type":"Article","@id":"https:\/\/www.notibras.com\/site\/manutencao-da-ceb-trabalha-em-sete-cidades-nesta-5a-feira\/#article","isPartOf":{"@id":"https:\/\/www.notibras.com\/site\/manutencao-da-ceb-trabalha-em-sete-cidades-nesta-5a-feira\/"},"author":{"name":"Reda\u00e7\u00e3o","@id":"https:\/\/www.notibras.com\/site\/#\/schema\/person\/36ab0979449956132d3e5b517ea76ac8"},"headline":"Manuten\u00e7\u00e3o da CEB trabalha em sete cidades nesta 5\u00aa feira","datePublished":"2015-05-14T02:53:35+00:00","mainEntityOfPage":{"@id":"https:\/\/www.notibras.com\/site\/manutencao-da-ceb-trabalha-em-sete-cidades-nesta-5a-feira\/"},"wordCount":356,"commentCount":0,"publisher":{"@id":"https:\/\/www.notibras.com\/site\/#organization"},"image":{"@id":"https:\/\/www.notibras.com\/site\/manutencao-da-ceb-trabalha-em-sete-cidades-nesta-5a-feira\/#primaryimage"},"thumbnailUrl":"https:\/\/www.notibras.com\/site\/wp-content\/uploads\/2015\/05\/ceb13.jpeg","articleSection":["ZapZap das Quadras"],"inLanguage":"pt-BR","potentialAction":[{"@type":"CommentAction","name":"Comment","target":["https:\/\/www.notibras.com\/site\/manutencao-da-ceb-trabalha-em-sete-cidades-nesta-5a-feira\/#respond"]}]},{"@type":"WebPage","@id":"https:\/\/www.notibras.com\/site\/manutencao-da-ceb-trabalha-em-sete-cidades-nesta-5a-feira\/","url":"https:\/\/www.notibras.com\/site\/manutencao-da-ceb-trabalha-em-sete-cidades-nesta-5a-feira\/","name":"Manuten\u00e7\u00e3o da CEB trabalha em sete cidades nesta 5\u00aa feira - Notibras","isPartOf":{"@id":"https:\/\/www.notibras.com\/site\/#website"},"primaryImageOfPage":{"@id":"https:\/\/www.notibras.com\/site\/manutencao-da-ceb-trabalha-em-sete-cidades-nesta-5a-feira\/#primaryimage"},"image":{"@id":"https:\/\/www.notibras.com\/site\/manutencao-da-ceb-trabalha-em-sete-cidades-nesta-5a-feira\/#primaryimage"},"thumbnailUrl":"https:\/\/www.notibras.com\/site\/wp-content\/uploads\/2015\/05\/ceb13.jpeg","datePublished":"2015-05-14T02:53:35+00:00","breadcrumb":{"@id":"https:\/\/www.notibras.com\/site\/manutencao-da-ceb-trabalha-em-sete-cidades-nesta-5a-feira\/#breadcrumb"},"inLanguage":"pt-BR","potentialAction":[{"@type":"ReadAction","target":["https:\/\/www.notibras.com\/site\/manutencao-da-ceb-trabalha-em-sete-cidades-nesta-5a-feira\/"]}]},{"@type":"ImageObject","inLanguage":"pt-BR","@id":"https:\/\/www.notibras.com\/site\/manutencao-da-ceb-trabalha-em-sete-cidades-nesta-5a-feira\/#primaryimage","url":"https:\/\/www.notibras.com\/site\/wp-content\/uploads\/2015\/05\/ceb13.jpeg","contentUrl":"https:\/\/www.notibras.com\/site\/wp-content\/uploads\/2015\/05\/ceb13.jpeg","width":460,"height":305},{"@type":"BreadcrumbList","@id":"https:\/\/www.notibras.com\/site\/manutencao-da-ceb-trabalha-em-sete-cidades-nesta-5a-feira\/#breadcrumb","itemListElement":[{"@type":"ListItem","position":1,"name":"In\u00edcio","item":"https:\/\/www.notibras.com\/site\/"},{"@type":"ListItem","position":2,"name":"Manuten\u00e7\u00e3o da CEB trabalha em sete cidades nesta 5\u00aa feira"}]},{"@type":"WebSite","@id":"https:\/\/www.notibras.com\/site\/#website","url":"https:\/\/www.notibras.com\/site\/","name":"Notibras","description":"Not\u00edcias de Bras\u00edlia, do Brasil e do Mundo","publisher":{"@id":"https:\/\/www.notibras.com\/site\/#organization"},"potentialAction":[{"@type":"SearchAction","target":{"@type":"EntryPoint","urlTemplate":"https:\/\/www.notibras.com\/site\/?s={search_term_string}"},"query-input":{"@type":"PropertyValueSpecification","valueRequired":true,"valueName":"search_term_string"}}],"inLanguage":"pt-BR"},{"@type":"Organization","@id":"https:\/\/www.notibras.com\/site\/#organization","name":"Grupo Notibras de Comunica\u00e7\u00e3o","url":"https:\/\/www.notibras.com\/site\/","logo":{"@type":"ImageObject","inLanguage":"pt-BR","@id":"https:\/\/www.notibras.com\/site\/#\/schema\/logo\/image\/","url":"https:\/\/www.notibras.com\/site\/wp-content\/uploads\/2023\/01\/notibras23.png","contentUrl":"https:\/\/www.notibras.com\/site\/wp-content\/uploads\/2023\/01\/notibras23.png","width":350,"height":87,"caption":"Grupo Notibras de Comunica\u00e7\u00e3o"},"image":{"@id":"https:\/\/www.notibras.com\/site\/#\/schema\/logo\/image\/"},"sameAs":["https:\/\/www.facebook.com\/notibras\/","https:\/\/x.com\/Notibras","https:\/\/www.instagram.com\/notibras\/"]},{"@type":"Person","@id":"https:\/\/www.notibras.com\/site\/#\/schema\/person\/36ab0979449956132d3e5b517ea76ac8","name":"Reda\u00e7\u00e3o","image":{"@type":"ImageObject","inLanguage":"pt-BR","@id":"https:\/\/secure.gravatar.com\/avatar\/e0a867bdedb85fd243eadf09663511f96fc81e0720a4a42581f334ad4303aa6b?s=96&d=mm&r=g","url":"https:\/\/secure.gravatar.com\/avatar\/e0a867bdedb85fd243eadf09663511f96fc81e0720a4a42581f334ad4303aa6b?s=96&d=mm&r=g","contentUrl":"https:\/\/secure.gravatar.com\/avatar\/e0a867bdedb85fd243eadf09663511f96fc81e0720a4a42581f334ad4303aa6b?s=96&d=mm&r=g","caption":"Reda\u00e7\u00e3o"}}]}},"amp_enabled":true,"_links":{"self":[{"href":"https:\/\/www.notibras.com\/site\/wp-json\/wp\/v2\/posts\/48474","targetHints":{"allow":["GET"]}}],"collection":[{"href":"https:\/\/www.notibras.com\/site\/wp-json\/wp\/v2\/posts"}],"about":[{"href":"https:\/\/www.notibras.com\/site\/wp-json\/wp\/v2\/types\/post"}],"author":[{"embeddable":true,"href":"https:\/\/www.notibras.com\/site\/wp-json\/wp\/v2\/users\/2"}],"replies":[{"embeddable":true,"href":"https:\/\/www.notibras.com\/site\/wp-json\/wp\/v2\/comments?post=48474"}],"version-history":[{"count":0,"href":"https:\/\/www.notibras.com\/site\/wp-json\/wp\/v2\/posts\/48474\/revisions"}],"wp:featuredmedia":[{"embeddable":true,"href":"https:\/\/www.notibras.com\/site\/wp-json\/wp\/v2\/media\/48475"}],"wp:attachment":[{"href":"https:\/\/www.notibras.com\/site\/wp-json\/wp\/v2\/media?parent=48474"}],"wp:term":[{"taxonomy":"category","embeddable":true,"href":"https:\/\/www.notibras.com\/site\/wp-json\/wp\/v2\/categories?post=48474"},{"taxonomy":"post_tag","embeddable":true,"href":"https:\/\/www.notibras.com\/site\/wp-json\/wp\/v2\/tags?post=48474"}],"curies":[{"name":"wp","href":"https:\/\/api.w.org\/{rel}","templated":true}]}}