{"id":48624,"date":"2015-05-12T05:08:19","date_gmt":"2015-05-12T08:08:19","guid":{"rendered":"http:\/\/www.notibras.com\/site\/?p=48624"},"modified":"2015-05-15T23:44:47","modified_gmt":"2015-05-16T02:44:47","slug":"ceb-faz-manutencao-e-pode-faltar-luz-veja-locais-e-horarios","status":"publish","type":"post","link":"https:\/\/www.notibras.com\/site\/ceb-faz-manutencao-e-pode-faltar-luz-veja-locais-e-horarios\/","title":{"rendered":"CEB faz manuten\u00e7\u00e3o na 6\u00aa, 15, e pode faltar luz. Veja locais e hor\u00e1rios"},"content":{"rendered":"<p>Nesta sexta-feira 15, equipes da CEB estar\u00e3o trabalhando na rede de distribui\u00e7\u00e3o de energia em v\u00e1rias cidades. Durante os servi\u00e7os, faltar\u00e1 em energia em alguns pontos, conforme indicado:<\/p>\n<p>\u00c1GUAS CLARAS<br \/>\nHor\u00e1rio: 9h \u00e0s 12h<br \/>\nLocal: Rua das Figueiras lotes 02\/04, 05.<br \/>\nServi\u00e7o: Instala\u00e7\u00e3o de arm\u00e1rio de baixa tens\u00e3o.<br \/>\nLAGO NORTE<br \/>\nHor\u00e1rio: 9h \u00e0s 13h<br \/>\nLocal: SMLN trecho 13, Condom\u00ednio Solar das Paineiras lotes de 01 a 12.<br \/>\nServi\u00e7o: transfer\u00eancia\u00a0 e\u00a0 recondutoramento de rede a\u00e9rea\u00a0 de alta tens\u00e3o trif\u00e1sica.<br \/>\nN\u00daCLEO BANDEIRANTE<br \/>\nHor\u00e1rio: 9h \u00e0s 15h<br \/>\nLocal: Col\u00f4nia agr\u00edcola N\u00facleo Bandeirante: Ch\u00e1caras 02, 10, 13, 14, 17, 18.<br \/>\nSetor dos Engenheiros, Rua 01 lotes 01, 10, 12, 23(Caesb);\u00a0 Ruas 02, 03(totais).<br \/>\nServi\u00e7o: constru\u00e7\u00e3o de novos alimentadores.<br \/>\nPLANALTINA<br \/>\nHor\u00e1rio: 9h \u00e0s 15h<br \/>\nLocal: Col\u00f4nia agr\u00edcola lamar\u00e3o: Ch\u00e1caras de 14 a 20, 23.<br \/>\nServi\u00e7o: manuten\u00e7\u00e3o preventiva\u00a0 e\u00a0 poda de \u00e1rvores.<br \/>\nS\u00c3O SEBASTI\u00c3O<br \/>\nHor\u00e1rio:\u00a0 8h \u00e0s 12h<br \/>\nLocal: Vila Nova, Quadra 52 lotes\u00a0 de 21 a 40; Quadra 53 lotes\u00a0 de 101 a 211.<br \/>\nServi\u00e7o: manuten\u00e7\u00e3o preventiva, limpeza de rede secund\u00e1ria, padroniza\u00e7\u00e3o\/reaperto de conex\u00f5es, retensionamento e instala\u00e7\u00e3o de espa\u00e7adores.<br \/>\nS\u00c3O SEBASTI\u00c3O<br \/>\nHor\u00e1rio: 13h \u00e0s 17h<br \/>\nLocal:\u00a0 Bairro Bela Vista:\u00a0 rua terminal lotes de 10 a 290.<br \/>\n<strong>Servi\u00e7o<\/strong>: manuten\u00e7\u00e3o preventiva, limpeza de rede e poda de \u00e1rvore, reaperto\/padroniza\u00e7\u00e3o de conex\u00f5es.<br \/>\nTAGUATINGA<br \/>\nHor\u00e1rio:\u00a0 8h \u00e0s 12h<br \/>\nLocal: QNL 15 conjuntos F ao I e bloco H.<br \/>\nServi\u00e7o:\u00a0 manuten\u00e7\u00e3o preventiva geral na rede com poda de\u00a0 \u00e1rvores.<br \/>\nTAGUATINGA<br \/>\nHor\u00e1rio: 13h \u00e0s 17h<br \/>\nLocal:\u00a0 Qsc 19:\u00a0 Ch\u00e1cara 25 conjunto b lotes de 02 a 06 &#8211; conjunto C lotes de 01 a 12 &#8211; conjunto D lotes de 01 a 10; ch\u00e1cara 26\/6 conjunto G lotes de 09 a 11 &#8211; conjunto H lotes de 02 a 08.<br \/>\nServi\u00e7o: manuten\u00e7\u00e3o preventiva geral na rede com instala\u00e7\u00e3o de transformador, substituir 08 v\u00e3os de rede de baixa tens\u00e3o, substituir\u00a0 transformador, padronizar\u00a0 thv e retensionamento de rede<\/p>\n","protected":false},"excerpt":{"rendered":"<p>Nesta sexta-feira 15, equipes da CEB estar\u00e3o trabalhando na rede de distribui\u00e7\u00e3o de energia em v\u00e1rias cidades. Durante os servi\u00e7os, faltar\u00e1 em energia em alguns pontos, conforme indicado: \u00c1GUAS CLARAS Hor\u00e1rio: 9h \u00e0s 12h Local: Rua das Figueiras lotes 02\/04, 05. Servi\u00e7o: Instala\u00e7\u00e3o de arm\u00e1rio de baixa tens\u00e3o. LAGO NORTE Hor\u00e1rio: 9h \u00e0s 13h Local: [&hellip;]<\/p>\n","protected":false},"author":2,"featured_media":48625,"comment_status":"open","ping_status":"closed","sticky":false,"template":"","format":"standard","meta":{"_acf_changed":false,"footnotes":""},"categories":[40],"tags":[],"class_list":["post-48624","post","type-post","status-publish","format-standard","has-post-thumbnail","hentry","category-zapzap-das-quadras"],"acf":[],"yoast_head":"<!-- This site is optimized with the Yoast SEO plugin v27.2 - https:\/\/yoast.com\/product\/yoast-seo-wordpress\/ -->\n<title>CEB faz manuten\u00e7\u00e3o na 6\u00aa, 15, e pode faltar luz. Veja locais e hor\u00e1rios - Notibras<\/title>\n<meta name=\"robots\" content=\"index, follow, max-snippet:-1, max-image-preview:large, max-video-preview:-1\" \/>\n<link rel=\"canonical\" href=\"https:\/\/www.notibras.com\/site\/ceb-faz-manutencao-e-pode-faltar-luz-veja-locais-e-horarios\/\" \/>\n<meta property=\"og:locale\" content=\"pt_BR\" \/>\n<meta property=\"og:type\" content=\"article\" \/>\n<meta property=\"og:title\" content=\"CEB faz manuten\u00e7\u00e3o na 6\u00aa, 15, e pode faltar luz. Veja locais e hor\u00e1rios - Notibras\" \/>\n<meta property=\"og:description\" content=\"Nesta sexta-feira 15, equipes da CEB estar\u00e3o trabalhando na rede de distribui\u00e7\u00e3o de energia em v\u00e1rias cidades. Durante os servi\u00e7os, faltar\u00e1 em energia em alguns pontos, conforme indicado: \u00c1GUAS CLARAS Hor\u00e1rio: 9h \u00e0s 12h Local: Rua das Figueiras lotes 02\/04, 05. Servi\u00e7o: Instala\u00e7\u00e3o de arm\u00e1rio de baixa tens\u00e3o. LAGO NORTE Hor\u00e1rio: 9h \u00e0s 13h Local: [&hellip;]\" \/>\n<meta property=\"og:url\" content=\"https:\/\/www.notibras.com\/site\/ceb-faz-manutencao-e-pode-faltar-luz-veja-locais-e-horarios\/\" \/>\n<meta property=\"og:site_name\" content=\"Notibras\" \/>\n<meta property=\"article:publisher\" content=\"https:\/\/www.facebook.com\/notibras\/\" \/>\n<meta property=\"article:published_time\" content=\"2015-05-12T08:08:19+00:00\" \/>\n<meta property=\"article:modified_time\" content=\"2015-05-16T02:44:47+00:00\" \/>\n<meta property=\"og:image\" content=\"https:\/\/www.notibras.com\/site\/wp-content\/uploads\/2015\/05\/zap15.jpg\" \/>\n\t<meta property=\"og:image:width\" content=\"460\" \/>\n\t<meta property=\"og:image:height\" content=\"305\" \/>\n\t<meta property=\"og:image:type\" content=\"image\/jpeg\" \/>\n<meta name=\"author\" content=\"Reda\u00e7\u00e3o\" \/>\n<meta name=\"twitter:card\" content=\"summary_large_image\" \/>\n<meta name=\"twitter:creator\" content=\"@Notibras\" \/>\n<meta name=\"twitter:site\" content=\"@Notibras\" \/>\n<meta name=\"twitter:label1\" content=\"Escrito por\" \/>\n\t<meta name=\"twitter:data1\" content=\"Reda\u00e7\u00e3o\" \/>\n\t<meta name=\"twitter:label2\" content=\"Est. tempo de leitura\" \/>\n\t<meta name=\"twitter:data2\" content=\"2 minutos\" \/>\n<script type=\"application\/ld+json\" class=\"yoast-schema-graph\">{\"@context\":\"https:\/\/schema.org\",\"@graph\":[{\"@type\":\"Article\",\"@id\":\"https:\/\/www.notibras.com\/site\/ceb-faz-manutencao-e-pode-faltar-luz-veja-locais-e-horarios\/#article\",\"isPartOf\":{\"@id\":\"https:\/\/www.notibras.com\/site\/ceb-faz-manutencao-e-pode-faltar-luz-veja-locais-e-horarios\/\"},\"author\":{\"name\":\"Reda\u00e7\u00e3o\",\"@id\":\"https:\/\/www.notibras.com\/site\/#\/schema\/person\/36ab0979449956132d3e5b517ea76ac8\"},\"headline\":\"CEB faz manuten\u00e7\u00e3o na 6\u00aa, 15, e pode faltar luz. Veja locais e hor\u00e1rios\",\"datePublished\":\"2015-05-12T08:08:19+00:00\",\"dateModified\":\"2015-05-16T02:44:47+00:00\",\"mainEntityOfPage\":{\"@id\":\"https:\/\/www.notibras.com\/site\/ceb-faz-manutencao-e-pode-faltar-luz-veja-locais-e-horarios\/\"},\"wordCount\":337,\"commentCount\":0,\"publisher\":{\"@id\":\"https:\/\/www.notibras.com\/site\/#organization\"},\"image\":{\"@id\":\"https:\/\/www.notibras.com\/site\/ceb-faz-manutencao-e-pode-faltar-luz-veja-locais-e-horarios\/#primaryimage\"},\"thumbnailUrl\":\"https:\/\/www.notibras.com\/site\/wp-content\/uploads\/2015\/05\/zap15.jpg\",\"articleSection\":[\"ZapZap das Quadras\"],\"inLanguage\":\"pt-BR\",\"potentialAction\":[{\"@type\":\"CommentAction\",\"name\":\"Comment\",\"target\":[\"https:\/\/www.notibras.com\/site\/ceb-faz-manutencao-e-pode-faltar-luz-veja-locais-e-horarios\/#respond\"]}]},{\"@type\":\"WebPage\",\"@id\":\"https:\/\/www.notibras.com\/site\/ceb-faz-manutencao-e-pode-faltar-luz-veja-locais-e-horarios\/\",\"url\":\"https:\/\/www.notibras.com\/site\/ceb-faz-manutencao-e-pode-faltar-luz-veja-locais-e-horarios\/\",\"name\":\"CEB faz manuten\u00e7\u00e3o na 6\u00aa, 15, e pode faltar luz. Veja locais e hor\u00e1rios - Notibras\",\"isPartOf\":{\"@id\":\"https:\/\/www.notibras.com\/site\/#website\"},\"primaryImageOfPage\":{\"@id\":\"https:\/\/www.notibras.com\/site\/ceb-faz-manutencao-e-pode-faltar-luz-veja-locais-e-horarios\/#primaryimage\"},\"image\":{\"@id\":\"https:\/\/www.notibras.com\/site\/ceb-faz-manutencao-e-pode-faltar-luz-veja-locais-e-horarios\/#primaryimage\"},\"thumbnailUrl\":\"https:\/\/www.notibras.com\/site\/wp-content\/uploads\/2015\/05\/zap15.jpg\",\"datePublished\":\"2015-05-12T08:08:19+00:00\",\"dateModified\":\"2015-05-16T02:44:47+00:00\",\"breadcrumb\":{\"@id\":\"https:\/\/www.notibras.com\/site\/ceb-faz-manutencao-e-pode-faltar-luz-veja-locais-e-horarios\/#breadcrumb\"},\"inLanguage\":\"pt-BR\",\"potentialAction\":[{\"@type\":\"ReadAction\",\"target\":[\"https:\/\/www.notibras.com\/site\/ceb-faz-manutencao-e-pode-faltar-luz-veja-locais-e-horarios\/\"]}]},{\"@type\":\"ImageObject\",\"inLanguage\":\"pt-BR\",\"@id\":\"https:\/\/www.notibras.com\/site\/ceb-faz-manutencao-e-pode-faltar-luz-veja-locais-e-horarios\/#primaryimage\",\"url\":\"https:\/\/www.notibras.com\/site\/wp-content\/uploads\/2015\/05\/zap15.jpg\",\"contentUrl\":\"https:\/\/www.notibras.com\/site\/wp-content\/uploads\/2015\/05\/zap15.jpg\",\"width\":460,\"height\":305},{\"@type\":\"BreadcrumbList\",\"@id\":\"https:\/\/www.notibras.com\/site\/ceb-faz-manutencao-e-pode-faltar-luz-veja-locais-e-horarios\/#breadcrumb\",\"itemListElement\":[{\"@type\":\"ListItem\",\"position\":1,\"name\":\"In\u00edcio\",\"item\":\"https:\/\/www.notibras.com\/site\/\"},{\"@type\":\"ListItem\",\"position\":2,\"name\":\"CEB faz manuten\u00e7\u00e3o na 6\u00aa, 15, e pode faltar luz. Veja locais e hor\u00e1rios\"}]},{\"@type\":\"WebSite\",\"@id\":\"https:\/\/www.notibras.com\/site\/#website\",\"url\":\"https:\/\/www.notibras.com\/site\/\",\"name\":\"Notibras\",\"description\":\"Not\u00edcias de Bras\u00edlia, do Brasil e do Mundo\",\"publisher\":{\"@id\":\"https:\/\/www.notibras.com\/site\/#organization\"},\"potentialAction\":[{\"@type\":\"SearchAction\",\"target\":{\"@type\":\"EntryPoint\",\"urlTemplate\":\"https:\/\/www.notibras.com\/site\/?s={search_term_string}\"},\"query-input\":{\"@type\":\"PropertyValueSpecification\",\"valueRequired\":true,\"valueName\":\"search_term_string\"}}],\"inLanguage\":\"pt-BR\"},{\"@type\":\"Organization\",\"@id\":\"https:\/\/www.notibras.com\/site\/#organization\",\"name\":\"Grupo Notibras de Comunica\u00e7\u00e3o\",\"url\":\"https:\/\/www.notibras.com\/site\/\",\"logo\":{\"@type\":\"ImageObject\",\"inLanguage\":\"pt-BR\",\"@id\":\"https:\/\/www.notibras.com\/site\/#\/schema\/logo\/image\/\",\"url\":\"https:\/\/www.notibras.com\/site\/wp-content\/uploads\/2023\/01\/notibras23.png\",\"contentUrl\":\"https:\/\/www.notibras.com\/site\/wp-content\/uploads\/2023\/01\/notibras23.png\",\"width\":350,\"height\":87,\"caption\":\"Grupo Notibras de Comunica\u00e7\u00e3o\"},\"image\":{\"@id\":\"https:\/\/www.notibras.com\/site\/#\/schema\/logo\/image\/\"},\"sameAs\":[\"https:\/\/www.facebook.com\/notibras\/\",\"https:\/\/x.com\/Notibras\",\"https:\/\/www.instagram.com\/notibras\/\"]},{\"@type\":\"Person\",\"@id\":\"https:\/\/www.notibras.com\/site\/#\/schema\/person\/36ab0979449956132d3e5b517ea76ac8\",\"name\":\"Reda\u00e7\u00e3o\",\"image\":{\"@type\":\"ImageObject\",\"inLanguage\":\"pt-BR\",\"@id\":\"https:\/\/secure.gravatar.com\/avatar\/e0a867bdedb85fd243eadf09663511f96fc81e0720a4a42581f334ad4303aa6b?s=96&d=mm&r=g\",\"url\":\"https:\/\/secure.gravatar.com\/avatar\/e0a867bdedb85fd243eadf09663511f96fc81e0720a4a42581f334ad4303aa6b?s=96&d=mm&r=g\",\"contentUrl\":\"https:\/\/secure.gravatar.com\/avatar\/e0a867bdedb85fd243eadf09663511f96fc81e0720a4a42581f334ad4303aa6b?s=96&d=mm&r=g\",\"caption\":\"Reda\u00e7\u00e3o\"}}]}<\/script>\n<!-- \/ Yoast SEO plugin. -->","yoast_head_json":{"title":"CEB faz manuten\u00e7\u00e3o na 6\u00aa, 15, e pode faltar luz. Veja locais e hor\u00e1rios - Notibras","robots":{"index":"index","follow":"follow","max-snippet":"max-snippet:-1","max-image-preview":"max-image-preview:large","max-video-preview":"max-video-preview:-1"},"canonical":"https:\/\/www.notibras.com\/site\/ceb-faz-manutencao-e-pode-faltar-luz-veja-locais-e-horarios\/","og_locale":"pt_BR","og_type":"article","og_title":"CEB faz manuten\u00e7\u00e3o na 6\u00aa, 15, e pode faltar luz. Veja locais e hor\u00e1rios - Notibras","og_description":"Nesta sexta-feira 15, equipes da CEB estar\u00e3o trabalhando na rede de distribui\u00e7\u00e3o de energia em v\u00e1rias cidades. Durante os servi\u00e7os, faltar\u00e1 em energia em alguns pontos, conforme indicado: \u00c1GUAS CLARAS Hor\u00e1rio: 9h \u00e0s 12h Local: Rua das Figueiras lotes 02\/04, 05. Servi\u00e7o: Instala\u00e7\u00e3o de arm\u00e1rio de baixa tens\u00e3o. LAGO NORTE Hor\u00e1rio: 9h \u00e0s 13h Local: [&hellip;]","og_url":"https:\/\/www.notibras.com\/site\/ceb-faz-manutencao-e-pode-faltar-luz-veja-locais-e-horarios\/","og_site_name":"Notibras","article_publisher":"https:\/\/www.facebook.com\/notibras\/","article_published_time":"2015-05-12T08:08:19+00:00","article_modified_time":"2015-05-16T02:44:47+00:00","og_image":[{"width":460,"height":305,"url":"https:\/\/www.notibras.com\/site\/wp-content\/uploads\/2015\/05\/zap15.jpg","type":"image\/jpeg"}],"author":"Reda\u00e7\u00e3o","twitter_card":"summary_large_image","twitter_creator":"@Notibras","twitter_site":"@Notibras","twitter_misc":{"Escrito por":"Reda\u00e7\u00e3o","Est. tempo de leitura":"2 minutos"},"schema":{"@context":"https:\/\/schema.org","@graph":[{"@type":"Article","@id":"https:\/\/www.notibras.com\/site\/ceb-faz-manutencao-e-pode-faltar-luz-veja-locais-e-horarios\/#article","isPartOf":{"@id":"https:\/\/www.notibras.com\/site\/ceb-faz-manutencao-e-pode-faltar-luz-veja-locais-e-horarios\/"},"author":{"name":"Reda\u00e7\u00e3o","@id":"https:\/\/www.notibras.com\/site\/#\/schema\/person\/36ab0979449956132d3e5b517ea76ac8"},"headline":"CEB faz manuten\u00e7\u00e3o na 6\u00aa, 15, e pode faltar luz. Veja locais e hor\u00e1rios","datePublished":"2015-05-12T08:08:19+00:00","dateModified":"2015-05-16T02:44:47+00:00","mainEntityOfPage":{"@id":"https:\/\/www.notibras.com\/site\/ceb-faz-manutencao-e-pode-faltar-luz-veja-locais-e-horarios\/"},"wordCount":337,"commentCount":0,"publisher":{"@id":"https:\/\/www.notibras.com\/site\/#organization"},"image":{"@id":"https:\/\/www.notibras.com\/site\/ceb-faz-manutencao-e-pode-faltar-luz-veja-locais-e-horarios\/#primaryimage"},"thumbnailUrl":"https:\/\/www.notibras.com\/site\/wp-content\/uploads\/2015\/05\/zap15.jpg","articleSection":["ZapZap das Quadras"],"inLanguage":"pt-BR","potentialAction":[{"@type":"CommentAction","name":"Comment","target":["https:\/\/www.notibras.com\/site\/ceb-faz-manutencao-e-pode-faltar-luz-veja-locais-e-horarios\/#respond"]}]},{"@type":"WebPage","@id":"https:\/\/www.notibras.com\/site\/ceb-faz-manutencao-e-pode-faltar-luz-veja-locais-e-horarios\/","url":"https:\/\/www.notibras.com\/site\/ceb-faz-manutencao-e-pode-faltar-luz-veja-locais-e-horarios\/","name":"CEB faz manuten\u00e7\u00e3o na 6\u00aa, 15, e pode faltar luz. Veja locais e hor\u00e1rios - Notibras","isPartOf":{"@id":"https:\/\/www.notibras.com\/site\/#website"},"primaryImageOfPage":{"@id":"https:\/\/www.notibras.com\/site\/ceb-faz-manutencao-e-pode-faltar-luz-veja-locais-e-horarios\/#primaryimage"},"image":{"@id":"https:\/\/www.notibras.com\/site\/ceb-faz-manutencao-e-pode-faltar-luz-veja-locais-e-horarios\/#primaryimage"},"thumbnailUrl":"https:\/\/www.notibras.com\/site\/wp-content\/uploads\/2015\/05\/zap15.jpg","datePublished":"2015-05-12T08:08:19+00:00","dateModified":"2015-05-16T02:44:47+00:00","breadcrumb":{"@id":"https:\/\/www.notibras.com\/site\/ceb-faz-manutencao-e-pode-faltar-luz-veja-locais-e-horarios\/#breadcrumb"},"inLanguage":"pt-BR","potentialAction":[{"@type":"ReadAction","target":["https:\/\/www.notibras.com\/site\/ceb-faz-manutencao-e-pode-faltar-luz-veja-locais-e-horarios\/"]}]},{"@type":"ImageObject","inLanguage":"pt-BR","@id":"https:\/\/www.notibras.com\/site\/ceb-faz-manutencao-e-pode-faltar-luz-veja-locais-e-horarios\/#primaryimage","url":"https:\/\/www.notibras.com\/site\/wp-content\/uploads\/2015\/05\/zap15.jpg","contentUrl":"https:\/\/www.notibras.com\/site\/wp-content\/uploads\/2015\/05\/zap15.jpg","width":460,"height":305},{"@type":"BreadcrumbList","@id":"https:\/\/www.notibras.com\/site\/ceb-faz-manutencao-e-pode-faltar-luz-veja-locais-e-horarios\/#breadcrumb","itemListElement":[{"@type":"ListItem","position":1,"name":"In\u00edcio","item":"https:\/\/www.notibras.com\/site\/"},{"@type":"ListItem","position":2,"name":"CEB faz manuten\u00e7\u00e3o na 6\u00aa, 15, e pode faltar luz. Veja locais e hor\u00e1rios"}]},{"@type":"WebSite","@id":"https:\/\/www.notibras.com\/site\/#website","url":"https:\/\/www.notibras.com\/site\/","name":"Notibras","description":"Not\u00edcias de Bras\u00edlia, do Brasil e do Mundo","publisher":{"@id":"https:\/\/www.notibras.com\/site\/#organization"},"potentialAction":[{"@type":"SearchAction","target":{"@type":"EntryPoint","urlTemplate":"https:\/\/www.notibras.com\/site\/?s={search_term_string}"},"query-input":{"@type":"PropertyValueSpecification","valueRequired":true,"valueName":"search_term_string"}}],"inLanguage":"pt-BR"},{"@type":"Organization","@id":"https:\/\/www.notibras.com\/site\/#organization","name":"Grupo Notibras de Comunica\u00e7\u00e3o","url":"https:\/\/www.notibras.com\/site\/","logo":{"@type":"ImageObject","inLanguage":"pt-BR","@id":"https:\/\/www.notibras.com\/site\/#\/schema\/logo\/image\/","url":"https:\/\/www.notibras.com\/site\/wp-content\/uploads\/2023\/01\/notibras23.png","contentUrl":"https:\/\/www.notibras.com\/site\/wp-content\/uploads\/2023\/01\/notibras23.png","width":350,"height":87,"caption":"Grupo Notibras de Comunica\u00e7\u00e3o"},"image":{"@id":"https:\/\/www.notibras.com\/site\/#\/schema\/logo\/image\/"},"sameAs":["https:\/\/www.facebook.com\/notibras\/","https:\/\/x.com\/Notibras","https:\/\/www.instagram.com\/notibras\/"]},{"@type":"Person","@id":"https:\/\/www.notibras.com\/site\/#\/schema\/person\/36ab0979449956132d3e5b517ea76ac8","name":"Reda\u00e7\u00e3o","image":{"@type":"ImageObject","inLanguage":"pt-BR","@id":"https:\/\/secure.gravatar.com\/avatar\/e0a867bdedb85fd243eadf09663511f96fc81e0720a4a42581f334ad4303aa6b?s=96&d=mm&r=g","url":"https:\/\/secure.gravatar.com\/avatar\/e0a867bdedb85fd243eadf09663511f96fc81e0720a4a42581f334ad4303aa6b?s=96&d=mm&r=g","contentUrl":"https:\/\/secure.gravatar.com\/avatar\/e0a867bdedb85fd243eadf09663511f96fc81e0720a4a42581f334ad4303aa6b?s=96&d=mm&r=g","caption":"Reda\u00e7\u00e3o"}}]}},"amp_enabled":true,"_links":{"self":[{"href":"https:\/\/www.notibras.com\/site\/wp-json\/wp\/v2\/posts\/48624","targetHints":{"allow":["GET"]}}],"collection":[{"href":"https:\/\/www.notibras.com\/site\/wp-json\/wp\/v2\/posts"}],"about":[{"href":"https:\/\/www.notibras.com\/site\/wp-json\/wp\/v2\/types\/post"}],"author":[{"embeddable":true,"href":"https:\/\/www.notibras.com\/site\/wp-json\/wp\/v2\/users\/2"}],"replies":[{"embeddable":true,"href":"https:\/\/www.notibras.com\/site\/wp-json\/wp\/v2\/comments?post=48624"}],"version-history":[{"count":0,"href":"https:\/\/www.notibras.com\/site\/wp-json\/wp\/v2\/posts\/48624\/revisions"}],"wp:featuredmedia":[{"embeddable":true,"href":"https:\/\/www.notibras.com\/site\/wp-json\/wp\/v2\/media\/48625"}],"wp:attachment":[{"href":"https:\/\/www.notibras.com\/site\/wp-json\/wp\/v2\/media?parent=48624"}],"wp:term":[{"taxonomy":"category","embeddable":true,"href":"https:\/\/www.notibras.com\/site\/wp-json\/wp\/v2\/categories?post=48624"},{"taxonomy":"post_tag","embeddable":true,"href":"https:\/\/www.notibras.com\/site\/wp-json\/wp\/v2\/tags?post=48624"}],"curies":[{"name":"wp","href":"https:\/\/api.w.org\/{rel}","templated":true}]}}