{"id":48674,"date":"2015-05-15T00:43:23","date_gmt":"2015-05-15T03:43:23","guid":{"rendered":"http:\/\/www.notibras.com\/site\/?p=48674"},"modified":"2015-05-15T06:44:48","modified_gmt":"2015-05-15T09:44:48","slug":"sao-paulo-traca-homenagens-para-despedida-de-rogerio-ceni","status":"publish","type":"post","link":"https:\/\/www.notibras.com\/site\/sao-paulo-traca-homenagens-para-despedida-de-rogerio-ceni\/","title":{"rendered":"S\u00e3o Paulo tra\u00e7a homenagens para despedida de Rog\u00e9rio Ceni"},"content":{"rendered":"<p>Rog\u00e9rio Ceni se despediu da Libertadores na \u00faltima quarta-feira, ap\u00f3s o S\u00e3o Paulo ser eliminado pelo Cruzeiro nos p\u00eanaltis. O adeus aos gramados tamb\u00e9m est\u00e1 pr\u00f3ximo, j\u00e1 que o pr\u00f3prio jogador confirmou que ir\u00e1 cumprir o \u00faltimo contrato da carreira, com t\u00e9rmino previsto para o dia 6 de agosto. At\u00e9 a data, o time tricolor disputar\u00e1 mais 15 partidas. Algumas delas, segundo a diretoria do clube, ter\u00e3o &#8220;a\u00e7\u00f5es&#8221; para homenagear o camisa 1. Um jogo de despedida tamb\u00e9m est\u00e1 prevista.<\/p>\n<p>&#8220;Precisamos discutir algumas coisas ainda. Vai ter (um partida de despedida no Morumbi), isso eu garanto. A gente j\u00e1 tem em mente algumas a\u00e7\u00f5es para os \u00faltimos jogos&#8221;, disse Vin\u00edcius Pinotti, diretor de marketing do S\u00e3o Paulo.<\/p>\n<p>O clube, por\u00e9m, n\u00e3o deu detalhes sobre quais tipos de homenagens ser\u00e3o feitas para o capit\u00e3o s\u00e3o-paulino. Segundo J\u00falio Casares, vice-presidente do clube, a diretoria ir\u00e1 come\u00e7ar a pensar no assunto a partir de agora. &#8220;N\u00e3o t\u00ednhamos pensado nisso ainda&#8221;, afirmou.<\/p>\n<p>Em novembro do ano passado, dias antes de Rog\u00e9rio anunciar que iria prolongar a carreira por mais alguns meses, a despedida foi marcada para o dia 22 de fevereiro, no Morumbi. O jogo reuniria \u00eddolos do S\u00e3o Paulo contra ex-jogadores de Milan ou Liverpool. Na ocasi\u00e3o, a diretoria disse que pediria o adiamento de alguma partida caso o S\u00e3o Paulo jogasse pelo Campeonato Paulista no mesmo dia.<\/p>\n<blockquote><p>Rog\u00e9rio afirmou nesta quinta-feira, no desembarque do time no aeroporto de Congonhas, que cumprir\u00e1 o contrato. \u00a0&#8220;Eu amo o S\u00e3o Paulo, isso aqui \u00e9 minha vida. H\u00e1 25 anos estou aqui, \u00e9 meu time de cora\u00e7\u00e3o. Mas existe um contrato e vou cumprir. At\u00e9 dia 6 de agosto e assim ser\u00e1 feito&#8221;, disse o jogador de 42 anos.<\/p><\/blockquote>\n<div>Nesse cen\u00e1rio, Rog\u00e9rio entrar\u00e1 em campo mais 15 vezes. Ser\u00e3o mais sete jogos no Morumbi, al\u00e9m de oito confrontos fora de casa. O goleiro n\u00e3o disputaria mais a Copa do Brasil, pois as oitavas de final da competi\u00e7\u00e3o ser\u00e3o disputadas nos dias 19 e 26 de agosto.<\/div>\n<div><\/div>\n<div>O \u00faltimo jogo oficial de Rog\u00e9rio no Morumbi seria contra o Cruzeiro, no dia 26 de julho. Na semana seguinte, dia 2 de agosto, o S\u00e3o Paulo enfrenta o Atl\u00e9tico-MG no Mineir\u00e3o. O contrato do goleiro se encerra em uma quinta-feira, a tr\u00eas dias do cl\u00e1ssico contra o Corinthians, v\u00e1lido pela 17\u00aa rodada do Campeonato Brasileiro.<\/div>\n<div><\/div>\n<div>Rog\u00e9rio j\u00e1 disputou 1.210 partidas pelo S\u00e3o Paulo, em quase 25 anos no clube. O camisa 1 j\u00e1 marcou 127 gols &#8212; \u00e9 o 11\u00ba maior artilheiro da hist\u00f3ria do clube, a apenas um gol de Ra\u00ed. A primeira partida do arqueiro foi disputada em junho de 1993. Ele virou titular do time na temporada 1997, quando Zetti deixou a equipe rumo ao Santos.<\/div>\n","protected":false},"excerpt":{"rendered":"<p>Rog\u00e9rio Ceni se despediu da Libertadores na \u00faltima quarta-feira, ap\u00f3s o S\u00e3o Paulo ser eliminado pelo Cruzeiro nos p\u00eanaltis. O adeus aos gramados tamb\u00e9m est\u00e1 pr\u00f3ximo, j\u00e1 que o pr\u00f3prio jogador confirmou que ir\u00e1 cumprir o \u00faltimo contrato da carreira, com t\u00e9rmino previsto para o dia 6 de agosto. At\u00e9 a data, o time tricolor [&hellip;]<\/p>\n","protected":false},"author":2,"featured_media":48675,"comment_status":"open","ping_status":"closed","sticky":false,"template":"","format":"standard","meta":{"_acf_changed":false,"footnotes":""},"categories":[19,29],"tags":[],"class_list":["post-48674","post","type-post","status-publish","format-standard","has-post-thumbnail","hentry","category-esportes","category-futebol"],"acf":[],"yoast_head":"<!-- This site is optimized with the Yoast SEO plugin v27.2 - https:\/\/yoast.com\/product\/yoast-seo-wordpress\/ -->\n<title>S\u00e3o Paulo tra\u00e7a homenagens para despedida de Rog\u00e9rio Ceni - Notibras<\/title>\n<meta name=\"robots\" content=\"index, follow, max-snippet:-1, max-image-preview:large, max-video-preview:-1\" \/>\n<link rel=\"canonical\" href=\"https:\/\/www.notibras.com\/site\/sao-paulo-traca-homenagens-para-despedida-de-rogerio-ceni\/\" \/>\n<meta property=\"og:locale\" content=\"pt_BR\" \/>\n<meta property=\"og:type\" content=\"article\" \/>\n<meta property=\"og:title\" content=\"S\u00e3o Paulo tra\u00e7a homenagens para despedida de Rog\u00e9rio Ceni - Notibras\" \/>\n<meta property=\"og:description\" content=\"Rog\u00e9rio Ceni se despediu da Libertadores na \u00faltima quarta-feira, ap\u00f3s o S\u00e3o Paulo ser eliminado pelo Cruzeiro nos p\u00eanaltis. O adeus aos gramados tamb\u00e9m est\u00e1 pr\u00f3ximo, j\u00e1 que o pr\u00f3prio jogador confirmou que ir\u00e1 cumprir o \u00faltimo contrato da carreira, com t\u00e9rmino previsto para o dia 6 de agosto. At\u00e9 a data, o time tricolor [&hellip;]\" \/>\n<meta property=\"og:url\" content=\"https:\/\/www.notibras.com\/site\/sao-paulo-traca-homenagens-para-despedida-de-rogerio-ceni\/\" \/>\n<meta property=\"og:site_name\" content=\"Notibras\" \/>\n<meta property=\"article:publisher\" content=\"https:\/\/www.facebook.com\/notibras\/\" \/>\n<meta property=\"article:published_time\" content=\"2015-05-15T03:43:23+00:00\" \/>\n<meta property=\"article:modified_time\" content=\"2015-05-15T09:44:48+00:00\" \/>\n<meta property=\"og:image\" content=\"https:\/\/www.notibras.com\/site\/wp-content\/uploads\/2015\/05\/ceni15.jpg\" \/>\n\t<meta property=\"og:image:width\" content=\"615\" \/>\n\t<meta property=\"og:image:height\" content=\"300\" \/>\n\t<meta property=\"og:image:type\" content=\"image\/jpeg\" \/>\n<meta name=\"author\" content=\"Reda\u00e7\u00e3o\" \/>\n<meta name=\"twitter:card\" content=\"summary_large_image\" \/>\n<meta name=\"twitter:creator\" content=\"@Notibras\" \/>\n<meta name=\"twitter:site\" content=\"@Notibras\" \/>\n<meta name=\"twitter:label1\" content=\"Escrito por\" \/>\n\t<meta name=\"twitter:data1\" content=\"Reda\u00e7\u00e3o\" \/>\n\t<meta name=\"twitter:label2\" content=\"Est. tempo de leitura\" \/>\n\t<meta name=\"twitter:data2\" content=\"2 minutos\" \/>\n<script type=\"application\/ld+json\" class=\"yoast-schema-graph\">{\"@context\":\"https:\/\/schema.org\",\"@graph\":[{\"@type\":\"Article\",\"@id\":\"https:\/\/www.notibras.com\/site\/sao-paulo-traca-homenagens-para-despedida-de-rogerio-ceni\/#article\",\"isPartOf\":{\"@id\":\"https:\/\/www.notibras.com\/site\/sao-paulo-traca-homenagens-para-despedida-de-rogerio-ceni\/\"},\"author\":{\"name\":\"Reda\u00e7\u00e3o\",\"@id\":\"https:\/\/www.notibras.com\/site\/#\/schema\/person\/36ab0979449956132d3e5b517ea76ac8\"},\"headline\":\"S\u00e3o Paulo tra\u00e7a homenagens para despedida de Rog\u00e9rio Ceni\",\"datePublished\":\"2015-05-15T03:43:23+00:00\",\"dateModified\":\"2015-05-15T09:44:48+00:00\",\"mainEntityOfPage\":{\"@id\":\"https:\/\/www.notibras.com\/site\/sao-paulo-traca-homenagens-para-despedida-de-rogerio-ceni\/\"},\"wordCount\":486,\"commentCount\":0,\"publisher\":{\"@id\":\"https:\/\/www.notibras.com\/site\/#organization\"},\"image\":{\"@id\":\"https:\/\/www.notibras.com\/site\/sao-paulo-traca-homenagens-para-despedida-de-rogerio-ceni\/#primaryimage\"},\"thumbnailUrl\":\"https:\/\/www.notibras.com\/site\/wp-content\/uploads\/2015\/05\/ceni15.jpg\",\"articleSection\":[\"Esportes\",\"Futebol\"],\"inLanguage\":\"pt-BR\",\"potentialAction\":[{\"@type\":\"CommentAction\",\"name\":\"Comment\",\"target\":[\"https:\/\/www.notibras.com\/site\/sao-paulo-traca-homenagens-para-despedida-de-rogerio-ceni\/#respond\"]}]},{\"@type\":\"WebPage\",\"@id\":\"https:\/\/www.notibras.com\/site\/sao-paulo-traca-homenagens-para-despedida-de-rogerio-ceni\/\",\"url\":\"https:\/\/www.notibras.com\/site\/sao-paulo-traca-homenagens-para-despedida-de-rogerio-ceni\/\",\"name\":\"S\u00e3o Paulo tra\u00e7a homenagens para despedida de Rog\u00e9rio Ceni - Notibras\",\"isPartOf\":{\"@id\":\"https:\/\/www.notibras.com\/site\/#website\"},\"primaryImageOfPage\":{\"@id\":\"https:\/\/www.notibras.com\/site\/sao-paulo-traca-homenagens-para-despedida-de-rogerio-ceni\/#primaryimage\"},\"image\":{\"@id\":\"https:\/\/www.notibras.com\/site\/sao-paulo-traca-homenagens-para-despedida-de-rogerio-ceni\/#primaryimage\"},\"thumbnailUrl\":\"https:\/\/www.notibras.com\/site\/wp-content\/uploads\/2015\/05\/ceni15.jpg\",\"datePublished\":\"2015-05-15T03:43:23+00:00\",\"dateModified\":\"2015-05-15T09:44:48+00:00\",\"breadcrumb\":{\"@id\":\"https:\/\/www.notibras.com\/site\/sao-paulo-traca-homenagens-para-despedida-de-rogerio-ceni\/#breadcrumb\"},\"inLanguage\":\"pt-BR\",\"potentialAction\":[{\"@type\":\"ReadAction\",\"target\":[\"https:\/\/www.notibras.com\/site\/sao-paulo-traca-homenagens-para-despedida-de-rogerio-ceni\/\"]}]},{\"@type\":\"ImageObject\",\"inLanguage\":\"pt-BR\",\"@id\":\"https:\/\/www.notibras.com\/site\/sao-paulo-traca-homenagens-para-despedida-de-rogerio-ceni\/#primaryimage\",\"url\":\"https:\/\/www.notibras.com\/site\/wp-content\/uploads\/2015\/05\/ceni15.jpg\",\"contentUrl\":\"https:\/\/www.notibras.com\/site\/wp-content\/uploads\/2015\/05\/ceni15.jpg\",\"width\":615,\"height\":300},{\"@type\":\"BreadcrumbList\",\"@id\":\"https:\/\/www.notibras.com\/site\/sao-paulo-traca-homenagens-para-despedida-de-rogerio-ceni\/#breadcrumb\",\"itemListElement\":[{\"@type\":\"ListItem\",\"position\":1,\"name\":\"In\u00edcio\",\"item\":\"https:\/\/www.notibras.com\/site\/\"},{\"@type\":\"ListItem\",\"position\":2,\"name\":\"S\u00e3o Paulo tra\u00e7a homenagens para despedida de Rog\u00e9rio Ceni\"}]},{\"@type\":\"WebSite\",\"@id\":\"https:\/\/www.notibras.com\/site\/#website\",\"url\":\"https:\/\/www.notibras.com\/site\/\",\"name\":\"Notibras\",\"description\":\"Not\u00edcias de Bras\u00edlia, do Brasil e do Mundo\",\"publisher\":{\"@id\":\"https:\/\/www.notibras.com\/site\/#organization\"},\"potentialAction\":[{\"@type\":\"SearchAction\",\"target\":{\"@type\":\"EntryPoint\",\"urlTemplate\":\"https:\/\/www.notibras.com\/site\/?s={search_term_string}\"},\"query-input\":{\"@type\":\"PropertyValueSpecification\",\"valueRequired\":true,\"valueName\":\"search_term_string\"}}],\"inLanguage\":\"pt-BR\"},{\"@type\":\"Organization\",\"@id\":\"https:\/\/www.notibras.com\/site\/#organization\",\"name\":\"Grupo Notibras de Comunica\u00e7\u00e3o\",\"url\":\"https:\/\/www.notibras.com\/site\/\",\"logo\":{\"@type\":\"ImageObject\",\"inLanguage\":\"pt-BR\",\"@id\":\"https:\/\/www.notibras.com\/site\/#\/schema\/logo\/image\/\",\"url\":\"https:\/\/www.notibras.com\/site\/wp-content\/uploads\/2023\/01\/notibras23.png\",\"contentUrl\":\"https:\/\/www.notibras.com\/site\/wp-content\/uploads\/2023\/01\/notibras23.png\",\"width\":350,\"height\":87,\"caption\":\"Grupo Notibras de Comunica\u00e7\u00e3o\"},\"image\":{\"@id\":\"https:\/\/www.notibras.com\/site\/#\/schema\/logo\/image\/\"},\"sameAs\":[\"https:\/\/www.facebook.com\/notibras\/\",\"https:\/\/x.com\/Notibras\",\"https:\/\/www.instagram.com\/notibras\/\"]},{\"@type\":\"Person\",\"@id\":\"https:\/\/www.notibras.com\/site\/#\/schema\/person\/36ab0979449956132d3e5b517ea76ac8\",\"name\":\"Reda\u00e7\u00e3o\",\"image\":{\"@type\":\"ImageObject\",\"inLanguage\":\"pt-BR\",\"@id\":\"https:\/\/secure.gravatar.com\/avatar\/e0a867bdedb85fd243eadf09663511f96fc81e0720a4a42581f334ad4303aa6b?s=96&d=mm&r=g\",\"url\":\"https:\/\/secure.gravatar.com\/avatar\/e0a867bdedb85fd243eadf09663511f96fc81e0720a4a42581f334ad4303aa6b?s=96&d=mm&r=g\",\"contentUrl\":\"https:\/\/secure.gravatar.com\/avatar\/e0a867bdedb85fd243eadf09663511f96fc81e0720a4a42581f334ad4303aa6b?s=96&d=mm&r=g\",\"caption\":\"Reda\u00e7\u00e3o\"}}]}<\/script>\n<!-- \/ Yoast SEO plugin. -->","yoast_head_json":{"title":"S\u00e3o Paulo tra\u00e7a homenagens para despedida de Rog\u00e9rio Ceni - Notibras","robots":{"index":"index","follow":"follow","max-snippet":"max-snippet:-1","max-image-preview":"max-image-preview:large","max-video-preview":"max-video-preview:-1"},"canonical":"https:\/\/www.notibras.com\/site\/sao-paulo-traca-homenagens-para-despedida-de-rogerio-ceni\/","og_locale":"pt_BR","og_type":"article","og_title":"S\u00e3o Paulo tra\u00e7a homenagens para despedida de Rog\u00e9rio Ceni - Notibras","og_description":"Rog\u00e9rio Ceni se despediu da Libertadores na \u00faltima quarta-feira, ap\u00f3s o S\u00e3o Paulo ser eliminado pelo Cruzeiro nos p\u00eanaltis. O adeus aos gramados tamb\u00e9m est\u00e1 pr\u00f3ximo, j\u00e1 que o pr\u00f3prio jogador confirmou que ir\u00e1 cumprir o \u00faltimo contrato da carreira, com t\u00e9rmino previsto para o dia 6 de agosto. At\u00e9 a data, o time tricolor [&hellip;]","og_url":"https:\/\/www.notibras.com\/site\/sao-paulo-traca-homenagens-para-despedida-de-rogerio-ceni\/","og_site_name":"Notibras","article_publisher":"https:\/\/www.facebook.com\/notibras\/","article_published_time":"2015-05-15T03:43:23+00:00","article_modified_time":"2015-05-15T09:44:48+00:00","og_image":[{"width":615,"height":300,"url":"https:\/\/www.notibras.com\/site\/wp-content\/uploads\/2015\/05\/ceni15.jpg","type":"image\/jpeg"}],"author":"Reda\u00e7\u00e3o","twitter_card":"summary_large_image","twitter_creator":"@Notibras","twitter_site":"@Notibras","twitter_misc":{"Escrito por":"Reda\u00e7\u00e3o","Est. tempo de leitura":"2 minutos"},"schema":{"@context":"https:\/\/schema.org","@graph":[{"@type":"Article","@id":"https:\/\/www.notibras.com\/site\/sao-paulo-traca-homenagens-para-despedida-de-rogerio-ceni\/#article","isPartOf":{"@id":"https:\/\/www.notibras.com\/site\/sao-paulo-traca-homenagens-para-despedida-de-rogerio-ceni\/"},"author":{"name":"Reda\u00e7\u00e3o","@id":"https:\/\/www.notibras.com\/site\/#\/schema\/person\/36ab0979449956132d3e5b517ea76ac8"},"headline":"S\u00e3o Paulo tra\u00e7a homenagens para despedida de Rog\u00e9rio Ceni","datePublished":"2015-05-15T03:43:23+00:00","dateModified":"2015-05-15T09:44:48+00:00","mainEntityOfPage":{"@id":"https:\/\/www.notibras.com\/site\/sao-paulo-traca-homenagens-para-despedida-de-rogerio-ceni\/"},"wordCount":486,"commentCount":0,"publisher":{"@id":"https:\/\/www.notibras.com\/site\/#organization"},"image":{"@id":"https:\/\/www.notibras.com\/site\/sao-paulo-traca-homenagens-para-despedida-de-rogerio-ceni\/#primaryimage"},"thumbnailUrl":"https:\/\/www.notibras.com\/site\/wp-content\/uploads\/2015\/05\/ceni15.jpg","articleSection":["Esportes","Futebol"],"inLanguage":"pt-BR","potentialAction":[{"@type":"CommentAction","name":"Comment","target":["https:\/\/www.notibras.com\/site\/sao-paulo-traca-homenagens-para-despedida-de-rogerio-ceni\/#respond"]}]},{"@type":"WebPage","@id":"https:\/\/www.notibras.com\/site\/sao-paulo-traca-homenagens-para-despedida-de-rogerio-ceni\/","url":"https:\/\/www.notibras.com\/site\/sao-paulo-traca-homenagens-para-despedida-de-rogerio-ceni\/","name":"S\u00e3o Paulo tra\u00e7a homenagens para despedida de Rog\u00e9rio Ceni - Notibras","isPartOf":{"@id":"https:\/\/www.notibras.com\/site\/#website"},"primaryImageOfPage":{"@id":"https:\/\/www.notibras.com\/site\/sao-paulo-traca-homenagens-para-despedida-de-rogerio-ceni\/#primaryimage"},"image":{"@id":"https:\/\/www.notibras.com\/site\/sao-paulo-traca-homenagens-para-despedida-de-rogerio-ceni\/#primaryimage"},"thumbnailUrl":"https:\/\/www.notibras.com\/site\/wp-content\/uploads\/2015\/05\/ceni15.jpg","datePublished":"2015-05-15T03:43:23+00:00","dateModified":"2015-05-15T09:44:48+00:00","breadcrumb":{"@id":"https:\/\/www.notibras.com\/site\/sao-paulo-traca-homenagens-para-despedida-de-rogerio-ceni\/#breadcrumb"},"inLanguage":"pt-BR","potentialAction":[{"@type":"ReadAction","target":["https:\/\/www.notibras.com\/site\/sao-paulo-traca-homenagens-para-despedida-de-rogerio-ceni\/"]}]},{"@type":"ImageObject","inLanguage":"pt-BR","@id":"https:\/\/www.notibras.com\/site\/sao-paulo-traca-homenagens-para-despedida-de-rogerio-ceni\/#primaryimage","url":"https:\/\/www.notibras.com\/site\/wp-content\/uploads\/2015\/05\/ceni15.jpg","contentUrl":"https:\/\/www.notibras.com\/site\/wp-content\/uploads\/2015\/05\/ceni15.jpg","width":615,"height":300},{"@type":"BreadcrumbList","@id":"https:\/\/www.notibras.com\/site\/sao-paulo-traca-homenagens-para-despedida-de-rogerio-ceni\/#breadcrumb","itemListElement":[{"@type":"ListItem","position":1,"name":"In\u00edcio","item":"https:\/\/www.notibras.com\/site\/"},{"@type":"ListItem","position":2,"name":"S\u00e3o Paulo tra\u00e7a homenagens para despedida de Rog\u00e9rio Ceni"}]},{"@type":"WebSite","@id":"https:\/\/www.notibras.com\/site\/#website","url":"https:\/\/www.notibras.com\/site\/","name":"Notibras","description":"Not\u00edcias de Bras\u00edlia, do Brasil e do Mundo","publisher":{"@id":"https:\/\/www.notibras.com\/site\/#organization"},"potentialAction":[{"@type":"SearchAction","target":{"@type":"EntryPoint","urlTemplate":"https:\/\/www.notibras.com\/site\/?s={search_term_string}"},"query-input":{"@type":"PropertyValueSpecification","valueRequired":true,"valueName":"search_term_string"}}],"inLanguage":"pt-BR"},{"@type":"Organization","@id":"https:\/\/www.notibras.com\/site\/#organization","name":"Grupo Notibras de Comunica\u00e7\u00e3o","url":"https:\/\/www.notibras.com\/site\/","logo":{"@type":"ImageObject","inLanguage":"pt-BR","@id":"https:\/\/www.notibras.com\/site\/#\/schema\/logo\/image\/","url":"https:\/\/www.notibras.com\/site\/wp-content\/uploads\/2023\/01\/notibras23.png","contentUrl":"https:\/\/www.notibras.com\/site\/wp-content\/uploads\/2023\/01\/notibras23.png","width":350,"height":87,"caption":"Grupo Notibras de Comunica\u00e7\u00e3o"},"image":{"@id":"https:\/\/www.notibras.com\/site\/#\/schema\/logo\/image\/"},"sameAs":["https:\/\/www.facebook.com\/notibras\/","https:\/\/x.com\/Notibras","https:\/\/www.instagram.com\/notibras\/"]},{"@type":"Person","@id":"https:\/\/www.notibras.com\/site\/#\/schema\/person\/36ab0979449956132d3e5b517ea76ac8","name":"Reda\u00e7\u00e3o","image":{"@type":"ImageObject","inLanguage":"pt-BR","@id":"https:\/\/secure.gravatar.com\/avatar\/e0a867bdedb85fd243eadf09663511f96fc81e0720a4a42581f334ad4303aa6b?s=96&d=mm&r=g","url":"https:\/\/secure.gravatar.com\/avatar\/e0a867bdedb85fd243eadf09663511f96fc81e0720a4a42581f334ad4303aa6b?s=96&d=mm&r=g","contentUrl":"https:\/\/secure.gravatar.com\/avatar\/e0a867bdedb85fd243eadf09663511f96fc81e0720a4a42581f334ad4303aa6b?s=96&d=mm&r=g","caption":"Reda\u00e7\u00e3o"}}]}},"amp_enabled":true,"_links":{"self":[{"href":"https:\/\/www.notibras.com\/site\/wp-json\/wp\/v2\/posts\/48674","targetHints":{"allow":["GET"]}}],"collection":[{"href":"https:\/\/www.notibras.com\/site\/wp-json\/wp\/v2\/posts"}],"about":[{"href":"https:\/\/www.notibras.com\/site\/wp-json\/wp\/v2\/types\/post"}],"author":[{"embeddable":true,"href":"https:\/\/www.notibras.com\/site\/wp-json\/wp\/v2\/users\/2"}],"replies":[{"embeddable":true,"href":"https:\/\/www.notibras.com\/site\/wp-json\/wp\/v2\/comments?post=48674"}],"version-history":[{"count":0,"href":"https:\/\/www.notibras.com\/site\/wp-json\/wp\/v2\/posts\/48674\/revisions"}],"wp:featuredmedia":[{"embeddable":true,"href":"https:\/\/www.notibras.com\/site\/wp-json\/wp\/v2\/media\/48675"}],"wp:attachment":[{"href":"https:\/\/www.notibras.com\/site\/wp-json\/wp\/v2\/media?parent=48674"}],"wp:term":[{"taxonomy":"category","embeddable":true,"href":"https:\/\/www.notibras.com\/site\/wp-json\/wp\/v2\/categories?post=48674"},{"taxonomy":"post_tag","embeddable":true,"href":"https:\/\/www.notibras.com\/site\/wp-json\/wp\/v2\/tags?post=48674"}],"curies":[{"name":"wp","href":"https:\/\/api.w.org\/{rel}","templated":true}]}}