{"id":48678,"date":"2015-05-15T06:54:30","date_gmt":"2015-05-15T09:54:30","guid":{"rendered":"http:\/\/www.notibras.com\/site\/?p=48678"},"modified":"2015-05-15T06:54:31","modified_gmt":"2015-05-15T09:54:31","slug":"crack-e-bode-expiatorio-da-exclusao-social-e-da-miseria-no-pais","status":"publish","type":"post","link":"https:\/\/www.notibras.com\/site\/crack-e-bode-expiatorio-da-exclusao-social-e-da-miseria-no-pais\/","title":{"rendered":"Crack \u00e9 bode expiat\u00f3rio da exclus\u00e3o social e da mis\u00e9ria no Pa\u00eds"},"content":{"rendered":"<p>Todo agrupamento humano vai, inevitavelmente, conter pessoas que por diferentes raz\u00f5es n\u00e3o se adaptam e ficam \u00e0 margem do grupo. Nas grandes cidades, por motivos \u00f3bvios, o n\u00famero de indiv\u00edduos \u00e0 margem \u00e9 consideravelmente maior.<\/p>\n<p>O problema fica particularmente complexo quando esses indiv\u00edduos s\u00e3o socialmente exclu\u00eddos, tornam-se inc\u00f4modos e, por consequ\u00eancia, s\u00e3o classificados como &#8220;indesej\u00e1veis&#8221;, como \u00e9 o caso da popula\u00e7\u00e3o em situa\u00e7\u00e3o de rua que comp\u00f5e as assim chamadas &#8220;cracol\u00e2ndias&#8221;.<\/p>\n<p>Aqui cabe lembrar que a situa\u00e7\u00e3o de exclus\u00e3o social e mis\u00e9ria se relaciona ao fato dessas pessoas terem sido privadas de acesso \u00e0 moradia, ao trabalho, \u00e0 educa\u00e7\u00e3o e \u00e0 sa\u00fade. Com recursos t\u00e3o prec\u00e1rios, encontram-se vulner\u00e1veis e muitos acabam se tornando dependentes de \u00e1lcool e de outras drogas.<\/p>\n<p>Para o observador externo, o que se faz vis\u00edvel \u00e9 apenas uma massa amorfa de &#8220;molambos&#8221; usando crack a c\u00e9u aberto em espa\u00e7os p\u00fablicos. Privados de sua identidade e de sua cidadania passam a ser nomeados de &#8220;craqueiros&#8221; ou &#8220;cracudos&#8221;, pelo comportamento de utilizarem uma droga euforizante, talvez a \u00fanica possibilidade de obterem algum tipo de prazer em suas exist\u00eancias miser\u00e1veis.<\/p>\n<blockquote><p>Criam-se muitas lendas urbanas a respeito desses dependentes. Chamados de &#8220;zumbis&#8221;, refor\u00e7ou-se o mito de que a droga \u00e9 o mal que os levou \u00e0quela situa\u00e7\u00e3o de extrema pen\u00faria. Foi desconsiderado um fato cientificamente comprovado de que a grande maioria dos usu\u00e1rios de subst\u00e2ncias, licitas ou il\u00edcitas, n\u00e3o \u00e9 levada \u00e0 depend\u00eancia nem \u00e9 conduzida, necessariamente, a uma situa\u00e7\u00e3o de mis\u00e9ria existencial ou exclus\u00e3o social.<\/p><\/blockquote>\n<p>Mas a droga tem sido um \u00f3timo &#8220;bode expiat\u00f3rio&#8221; para que n\u00e3o tenhamos que olhar para os grandes e complexos problemas por traz da quest\u00e3o. Acirraram-se os discursos proibicionistas e as medidas repressivas.<\/p>\n<p>Isso, aliado a uma legisla\u00e7\u00e3o amb\u00edgua e a pol\u00edticas p\u00fablicas higienistas, leva a um verdadeiro genoc\u00eddio \u00e9tnico-social, tornando esses &#8220;seres indesej\u00e1veis&#8221; ainda mais miser\u00e1veis e agravando assim ainda mais o problema social que os cerca.<\/p>\n<p>Diversas experi\u00eancias internacionais t\u00eam mostrado que o resgate da cidadania \u00e9 o fator de maior sucesso na abordagem de popula\u00e7\u00f5es socialmente exclu\u00eddas. Foi a resposta que encontraram como alternativa ao fracasso dos modelos de interven\u00e7\u00e3o baseados na repress\u00e3o, tanto policial quanto assistencial.<\/p>\n<p>Se a repress\u00e3o ao tr\u00e1fico \u00e9 algo necess\u00e1rio enquanto medida normativa dentro de um grupo social, a repress\u00e3o policial tem se ocupado equivocadamente da puni\u00e7\u00e3o de usu\u00e1rios ou dependentes, n\u00e3o sendo capaz sequer de identificar os verdadeiros traficantes.<\/p>\n<p>No \u00e2mbito assistencial, prop\u00f5em-se medidas restritivas da liberdade, punitivas e afrontosas aos direitos humanos, sob a forma de interna\u00e7\u00f5es compuls\u00f3rias ou involunt\u00e1rias, de efic\u00e1cia praticamente nula. As interven\u00e7\u00f5es que priorizaram o acesso a moradia, trabalho, educa\u00e7\u00e3o e sa\u00fade, sem exigir a abstin\u00eancia do uso de subst\u00e2ncias, chegaram a resultados incomparavelmente melhores.<\/p>\n<p>Isto apenas confirmou que a droga n\u00e3o \u00e9 a vil\u00e3, mas apenas a ponta de um iceberg muito mais perigoso. E se n\u00e3o olharmos para o que est\u00e1 mais abaixo, vamos todos afundar.<\/p>\n<p><strong>Dartiu Xavier da Silveira<\/strong><\/p>\n","protected":false},"excerpt":{"rendered":"<p>Todo agrupamento humano vai, inevitavelmente, conter pessoas que por diferentes raz\u00f5es n\u00e3o se adaptam e ficam \u00e0 margem do grupo. Nas grandes cidades, por motivos \u00f3bvios, o n\u00famero de indiv\u00edduos \u00e0 margem \u00e9 consideravelmente maior. O problema fica particularmente complexo quando esses indiv\u00edduos s\u00e3o socialmente exclu\u00eddos, tornam-se inc\u00f4modos e, por consequ\u00eancia, s\u00e3o classificados como &#8220;indesej\u00e1veis&#8221;, [&hellip;]<\/p>\n","protected":false},"author":2,"featured_media":48679,"comment_status":"open","ping_status":"closed","sticky":false,"template":"","format":"standard","meta":{"_acf_changed":false,"footnotes":""},"categories":[25],"tags":[],"class_list":["post-48678","post","type-post","status-publish","format-standard","has-post-thumbnail","hentry","category-opina-ai"],"acf":[],"yoast_head":"<!-- This site is optimized with the Yoast SEO plugin v27.2 - https:\/\/yoast.com\/product\/yoast-seo-wordpress\/ -->\n<title>Crack \u00e9 bode expiat\u00f3rio da exclus\u00e3o social e da mis\u00e9ria no Pa\u00eds - Notibras<\/title>\n<meta name=\"robots\" content=\"index, follow, max-snippet:-1, max-image-preview:large, max-video-preview:-1\" \/>\n<link rel=\"canonical\" href=\"https:\/\/www.notibras.com\/site\/crack-e-bode-expiatorio-da-exclusao-social-e-da-miseria-no-pais\/\" \/>\n<meta property=\"og:locale\" content=\"pt_BR\" \/>\n<meta property=\"og:type\" content=\"article\" \/>\n<meta property=\"og:title\" content=\"Crack \u00e9 bode expiat\u00f3rio da exclus\u00e3o social e da mis\u00e9ria no Pa\u00eds - Notibras\" \/>\n<meta property=\"og:description\" content=\"Todo agrupamento humano vai, inevitavelmente, conter pessoas que por diferentes raz\u00f5es n\u00e3o se adaptam e ficam \u00e0 margem do grupo. Nas grandes cidades, por motivos \u00f3bvios, o n\u00famero de indiv\u00edduos \u00e0 margem \u00e9 consideravelmente maior. O problema fica particularmente complexo quando esses indiv\u00edduos s\u00e3o socialmente exclu\u00eddos, tornam-se inc\u00f4modos e, por consequ\u00eancia, s\u00e3o classificados como &#8220;indesej\u00e1veis&#8221;, [&hellip;]\" \/>\n<meta property=\"og:url\" content=\"https:\/\/www.notibras.com\/site\/crack-e-bode-expiatorio-da-exclusao-social-e-da-miseria-no-pais\/\" \/>\n<meta property=\"og:site_name\" content=\"Notibras\" \/>\n<meta property=\"article:publisher\" content=\"https:\/\/www.facebook.com\/notibras\/\" \/>\n<meta property=\"article:published_time\" content=\"2015-05-15T09:54:30+00:00\" \/>\n<meta property=\"article:modified_time\" content=\"2015-05-15T09:54:31+00:00\" \/>\n<meta property=\"og:image\" content=\"https:\/\/www.notibras.com\/site\/wp-content\/uploads\/2015\/05\/cra15.jpg\" \/>\n\t<meta property=\"og:image:width\" content=\"700\" \/>\n\t<meta property=\"og:image:height\" content=\"451\" \/>\n\t<meta property=\"og:image:type\" content=\"image\/jpeg\" \/>\n<meta name=\"author\" content=\"Reda\u00e7\u00e3o\" \/>\n<meta name=\"twitter:card\" content=\"summary_large_image\" \/>\n<meta name=\"twitter:creator\" content=\"@Notibras\" \/>\n<meta name=\"twitter:site\" content=\"@Notibras\" \/>\n<meta name=\"twitter:label1\" content=\"Escrito por\" \/>\n\t<meta name=\"twitter:data1\" content=\"Reda\u00e7\u00e3o\" \/>\n\t<meta name=\"twitter:label2\" content=\"Est. tempo de leitura\" \/>\n\t<meta name=\"twitter:data2\" content=\"3 minutos\" \/>\n<script type=\"application\/ld+json\" class=\"yoast-schema-graph\">{\"@context\":\"https:\/\/schema.org\",\"@graph\":[{\"@type\":\"Article\",\"@id\":\"https:\/\/www.notibras.com\/site\/crack-e-bode-expiatorio-da-exclusao-social-e-da-miseria-no-pais\/#article\",\"isPartOf\":{\"@id\":\"https:\/\/www.notibras.com\/site\/crack-e-bode-expiatorio-da-exclusao-social-e-da-miseria-no-pais\/\"},\"author\":{\"name\":\"Reda\u00e7\u00e3o\",\"@id\":\"https:\/\/www.notibras.com\/site\/#\/schema\/person\/36ab0979449956132d3e5b517ea76ac8\"},\"headline\":\"Crack \u00e9 bode expiat\u00f3rio da exclus\u00e3o social e da mis\u00e9ria no Pa\u00eds\",\"datePublished\":\"2015-05-15T09:54:30+00:00\",\"dateModified\":\"2015-05-15T09:54:31+00:00\",\"mainEntityOfPage\":{\"@id\":\"https:\/\/www.notibras.com\/site\/crack-e-bode-expiatorio-da-exclusao-social-e-da-miseria-no-pais\/\"},\"wordCount\":557,\"commentCount\":0,\"publisher\":{\"@id\":\"https:\/\/www.notibras.com\/site\/#organization\"},\"image\":{\"@id\":\"https:\/\/www.notibras.com\/site\/crack-e-bode-expiatorio-da-exclusao-social-e-da-miseria-no-pais\/#primaryimage\"},\"thumbnailUrl\":\"https:\/\/www.notibras.com\/site\/wp-content\/uploads\/2015\/05\/cra15.jpg\",\"articleSection\":[\"Opina a\u00ed\"],\"inLanguage\":\"pt-BR\",\"potentialAction\":[{\"@type\":\"CommentAction\",\"name\":\"Comment\",\"target\":[\"https:\/\/www.notibras.com\/site\/crack-e-bode-expiatorio-da-exclusao-social-e-da-miseria-no-pais\/#respond\"]}]},{\"@type\":\"WebPage\",\"@id\":\"https:\/\/www.notibras.com\/site\/crack-e-bode-expiatorio-da-exclusao-social-e-da-miseria-no-pais\/\",\"url\":\"https:\/\/www.notibras.com\/site\/crack-e-bode-expiatorio-da-exclusao-social-e-da-miseria-no-pais\/\",\"name\":\"Crack \u00e9 bode expiat\u00f3rio da exclus\u00e3o social e da mis\u00e9ria no Pa\u00eds - Notibras\",\"isPartOf\":{\"@id\":\"https:\/\/www.notibras.com\/site\/#website\"},\"primaryImageOfPage\":{\"@id\":\"https:\/\/www.notibras.com\/site\/crack-e-bode-expiatorio-da-exclusao-social-e-da-miseria-no-pais\/#primaryimage\"},\"image\":{\"@id\":\"https:\/\/www.notibras.com\/site\/crack-e-bode-expiatorio-da-exclusao-social-e-da-miseria-no-pais\/#primaryimage\"},\"thumbnailUrl\":\"https:\/\/www.notibras.com\/site\/wp-content\/uploads\/2015\/05\/cra15.jpg\",\"datePublished\":\"2015-05-15T09:54:30+00:00\",\"dateModified\":\"2015-05-15T09:54:31+00:00\",\"breadcrumb\":{\"@id\":\"https:\/\/www.notibras.com\/site\/crack-e-bode-expiatorio-da-exclusao-social-e-da-miseria-no-pais\/#breadcrumb\"},\"inLanguage\":\"pt-BR\",\"potentialAction\":[{\"@type\":\"ReadAction\",\"target\":[\"https:\/\/www.notibras.com\/site\/crack-e-bode-expiatorio-da-exclusao-social-e-da-miseria-no-pais\/\"]}]},{\"@type\":\"ImageObject\",\"inLanguage\":\"pt-BR\",\"@id\":\"https:\/\/www.notibras.com\/site\/crack-e-bode-expiatorio-da-exclusao-social-e-da-miseria-no-pais\/#primaryimage\",\"url\":\"https:\/\/www.notibras.com\/site\/wp-content\/uploads\/2015\/05\/cra15.jpg\",\"contentUrl\":\"https:\/\/www.notibras.com\/site\/wp-content\/uploads\/2015\/05\/cra15.jpg\",\"width\":700,\"height\":451},{\"@type\":\"BreadcrumbList\",\"@id\":\"https:\/\/www.notibras.com\/site\/crack-e-bode-expiatorio-da-exclusao-social-e-da-miseria-no-pais\/#breadcrumb\",\"itemListElement\":[{\"@type\":\"ListItem\",\"position\":1,\"name\":\"In\u00edcio\",\"item\":\"https:\/\/www.notibras.com\/site\/\"},{\"@type\":\"ListItem\",\"position\":2,\"name\":\"Crack \u00e9 bode expiat\u00f3rio da exclus\u00e3o social e da mis\u00e9ria no Pa\u00eds\"}]},{\"@type\":\"WebSite\",\"@id\":\"https:\/\/www.notibras.com\/site\/#website\",\"url\":\"https:\/\/www.notibras.com\/site\/\",\"name\":\"Notibras\",\"description\":\"Not\u00edcias de Bras\u00edlia, do Brasil e do Mundo\",\"publisher\":{\"@id\":\"https:\/\/www.notibras.com\/site\/#organization\"},\"potentialAction\":[{\"@type\":\"SearchAction\",\"target\":{\"@type\":\"EntryPoint\",\"urlTemplate\":\"https:\/\/www.notibras.com\/site\/?s={search_term_string}\"},\"query-input\":{\"@type\":\"PropertyValueSpecification\",\"valueRequired\":true,\"valueName\":\"search_term_string\"}}],\"inLanguage\":\"pt-BR\"},{\"@type\":\"Organization\",\"@id\":\"https:\/\/www.notibras.com\/site\/#organization\",\"name\":\"Grupo Notibras de Comunica\u00e7\u00e3o\",\"url\":\"https:\/\/www.notibras.com\/site\/\",\"logo\":{\"@type\":\"ImageObject\",\"inLanguage\":\"pt-BR\",\"@id\":\"https:\/\/www.notibras.com\/site\/#\/schema\/logo\/image\/\",\"url\":\"https:\/\/www.notibras.com\/site\/wp-content\/uploads\/2023\/01\/notibras23.png\",\"contentUrl\":\"https:\/\/www.notibras.com\/site\/wp-content\/uploads\/2023\/01\/notibras23.png\",\"width\":350,\"height\":87,\"caption\":\"Grupo Notibras de Comunica\u00e7\u00e3o\"},\"image\":{\"@id\":\"https:\/\/www.notibras.com\/site\/#\/schema\/logo\/image\/\"},\"sameAs\":[\"https:\/\/www.facebook.com\/notibras\/\",\"https:\/\/x.com\/Notibras\",\"https:\/\/www.instagram.com\/notibras\/\"]},{\"@type\":\"Person\",\"@id\":\"https:\/\/www.notibras.com\/site\/#\/schema\/person\/36ab0979449956132d3e5b517ea76ac8\",\"name\":\"Reda\u00e7\u00e3o\",\"image\":{\"@type\":\"ImageObject\",\"inLanguage\":\"pt-BR\",\"@id\":\"https:\/\/secure.gravatar.com\/avatar\/e0a867bdedb85fd243eadf09663511f96fc81e0720a4a42581f334ad4303aa6b?s=96&d=mm&r=g\",\"url\":\"https:\/\/secure.gravatar.com\/avatar\/e0a867bdedb85fd243eadf09663511f96fc81e0720a4a42581f334ad4303aa6b?s=96&d=mm&r=g\",\"contentUrl\":\"https:\/\/secure.gravatar.com\/avatar\/e0a867bdedb85fd243eadf09663511f96fc81e0720a4a42581f334ad4303aa6b?s=96&d=mm&r=g\",\"caption\":\"Reda\u00e7\u00e3o\"}}]}<\/script>\n<!-- \/ Yoast SEO plugin. -->","yoast_head_json":{"title":"Crack \u00e9 bode expiat\u00f3rio da exclus\u00e3o social e da mis\u00e9ria no Pa\u00eds - Notibras","robots":{"index":"index","follow":"follow","max-snippet":"max-snippet:-1","max-image-preview":"max-image-preview:large","max-video-preview":"max-video-preview:-1"},"canonical":"https:\/\/www.notibras.com\/site\/crack-e-bode-expiatorio-da-exclusao-social-e-da-miseria-no-pais\/","og_locale":"pt_BR","og_type":"article","og_title":"Crack \u00e9 bode expiat\u00f3rio da exclus\u00e3o social e da mis\u00e9ria no Pa\u00eds - Notibras","og_description":"Todo agrupamento humano vai, inevitavelmente, conter pessoas que por diferentes raz\u00f5es n\u00e3o se adaptam e ficam \u00e0 margem do grupo. Nas grandes cidades, por motivos \u00f3bvios, o n\u00famero de indiv\u00edduos \u00e0 margem \u00e9 consideravelmente maior. O problema fica particularmente complexo quando esses indiv\u00edduos s\u00e3o socialmente exclu\u00eddos, tornam-se inc\u00f4modos e, por consequ\u00eancia, s\u00e3o classificados como &#8220;indesej\u00e1veis&#8221;, [&hellip;]","og_url":"https:\/\/www.notibras.com\/site\/crack-e-bode-expiatorio-da-exclusao-social-e-da-miseria-no-pais\/","og_site_name":"Notibras","article_publisher":"https:\/\/www.facebook.com\/notibras\/","article_published_time":"2015-05-15T09:54:30+00:00","article_modified_time":"2015-05-15T09:54:31+00:00","og_image":[{"width":700,"height":451,"url":"https:\/\/www.notibras.com\/site\/wp-content\/uploads\/2015\/05\/cra15.jpg","type":"image\/jpeg"}],"author":"Reda\u00e7\u00e3o","twitter_card":"summary_large_image","twitter_creator":"@Notibras","twitter_site":"@Notibras","twitter_misc":{"Escrito por":"Reda\u00e7\u00e3o","Est. tempo de leitura":"3 minutos"},"schema":{"@context":"https:\/\/schema.org","@graph":[{"@type":"Article","@id":"https:\/\/www.notibras.com\/site\/crack-e-bode-expiatorio-da-exclusao-social-e-da-miseria-no-pais\/#article","isPartOf":{"@id":"https:\/\/www.notibras.com\/site\/crack-e-bode-expiatorio-da-exclusao-social-e-da-miseria-no-pais\/"},"author":{"name":"Reda\u00e7\u00e3o","@id":"https:\/\/www.notibras.com\/site\/#\/schema\/person\/36ab0979449956132d3e5b517ea76ac8"},"headline":"Crack \u00e9 bode expiat\u00f3rio da exclus\u00e3o social e da mis\u00e9ria no Pa\u00eds","datePublished":"2015-05-15T09:54:30+00:00","dateModified":"2015-05-15T09:54:31+00:00","mainEntityOfPage":{"@id":"https:\/\/www.notibras.com\/site\/crack-e-bode-expiatorio-da-exclusao-social-e-da-miseria-no-pais\/"},"wordCount":557,"commentCount":0,"publisher":{"@id":"https:\/\/www.notibras.com\/site\/#organization"},"image":{"@id":"https:\/\/www.notibras.com\/site\/crack-e-bode-expiatorio-da-exclusao-social-e-da-miseria-no-pais\/#primaryimage"},"thumbnailUrl":"https:\/\/www.notibras.com\/site\/wp-content\/uploads\/2015\/05\/cra15.jpg","articleSection":["Opina a\u00ed"],"inLanguage":"pt-BR","potentialAction":[{"@type":"CommentAction","name":"Comment","target":["https:\/\/www.notibras.com\/site\/crack-e-bode-expiatorio-da-exclusao-social-e-da-miseria-no-pais\/#respond"]}]},{"@type":"WebPage","@id":"https:\/\/www.notibras.com\/site\/crack-e-bode-expiatorio-da-exclusao-social-e-da-miseria-no-pais\/","url":"https:\/\/www.notibras.com\/site\/crack-e-bode-expiatorio-da-exclusao-social-e-da-miseria-no-pais\/","name":"Crack \u00e9 bode expiat\u00f3rio da exclus\u00e3o social e da mis\u00e9ria no Pa\u00eds - Notibras","isPartOf":{"@id":"https:\/\/www.notibras.com\/site\/#website"},"primaryImageOfPage":{"@id":"https:\/\/www.notibras.com\/site\/crack-e-bode-expiatorio-da-exclusao-social-e-da-miseria-no-pais\/#primaryimage"},"image":{"@id":"https:\/\/www.notibras.com\/site\/crack-e-bode-expiatorio-da-exclusao-social-e-da-miseria-no-pais\/#primaryimage"},"thumbnailUrl":"https:\/\/www.notibras.com\/site\/wp-content\/uploads\/2015\/05\/cra15.jpg","datePublished":"2015-05-15T09:54:30+00:00","dateModified":"2015-05-15T09:54:31+00:00","breadcrumb":{"@id":"https:\/\/www.notibras.com\/site\/crack-e-bode-expiatorio-da-exclusao-social-e-da-miseria-no-pais\/#breadcrumb"},"inLanguage":"pt-BR","potentialAction":[{"@type":"ReadAction","target":["https:\/\/www.notibras.com\/site\/crack-e-bode-expiatorio-da-exclusao-social-e-da-miseria-no-pais\/"]}]},{"@type":"ImageObject","inLanguage":"pt-BR","@id":"https:\/\/www.notibras.com\/site\/crack-e-bode-expiatorio-da-exclusao-social-e-da-miseria-no-pais\/#primaryimage","url":"https:\/\/www.notibras.com\/site\/wp-content\/uploads\/2015\/05\/cra15.jpg","contentUrl":"https:\/\/www.notibras.com\/site\/wp-content\/uploads\/2015\/05\/cra15.jpg","width":700,"height":451},{"@type":"BreadcrumbList","@id":"https:\/\/www.notibras.com\/site\/crack-e-bode-expiatorio-da-exclusao-social-e-da-miseria-no-pais\/#breadcrumb","itemListElement":[{"@type":"ListItem","position":1,"name":"In\u00edcio","item":"https:\/\/www.notibras.com\/site\/"},{"@type":"ListItem","position":2,"name":"Crack \u00e9 bode expiat\u00f3rio da exclus\u00e3o social e da mis\u00e9ria no Pa\u00eds"}]},{"@type":"WebSite","@id":"https:\/\/www.notibras.com\/site\/#website","url":"https:\/\/www.notibras.com\/site\/","name":"Notibras","description":"Not\u00edcias de Bras\u00edlia, do Brasil e do Mundo","publisher":{"@id":"https:\/\/www.notibras.com\/site\/#organization"},"potentialAction":[{"@type":"SearchAction","target":{"@type":"EntryPoint","urlTemplate":"https:\/\/www.notibras.com\/site\/?s={search_term_string}"},"query-input":{"@type":"PropertyValueSpecification","valueRequired":true,"valueName":"search_term_string"}}],"inLanguage":"pt-BR"},{"@type":"Organization","@id":"https:\/\/www.notibras.com\/site\/#organization","name":"Grupo Notibras de Comunica\u00e7\u00e3o","url":"https:\/\/www.notibras.com\/site\/","logo":{"@type":"ImageObject","inLanguage":"pt-BR","@id":"https:\/\/www.notibras.com\/site\/#\/schema\/logo\/image\/","url":"https:\/\/www.notibras.com\/site\/wp-content\/uploads\/2023\/01\/notibras23.png","contentUrl":"https:\/\/www.notibras.com\/site\/wp-content\/uploads\/2023\/01\/notibras23.png","width":350,"height":87,"caption":"Grupo Notibras de Comunica\u00e7\u00e3o"},"image":{"@id":"https:\/\/www.notibras.com\/site\/#\/schema\/logo\/image\/"},"sameAs":["https:\/\/www.facebook.com\/notibras\/","https:\/\/x.com\/Notibras","https:\/\/www.instagram.com\/notibras\/"]},{"@type":"Person","@id":"https:\/\/www.notibras.com\/site\/#\/schema\/person\/36ab0979449956132d3e5b517ea76ac8","name":"Reda\u00e7\u00e3o","image":{"@type":"ImageObject","inLanguage":"pt-BR","@id":"https:\/\/secure.gravatar.com\/avatar\/e0a867bdedb85fd243eadf09663511f96fc81e0720a4a42581f334ad4303aa6b?s=96&d=mm&r=g","url":"https:\/\/secure.gravatar.com\/avatar\/e0a867bdedb85fd243eadf09663511f96fc81e0720a4a42581f334ad4303aa6b?s=96&d=mm&r=g","contentUrl":"https:\/\/secure.gravatar.com\/avatar\/e0a867bdedb85fd243eadf09663511f96fc81e0720a4a42581f334ad4303aa6b?s=96&d=mm&r=g","caption":"Reda\u00e7\u00e3o"}}]}},"amp_enabled":true,"_links":{"self":[{"href":"https:\/\/www.notibras.com\/site\/wp-json\/wp\/v2\/posts\/48678","targetHints":{"allow":["GET"]}}],"collection":[{"href":"https:\/\/www.notibras.com\/site\/wp-json\/wp\/v2\/posts"}],"about":[{"href":"https:\/\/www.notibras.com\/site\/wp-json\/wp\/v2\/types\/post"}],"author":[{"embeddable":true,"href":"https:\/\/www.notibras.com\/site\/wp-json\/wp\/v2\/users\/2"}],"replies":[{"embeddable":true,"href":"https:\/\/www.notibras.com\/site\/wp-json\/wp\/v2\/comments?post=48678"}],"version-history":[{"count":0,"href":"https:\/\/www.notibras.com\/site\/wp-json\/wp\/v2\/posts\/48678\/revisions"}],"wp:featuredmedia":[{"embeddable":true,"href":"https:\/\/www.notibras.com\/site\/wp-json\/wp\/v2\/media\/48679"}],"wp:attachment":[{"href":"https:\/\/www.notibras.com\/site\/wp-json\/wp\/v2\/media?parent=48678"}],"wp:term":[{"taxonomy":"category","embeddable":true,"href":"https:\/\/www.notibras.com\/site\/wp-json\/wp\/v2\/categories?post=48678"},{"taxonomy":"post_tag","embeddable":true,"href":"https:\/\/www.notibras.com\/site\/wp-json\/wp\/v2\/tags?post=48678"}],"curies":[{"name":"wp","href":"https:\/\/api.w.org\/{rel}","templated":true}]}}