{"id":4875,"date":"2014-03-20T23:58:39","date_gmt":"2014-03-21T02:58:39","guid":{"rendered":"http:\/\/www.notibras.com\/site\/?p=4875"},"modified":"2014-03-21T07:46:37","modified_gmt":"2014-03-21T10:46:37","slug":"gol-no-fim-e-confusao-deixam-cruzeiro-praticamente-fora-da-libertadores","status":"publish","type":"post","link":"https:\/\/www.notibras.com\/site\/gol-no-fim-e-confusao-deixam-cruzeiro-praticamente-fora-da-libertadores\/","title":{"rendered":"Gol no fim deixa Cruzeiro em situa\u00e7\u00e3o cr\u00edtica na Libertadores"},"content":{"rendered":"<p>O Cruzeiro entrou na noite desta quinta-feira com a necessidade da vit\u00f3ria a todo custo na Libertadores e\u00a0decepcionou os quase 40 mil torcedores que foram at\u00e9 o Mineir\u00e3o. Com a vaga na pr\u00f3xima fase amea\u00e7ada, a equipe celeste teve\u00a0um jogo conturbado e tomou\u00a0o empate do Defensor, do Uruguai, no \u00faltimo lance do confronto\u00a0&#8211; o 2 a 2 ap\u00f3s os donos da casa abrirem vantagem de dois gols\u00a0complicou bastante as chances da equipe mineira na competi\u00e7\u00e3o internacional.<\/p>\n<p>A partida desta noite foi bastante complicada para os cruzeirenses. O Defensor mostrou fora de casa o motivo de\u00a0fazer uma boa campanha na competi\u00e7\u00e3o, mas tamb\u00e9m deixou a partida conturbada \u2013 o confronto foi bem\u00a0quente principalmente na primeira etapa, quando discuss\u00e3o entre jogadores foram constantes e um atleta de cada lado foi expulso. Ao fim do duelo, os torcedores que foram ao Mineir\u00e3o direcionaram gritos de\u00a0&#8220;vergonha&#8221; para a equipe celeste.<\/p>\n<p>Para ficar em segundo no grupo, o Cruzeiro precisava de uma vit\u00f3ria por dois gols de diferen\u00e7a. Como n\u00e3o conseguiu, fica em terceiro com quatro pontos a apenas duas rodadas do fim da fase de grupos \u2013 a Universidad do Chile lidera com nove pontos, seguida pelo Defensor com sete, enquanto o Real Garcilaso \u00e9 o lanterna com tr\u00eas pontos ganhos, conquistados exatamente com vit\u00f3ria sobre o time mineiro.<\/p>\n<p>A situa\u00e7\u00e3o cruzeirense se complica tendo em vista a pr\u00f3xima partida: encara a l\u00edder Universidad de Chile fora de casa no dia 3 de abril, \u00e0s 21h (de Bras\u00edlia), e apenas pode considerar a vit\u00f3ria um bom resultado. A equipe celeste ainda ficar\u00e1 de olho na outra partida da rodada, entre Real Garcilaso e Defensor, e pode ser eliminada dependendo da combina\u00e7\u00e3o de resultados.<\/p>\n","protected":false},"excerpt":{"rendered":"<p>O Cruzeiro entrou na noite desta quinta-feira com a necessidade da vit\u00f3ria a todo custo na Libertadores e\u00a0decepcionou os quase 40 mil torcedores que foram at\u00e9 o Mineir\u00e3o. Com a vaga na pr\u00f3xima fase amea\u00e7ada, a equipe celeste teve\u00a0um jogo conturbado e tomou\u00a0o empate do Defensor, do Uruguai, no \u00faltimo lance do confronto\u00a0&#8211; o 2 [&hellip;]<\/p>\n","protected":false},"author":1,"featured_media":4876,"comment_status":"open","ping_status":"closed","sticky":false,"template":"","format":"standard","meta":{"_acf_changed":false,"footnotes":""},"categories":[19],"tags":[],"class_list":["post-4875","post","type-post","status-publish","format-standard","has-post-thumbnail","hentry","category-esportes"],"acf":[],"yoast_head":"<!-- This site is optimized with the Yoast SEO plugin v27.2 - https:\/\/yoast.com\/product\/yoast-seo-wordpress\/ -->\n<title>Gol no fim deixa Cruzeiro em situa\u00e7\u00e3o cr\u00edtica na Libertadores - Notibras<\/title>\n<meta name=\"robots\" content=\"index, follow, max-snippet:-1, max-image-preview:large, max-video-preview:-1\" \/>\n<link rel=\"canonical\" href=\"https:\/\/www.notibras.com\/site\/gol-no-fim-e-confusao-deixam-cruzeiro-praticamente-fora-da-libertadores\/\" \/>\n<meta property=\"og:locale\" content=\"pt_BR\" \/>\n<meta property=\"og:type\" content=\"article\" \/>\n<meta property=\"og:title\" content=\"Gol no fim deixa Cruzeiro em situa\u00e7\u00e3o cr\u00edtica na Libertadores - Notibras\" \/>\n<meta property=\"og:description\" content=\"O Cruzeiro entrou na noite desta quinta-feira com a necessidade da vit\u00f3ria a todo custo na Libertadores e\u00a0decepcionou os quase 40 mil torcedores que foram at\u00e9 o Mineir\u00e3o. Com a vaga na pr\u00f3xima fase amea\u00e7ada, a equipe celeste teve\u00a0um jogo conturbado e tomou\u00a0o empate do Defensor, do Uruguai, no \u00faltimo lance do confronto\u00a0&#8211; o 2 [&hellip;]\" \/>\n<meta property=\"og:url\" content=\"https:\/\/www.notibras.com\/site\/gol-no-fim-e-confusao-deixam-cruzeiro-praticamente-fora-da-libertadores\/\" \/>\n<meta property=\"og:site_name\" content=\"Notibras\" \/>\n<meta property=\"article:publisher\" content=\"https:\/\/www.facebook.com\/notibras\/\" \/>\n<meta property=\"article:published_time\" content=\"2014-03-21T02:58:39+00:00\" \/>\n<meta property=\"article:modified_time\" content=\"2014-03-21T10:46:37+00:00\" \/>\n<meta property=\"og:image\" content=\"https:\/\/www.notibras.com\/site\/wp-content\/uploads\/2014\/03\/Sem-t\u00edtulo-18.jpg\" \/>\n\t<meta property=\"og:image:width\" content=\"619\" \/>\n\t<meta property=\"og:image:height\" content=\"464\" \/>\n\t<meta property=\"og:image:type\" content=\"image\/jpeg\" \/>\n<meta name=\"author\" content=\"Reda\u00e7\u00e3o\" \/>\n<meta name=\"twitter:card\" content=\"summary_large_image\" \/>\n<meta name=\"twitter:creator\" content=\"@Notibras\" \/>\n<meta name=\"twitter:site\" content=\"@Notibras\" \/>\n<meta name=\"twitter:label1\" content=\"Escrito por\" \/>\n\t<meta name=\"twitter:data1\" content=\"Reda\u00e7\u00e3o\" \/>\n\t<meta name=\"twitter:label2\" content=\"Est. tempo de leitura\" \/>\n\t<meta name=\"twitter:data2\" content=\"2 minutos\" \/>\n<script type=\"application\/ld+json\" class=\"yoast-schema-graph\">{\"@context\":\"https:\/\/schema.org\",\"@graph\":[{\"@type\":\"Article\",\"@id\":\"https:\/\/www.notibras.com\/site\/gol-no-fim-e-confusao-deixam-cruzeiro-praticamente-fora-da-libertadores\/#article\",\"isPartOf\":{\"@id\":\"https:\/\/www.notibras.com\/site\/gol-no-fim-e-confusao-deixam-cruzeiro-praticamente-fora-da-libertadores\/\"},\"author\":{\"name\":\"Reda\u00e7\u00e3o\",\"@id\":\"https:\/\/www.notibras.com\/site\/#\/schema\/person\/00b8e1aa08f9ef6563e878c5159d01cf\"},\"headline\":\"Gol no fim deixa Cruzeiro em situa\u00e7\u00e3o cr\u00edtica na Libertadores\",\"datePublished\":\"2014-03-21T02:58:39+00:00\",\"dateModified\":\"2014-03-21T10:46:37+00:00\",\"mainEntityOfPage\":{\"@id\":\"https:\/\/www.notibras.com\/site\/gol-no-fim-e-confusao-deixam-cruzeiro-praticamente-fora-da-libertadores\/\"},\"wordCount\":313,\"commentCount\":0,\"publisher\":{\"@id\":\"https:\/\/www.notibras.com\/site\/#organization\"},\"image\":{\"@id\":\"https:\/\/www.notibras.com\/site\/gol-no-fim-e-confusao-deixam-cruzeiro-praticamente-fora-da-libertadores\/#primaryimage\"},\"thumbnailUrl\":\"https:\/\/www.notibras.com\/site\/wp-content\/uploads\/2014\/03\/Sem-t\u00edtulo-18.jpg\",\"articleSection\":[\"Esportes\"],\"inLanguage\":\"pt-BR\",\"potentialAction\":[{\"@type\":\"CommentAction\",\"name\":\"Comment\",\"target\":[\"https:\/\/www.notibras.com\/site\/gol-no-fim-e-confusao-deixam-cruzeiro-praticamente-fora-da-libertadores\/#respond\"]}]},{\"@type\":\"WebPage\",\"@id\":\"https:\/\/www.notibras.com\/site\/gol-no-fim-e-confusao-deixam-cruzeiro-praticamente-fora-da-libertadores\/\",\"url\":\"https:\/\/www.notibras.com\/site\/gol-no-fim-e-confusao-deixam-cruzeiro-praticamente-fora-da-libertadores\/\",\"name\":\"Gol no fim deixa Cruzeiro em situa\u00e7\u00e3o cr\u00edtica na Libertadores - Notibras\",\"isPartOf\":{\"@id\":\"https:\/\/www.notibras.com\/site\/#website\"},\"primaryImageOfPage\":{\"@id\":\"https:\/\/www.notibras.com\/site\/gol-no-fim-e-confusao-deixam-cruzeiro-praticamente-fora-da-libertadores\/#primaryimage\"},\"image\":{\"@id\":\"https:\/\/www.notibras.com\/site\/gol-no-fim-e-confusao-deixam-cruzeiro-praticamente-fora-da-libertadores\/#primaryimage\"},\"thumbnailUrl\":\"https:\/\/www.notibras.com\/site\/wp-content\/uploads\/2014\/03\/Sem-t\u00edtulo-18.jpg\",\"datePublished\":\"2014-03-21T02:58:39+00:00\",\"dateModified\":\"2014-03-21T10:46:37+00:00\",\"breadcrumb\":{\"@id\":\"https:\/\/www.notibras.com\/site\/gol-no-fim-e-confusao-deixam-cruzeiro-praticamente-fora-da-libertadores\/#breadcrumb\"},\"inLanguage\":\"pt-BR\",\"potentialAction\":[{\"@type\":\"ReadAction\",\"target\":[\"https:\/\/www.notibras.com\/site\/gol-no-fim-e-confusao-deixam-cruzeiro-praticamente-fora-da-libertadores\/\"]}]},{\"@type\":\"ImageObject\",\"inLanguage\":\"pt-BR\",\"@id\":\"https:\/\/www.notibras.com\/site\/gol-no-fim-e-confusao-deixam-cruzeiro-praticamente-fora-da-libertadores\/#primaryimage\",\"url\":\"https:\/\/www.notibras.com\/site\/wp-content\/uploads\/2014\/03\/Sem-t\u00edtulo-18.jpg\",\"contentUrl\":\"https:\/\/www.notibras.com\/site\/wp-content\/uploads\/2014\/03\/Sem-t\u00edtulo-18.jpg\",\"width\":619,\"height\":464},{\"@type\":\"BreadcrumbList\",\"@id\":\"https:\/\/www.notibras.com\/site\/gol-no-fim-e-confusao-deixam-cruzeiro-praticamente-fora-da-libertadores\/#breadcrumb\",\"itemListElement\":[{\"@type\":\"ListItem\",\"position\":1,\"name\":\"In\u00edcio\",\"item\":\"https:\/\/www.notibras.com\/site\/\"},{\"@type\":\"ListItem\",\"position\":2,\"name\":\"Gol no fim deixa Cruzeiro em situa\u00e7\u00e3o cr\u00edtica na Libertadores\"}]},{\"@type\":\"WebSite\",\"@id\":\"https:\/\/www.notibras.com\/site\/#website\",\"url\":\"https:\/\/www.notibras.com\/site\/\",\"name\":\"Notibras\",\"description\":\"Not\u00edcias de Bras\u00edlia, do Brasil e do Mundo\",\"publisher\":{\"@id\":\"https:\/\/www.notibras.com\/site\/#organization\"},\"potentialAction\":[{\"@type\":\"SearchAction\",\"target\":{\"@type\":\"EntryPoint\",\"urlTemplate\":\"https:\/\/www.notibras.com\/site\/?s={search_term_string}\"},\"query-input\":{\"@type\":\"PropertyValueSpecification\",\"valueRequired\":true,\"valueName\":\"search_term_string\"}}],\"inLanguage\":\"pt-BR\"},{\"@type\":\"Organization\",\"@id\":\"https:\/\/www.notibras.com\/site\/#organization\",\"name\":\"Grupo Notibras de Comunica\u00e7\u00e3o\",\"url\":\"https:\/\/www.notibras.com\/site\/\",\"logo\":{\"@type\":\"ImageObject\",\"inLanguage\":\"pt-BR\",\"@id\":\"https:\/\/www.notibras.com\/site\/#\/schema\/logo\/image\/\",\"url\":\"https:\/\/www.notibras.com\/site\/wp-content\/uploads\/2023\/01\/notibras23.png\",\"contentUrl\":\"https:\/\/www.notibras.com\/site\/wp-content\/uploads\/2023\/01\/notibras23.png\",\"width\":350,\"height\":87,\"caption\":\"Grupo Notibras de Comunica\u00e7\u00e3o\"},\"image\":{\"@id\":\"https:\/\/www.notibras.com\/site\/#\/schema\/logo\/image\/\"},\"sameAs\":[\"https:\/\/www.facebook.com\/notibras\/\",\"https:\/\/x.com\/Notibras\",\"https:\/\/www.instagram.com\/notibras\/\"]},{\"@type\":\"Person\",\"@id\":\"https:\/\/www.notibras.com\/site\/#\/schema\/person\/00b8e1aa08f9ef6563e878c5159d01cf\",\"name\":\"Reda\u00e7\u00e3o\",\"image\":{\"@type\":\"ImageObject\",\"inLanguage\":\"pt-BR\",\"@id\":\"https:\/\/secure.gravatar.com\/avatar\/ac5a707d5b47784a5ed426c6e213e201423c750890f64e4c379114dade67dfb9?s=96&d=mm&r=g\",\"url\":\"https:\/\/secure.gravatar.com\/avatar\/ac5a707d5b47784a5ed426c6e213e201423c750890f64e4c379114dade67dfb9?s=96&d=mm&r=g\",\"contentUrl\":\"https:\/\/secure.gravatar.com\/avatar\/ac5a707d5b47784a5ed426c6e213e201423c750890f64e4c379114dade67dfb9?s=96&d=mm&r=g\",\"caption\":\"Reda\u00e7\u00e3o\"}}]}<\/script>\n<!-- \/ Yoast SEO plugin. -->","yoast_head_json":{"title":"Gol no fim deixa Cruzeiro em situa\u00e7\u00e3o cr\u00edtica na Libertadores - Notibras","robots":{"index":"index","follow":"follow","max-snippet":"max-snippet:-1","max-image-preview":"max-image-preview:large","max-video-preview":"max-video-preview:-1"},"canonical":"https:\/\/www.notibras.com\/site\/gol-no-fim-e-confusao-deixam-cruzeiro-praticamente-fora-da-libertadores\/","og_locale":"pt_BR","og_type":"article","og_title":"Gol no fim deixa Cruzeiro em situa\u00e7\u00e3o cr\u00edtica na Libertadores - Notibras","og_description":"O Cruzeiro entrou na noite desta quinta-feira com a necessidade da vit\u00f3ria a todo custo na Libertadores e\u00a0decepcionou os quase 40 mil torcedores que foram at\u00e9 o Mineir\u00e3o. Com a vaga na pr\u00f3xima fase amea\u00e7ada, a equipe celeste teve\u00a0um jogo conturbado e tomou\u00a0o empate do Defensor, do Uruguai, no \u00faltimo lance do confronto\u00a0&#8211; o 2 [&hellip;]","og_url":"https:\/\/www.notibras.com\/site\/gol-no-fim-e-confusao-deixam-cruzeiro-praticamente-fora-da-libertadores\/","og_site_name":"Notibras","article_publisher":"https:\/\/www.facebook.com\/notibras\/","article_published_time":"2014-03-21T02:58:39+00:00","article_modified_time":"2014-03-21T10:46:37+00:00","og_image":[{"width":619,"height":464,"url":"https:\/\/www.notibras.com\/site\/wp-content\/uploads\/2014\/03\/Sem-t\u00edtulo-18.jpg","type":"image\/jpeg"}],"author":"Reda\u00e7\u00e3o","twitter_card":"summary_large_image","twitter_creator":"@Notibras","twitter_site":"@Notibras","twitter_misc":{"Escrito por":"Reda\u00e7\u00e3o","Est. tempo de leitura":"2 minutos"},"schema":{"@context":"https:\/\/schema.org","@graph":[{"@type":"Article","@id":"https:\/\/www.notibras.com\/site\/gol-no-fim-e-confusao-deixam-cruzeiro-praticamente-fora-da-libertadores\/#article","isPartOf":{"@id":"https:\/\/www.notibras.com\/site\/gol-no-fim-e-confusao-deixam-cruzeiro-praticamente-fora-da-libertadores\/"},"author":{"name":"Reda\u00e7\u00e3o","@id":"https:\/\/www.notibras.com\/site\/#\/schema\/person\/00b8e1aa08f9ef6563e878c5159d01cf"},"headline":"Gol no fim deixa Cruzeiro em situa\u00e7\u00e3o cr\u00edtica na Libertadores","datePublished":"2014-03-21T02:58:39+00:00","dateModified":"2014-03-21T10:46:37+00:00","mainEntityOfPage":{"@id":"https:\/\/www.notibras.com\/site\/gol-no-fim-e-confusao-deixam-cruzeiro-praticamente-fora-da-libertadores\/"},"wordCount":313,"commentCount":0,"publisher":{"@id":"https:\/\/www.notibras.com\/site\/#organization"},"image":{"@id":"https:\/\/www.notibras.com\/site\/gol-no-fim-e-confusao-deixam-cruzeiro-praticamente-fora-da-libertadores\/#primaryimage"},"thumbnailUrl":"https:\/\/www.notibras.com\/site\/wp-content\/uploads\/2014\/03\/Sem-t\u00edtulo-18.jpg","articleSection":["Esportes"],"inLanguage":"pt-BR","potentialAction":[{"@type":"CommentAction","name":"Comment","target":["https:\/\/www.notibras.com\/site\/gol-no-fim-e-confusao-deixam-cruzeiro-praticamente-fora-da-libertadores\/#respond"]}]},{"@type":"WebPage","@id":"https:\/\/www.notibras.com\/site\/gol-no-fim-e-confusao-deixam-cruzeiro-praticamente-fora-da-libertadores\/","url":"https:\/\/www.notibras.com\/site\/gol-no-fim-e-confusao-deixam-cruzeiro-praticamente-fora-da-libertadores\/","name":"Gol no fim deixa Cruzeiro em situa\u00e7\u00e3o cr\u00edtica na Libertadores - Notibras","isPartOf":{"@id":"https:\/\/www.notibras.com\/site\/#website"},"primaryImageOfPage":{"@id":"https:\/\/www.notibras.com\/site\/gol-no-fim-e-confusao-deixam-cruzeiro-praticamente-fora-da-libertadores\/#primaryimage"},"image":{"@id":"https:\/\/www.notibras.com\/site\/gol-no-fim-e-confusao-deixam-cruzeiro-praticamente-fora-da-libertadores\/#primaryimage"},"thumbnailUrl":"https:\/\/www.notibras.com\/site\/wp-content\/uploads\/2014\/03\/Sem-t\u00edtulo-18.jpg","datePublished":"2014-03-21T02:58:39+00:00","dateModified":"2014-03-21T10:46:37+00:00","breadcrumb":{"@id":"https:\/\/www.notibras.com\/site\/gol-no-fim-e-confusao-deixam-cruzeiro-praticamente-fora-da-libertadores\/#breadcrumb"},"inLanguage":"pt-BR","potentialAction":[{"@type":"ReadAction","target":["https:\/\/www.notibras.com\/site\/gol-no-fim-e-confusao-deixam-cruzeiro-praticamente-fora-da-libertadores\/"]}]},{"@type":"ImageObject","inLanguage":"pt-BR","@id":"https:\/\/www.notibras.com\/site\/gol-no-fim-e-confusao-deixam-cruzeiro-praticamente-fora-da-libertadores\/#primaryimage","url":"https:\/\/www.notibras.com\/site\/wp-content\/uploads\/2014\/03\/Sem-t\u00edtulo-18.jpg","contentUrl":"https:\/\/www.notibras.com\/site\/wp-content\/uploads\/2014\/03\/Sem-t\u00edtulo-18.jpg","width":619,"height":464},{"@type":"BreadcrumbList","@id":"https:\/\/www.notibras.com\/site\/gol-no-fim-e-confusao-deixam-cruzeiro-praticamente-fora-da-libertadores\/#breadcrumb","itemListElement":[{"@type":"ListItem","position":1,"name":"In\u00edcio","item":"https:\/\/www.notibras.com\/site\/"},{"@type":"ListItem","position":2,"name":"Gol no fim deixa Cruzeiro em situa\u00e7\u00e3o cr\u00edtica na Libertadores"}]},{"@type":"WebSite","@id":"https:\/\/www.notibras.com\/site\/#website","url":"https:\/\/www.notibras.com\/site\/","name":"Notibras","description":"Not\u00edcias de Bras\u00edlia, do Brasil e do Mundo","publisher":{"@id":"https:\/\/www.notibras.com\/site\/#organization"},"potentialAction":[{"@type":"SearchAction","target":{"@type":"EntryPoint","urlTemplate":"https:\/\/www.notibras.com\/site\/?s={search_term_string}"},"query-input":{"@type":"PropertyValueSpecification","valueRequired":true,"valueName":"search_term_string"}}],"inLanguage":"pt-BR"},{"@type":"Organization","@id":"https:\/\/www.notibras.com\/site\/#organization","name":"Grupo Notibras de Comunica\u00e7\u00e3o","url":"https:\/\/www.notibras.com\/site\/","logo":{"@type":"ImageObject","inLanguage":"pt-BR","@id":"https:\/\/www.notibras.com\/site\/#\/schema\/logo\/image\/","url":"https:\/\/www.notibras.com\/site\/wp-content\/uploads\/2023\/01\/notibras23.png","contentUrl":"https:\/\/www.notibras.com\/site\/wp-content\/uploads\/2023\/01\/notibras23.png","width":350,"height":87,"caption":"Grupo Notibras de Comunica\u00e7\u00e3o"},"image":{"@id":"https:\/\/www.notibras.com\/site\/#\/schema\/logo\/image\/"},"sameAs":["https:\/\/www.facebook.com\/notibras\/","https:\/\/x.com\/Notibras","https:\/\/www.instagram.com\/notibras\/"]},{"@type":"Person","@id":"https:\/\/www.notibras.com\/site\/#\/schema\/person\/00b8e1aa08f9ef6563e878c5159d01cf","name":"Reda\u00e7\u00e3o","image":{"@type":"ImageObject","inLanguage":"pt-BR","@id":"https:\/\/secure.gravatar.com\/avatar\/ac5a707d5b47784a5ed426c6e213e201423c750890f64e4c379114dade67dfb9?s=96&d=mm&r=g","url":"https:\/\/secure.gravatar.com\/avatar\/ac5a707d5b47784a5ed426c6e213e201423c750890f64e4c379114dade67dfb9?s=96&d=mm&r=g","contentUrl":"https:\/\/secure.gravatar.com\/avatar\/ac5a707d5b47784a5ed426c6e213e201423c750890f64e4c379114dade67dfb9?s=96&d=mm&r=g","caption":"Reda\u00e7\u00e3o"}}]}},"amp_enabled":true,"_links":{"self":[{"href":"https:\/\/www.notibras.com\/site\/wp-json\/wp\/v2\/posts\/4875","targetHints":{"allow":["GET"]}}],"collection":[{"href":"https:\/\/www.notibras.com\/site\/wp-json\/wp\/v2\/posts"}],"about":[{"href":"https:\/\/www.notibras.com\/site\/wp-json\/wp\/v2\/types\/post"}],"author":[{"embeddable":true,"href":"https:\/\/www.notibras.com\/site\/wp-json\/wp\/v2\/users\/1"}],"replies":[{"embeddable":true,"href":"https:\/\/www.notibras.com\/site\/wp-json\/wp\/v2\/comments?post=4875"}],"version-history":[{"count":0,"href":"https:\/\/www.notibras.com\/site\/wp-json\/wp\/v2\/posts\/4875\/revisions"}],"wp:featuredmedia":[{"embeddable":true,"href":"https:\/\/www.notibras.com\/site\/wp-json\/wp\/v2\/media\/4876"}],"wp:attachment":[{"href":"https:\/\/www.notibras.com\/site\/wp-json\/wp\/v2\/media?parent=4875"}],"wp:term":[{"taxonomy":"category","embeddable":true,"href":"https:\/\/www.notibras.com\/site\/wp-json\/wp\/v2\/categories?post=4875"},{"taxonomy":"post_tag","embeddable":true,"href":"https:\/\/www.notibras.com\/site\/wp-json\/wp\/v2\/tags?post=4875"}],"curies":[{"name":"wp","href":"https:\/\/api.w.org\/{rel}","templated":true}]}}