{"id":48918,"date":"2015-05-14T19:30:47","date_gmt":"2015-05-14T22:30:47","guid":{"rendered":"http:\/\/www.notibras.com\/site\/?p=48918"},"modified":"2015-05-17T20:40:10","modified_gmt":"2015-05-17T23:40:10","slug":"domingo-tambem-e-dia-da-ceb-cuidar-da-manutencao-dos-servicos","status":"publish","type":"post","link":"https:\/\/www.notibras.com\/site\/domingo-tambem-e-dia-da-ceb-cuidar-da-manutencao-dos-servicos\/","title":{"rendered":"Domingo tamb\u00e9m \u00e9 dia da CEB cuidar da rede el\u00e9trica das cidades"},"content":{"rendered":"<p>Nem todo mundo descansa aos domingos. \u00c9 o caso da equipe de manuten\u00e7\u00e3o da CEB, que estar\u00e1 em campo hoje para a manuten\u00e7\u00e3o da rede nas cidades e hor\u00e1rios indicados a seguir:<\/p>\n<pre>GAMA\r\nHor\u00e1rio:  9h \u00e0s 15h\r\nLocal: Setor sul, Quadra 02 conjuntos  A,  B, C,  D, E; centro educacional\r\n08; Quadra 08 conjuntos  F, G, H,  I, J ,K,L; Eq 02\/08(Senai); Quadra 02:\r\ncom\u00e9rcio local lotes de 01 a 19 e centro educacional 08.\r\nServi\u00e7o:  recondutoramento de alimentador para cabo 185mm.\r\n\r\n\r\nS\u00c3O SEBASTI\u00c3O\r\nHor\u00e1rio: 9h \u00e0s 15h\r\nLocal: Vila nova,  ruas 01, rua 02 lotes 40 a 90,  06, 10(totais); rua 12\r\nlote 251;\r\nVila nova: Avenida central  lotes impares de 11 a  491, 501, 511, 531 e\r\nlotes pares de 110 a 140;\r\nBairro s\u00e3o Jos\u00e9:  Avenida Central Lotes  140, 230,280,370, 410, 430, 430-A,\r\n430B, 500, 550,560,580; Ruas  01, 02, 02-a, 05, 07(totais); Quadra 24 lote\r\n05.\r\nServi\u00e7o: recondutoramento de alimentador.\r\n\r\n\r\nTAGUATINGA\r\nHor\u00e1rio: Local: 9h \u00e0s 15h\r\nLocal: C-02 lotes de 12 a 22; C-03 lotes de 01 a 09.\r\nServi\u00e7o:  troca de poste de rede a\u00e9rea e instala\u00e7\u00e3o de transformador e\r\ntroca de  baixa tens\u00e3o  para  isolada.<\/pre>\n","protected":false},"excerpt":{"rendered":"<p>Nem todo mundo descansa aos domingos. \u00c9 o caso da equipe de manuten\u00e7\u00e3o da CEB, que estar\u00e1 em campo hoje para a manuten\u00e7\u00e3o da rede nas cidades e hor\u00e1rios indicados a seguir: GAMA Hor\u00e1rio: 9h \u00e0s 15h Local: Setor sul, Quadra 02 conjuntos A, B, C, D, E; centro educacional 08; Quadra 08 conjuntos F, [&hellip;]<\/p>\n","protected":false},"author":2,"featured_media":48919,"comment_status":"open","ping_status":"closed","sticky":false,"template":"","format":"standard","meta":{"_acf_changed":false,"footnotes":""},"categories":[40],"tags":[],"class_list":["post-48918","post","type-post","status-publish","format-standard","has-post-thumbnail","hentry","category-zapzap-das-quadras"],"acf":[],"yoast_head":"<!-- This site is optimized with the Yoast SEO plugin v27.2 - https:\/\/yoast.com\/product\/yoast-seo-wordpress\/ -->\n<title>Domingo tamb\u00e9m \u00e9 dia da CEB cuidar da rede el\u00e9trica das cidades - Notibras<\/title>\n<meta name=\"robots\" content=\"index, follow, max-snippet:-1, max-image-preview:large, max-video-preview:-1\" \/>\n<link rel=\"canonical\" href=\"https:\/\/www.notibras.com\/site\/domingo-tambem-e-dia-da-ceb-cuidar-da-manutencao-dos-servicos\/\" \/>\n<meta property=\"og:locale\" content=\"pt_BR\" \/>\n<meta property=\"og:type\" content=\"article\" \/>\n<meta property=\"og:title\" content=\"Domingo tamb\u00e9m \u00e9 dia da CEB cuidar da rede el\u00e9trica das cidades - Notibras\" \/>\n<meta property=\"og:description\" content=\"Nem todo mundo descansa aos domingos. \u00c9 o caso da equipe de manuten\u00e7\u00e3o da CEB, que estar\u00e1 em campo hoje para a manuten\u00e7\u00e3o da rede nas cidades e hor\u00e1rios indicados a seguir: GAMA Hor\u00e1rio: 9h \u00e0s 15h Local: Setor sul, Quadra 02 conjuntos A, B, C, D, E; centro educacional 08; Quadra 08 conjuntos F, [&hellip;]\" \/>\n<meta property=\"og:url\" content=\"https:\/\/www.notibras.com\/site\/domingo-tambem-e-dia-da-ceb-cuidar-da-manutencao-dos-servicos\/\" \/>\n<meta property=\"og:site_name\" content=\"Notibras\" \/>\n<meta property=\"article:publisher\" content=\"https:\/\/www.facebook.com\/notibras\/\" \/>\n<meta property=\"article:published_time\" content=\"2015-05-14T22:30:47+00:00\" \/>\n<meta property=\"article:modified_time\" content=\"2015-05-17T23:40:10+00:00\" \/>\n<meta property=\"og:image\" content=\"https:\/\/www.notibras.com\/site\/wp-content\/uploads\/2015\/05\/ceb16.jpg\" \/>\n\t<meta property=\"og:image:width\" content=\"500\" \/>\n\t<meta property=\"og:image:height\" content=\"331\" \/>\n\t<meta property=\"og:image:type\" content=\"image\/jpeg\" \/>\n<meta name=\"author\" content=\"Reda\u00e7\u00e3o\" \/>\n<meta name=\"twitter:card\" content=\"summary_large_image\" \/>\n<meta name=\"twitter:creator\" content=\"@Notibras\" \/>\n<meta name=\"twitter:site\" content=\"@Notibras\" \/>\n<meta name=\"twitter:label1\" content=\"Escrito por\" \/>\n\t<meta name=\"twitter:data1\" content=\"Reda\u00e7\u00e3o\" \/>\n\t<meta name=\"twitter:label2\" content=\"Est. tempo de leitura\" \/>\n\t<meta name=\"twitter:data2\" content=\"1 minuto\" \/>\n<script type=\"application\/ld+json\" class=\"yoast-schema-graph\">{\"@context\":\"https:\/\/schema.org\",\"@graph\":[{\"@type\":\"Article\",\"@id\":\"https:\/\/www.notibras.com\/site\/domingo-tambem-e-dia-da-ceb-cuidar-da-manutencao-dos-servicos\/#article\",\"isPartOf\":{\"@id\":\"https:\/\/www.notibras.com\/site\/domingo-tambem-e-dia-da-ceb-cuidar-da-manutencao-dos-servicos\/\"},\"author\":{\"name\":\"Reda\u00e7\u00e3o\",\"@id\":\"https:\/\/www.notibras.com\/site\/#\/schema\/person\/36ab0979449956132d3e5b517ea76ac8\"},\"headline\":\"Domingo tamb\u00e9m \u00e9 dia da CEB cuidar da rede el\u00e9trica das cidades\",\"datePublished\":\"2015-05-14T22:30:47+00:00\",\"dateModified\":\"2015-05-17T23:40:10+00:00\",\"mainEntityOfPage\":{\"@id\":\"https:\/\/www.notibras.com\/site\/domingo-tambem-e-dia-da-ceb-cuidar-da-manutencao-dos-servicos\/\"},\"wordCount\":47,\"commentCount\":0,\"publisher\":{\"@id\":\"https:\/\/www.notibras.com\/site\/#organization\"},\"image\":{\"@id\":\"https:\/\/www.notibras.com\/site\/domingo-tambem-e-dia-da-ceb-cuidar-da-manutencao-dos-servicos\/#primaryimage\"},\"thumbnailUrl\":\"https:\/\/www.notibras.com\/site\/wp-content\/uploads\/2015\/05\/ceb16.jpg\",\"articleSection\":[\"ZapZap das Quadras\"],\"inLanguage\":\"pt-BR\",\"potentialAction\":[{\"@type\":\"CommentAction\",\"name\":\"Comment\",\"target\":[\"https:\/\/www.notibras.com\/site\/domingo-tambem-e-dia-da-ceb-cuidar-da-manutencao-dos-servicos\/#respond\"]}]},{\"@type\":\"WebPage\",\"@id\":\"https:\/\/www.notibras.com\/site\/domingo-tambem-e-dia-da-ceb-cuidar-da-manutencao-dos-servicos\/\",\"url\":\"https:\/\/www.notibras.com\/site\/domingo-tambem-e-dia-da-ceb-cuidar-da-manutencao-dos-servicos\/\",\"name\":\"Domingo tamb\u00e9m \u00e9 dia da CEB cuidar da rede el\u00e9trica das cidades - Notibras\",\"isPartOf\":{\"@id\":\"https:\/\/www.notibras.com\/site\/#website\"},\"primaryImageOfPage\":{\"@id\":\"https:\/\/www.notibras.com\/site\/domingo-tambem-e-dia-da-ceb-cuidar-da-manutencao-dos-servicos\/#primaryimage\"},\"image\":{\"@id\":\"https:\/\/www.notibras.com\/site\/domingo-tambem-e-dia-da-ceb-cuidar-da-manutencao-dos-servicos\/#primaryimage\"},\"thumbnailUrl\":\"https:\/\/www.notibras.com\/site\/wp-content\/uploads\/2015\/05\/ceb16.jpg\",\"datePublished\":\"2015-05-14T22:30:47+00:00\",\"dateModified\":\"2015-05-17T23:40:10+00:00\",\"breadcrumb\":{\"@id\":\"https:\/\/www.notibras.com\/site\/domingo-tambem-e-dia-da-ceb-cuidar-da-manutencao-dos-servicos\/#breadcrumb\"},\"inLanguage\":\"pt-BR\",\"potentialAction\":[{\"@type\":\"ReadAction\",\"target\":[\"https:\/\/www.notibras.com\/site\/domingo-tambem-e-dia-da-ceb-cuidar-da-manutencao-dos-servicos\/\"]}]},{\"@type\":\"ImageObject\",\"inLanguage\":\"pt-BR\",\"@id\":\"https:\/\/www.notibras.com\/site\/domingo-tambem-e-dia-da-ceb-cuidar-da-manutencao-dos-servicos\/#primaryimage\",\"url\":\"https:\/\/www.notibras.com\/site\/wp-content\/uploads\/2015\/05\/ceb16.jpg\",\"contentUrl\":\"https:\/\/www.notibras.com\/site\/wp-content\/uploads\/2015\/05\/ceb16.jpg\",\"width\":500,\"height\":331,\"caption\":\"22\/02\/2013. Cr\u00e9dito: Bruno Peres\/CB\/D.A Press. Brasil. Bras\u00edlia - DF. Falta de energia el\u00e9trica em \u00c1guas Claras. Funcion\u00e1rio de empresa terceirizada da CEB faz manuten\u00e7\u00e3o em rede el\u00e9trica na quadra 208 em \u00c1guas Claras.\"},{\"@type\":\"BreadcrumbList\",\"@id\":\"https:\/\/www.notibras.com\/site\/domingo-tambem-e-dia-da-ceb-cuidar-da-manutencao-dos-servicos\/#breadcrumb\",\"itemListElement\":[{\"@type\":\"ListItem\",\"position\":1,\"name\":\"In\u00edcio\",\"item\":\"https:\/\/www.notibras.com\/site\/\"},{\"@type\":\"ListItem\",\"position\":2,\"name\":\"Domingo tamb\u00e9m \u00e9 dia da CEB cuidar da rede el\u00e9trica das cidades\"}]},{\"@type\":\"WebSite\",\"@id\":\"https:\/\/www.notibras.com\/site\/#website\",\"url\":\"https:\/\/www.notibras.com\/site\/\",\"name\":\"Notibras\",\"description\":\"Not\u00edcias de Bras\u00edlia, do Brasil e do Mundo\",\"publisher\":{\"@id\":\"https:\/\/www.notibras.com\/site\/#organization\"},\"potentialAction\":[{\"@type\":\"SearchAction\",\"target\":{\"@type\":\"EntryPoint\",\"urlTemplate\":\"https:\/\/www.notibras.com\/site\/?s={search_term_string}\"},\"query-input\":{\"@type\":\"PropertyValueSpecification\",\"valueRequired\":true,\"valueName\":\"search_term_string\"}}],\"inLanguage\":\"pt-BR\"},{\"@type\":\"Organization\",\"@id\":\"https:\/\/www.notibras.com\/site\/#organization\",\"name\":\"Grupo Notibras de Comunica\u00e7\u00e3o\",\"url\":\"https:\/\/www.notibras.com\/site\/\",\"logo\":{\"@type\":\"ImageObject\",\"inLanguage\":\"pt-BR\",\"@id\":\"https:\/\/www.notibras.com\/site\/#\/schema\/logo\/image\/\",\"url\":\"https:\/\/www.notibras.com\/site\/wp-content\/uploads\/2023\/01\/notibras23.png\",\"contentUrl\":\"https:\/\/www.notibras.com\/site\/wp-content\/uploads\/2023\/01\/notibras23.png\",\"width\":350,\"height\":87,\"caption\":\"Grupo Notibras de Comunica\u00e7\u00e3o\"},\"image\":{\"@id\":\"https:\/\/www.notibras.com\/site\/#\/schema\/logo\/image\/\"},\"sameAs\":[\"https:\/\/www.facebook.com\/notibras\/\",\"https:\/\/x.com\/Notibras\",\"https:\/\/www.instagram.com\/notibras\/\"]},{\"@type\":\"Person\",\"@id\":\"https:\/\/www.notibras.com\/site\/#\/schema\/person\/36ab0979449956132d3e5b517ea76ac8\",\"name\":\"Reda\u00e7\u00e3o\",\"image\":{\"@type\":\"ImageObject\",\"inLanguage\":\"pt-BR\",\"@id\":\"https:\/\/secure.gravatar.com\/avatar\/e0a867bdedb85fd243eadf09663511f96fc81e0720a4a42581f334ad4303aa6b?s=96&d=mm&r=g\",\"url\":\"https:\/\/secure.gravatar.com\/avatar\/e0a867bdedb85fd243eadf09663511f96fc81e0720a4a42581f334ad4303aa6b?s=96&d=mm&r=g\",\"contentUrl\":\"https:\/\/secure.gravatar.com\/avatar\/e0a867bdedb85fd243eadf09663511f96fc81e0720a4a42581f334ad4303aa6b?s=96&d=mm&r=g\",\"caption\":\"Reda\u00e7\u00e3o\"}}]}<\/script>\n<!-- \/ Yoast SEO plugin. -->","yoast_head_json":{"title":"Domingo tamb\u00e9m \u00e9 dia da CEB cuidar da rede el\u00e9trica das cidades - Notibras","robots":{"index":"index","follow":"follow","max-snippet":"max-snippet:-1","max-image-preview":"max-image-preview:large","max-video-preview":"max-video-preview:-1"},"canonical":"https:\/\/www.notibras.com\/site\/domingo-tambem-e-dia-da-ceb-cuidar-da-manutencao-dos-servicos\/","og_locale":"pt_BR","og_type":"article","og_title":"Domingo tamb\u00e9m \u00e9 dia da CEB cuidar da rede el\u00e9trica das cidades - Notibras","og_description":"Nem todo mundo descansa aos domingos. \u00c9 o caso da equipe de manuten\u00e7\u00e3o da CEB, que estar\u00e1 em campo hoje para a manuten\u00e7\u00e3o da rede nas cidades e hor\u00e1rios indicados a seguir: GAMA Hor\u00e1rio: 9h \u00e0s 15h Local: Setor sul, Quadra 02 conjuntos A, B, C, D, E; centro educacional 08; Quadra 08 conjuntos F, [&hellip;]","og_url":"https:\/\/www.notibras.com\/site\/domingo-tambem-e-dia-da-ceb-cuidar-da-manutencao-dos-servicos\/","og_site_name":"Notibras","article_publisher":"https:\/\/www.facebook.com\/notibras\/","article_published_time":"2015-05-14T22:30:47+00:00","article_modified_time":"2015-05-17T23:40:10+00:00","og_image":[{"width":500,"height":331,"url":"https:\/\/www.notibras.com\/site\/wp-content\/uploads\/2015\/05\/ceb16.jpg","type":"image\/jpeg"}],"author":"Reda\u00e7\u00e3o","twitter_card":"summary_large_image","twitter_creator":"@Notibras","twitter_site":"@Notibras","twitter_misc":{"Escrito por":"Reda\u00e7\u00e3o","Est. tempo de leitura":"1 minuto"},"schema":{"@context":"https:\/\/schema.org","@graph":[{"@type":"Article","@id":"https:\/\/www.notibras.com\/site\/domingo-tambem-e-dia-da-ceb-cuidar-da-manutencao-dos-servicos\/#article","isPartOf":{"@id":"https:\/\/www.notibras.com\/site\/domingo-tambem-e-dia-da-ceb-cuidar-da-manutencao-dos-servicos\/"},"author":{"name":"Reda\u00e7\u00e3o","@id":"https:\/\/www.notibras.com\/site\/#\/schema\/person\/36ab0979449956132d3e5b517ea76ac8"},"headline":"Domingo tamb\u00e9m \u00e9 dia da CEB cuidar da rede el\u00e9trica das cidades","datePublished":"2015-05-14T22:30:47+00:00","dateModified":"2015-05-17T23:40:10+00:00","mainEntityOfPage":{"@id":"https:\/\/www.notibras.com\/site\/domingo-tambem-e-dia-da-ceb-cuidar-da-manutencao-dos-servicos\/"},"wordCount":47,"commentCount":0,"publisher":{"@id":"https:\/\/www.notibras.com\/site\/#organization"},"image":{"@id":"https:\/\/www.notibras.com\/site\/domingo-tambem-e-dia-da-ceb-cuidar-da-manutencao-dos-servicos\/#primaryimage"},"thumbnailUrl":"https:\/\/www.notibras.com\/site\/wp-content\/uploads\/2015\/05\/ceb16.jpg","articleSection":["ZapZap das Quadras"],"inLanguage":"pt-BR","potentialAction":[{"@type":"CommentAction","name":"Comment","target":["https:\/\/www.notibras.com\/site\/domingo-tambem-e-dia-da-ceb-cuidar-da-manutencao-dos-servicos\/#respond"]}]},{"@type":"WebPage","@id":"https:\/\/www.notibras.com\/site\/domingo-tambem-e-dia-da-ceb-cuidar-da-manutencao-dos-servicos\/","url":"https:\/\/www.notibras.com\/site\/domingo-tambem-e-dia-da-ceb-cuidar-da-manutencao-dos-servicos\/","name":"Domingo tamb\u00e9m \u00e9 dia da CEB cuidar da rede el\u00e9trica das cidades - Notibras","isPartOf":{"@id":"https:\/\/www.notibras.com\/site\/#website"},"primaryImageOfPage":{"@id":"https:\/\/www.notibras.com\/site\/domingo-tambem-e-dia-da-ceb-cuidar-da-manutencao-dos-servicos\/#primaryimage"},"image":{"@id":"https:\/\/www.notibras.com\/site\/domingo-tambem-e-dia-da-ceb-cuidar-da-manutencao-dos-servicos\/#primaryimage"},"thumbnailUrl":"https:\/\/www.notibras.com\/site\/wp-content\/uploads\/2015\/05\/ceb16.jpg","datePublished":"2015-05-14T22:30:47+00:00","dateModified":"2015-05-17T23:40:10+00:00","breadcrumb":{"@id":"https:\/\/www.notibras.com\/site\/domingo-tambem-e-dia-da-ceb-cuidar-da-manutencao-dos-servicos\/#breadcrumb"},"inLanguage":"pt-BR","potentialAction":[{"@type":"ReadAction","target":["https:\/\/www.notibras.com\/site\/domingo-tambem-e-dia-da-ceb-cuidar-da-manutencao-dos-servicos\/"]}]},{"@type":"ImageObject","inLanguage":"pt-BR","@id":"https:\/\/www.notibras.com\/site\/domingo-tambem-e-dia-da-ceb-cuidar-da-manutencao-dos-servicos\/#primaryimage","url":"https:\/\/www.notibras.com\/site\/wp-content\/uploads\/2015\/05\/ceb16.jpg","contentUrl":"https:\/\/www.notibras.com\/site\/wp-content\/uploads\/2015\/05\/ceb16.jpg","width":500,"height":331,"caption":"22\/02\/2013. Cr\u00e9dito: Bruno Peres\/CB\/D.A Press. Brasil. Bras\u00edlia - DF. Falta de energia el\u00e9trica em \u00c1guas Claras. Funcion\u00e1rio de empresa terceirizada da CEB faz manuten\u00e7\u00e3o em rede el\u00e9trica na quadra 208 em \u00c1guas Claras."},{"@type":"BreadcrumbList","@id":"https:\/\/www.notibras.com\/site\/domingo-tambem-e-dia-da-ceb-cuidar-da-manutencao-dos-servicos\/#breadcrumb","itemListElement":[{"@type":"ListItem","position":1,"name":"In\u00edcio","item":"https:\/\/www.notibras.com\/site\/"},{"@type":"ListItem","position":2,"name":"Domingo tamb\u00e9m \u00e9 dia da CEB cuidar da rede el\u00e9trica das cidades"}]},{"@type":"WebSite","@id":"https:\/\/www.notibras.com\/site\/#website","url":"https:\/\/www.notibras.com\/site\/","name":"Notibras","description":"Not\u00edcias de Bras\u00edlia, do Brasil e do Mundo","publisher":{"@id":"https:\/\/www.notibras.com\/site\/#organization"},"potentialAction":[{"@type":"SearchAction","target":{"@type":"EntryPoint","urlTemplate":"https:\/\/www.notibras.com\/site\/?s={search_term_string}"},"query-input":{"@type":"PropertyValueSpecification","valueRequired":true,"valueName":"search_term_string"}}],"inLanguage":"pt-BR"},{"@type":"Organization","@id":"https:\/\/www.notibras.com\/site\/#organization","name":"Grupo Notibras de Comunica\u00e7\u00e3o","url":"https:\/\/www.notibras.com\/site\/","logo":{"@type":"ImageObject","inLanguage":"pt-BR","@id":"https:\/\/www.notibras.com\/site\/#\/schema\/logo\/image\/","url":"https:\/\/www.notibras.com\/site\/wp-content\/uploads\/2023\/01\/notibras23.png","contentUrl":"https:\/\/www.notibras.com\/site\/wp-content\/uploads\/2023\/01\/notibras23.png","width":350,"height":87,"caption":"Grupo Notibras de Comunica\u00e7\u00e3o"},"image":{"@id":"https:\/\/www.notibras.com\/site\/#\/schema\/logo\/image\/"},"sameAs":["https:\/\/www.facebook.com\/notibras\/","https:\/\/x.com\/Notibras","https:\/\/www.instagram.com\/notibras\/"]},{"@type":"Person","@id":"https:\/\/www.notibras.com\/site\/#\/schema\/person\/36ab0979449956132d3e5b517ea76ac8","name":"Reda\u00e7\u00e3o","image":{"@type":"ImageObject","inLanguage":"pt-BR","@id":"https:\/\/secure.gravatar.com\/avatar\/e0a867bdedb85fd243eadf09663511f96fc81e0720a4a42581f334ad4303aa6b?s=96&d=mm&r=g","url":"https:\/\/secure.gravatar.com\/avatar\/e0a867bdedb85fd243eadf09663511f96fc81e0720a4a42581f334ad4303aa6b?s=96&d=mm&r=g","contentUrl":"https:\/\/secure.gravatar.com\/avatar\/e0a867bdedb85fd243eadf09663511f96fc81e0720a4a42581f334ad4303aa6b?s=96&d=mm&r=g","caption":"Reda\u00e7\u00e3o"}}]}},"amp_enabled":true,"_links":{"self":[{"href":"https:\/\/www.notibras.com\/site\/wp-json\/wp\/v2\/posts\/48918","targetHints":{"allow":["GET"]}}],"collection":[{"href":"https:\/\/www.notibras.com\/site\/wp-json\/wp\/v2\/posts"}],"about":[{"href":"https:\/\/www.notibras.com\/site\/wp-json\/wp\/v2\/types\/post"}],"author":[{"embeddable":true,"href":"https:\/\/www.notibras.com\/site\/wp-json\/wp\/v2\/users\/2"}],"replies":[{"embeddable":true,"href":"https:\/\/www.notibras.com\/site\/wp-json\/wp\/v2\/comments?post=48918"}],"version-history":[{"count":0,"href":"https:\/\/www.notibras.com\/site\/wp-json\/wp\/v2\/posts\/48918\/revisions"}],"wp:featuredmedia":[{"embeddable":true,"href":"https:\/\/www.notibras.com\/site\/wp-json\/wp\/v2\/media\/48919"}],"wp:attachment":[{"href":"https:\/\/www.notibras.com\/site\/wp-json\/wp\/v2\/media?parent=48918"}],"wp:term":[{"taxonomy":"category","embeddable":true,"href":"https:\/\/www.notibras.com\/site\/wp-json\/wp\/v2\/categories?post=48918"},{"taxonomy":"post_tag","embeddable":true,"href":"https:\/\/www.notibras.com\/site\/wp-json\/wp\/v2\/tags?post=48918"}],"curies":[{"name":"wp","href":"https:\/\/api.w.org\/{rel}","templated":true}]}}