{"id":48943,"date":"2015-05-16T21:37:04","date_gmt":"2015-05-17T00:37:04","guid":{"rendered":"http:\/\/www.notibras.com\/site\/?p=48943"},"modified":"2015-05-17T00:03:33","modified_gmt":"2015-05-17T03:03:33","slug":"defesa-do-gremio-bate-cabeca-em-lance-grotesco-e-coritiba-vence-por-2-a-0","status":"publish","type":"post","link":"https:\/\/www.notibras.com\/site\/defesa-do-gremio-bate-cabeca-em-lance-grotesco-e-coritiba-vence-por-2-a-0\/","title":{"rendered":"Defesa do Gr\u00eamio bate cabe\u00e7a em lance grotesco e Coritiba vence"},"content":{"rendered":"<p>O Coritiba vencia o Gr\u00eamio pelo placar de 1 a 0 na noite deste s\u00e1bado, quando acabou ganhando uma &#8216;ajuda&#8217; de dois gringos do Tricolor Ga\u00facho para garantir o resultado. O lance de bate cabe\u00e7a foi no segundo tempo, ap\u00f3s rebote de Marcelo Grohe, Mat\u00edas Rodr\u00edguez chutou a bola em Erazo e a pixotada acabou em gol contra. O placar, com auxilio involunt\u00e1rio, terminou 2 a 0.<\/p>\n<p>Marcelo Grohe nada p\u00f4de fazer. A tentativa de afastar de Mat\u00edas estourou no companheiro, que tamb\u00e9m tinha feito movimento de chute. E depois de bater em Erazo, a bola subiu, entrando lentamente no \u00e2ngulo da meta gremista.<\/p>\n<p>O Coritiba se recupera da derrota na estreia e chega a tr\u00eas pontos. Al\u00e9m do gol contra, Thiago Galhardo tinha marcado o primeiro. J\u00e1 o Gr\u00eamio chega ao segundo compromisso sem vit\u00f3ria. Ap\u00f3s empatar em casa na abertura do torneio, agora a derrota deixa os ga\u00fachos com apenas um ponto.<\/p>\n<p>Gr\u00eamio e Coritiba fizeram um jogo tecnicamente pobre. Poucas foram as vezes que tricolores ou paranaenses chegaram ao gol rival. Muitos erros de passes privaram os setores ofensivos, povoados de jogadores, de algo mais efetivo.<\/p>\n<p>Mas em meio a pouca cria\u00e7\u00e3o, o Coritiba foi melhor. Ruy fugiu da mesmisse nas atitudes dos atletas e tratou de assumir o comando do jogo. Em uma das jogadas criadas por ele, arranjou um cruzamento pela esquerda de ataque que encontrou Thiago Galhardo, livre. De primeira, aos 27 minutos, ele abriu o marcador.<\/p>\n<blockquote><p>Felip\u00e3o tratou de mudar ainda no primeiro tempo. Tirou J\u00fanior, que \u00e9 lateral esquerdo, e colocou o atacante Yuri Mamute. O lado da defesa passou a ser de Marcelo Oliveira. Maicon virou volante, Giuliano foi centralizado e Pedro Rocha, Luan, e Mamute montaram trio de ataque.<\/p><\/blockquote>\n<p>Mas no primeiro lance ap\u00f3s a troca, o segundo gol do Coritiba. Marcelo Grohe fez linda defesa em arremate de Ruy, mas no rebote, Mat\u00edas Rodr\u00edguez e Erazo foram afastar. O argentino chutou, a bola bateu no equatoriano e morreu na rede: 2 a 0 aos 33 minutos, em um gol bizarro.<\/p>\n<p>O Gr\u00eamio parecia tonto. Como se tivesse levado duros golpes em qualquer luta, o time ga\u00facho s\u00f3 abandonou as cordas com uma batida de Pedro Rocha, aos 42 minutos, da entrada da \u00e1rea. O goleiro Bruno colocou para escanteio. E aos 43, o time visitante poderia ter descontado. Giuliano entrou sozinho cara a cara com goleiro, rolou para Yuri Mamute, que dominou e bateu. Mas Bruno se recuperou e evitou o gol.<\/p>\n<p>No segundo tempo, o Gr\u00eamio voltou empenhado em marcar. Logo aos 7 minutos, Pedro Rocha cruzou e Yuri Mamute desviou. Seria gol n\u00e3o fosse brilhante defesa do goleiro Bruno. Mas at\u00e9 os 20 minutos, n\u00e3o houve nova conclus\u00e3o. Chances acabaram cada vez mais raras e o 2 a 0 foi placar final.<\/p>\n<div><\/div>\n","protected":false},"excerpt":{"rendered":"<p>O Coritiba vencia o Gr\u00eamio pelo placar de 1 a 0 na noite deste s\u00e1bado, quando acabou ganhando uma &#8216;ajuda&#8217; de dois gringos do Tricolor Ga\u00facho para garantir o resultado. O lance de bate cabe\u00e7a foi no segundo tempo, ap\u00f3s rebote de Marcelo Grohe, Mat\u00edas Rodr\u00edguez chutou a bola em Erazo e a pixotada acabou [&hellip;]<\/p>\n","protected":false},"author":2,"featured_media":48944,"comment_status":"open","ping_status":"closed","sticky":false,"template":"","format":"standard","meta":{"_acf_changed":false,"footnotes":""},"categories":[19,29],"tags":[],"class_list":["post-48943","post","type-post","status-publish","format-standard","has-post-thumbnail","hentry","category-esportes","category-futebol"],"acf":[],"yoast_head":"<!-- This site is optimized with the Yoast SEO plugin v27.2 - https:\/\/yoast.com\/product\/yoast-seo-wordpress\/ -->\n<title>Defesa do Gr\u00eamio bate cabe\u00e7a em lance grotesco e Coritiba vence - Notibras<\/title>\n<meta name=\"robots\" content=\"index, follow, max-snippet:-1, max-image-preview:large, max-video-preview:-1\" \/>\n<link rel=\"canonical\" href=\"https:\/\/www.notibras.com\/site\/defesa-do-gremio-bate-cabeca-em-lance-grotesco-e-coritiba-vence-por-2-a-0\/\" \/>\n<meta property=\"og:locale\" content=\"pt_BR\" \/>\n<meta property=\"og:type\" content=\"article\" \/>\n<meta property=\"og:title\" content=\"Defesa do Gr\u00eamio bate cabe\u00e7a em lance grotesco e Coritiba vence - Notibras\" \/>\n<meta property=\"og:description\" content=\"O Coritiba vencia o Gr\u00eamio pelo placar de 1 a 0 na noite deste s\u00e1bado, quando acabou ganhando uma &#8216;ajuda&#8217; de dois gringos do Tricolor Ga\u00facho para garantir o resultado. O lance de bate cabe\u00e7a foi no segundo tempo, ap\u00f3s rebote de Marcelo Grohe, Mat\u00edas Rodr\u00edguez chutou a bola em Erazo e a pixotada acabou [&hellip;]\" \/>\n<meta property=\"og:url\" content=\"https:\/\/www.notibras.com\/site\/defesa-do-gremio-bate-cabeca-em-lance-grotesco-e-coritiba-vence-por-2-a-0\/\" \/>\n<meta property=\"og:site_name\" content=\"Notibras\" \/>\n<meta property=\"article:publisher\" content=\"https:\/\/www.facebook.com\/notibras\/\" \/>\n<meta property=\"article:published_time\" content=\"2015-05-17T00:37:04+00:00\" \/>\n<meta property=\"article:modified_time\" content=\"2015-05-17T03:03:33+00:00\" \/>\n<meta property=\"og:image\" content=\"https:\/\/www.notibras.com\/site\/wp-content\/uploads\/2015\/05\/cori.jpg\" \/>\n\t<meta property=\"og:image:width\" content=\"940\" \/>\n\t<meta property=\"og:image:height\" content=\"627\" \/>\n\t<meta property=\"og:image:type\" content=\"image\/jpeg\" \/>\n<meta name=\"author\" content=\"Reda\u00e7\u00e3o\" \/>\n<meta name=\"twitter:card\" content=\"summary_large_image\" \/>\n<meta name=\"twitter:creator\" content=\"@Notibras\" \/>\n<meta name=\"twitter:site\" content=\"@Notibras\" \/>\n<meta name=\"twitter:label1\" content=\"Escrito por\" \/>\n\t<meta name=\"twitter:data1\" content=\"Reda\u00e7\u00e3o\" \/>\n\t<meta name=\"twitter:label2\" content=\"Est. tempo de leitura\" \/>\n\t<meta name=\"twitter:data2\" content=\"2 minutos\" \/>\n<script type=\"application\/ld+json\" class=\"yoast-schema-graph\">{\"@context\":\"https:\/\/schema.org\",\"@graph\":[{\"@type\":\"Article\",\"@id\":\"https:\/\/www.notibras.com\/site\/defesa-do-gremio-bate-cabeca-em-lance-grotesco-e-coritiba-vence-por-2-a-0\/#article\",\"isPartOf\":{\"@id\":\"https:\/\/www.notibras.com\/site\/defesa-do-gremio-bate-cabeca-em-lance-grotesco-e-coritiba-vence-por-2-a-0\/\"},\"author\":{\"name\":\"Reda\u00e7\u00e3o\",\"@id\":\"https:\/\/www.notibras.com\/site\/#\/schema\/person\/36ab0979449956132d3e5b517ea76ac8\"},\"headline\":\"Defesa do Gr\u00eamio bate cabe\u00e7a em lance grotesco e Coritiba vence\",\"datePublished\":\"2015-05-17T00:37:04+00:00\",\"dateModified\":\"2015-05-17T03:03:33+00:00\",\"mainEntityOfPage\":{\"@id\":\"https:\/\/www.notibras.com\/site\/defesa-do-gremio-bate-cabeca-em-lance-grotesco-e-coritiba-vence-por-2-a-0\/\"},\"wordCount\":493,\"commentCount\":0,\"publisher\":{\"@id\":\"https:\/\/www.notibras.com\/site\/#organization\"},\"image\":{\"@id\":\"https:\/\/www.notibras.com\/site\/defesa-do-gremio-bate-cabeca-em-lance-grotesco-e-coritiba-vence-por-2-a-0\/#primaryimage\"},\"thumbnailUrl\":\"https:\/\/www.notibras.com\/site\/wp-content\/uploads\/2015\/05\/cori.jpg\",\"articleSection\":[\"Esportes\",\"Futebol\"],\"inLanguage\":\"pt-BR\",\"potentialAction\":[{\"@type\":\"CommentAction\",\"name\":\"Comment\",\"target\":[\"https:\/\/www.notibras.com\/site\/defesa-do-gremio-bate-cabeca-em-lance-grotesco-e-coritiba-vence-por-2-a-0\/#respond\"]}]},{\"@type\":\"WebPage\",\"@id\":\"https:\/\/www.notibras.com\/site\/defesa-do-gremio-bate-cabeca-em-lance-grotesco-e-coritiba-vence-por-2-a-0\/\",\"url\":\"https:\/\/www.notibras.com\/site\/defesa-do-gremio-bate-cabeca-em-lance-grotesco-e-coritiba-vence-por-2-a-0\/\",\"name\":\"Defesa do Gr\u00eamio bate cabe\u00e7a em lance grotesco e Coritiba vence - Notibras\",\"isPartOf\":{\"@id\":\"https:\/\/www.notibras.com\/site\/#website\"},\"primaryImageOfPage\":{\"@id\":\"https:\/\/www.notibras.com\/site\/defesa-do-gremio-bate-cabeca-em-lance-grotesco-e-coritiba-vence-por-2-a-0\/#primaryimage\"},\"image\":{\"@id\":\"https:\/\/www.notibras.com\/site\/defesa-do-gremio-bate-cabeca-em-lance-grotesco-e-coritiba-vence-por-2-a-0\/#primaryimage\"},\"thumbnailUrl\":\"https:\/\/www.notibras.com\/site\/wp-content\/uploads\/2015\/05\/cori.jpg\",\"datePublished\":\"2015-05-17T00:37:04+00:00\",\"dateModified\":\"2015-05-17T03:03:33+00:00\",\"breadcrumb\":{\"@id\":\"https:\/\/www.notibras.com\/site\/defesa-do-gremio-bate-cabeca-em-lance-grotesco-e-coritiba-vence-por-2-a-0\/#breadcrumb\"},\"inLanguage\":\"pt-BR\",\"potentialAction\":[{\"@type\":\"ReadAction\",\"target\":[\"https:\/\/www.notibras.com\/site\/defesa-do-gremio-bate-cabeca-em-lance-grotesco-e-coritiba-vence-por-2-a-0\/\"]}]},{\"@type\":\"ImageObject\",\"inLanguage\":\"pt-BR\",\"@id\":\"https:\/\/www.notibras.com\/site\/defesa-do-gremio-bate-cabeca-em-lance-grotesco-e-coritiba-vence-por-2-a-0\/#primaryimage\",\"url\":\"https:\/\/www.notibras.com\/site\/wp-content\/uploads\/2015\/05\/cori.jpg\",\"contentUrl\":\"https:\/\/www.notibras.com\/site\/wp-content\/uploads\/2015\/05\/cori.jpg\",\"width\":940,\"height\":627,\"caption\":\"Curitiba, Paran\u00e1, Brasil, 16 de Maio de 2015 - CAMPEONATO BRASILEIRO 2015 - SERIE A - Thiago Galhardo comemora seu gol durante a 2\u00aa rodada do campeonato brasileiro de 2015, no Estadio Couto Pereira. Foto: Cleber Yamaguchi\/Eleven\"},{\"@type\":\"BreadcrumbList\",\"@id\":\"https:\/\/www.notibras.com\/site\/defesa-do-gremio-bate-cabeca-em-lance-grotesco-e-coritiba-vence-por-2-a-0\/#breadcrumb\",\"itemListElement\":[{\"@type\":\"ListItem\",\"position\":1,\"name\":\"In\u00edcio\",\"item\":\"https:\/\/www.notibras.com\/site\/\"},{\"@type\":\"ListItem\",\"position\":2,\"name\":\"Defesa do Gr\u00eamio bate cabe\u00e7a em lance grotesco e Coritiba vence\"}]},{\"@type\":\"WebSite\",\"@id\":\"https:\/\/www.notibras.com\/site\/#website\",\"url\":\"https:\/\/www.notibras.com\/site\/\",\"name\":\"Notibras\",\"description\":\"Not\u00edcias de Bras\u00edlia, do Brasil e do Mundo\",\"publisher\":{\"@id\":\"https:\/\/www.notibras.com\/site\/#organization\"},\"potentialAction\":[{\"@type\":\"SearchAction\",\"target\":{\"@type\":\"EntryPoint\",\"urlTemplate\":\"https:\/\/www.notibras.com\/site\/?s={search_term_string}\"},\"query-input\":{\"@type\":\"PropertyValueSpecification\",\"valueRequired\":true,\"valueName\":\"search_term_string\"}}],\"inLanguage\":\"pt-BR\"},{\"@type\":\"Organization\",\"@id\":\"https:\/\/www.notibras.com\/site\/#organization\",\"name\":\"Grupo Notibras de Comunica\u00e7\u00e3o\",\"url\":\"https:\/\/www.notibras.com\/site\/\",\"logo\":{\"@type\":\"ImageObject\",\"inLanguage\":\"pt-BR\",\"@id\":\"https:\/\/www.notibras.com\/site\/#\/schema\/logo\/image\/\",\"url\":\"https:\/\/www.notibras.com\/site\/wp-content\/uploads\/2023\/01\/notibras23.png\",\"contentUrl\":\"https:\/\/www.notibras.com\/site\/wp-content\/uploads\/2023\/01\/notibras23.png\",\"width\":350,\"height\":87,\"caption\":\"Grupo Notibras de Comunica\u00e7\u00e3o\"},\"image\":{\"@id\":\"https:\/\/www.notibras.com\/site\/#\/schema\/logo\/image\/\"},\"sameAs\":[\"https:\/\/www.facebook.com\/notibras\/\",\"https:\/\/x.com\/Notibras\",\"https:\/\/www.instagram.com\/notibras\/\"]},{\"@type\":\"Person\",\"@id\":\"https:\/\/www.notibras.com\/site\/#\/schema\/person\/36ab0979449956132d3e5b517ea76ac8\",\"name\":\"Reda\u00e7\u00e3o\",\"image\":{\"@type\":\"ImageObject\",\"inLanguage\":\"pt-BR\",\"@id\":\"https:\/\/secure.gravatar.com\/avatar\/e0a867bdedb85fd243eadf09663511f96fc81e0720a4a42581f334ad4303aa6b?s=96&d=mm&r=g\",\"url\":\"https:\/\/secure.gravatar.com\/avatar\/e0a867bdedb85fd243eadf09663511f96fc81e0720a4a42581f334ad4303aa6b?s=96&d=mm&r=g\",\"contentUrl\":\"https:\/\/secure.gravatar.com\/avatar\/e0a867bdedb85fd243eadf09663511f96fc81e0720a4a42581f334ad4303aa6b?s=96&d=mm&r=g\",\"caption\":\"Reda\u00e7\u00e3o\"}}]}<\/script>\n<!-- \/ Yoast SEO plugin. -->","yoast_head_json":{"title":"Defesa do Gr\u00eamio bate cabe\u00e7a em lance grotesco e Coritiba vence - Notibras","robots":{"index":"index","follow":"follow","max-snippet":"max-snippet:-1","max-image-preview":"max-image-preview:large","max-video-preview":"max-video-preview:-1"},"canonical":"https:\/\/www.notibras.com\/site\/defesa-do-gremio-bate-cabeca-em-lance-grotesco-e-coritiba-vence-por-2-a-0\/","og_locale":"pt_BR","og_type":"article","og_title":"Defesa do Gr\u00eamio bate cabe\u00e7a em lance grotesco e Coritiba vence - Notibras","og_description":"O Coritiba vencia o Gr\u00eamio pelo placar de 1 a 0 na noite deste s\u00e1bado, quando acabou ganhando uma &#8216;ajuda&#8217; de dois gringos do Tricolor Ga\u00facho para garantir o resultado. O lance de bate cabe\u00e7a foi no segundo tempo, ap\u00f3s rebote de Marcelo Grohe, Mat\u00edas Rodr\u00edguez chutou a bola em Erazo e a pixotada acabou [&hellip;]","og_url":"https:\/\/www.notibras.com\/site\/defesa-do-gremio-bate-cabeca-em-lance-grotesco-e-coritiba-vence-por-2-a-0\/","og_site_name":"Notibras","article_publisher":"https:\/\/www.facebook.com\/notibras\/","article_published_time":"2015-05-17T00:37:04+00:00","article_modified_time":"2015-05-17T03:03:33+00:00","og_image":[{"width":940,"height":627,"url":"https:\/\/www.notibras.com\/site\/wp-content\/uploads\/2015\/05\/cori.jpg","type":"image\/jpeg"}],"author":"Reda\u00e7\u00e3o","twitter_card":"summary_large_image","twitter_creator":"@Notibras","twitter_site":"@Notibras","twitter_misc":{"Escrito por":"Reda\u00e7\u00e3o","Est. tempo de leitura":"2 minutos"},"schema":{"@context":"https:\/\/schema.org","@graph":[{"@type":"Article","@id":"https:\/\/www.notibras.com\/site\/defesa-do-gremio-bate-cabeca-em-lance-grotesco-e-coritiba-vence-por-2-a-0\/#article","isPartOf":{"@id":"https:\/\/www.notibras.com\/site\/defesa-do-gremio-bate-cabeca-em-lance-grotesco-e-coritiba-vence-por-2-a-0\/"},"author":{"name":"Reda\u00e7\u00e3o","@id":"https:\/\/www.notibras.com\/site\/#\/schema\/person\/36ab0979449956132d3e5b517ea76ac8"},"headline":"Defesa do Gr\u00eamio bate cabe\u00e7a em lance grotesco e Coritiba vence","datePublished":"2015-05-17T00:37:04+00:00","dateModified":"2015-05-17T03:03:33+00:00","mainEntityOfPage":{"@id":"https:\/\/www.notibras.com\/site\/defesa-do-gremio-bate-cabeca-em-lance-grotesco-e-coritiba-vence-por-2-a-0\/"},"wordCount":493,"commentCount":0,"publisher":{"@id":"https:\/\/www.notibras.com\/site\/#organization"},"image":{"@id":"https:\/\/www.notibras.com\/site\/defesa-do-gremio-bate-cabeca-em-lance-grotesco-e-coritiba-vence-por-2-a-0\/#primaryimage"},"thumbnailUrl":"https:\/\/www.notibras.com\/site\/wp-content\/uploads\/2015\/05\/cori.jpg","articleSection":["Esportes","Futebol"],"inLanguage":"pt-BR","potentialAction":[{"@type":"CommentAction","name":"Comment","target":["https:\/\/www.notibras.com\/site\/defesa-do-gremio-bate-cabeca-em-lance-grotesco-e-coritiba-vence-por-2-a-0\/#respond"]}]},{"@type":"WebPage","@id":"https:\/\/www.notibras.com\/site\/defesa-do-gremio-bate-cabeca-em-lance-grotesco-e-coritiba-vence-por-2-a-0\/","url":"https:\/\/www.notibras.com\/site\/defesa-do-gremio-bate-cabeca-em-lance-grotesco-e-coritiba-vence-por-2-a-0\/","name":"Defesa do Gr\u00eamio bate cabe\u00e7a em lance grotesco e Coritiba vence - Notibras","isPartOf":{"@id":"https:\/\/www.notibras.com\/site\/#website"},"primaryImageOfPage":{"@id":"https:\/\/www.notibras.com\/site\/defesa-do-gremio-bate-cabeca-em-lance-grotesco-e-coritiba-vence-por-2-a-0\/#primaryimage"},"image":{"@id":"https:\/\/www.notibras.com\/site\/defesa-do-gremio-bate-cabeca-em-lance-grotesco-e-coritiba-vence-por-2-a-0\/#primaryimage"},"thumbnailUrl":"https:\/\/www.notibras.com\/site\/wp-content\/uploads\/2015\/05\/cori.jpg","datePublished":"2015-05-17T00:37:04+00:00","dateModified":"2015-05-17T03:03:33+00:00","breadcrumb":{"@id":"https:\/\/www.notibras.com\/site\/defesa-do-gremio-bate-cabeca-em-lance-grotesco-e-coritiba-vence-por-2-a-0\/#breadcrumb"},"inLanguage":"pt-BR","potentialAction":[{"@type":"ReadAction","target":["https:\/\/www.notibras.com\/site\/defesa-do-gremio-bate-cabeca-em-lance-grotesco-e-coritiba-vence-por-2-a-0\/"]}]},{"@type":"ImageObject","inLanguage":"pt-BR","@id":"https:\/\/www.notibras.com\/site\/defesa-do-gremio-bate-cabeca-em-lance-grotesco-e-coritiba-vence-por-2-a-0\/#primaryimage","url":"https:\/\/www.notibras.com\/site\/wp-content\/uploads\/2015\/05\/cori.jpg","contentUrl":"https:\/\/www.notibras.com\/site\/wp-content\/uploads\/2015\/05\/cori.jpg","width":940,"height":627,"caption":"Curitiba, Paran\u00e1, Brasil, 16 de Maio de 2015 - CAMPEONATO BRASILEIRO 2015 - SERIE A - Thiago Galhardo comemora seu gol durante a 2\u00aa rodada do campeonato brasileiro de 2015, no Estadio Couto Pereira. Foto: Cleber Yamaguchi\/Eleven"},{"@type":"BreadcrumbList","@id":"https:\/\/www.notibras.com\/site\/defesa-do-gremio-bate-cabeca-em-lance-grotesco-e-coritiba-vence-por-2-a-0\/#breadcrumb","itemListElement":[{"@type":"ListItem","position":1,"name":"In\u00edcio","item":"https:\/\/www.notibras.com\/site\/"},{"@type":"ListItem","position":2,"name":"Defesa do Gr\u00eamio bate cabe\u00e7a em lance grotesco e Coritiba vence"}]},{"@type":"WebSite","@id":"https:\/\/www.notibras.com\/site\/#website","url":"https:\/\/www.notibras.com\/site\/","name":"Notibras","description":"Not\u00edcias de Bras\u00edlia, do Brasil e do Mundo","publisher":{"@id":"https:\/\/www.notibras.com\/site\/#organization"},"potentialAction":[{"@type":"SearchAction","target":{"@type":"EntryPoint","urlTemplate":"https:\/\/www.notibras.com\/site\/?s={search_term_string}"},"query-input":{"@type":"PropertyValueSpecification","valueRequired":true,"valueName":"search_term_string"}}],"inLanguage":"pt-BR"},{"@type":"Organization","@id":"https:\/\/www.notibras.com\/site\/#organization","name":"Grupo Notibras de Comunica\u00e7\u00e3o","url":"https:\/\/www.notibras.com\/site\/","logo":{"@type":"ImageObject","inLanguage":"pt-BR","@id":"https:\/\/www.notibras.com\/site\/#\/schema\/logo\/image\/","url":"https:\/\/www.notibras.com\/site\/wp-content\/uploads\/2023\/01\/notibras23.png","contentUrl":"https:\/\/www.notibras.com\/site\/wp-content\/uploads\/2023\/01\/notibras23.png","width":350,"height":87,"caption":"Grupo Notibras de Comunica\u00e7\u00e3o"},"image":{"@id":"https:\/\/www.notibras.com\/site\/#\/schema\/logo\/image\/"},"sameAs":["https:\/\/www.facebook.com\/notibras\/","https:\/\/x.com\/Notibras","https:\/\/www.instagram.com\/notibras\/"]},{"@type":"Person","@id":"https:\/\/www.notibras.com\/site\/#\/schema\/person\/36ab0979449956132d3e5b517ea76ac8","name":"Reda\u00e7\u00e3o","image":{"@type":"ImageObject","inLanguage":"pt-BR","@id":"https:\/\/secure.gravatar.com\/avatar\/e0a867bdedb85fd243eadf09663511f96fc81e0720a4a42581f334ad4303aa6b?s=96&d=mm&r=g","url":"https:\/\/secure.gravatar.com\/avatar\/e0a867bdedb85fd243eadf09663511f96fc81e0720a4a42581f334ad4303aa6b?s=96&d=mm&r=g","contentUrl":"https:\/\/secure.gravatar.com\/avatar\/e0a867bdedb85fd243eadf09663511f96fc81e0720a4a42581f334ad4303aa6b?s=96&d=mm&r=g","caption":"Reda\u00e7\u00e3o"}}]}},"amp_enabled":true,"_links":{"self":[{"href":"https:\/\/www.notibras.com\/site\/wp-json\/wp\/v2\/posts\/48943","targetHints":{"allow":["GET"]}}],"collection":[{"href":"https:\/\/www.notibras.com\/site\/wp-json\/wp\/v2\/posts"}],"about":[{"href":"https:\/\/www.notibras.com\/site\/wp-json\/wp\/v2\/types\/post"}],"author":[{"embeddable":true,"href":"https:\/\/www.notibras.com\/site\/wp-json\/wp\/v2\/users\/2"}],"replies":[{"embeddable":true,"href":"https:\/\/www.notibras.com\/site\/wp-json\/wp\/v2\/comments?post=48943"}],"version-history":[{"count":0,"href":"https:\/\/www.notibras.com\/site\/wp-json\/wp\/v2\/posts\/48943\/revisions"}],"wp:featuredmedia":[{"embeddable":true,"href":"https:\/\/www.notibras.com\/site\/wp-json\/wp\/v2\/media\/48944"}],"wp:attachment":[{"href":"https:\/\/www.notibras.com\/site\/wp-json\/wp\/v2\/media?parent=48943"}],"wp:term":[{"taxonomy":"category","embeddable":true,"href":"https:\/\/www.notibras.com\/site\/wp-json\/wp\/v2\/categories?post=48943"},{"taxonomy":"post_tag","embeddable":true,"href":"https:\/\/www.notibras.com\/site\/wp-json\/wp\/v2\/tags?post=48943"}],"curies":[{"name":"wp","href":"https:\/\/api.w.org\/{rel}","templated":true}]}}