{"id":49123,"date":"2015-05-17T22:29:25","date_gmt":"2015-05-18T01:29:25","guid":{"rendered":"http:\/\/www.notibras.com\/site\/?p=49123"},"modified":"2015-05-18T00:32:51","modified_gmt":"2015-05-18T03:32:51","slug":"ponte-preta-aproveita-apatia-do-sao-paulo-e-vence-por-1-a-0","status":"publish","type":"post","link":"https:\/\/www.notibras.com\/site\/ponte-preta-aproveita-apatia-do-sao-paulo-e-vence-por-1-a-0\/","title":{"rendered":"Ponte Preta aproveita apatia do S\u00e3o Paulo e vence por 1 a 0"},"content":{"rendered":"<p>N\u00e3o come\u00e7ou bem para o S\u00e3o Paulo a vida depois da elimina\u00e7\u00e3o na Copa Libertadores. Neste domingo, no Mois\u00e9s Lucarelli, a Ponte Preta jogou melhor e fez por merecer a vit\u00f3ria por 1 a 0 pela segunda rodada do Campeonato Brasileiro.<\/p>\n<p>O gol da vit\u00f3ria foi marcado por Renato Caj\u00e1, o homem da Ponte Preta na partida. Inspirado, ele finalizou de longe contra a meta de Rog\u00e9rio Ceni em quatro oportunidades. O goleiro s\u00e3o-paulino impediu que a derrota fosse por placar maior, mas tamb\u00e9m falhou no lance que determinou o marcador. Sem grande inspira\u00e7\u00e3o na frente, o S\u00e3o Paulo deu pouco trabalho para Marcelo Lomba.<\/p>\n<p>Em raz\u00e3o de tumulto em partida contra o Joinville na \u00faltima S\u00e9rie B, a Ponte Preta cumpriu puni\u00e7\u00e3o e enfrentou o S\u00e3o Paulo com port\u00f5es fechados. O p\u00fablico, dessa maneira, perdeu a chance de acompanhar uma apresenta\u00e7\u00e3o convincente do time da casa.<\/p>\n<p>Com os pontos somados, a Ponte Preta confirma um in\u00edcio de Brasileiro interessante e termina a rodada na quinta posi\u00e7\u00e3o, com 4 pontos. O S\u00e3o Paulo tem 3 pontos e ocupa o meio da tabela, com o nono lugar.<\/p>\n<p>Ponte Preta e S\u00e3o Paulo se encontraram com uma cara diferente em rela\u00e7\u00e3o aos \u00faltimos jogos. O time da casa trocou tr\u00eas volantes por tr\u00eas atacantes e Guto Ferreira deu chance ao centroavante Diego Oliveira, her\u00f3i no empate recente com o Gr\u00eamio. Os s\u00e3o-paulinos atuaram com Rodrigo Caio e Hudson na prote\u00e7\u00e3o \u00e0 defesa em raz\u00e3o dos desfalques de Souza e Den\u00edlson. Ainda sem boa condi\u00e7\u00e3o f\u00edsica, Michel Bastos foi preservado.<\/p>\n<p>Mesmo sem torcida, o primeiro tempo foi movimentado em Campinas, principalmente gra\u00e7as a Renato Caj\u00e1. Ele anotou aos 13min, com chute de longe, ap\u00f3s sa\u00edda errada de Centuri\u00f3n e rea\u00e7\u00e3o lenta de Rog\u00e9rio Ceni na defesa. Mas n\u00e3o foi s\u00f3: Caj\u00e1 acertou outro chute de fora, bem defendido por Ceni, e ainda cobrou falta com estilo e acertou o travess\u00e3o. Ainda houve mais uma defesa importante do goleiro s\u00e3o-paulino, esta em conclus\u00e3o de Biro Biro.<\/p>\n<p>O S\u00e3o Paulo, por sua vez, teve pouca inspira\u00e7\u00e3o ofensiva e criou bem abaixo do habitual no primeiro tempo. A melhor oportunidade veio com Alexandre Pato em defesa importante de Marcelo Lomba. Na etapa seguinte, M\u00edlton Cruz tentou deixar o time mais forte na frente, principalmente com Lu\u00eds Fabiano dentro da \u00e1rea. N\u00e3o fosse uma finaliza\u00e7\u00e3o de primeira do centroavante, j\u00e1 aos 36min do segundo tempo, e a equipe s\u00e3o-paulina sequer teria levado perigo.<\/p>\n<p>A Ponte Preta, com espa\u00e7o para contragolpes, foi mais perigosa e fez Rog\u00e9rio Ceni trabalhar bastante. Houve uma s\u00e9rie de oportunidades desperdi\u00e7adas e boas interven\u00e7\u00f5es, principalmente na quarta finaliza\u00e7\u00e3o que Renato Caj\u00e1 acertou de fora. Justa, ao fim dos 90 minutos, a vit\u00f3ria da Ponte.<\/p>\n","protected":false},"excerpt":{"rendered":"<p>N\u00e3o come\u00e7ou bem para o S\u00e3o Paulo a vida depois da elimina\u00e7\u00e3o na Copa Libertadores. Neste domingo, no Mois\u00e9s Lucarelli, a Ponte Preta jogou melhor e fez por merecer a vit\u00f3ria por 1 a 0 pela segunda rodada do Campeonato Brasileiro. O gol da vit\u00f3ria foi marcado por Renato Caj\u00e1, o homem da Ponte Preta [&hellip;]<\/p>\n","protected":false},"author":2,"featured_media":49124,"comment_status":"open","ping_status":"closed","sticky":false,"template":"","format":"standard","meta":{"_acf_changed":false,"footnotes":""},"categories":[19,29],"tags":[],"class_list":["post-49123","post","type-post","status-publish","format-standard","has-post-thumbnail","hentry","category-esportes","category-futebol"],"acf":[],"yoast_head":"<!-- This site is optimized with the Yoast SEO plugin v27.2 - https:\/\/yoast.com\/product\/yoast-seo-wordpress\/ -->\n<title>Ponte Preta aproveita apatia do S\u00e3o Paulo e vence por 1 a 0 - Notibras<\/title>\n<meta name=\"robots\" content=\"index, follow, max-snippet:-1, max-image-preview:large, max-video-preview:-1\" \/>\n<link rel=\"canonical\" href=\"https:\/\/www.notibras.com\/site\/ponte-preta-aproveita-apatia-do-sao-paulo-e-vence-por-1-a-0\/\" \/>\n<meta property=\"og:locale\" content=\"pt_BR\" \/>\n<meta property=\"og:type\" content=\"article\" \/>\n<meta property=\"og:title\" content=\"Ponte Preta aproveita apatia do S\u00e3o Paulo e vence por 1 a 0 - Notibras\" \/>\n<meta property=\"og:description\" content=\"N\u00e3o come\u00e7ou bem para o S\u00e3o Paulo a vida depois da elimina\u00e7\u00e3o na Copa Libertadores. Neste domingo, no Mois\u00e9s Lucarelli, a Ponte Preta jogou melhor e fez por merecer a vit\u00f3ria por 1 a 0 pela segunda rodada do Campeonato Brasileiro. O gol da vit\u00f3ria foi marcado por Renato Caj\u00e1, o homem da Ponte Preta [&hellip;]\" \/>\n<meta property=\"og:url\" content=\"https:\/\/www.notibras.com\/site\/ponte-preta-aproveita-apatia-do-sao-paulo-e-vence-por-1-a-0\/\" \/>\n<meta property=\"og:site_name\" content=\"Notibras\" \/>\n<meta property=\"article:publisher\" content=\"https:\/\/www.facebook.com\/notibras\/\" \/>\n<meta property=\"article:published_time\" content=\"2015-05-18T01:29:25+00:00\" \/>\n<meta property=\"article:modified_time\" content=\"2015-05-18T03:32:51+00:00\" \/>\n<meta property=\"og:image\" content=\"https:\/\/www.notibras.com\/site\/wp-content\/uploads\/2015\/05\/pontesp.jpg\" \/>\n\t<meta property=\"og:image:width\" content=\"940\" \/>\n\t<meta property=\"og:image:height\" content=\"627\" \/>\n\t<meta property=\"og:image:type\" content=\"image\/jpeg\" \/>\n<meta name=\"author\" content=\"Reda\u00e7\u00e3o\" \/>\n<meta name=\"twitter:card\" content=\"summary_large_image\" \/>\n<meta name=\"twitter:creator\" content=\"@Notibras\" \/>\n<meta name=\"twitter:site\" content=\"@Notibras\" \/>\n<meta name=\"twitter:label1\" content=\"Escrito por\" \/>\n\t<meta name=\"twitter:data1\" content=\"Reda\u00e7\u00e3o\" \/>\n\t<meta name=\"twitter:label2\" content=\"Est. tempo de leitura\" \/>\n\t<meta name=\"twitter:data2\" content=\"3 minutos\" \/>\n<script type=\"application\/ld+json\" class=\"yoast-schema-graph\">{\"@context\":\"https:\/\/schema.org\",\"@graph\":[{\"@type\":\"Article\",\"@id\":\"https:\/\/www.notibras.com\/site\/ponte-preta-aproveita-apatia-do-sao-paulo-e-vence-por-1-a-0\/#article\",\"isPartOf\":{\"@id\":\"https:\/\/www.notibras.com\/site\/ponte-preta-aproveita-apatia-do-sao-paulo-e-vence-por-1-a-0\/\"},\"author\":{\"name\":\"Reda\u00e7\u00e3o\",\"@id\":\"https:\/\/www.notibras.com\/site\/#\/schema\/person\/36ab0979449956132d3e5b517ea76ac8\"},\"headline\":\"Ponte Preta aproveita apatia do S\u00e3o Paulo e vence por 1 a 0\",\"datePublished\":\"2015-05-18T01:29:25+00:00\",\"dateModified\":\"2015-05-18T03:32:51+00:00\",\"mainEntityOfPage\":{\"@id\":\"https:\/\/www.notibras.com\/site\/ponte-preta-aproveita-apatia-do-sao-paulo-e-vence-por-1-a-0\/\"},\"wordCount\":515,\"commentCount\":0,\"publisher\":{\"@id\":\"https:\/\/www.notibras.com\/site\/#organization\"},\"image\":{\"@id\":\"https:\/\/www.notibras.com\/site\/ponte-preta-aproveita-apatia-do-sao-paulo-e-vence-por-1-a-0\/#primaryimage\"},\"thumbnailUrl\":\"https:\/\/www.notibras.com\/site\/wp-content\/uploads\/2015\/05\/pontesp.jpg\",\"articleSection\":[\"Esportes\",\"Futebol\"],\"inLanguage\":\"pt-BR\",\"potentialAction\":[{\"@type\":\"CommentAction\",\"name\":\"Comment\",\"target\":[\"https:\/\/www.notibras.com\/site\/ponte-preta-aproveita-apatia-do-sao-paulo-e-vence-por-1-a-0\/#respond\"]}]},{\"@type\":\"WebPage\",\"@id\":\"https:\/\/www.notibras.com\/site\/ponte-preta-aproveita-apatia-do-sao-paulo-e-vence-por-1-a-0\/\",\"url\":\"https:\/\/www.notibras.com\/site\/ponte-preta-aproveita-apatia-do-sao-paulo-e-vence-por-1-a-0\/\",\"name\":\"Ponte Preta aproveita apatia do S\u00e3o Paulo e vence por 1 a 0 - Notibras\",\"isPartOf\":{\"@id\":\"https:\/\/www.notibras.com\/site\/#website\"},\"primaryImageOfPage\":{\"@id\":\"https:\/\/www.notibras.com\/site\/ponte-preta-aproveita-apatia-do-sao-paulo-e-vence-por-1-a-0\/#primaryimage\"},\"image\":{\"@id\":\"https:\/\/www.notibras.com\/site\/ponte-preta-aproveita-apatia-do-sao-paulo-e-vence-por-1-a-0\/#primaryimage\"},\"thumbnailUrl\":\"https:\/\/www.notibras.com\/site\/wp-content\/uploads\/2015\/05\/pontesp.jpg\",\"datePublished\":\"2015-05-18T01:29:25+00:00\",\"dateModified\":\"2015-05-18T03:32:51+00:00\",\"breadcrumb\":{\"@id\":\"https:\/\/www.notibras.com\/site\/ponte-preta-aproveita-apatia-do-sao-paulo-e-vence-por-1-a-0\/#breadcrumb\"},\"inLanguage\":\"pt-BR\",\"potentialAction\":[{\"@type\":\"ReadAction\",\"target\":[\"https:\/\/www.notibras.com\/site\/ponte-preta-aproveita-apatia-do-sao-paulo-e-vence-por-1-a-0\/\"]}]},{\"@type\":\"ImageObject\",\"inLanguage\":\"pt-BR\",\"@id\":\"https:\/\/www.notibras.com\/site\/ponte-preta-aproveita-apatia-do-sao-paulo-e-vence-por-1-a-0\/#primaryimage\",\"url\":\"https:\/\/www.notibras.com\/site\/wp-content\/uploads\/2015\/05\/pontesp.jpg\",\"contentUrl\":\"https:\/\/www.notibras.com\/site\/wp-content\/uploads\/2015\/05\/pontesp.jpg\",\"width\":940,\"height\":627,\"caption\":\"Campinas,SP,Brasil 17 de Maio 2015- CAMPEONATO BRASILEIRO - PONTE PRETA x S\u00c3O PAULO - Rogerio Ceni e Pauo Miranda jogadores do S\u00e3o Paulo durante partida entre Ponte Preta x S\u00e3o Paulo v\u00e1lido pela 02\u00ba rodada do Campeonato Brasileiro no est\u00e1dio Moises Lucarelli em Campinas na tarde de hoje (17).(Foto: Ale Vianna\/Eleven).\"},{\"@type\":\"BreadcrumbList\",\"@id\":\"https:\/\/www.notibras.com\/site\/ponte-preta-aproveita-apatia-do-sao-paulo-e-vence-por-1-a-0\/#breadcrumb\",\"itemListElement\":[{\"@type\":\"ListItem\",\"position\":1,\"name\":\"In\u00edcio\",\"item\":\"https:\/\/www.notibras.com\/site\/\"},{\"@type\":\"ListItem\",\"position\":2,\"name\":\"Ponte Preta aproveita apatia do S\u00e3o Paulo e vence por 1 a 0\"}]},{\"@type\":\"WebSite\",\"@id\":\"https:\/\/www.notibras.com\/site\/#website\",\"url\":\"https:\/\/www.notibras.com\/site\/\",\"name\":\"Notibras\",\"description\":\"Not\u00edcias de Bras\u00edlia, do Brasil e do Mundo\",\"publisher\":{\"@id\":\"https:\/\/www.notibras.com\/site\/#organization\"},\"potentialAction\":[{\"@type\":\"SearchAction\",\"target\":{\"@type\":\"EntryPoint\",\"urlTemplate\":\"https:\/\/www.notibras.com\/site\/?s={search_term_string}\"},\"query-input\":{\"@type\":\"PropertyValueSpecification\",\"valueRequired\":true,\"valueName\":\"search_term_string\"}}],\"inLanguage\":\"pt-BR\"},{\"@type\":\"Organization\",\"@id\":\"https:\/\/www.notibras.com\/site\/#organization\",\"name\":\"Grupo Notibras de Comunica\u00e7\u00e3o\",\"url\":\"https:\/\/www.notibras.com\/site\/\",\"logo\":{\"@type\":\"ImageObject\",\"inLanguage\":\"pt-BR\",\"@id\":\"https:\/\/www.notibras.com\/site\/#\/schema\/logo\/image\/\",\"url\":\"https:\/\/www.notibras.com\/site\/wp-content\/uploads\/2023\/01\/notibras23.png\",\"contentUrl\":\"https:\/\/www.notibras.com\/site\/wp-content\/uploads\/2023\/01\/notibras23.png\",\"width\":350,\"height\":87,\"caption\":\"Grupo Notibras de Comunica\u00e7\u00e3o\"},\"image\":{\"@id\":\"https:\/\/www.notibras.com\/site\/#\/schema\/logo\/image\/\"},\"sameAs\":[\"https:\/\/www.facebook.com\/notibras\/\",\"https:\/\/x.com\/Notibras\",\"https:\/\/www.instagram.com\/notibras\/\"]},{\"@type\":\"Person\",\"@id\":\"https:\/\/www.notibras.com\/site\/#\/schema\/person\/36ab0979449956132d3e5b517ea76ac8\",\"name\":\"Reda\u00e7\u00e3o\",\"image\":{\"@type\":\"ImageObject\",\"inLanguage\":\"pt-BR\",\"@id\":\"https:\/\/secure.gravatar.com\/avatar\/e0a867bdedb85fd243eadf09663511f96fc81e0720a4a42581f334ad4303aa6b?s=96&d=mm&r=g\",\"url\":\"https:\/\/secure.gravatar.com\/avatar\/e0a867bdedb85fd243eadf09663511f96fc81e0720a4a42581f334ad4303aa6b?s=96&d=mm&r=g\",\"contentUrl\":\"https:\/\/secure.gravatar.com\/avatar\/e0a867bdedb85fd243eadf09663511f96fc81e0720a4a42581f334ad4303aa6b?s=96&d=mm&r=g\",\"caption\":\"Reda\u00e7\u00e3o\"}}]}<\/script>\n<!-- \/ Yoast SEO plugin. -->","yoast_head_json":{"title":"Ponte Preta aproveita apatia do S\u00e3o Paulo e vence por 1 a 0 - Notibras","robots":{"index":"index","follow":"follow","max-snippet":"max-snippet:-1","max-image-preview":"max-image-preview:large","max-video-preview":"max-video-preview:-1"},"canonical":"https:\/\/www.notibras.com\/site\/ponte-preta-aproveita-apatia-do-sao-paulo-e-vence-por-1-a-0\/","og_locale":"pt_BR","og_type":"article","og_title":"Ponte Preta aproveita apatia do S\u00e3o Paulo e vence por 1 a 0 - Notibras","og_description":"N\u00e3o come\u00e7ou bem para o S\u00e3o Paulo a vida depois da elimina\u00e7\u00e3o na Copa Libertadores. Neste domingo, no Mois\u00e9s Lucarelli, a Ponte Preta jogou melhor e fez por merecer a vit\u00f3ria por 1 a 0 pela segunda rodada do Campeonato Brasileiro. O gol da vit\u00f3ria foi marcado por Renato Caj\u00e1, o homem da Ponte Preta [&hellip;]","og_url":"https:\/\/www.notibras.com\/site\/ponte-preta-aproveita-apatia-do-sao-paulo-e-vence-por-1-a-0\/","og_site_name":"Notibras","article_publisher":"https:\/\/www.facebook.com\/notibras\/","article_published_time":"2015-05-18T01:29:25+00:00","article_modified_time":"2015-05-18T03:32:51+00:00","og_image":[{"width":940,"height":627,"url":"https:\/\/www.notibras.com\/site\/wp-content\/uploads\/2015\/05\/pontesp.jpg","type":"image\/jpeg"}],"author":"Reda\u00e7\u00e3o","twitter_card":"summary_large_image","twitter_creator":"@Notibras","twitter_site":"@Notibras","twitter_misc":{"Escrito por":"Reda\u00e7\u00e3o","Est. tempo de leitura":"3 minutos"},"schema":{"@context":"https:\/\/schema.org","@graph":[{"@type":"Article","@id":"https:\/\/www.notibras.com\/site\/ponte-preta-aproveita-apatia-do-sao-paulo-e-vence-por-1-a-0\/#article","isPartOf":{"@id":"https:\/\/www.notibras.com\/site\/ponte-preta-aproveita-apatia-do-sao-paulo-e-vence-por-1-a-0\/"},"author":{"name":"Reda\u00e7\u00e3o","@id":"https:\/\/www.notibras.com\/site\/#\/schema\/person\/36ab0979449956132d3e5b517ea76ac8"},"headline":"Ponte Preta aproveita apatia do S\u00e3o Paulo e vence por 1 a 0","datePublished":"2015-05-18T01:29:25+00:00","dateModified":"2015-05-18T03:32:51+00:00","mainEntityOfPage":{"@id":"https:\/\/www.notibras.com\/site\/ponte-preta-aproveita-apatia-do-sao-paulo-e-vence-por-1-a-0\/"},"wordCount":515,"commentCount":0,"publisher":{"@id":"https:\/\/www.notibras.com\/site\/#organization"},"image":{"@id":"https:\/\/www.notibras.com\/site\/ponte-preta-aproveita-apatia-do-sao-paulo-e-vence-por-1-a-0\/#primaryimage"},"thumbnailUrl":"https:\/\/www.notibras.com\/site\/wp-content\/uploads\/2015\/05\/pontesp.jpg","articleSection":["Esportes","Futebol"],"inLanguage":"pt-BR","potentialAction":[{"@type":"CommentAction","name":"Comment","target":["https:\/\/www.notibras.com\/site\/ponte-preta-aproveita-apatia-do-sao-paulo-e-vence-por-1-a-0\/#respond"]}]},{"@type":"WebPage","@id":"https:\/\/www.notibras.com\/site\/ponte-preta-aproveita-apatia-do-sao-paulo-e-vence-por-1-a-0\/","url":"https:\/\/www.notibras.com\/site\/ponte-preta-aproveita-apatia-do-sao-paulo-e-vence-por-1-a-0\/","name":"Ponte Preta aproveita apatia do S\u00e3o Paulo e vence por 1 a 0 - Notibras","isPartOf":{"@id":"https:\/\/www.notibras.com\/site\/#website"},"primaryImageOfPage":{"@id":"https:\/\/www.notibras.com\/site\/ponte-preta-aproveita-apatia-do-sao-paulo-e-vence-por-1-a-0\/#primaryimage"},"image":{"@id":"https:\/\/www.notibras.com\/site\/ponte-preta-aproveita-apatia-do-sao-paulo-e-vence-por-1-a-0\/#primaryimage"},"thumbnailUrl":"https:\/\/www.notibras.com\/site\/wp-content\/uploads\/2015\/05\/pontesp.jpg","datePublished":"2015-05-18T01:29:25+00:00","dateModified":"2015-05-18T03:32:51+00:00","breadcrumb":{"@id":"https:\/\/www.notibras.com\/site\/ponte-preta-aproveita-apatia-do-sao-paulo-e-vence-por-1-a-0\/#breadcrumb"},"inLanguage":"pt-BR","potentialAction":[{"@type":"ReadAction","target":["https:\/\/www.notibras.com\/site\/ponte-preta-aproveita-apatia-do-sao-paulo-e-vence-por-1-a-0\/"]}]},{"@type":"ImageObject","inLanguage":"pt-BR","@id":"https:\/\/www.notibras.com\/site\/ponte-preta-aproveita-apatia-do-sao-paulo-e-vence-por-1-a-0\/#primaryimage","url":"https:\/\/www.notibras.com\/site\/wp-content\/uploads\/2015\/05\/pontesp.jpg","contentUrl":"https:\/\/www.notibras.com\/site\/wp-content\/uploads\/2015\/05\/pontesp.jpg","width":940,"height":627,"caption":"Campinas,SP,Brasil 17 de Maio 2015- CAMPEONATO BRASILEIRO - PONTE PRETA x S\u00c3O PAULO - Rogerio Ceni e Pauo Miranda jogadores do S\u00e3o Paulo durante partida entre Ponte Preta x S\u00e3o Paulo v\u00e1lido pela 02\u00ba rodada do Campeonato Brasileiro no est\u00e1dio Moises Lucarelli em Campinas na tarde de hoje (17).(Foto: Ale Vianna\/Eleven)."},{"@type":"BreadcrumbList","@id":"https:\/\/www.notibras.com\/site\/ponte-preta-aproveita-apatia-do-sao-paulo-e-vence-por-1-a-0\/#breadcrumb","itemListElement":[{"@type":"ListItem","position":1,"name":"In\u00edcio","item":"https:\/\/www.notibras.com\/site\/"},{"@type":"ListItem","position":2,"name":"Ponte Preta aproveita apatia do S\u00e3o Paulo e vence por 1 a 0"}]},{"@type":"WebSite","@id":"https:\/\/www.notibras.com\/site\/#website","url":"https:\/\/www.notibras.com\/site\/","name":"Notibras","description":"Not\u00edcias de Bras\u00edlia, do Brasil e do Mundo","publisher":{"@id":"https:\/\/www.notibras.com\/site\/#organization"},"potentialAction":[{"@type":"SearchAction","target":{"@type":"EntryPoint","urlTemplate":"https:\/\/www.notibras.com\/site\/?s={search_term_string}"},"query-input":{"@type":"PropertyValueSpecification","valueRequired":true,"valueName":"search_term_string"}}],"inLanguage":"pt-BR"},{"@type":"Organization","@id":"https:\/\/www.notibras.com\/site\/#organization","name":"Grupo Notibras de Comunica\u00e7\u00e3o","url":"https:\/\/www.notibras.com\/site\/","logo":{"@type":"ImageObject","inLanguage":"pt-BR","@id":"https:\/\/www.notibras.com\/site\/#\/schema\/logo\/image\/","url":"https:\/\/www.notibras.com\/site\/wp-content\/uploads\/2023\/01\/notibras23.png","contentUrl":"https:\/\/www.notibras.com\/site\/wp-content\/uploads\/2023\/01\/notibras23.png","width":350,"height":87,"caption":"Grupo Notibras de Comunica\u00e7\u00e3o"},"image":{"@id":"https:\/\/www.notibras.com\/site\/#\/schema\/logo\/image\/"},"sameAs":["https:\/\/www.facebook.com\/notibras\/","https:\/\/x.com\/Notibras","https:\/\/www.instagram.com\/notibras\/"]},{"@type":"Person","@id":"https:\/\/www.notibras.com\/site\/#\/schema\/person\/36ab0979449956132d3e5b517ea76ac8","name":"Reda\u00e7\u00e3o","image":{"@type":"ImageObject","inLanguage":"pt-BR","@id":"https:\/\/secure.gravatar.com\/avatar\/e0a867bdedb85fd243eadf09663511f96fc81e0720a4a42581f334ad4303aa6b?s=96&d=mm&r=g","url":"https:\/\/secure.gravatar.com\/avatar\/e0a867bdedb85fd243eadf09663511f96fc81e0720a4a42581f334ad4303aa6b?s=96&d=mm&r=g","contentUrl":"https:\/\/secure.gravatar.com\/avatar\/e0a867bdedb85fd243eadf09663511f96fc81e0720a4a42581f334ad4303aa6b?s=96&d=mm&r=g","caption":"Reda\u00e7\u00e3o"}}]}},"amp_enabled":true,"_links":{"self":[{"href":"https:\/\/www.notibras.com\/site\/wp-json\/wp\/v2\/posts\/49123","targetHints":{"allow":["GET"]}}],"collection":[{"href":"https:\/\/www.notibras.com\/site\/wp-json\/wp\/v2\/posts"}],"about":[{"href":"https:\/\/www.notibras.com\/site\/wp-json\/wp\/v2\/types\/post"}],"author":[{"embeddable":true,"href":"https:\/\/www.notibras.com\/site\/wp-json\/wp\/v2\/users\/2"}],"replies":[{"embeddable":true,"href":"https:\/\/www.notibras.com\/site\/wp-json\/wp\/v2\/comments?post=49123"}],"version-history":[{"count":0,"href":"https:\/\/www.notibras.com\/site\/wp-json\/wp\/v2\/posts\/49123\/revisions"}],"wp:featuredmedia":[{"embeddable":true,"href":"https:\/\/www.notibras.com\/site\/wp-json\/wp\/v2\/media\/49124"}],"wp:attachment":[{"href":"https:\/\/www.notibras.com\/site\/wp-json\/wp\/v2\/media?parent=49123"}],"wp:term":[{"taxonomy":"category","embeddable":true,"href":"https:\/\/www.notibras.com\/site\/wp-json\/wp\/v2\/categories?post=49123"},{"taxonomy":"post_tag","embeddable":true,"href":"https:\/\/www.notibras.com\/site\/wp-json\/wp\/v2\/tags?post=49123"}],"curies":[{"name":"wp","href":"https:\/\/api.w.org\/{rel}","templated":true}]}}