{"id":49151,"date":"2015-05-18T10:25:44","date_gmt":"2015-05-18T13:25:44","guid":{"rendered":"http:\/\/www.notibras.com\/site\/?p=49151"},"modified":"2015-05-18T10:25:44","modified_gmt":"2015-05-18T13:25:44","slug":"equipe-de-manutencao-da-ceb-atua-em-tres-cidades-nesta-segunda","status":"publish","type":"post","link":"https:\/\/www.notibras.com\/site\/equipe-de-manutencao-da-ceb-atua-em-tres-cidades-nesta-segunda\/","title":{"rendered":"Equipe de manuten\u00e7\u00e3o da CEB atua em tr\u00eas cidades nesta segunda"},"content":{"rendered":"<p>Quadras de tr\u00eas cidades sat\u00e9lites\u00a0ficam sem energia nesta segunda-feira (18) para manuten\u00e7\u00e3o preventiva da rede. Ser\u00e3o afetadas as seguintes \u00e1reas:.<\/p>\n<p><strong>N\u00facleo Bandeirante<\/strong><br \/>\nHor\u00e1rio: 9h \u00e0s 15h<br \/>\nLocal: Metropolitana, rua 01 lotes pares de 02 a\u00a0 06, lotes impares 03 a\u00a0 25; rua 02 lotes 02-a,10; ruas 03 (total); ruas 03-a lotes de 01 a 14; ruas 04,05, 05-a(totais); rua 06 lotes impares 01 a 31, lotes pares 32 a 62; rua 07 lotes de 01 a\u00a0 33; rua 08, 09(totais); rua 10 lotes de 02 a 16; rua 11 lotes de 09 a 23; rua 11-a lotes 03, 05, 07, 10; ruas 12, 12-a, 13(totais); rua 14 lotes de 01 a 36; ruas 15, 16(totais); rua Triangulo(total); rua da Ferrovi\u00e1ria lotes de 01 a 19; rua Boa Vista lotes de 01 a 33.<\/p>\n<p><strong>Recanto das Emas<\/strong><br \/>\nHor\u00e1rio: 13h \u00e0s 17h<br \/>\nLocal: Condom\u00ednio Asa Branca, Quadras MD, MF,\u00a0 MG.<\/p>\n<p><strong>Sobradinho<\/strong><br \/>\nHor\u00e1rio: 9h \u00e0s 15h<br \/>\nLocal:\u00a0 n\u00facleo Rural Sobradinho II, Assentamento contagem: fazenda sonhem de baixo,\u00a0 ch\u00e1caras 10, 35, 36 e \u00c1rea isolada n. 01.<\/p>\n<p>&nbsp;<\/p>\n","protected":false},"excerpt":{"rendered":"<p>Quadras de tr\u00eas cidades sat\u00e9lites\u00a0ficam sem energia nesta segunda-feira (18) para manuten\u00e7\u00e3o preventiva da rede. Ser\u00e3o afetadas as seguintes \u00e1reas:. N\u00facleo Bandeirante Hor\u00e1rio: 9h \u00e0s 15h Local: Metropolitana, rua 01 lotes pares de 02 a\u00a0 06, lotes impares 03 a\u00a0 25; rua 02 lotes 02-a,10; ruas 03 (total); ruas 03-a lotes de 01 a 14; [&hellip;]<\/p>\n","protected":false},"author":2,"featured_media":49152,"comment_status":"open","ping_status":"closed","sticky":false,"template":"","format":"standard","meta":{"_acf_changed":false,"footnotes":""},"categories":[40],"tags":[],"class_list":["post-49151","post","type-post","status-publish","format-standard","has-post-thumbnail","hentry","category-zapzap-das-quadras"],"acf":[],"yoast_head":"<!-- This site is optimized with the Yoast SEO plugin v27.2 - https:\/\/yoast.com\/product\/yoast-seo-wordpress\/ -->\n<title>Equipe de manuten\u00e7\u00e3o da CEB atua em tr\u00eas cidades nesta segunda - Notibras<\/title>\n<meta name=\"robots\" content=\"index, follow, max-snippet:-1, max-image-preview:large, max-video-preview:-1\" \/>\n<link rel=\"canonical\" href=\"https:\/\/www.notibras.com\/site\/equipe-de-manutencao-da-ceb-atua-em-tres-cidades-nesta-segunda\/\" \/>\n<meta property=\"og:locale\" content=\"pt_BR\" \/>\n<meta property=\"og:type\" content=\"article\" \/>\n<meta property=\"og:title\" content=\"Equipe de manuten\u00e7\u00e3o da CEB atua em tr\u00eas cidades nesta segunda - Notibras\" \/>\n<meta property=\"og:description\" content=\"Quadras de tr\u00eas cidades sat\u00e9lites\u00a0ficam sem energia nesta segunda-feira (18) para manuten\u00e7\u00e3o preventiva da rede. Ser\u00e3o afetadas as seguintes \u00e1reas:. N\u00facleo Bandeirante Hor\u00e1rio: 9h \u00e0s 15h Local: Metropolitana, rua 01 lotes pares de 02 a\u00a0 06, lotes impares 03 a\u00a0 25; rua 02 lotes 02-a,10; ruas 03 (total); ruas 03-a lotes de 01 a 14; [&hellip;]\" \/>\n<meta property=\"og:url\" content=\"https:\/\/www.notibras.com\/site\/equipe-de-manutencao-da-ceb-atua-em-tres-cidades-nesta-segunda\/\" \/>\n<meta property=\"og:site_name\" content=\"Notibras\" \/>\n<meta property=\"article:publisher\" content=\"https:\/\/www.facebook.com\/notibras\/\" \/>\n<meta property=\"article:published_time\" content=\"2015-05-18T13:25:44+00:00\" \/>\n<meta property=\"og:image\" content=\"https:\/\/www.notibras.com\/site\/wp-content\/uploads\/2015\/05\/ceb.jpg\" \/>\n\t<meta property=\"og:image:width\" content=\"350\" \/>\n\t<meta property=\"og:image:height\" content=\"233\" \/>\n\t<meta property=\"og:image:type\" content=\"image\/jpeg\" \/>\n<meta name=\"author\" content=\"Reda\u00e7\u00e3o\" \/>\n<meta name=\"twitter:card\" content=\"summary_large_image\" \/>\n<meta name=\"twitter:creator\" content=\"@Notibras\" \/>\n<meta name=\"twitter:site\" content=\"@Notibras\" \/>\n<meta name=\"twitter:label1\" content=\"Escrito por\" \/>\n\t<meta name=\"twitter:data1\" content=\"Reda\u00e7\u00e3o\" \/>\n\t<meta name=\"twitter:label2\" content=\"Est. tempo de leitura\" \/>\n\t<meta name=\"twitter:data2\" content=\"1 minuto\" \/>\n<script type=\"application\/ld+json\" class=\"yoast-schema-graph\">{\"@context\":\"https:\/\/schema.org\",\"@graph\":[{\"@type\":\"Article\",\"@id\":\"https:\/\/www.notibras.com\/site\/equipe-de-manutencao-da-ceb-atua-em-tres-cidades-nesta-segunda\/#article\",\"isPartOf\":{\"@id\":\"https:\/\/www.notibras.com\/site\/equipe-de-manutencao-da-ceb-atua-em-tres-cidades-nesta-segunda\/\"},\"author\":{\"name\":\"Reda\u00e7\u00e3o\",\"@id\":\"https:\/\/www.notibras.com\/site\/#\/schema\/person\/36ab0979449956132d3e5b517ea76ac8\"},\"headline\":\"Equipe de manuten\u00e7\u00e3o da CEB atua em tr\u00eas cidades nesta segunda\",\"datePublished\":\"2015-05-18T13:25:44+00:00\",\"mainEntityOfPage\":{\"@id\":\"https:\/\/www.notibras.com\/site\/equipe-de-manutencao-da-ceb-atua-em-tres-cidades-nesta-segunda\/\"},\"wordCount\":159,\"commentCount\":0,\"publisher\":{\"@id\":\"https:\/\/www.notibras.com\/site\/#organization\"},\"image\":{\"@id\":\"https:\/\/www.notibras.com\/site\/equipe-de-manutencao-da-ceb-atua-em-tres-cidades-nesta-segunda\/#primaryimage\"},\"thumbnailUrl\":\"https:\/\/www.notibras.com\/site\/wp-content\/uploads\/2015\/05\/ceb.jpg\",\"articleSection\":[\"ZapZap das Quadras\"],\"inLanguage\":\"pt-BR\",\"potentialAction\":[{\"@type\":\"CommentAction\",\"name\":\"Comment\",\"target\":[\"https:\/\/www.notibras.com\/site\/equipe-de-manutencao-da-ceb-atua-em-tres-cidades-nesta-segunda\/#respond\"]}]},{\"@type\":\"WebPage\",\"@id\":\"https:\/\/www.notibras.com\/site\/equipe-de-manutencao-da-ceb-atua-em-tres-cidades-nesta-segunda\/\",\"url\":\"https:\/\/www.notibras.com\/site\/equipe-de-manutencao-da-ceb-atua-em-tres-cidades-nesta-segunda\/\",\"name\":\"Equipe de manuten\u00e7\u00e3o da CEB atua em tr\u00eas cidades nesta segunda - Notibras\",\"isPartOf\":{\"@id\":\"https:\/\/www.notibras.com\/site\/#website\"},\"primaryImageOfPage\":{\"@id\":\"https:\/\/www.notibras.com\/site\/equipe-de-manutencao-da-ceb-atua-em-tres-cidades-nesta-segunda\/#primaryimage\"},\"image\":{\"@id\":\"https:\/\/www.notibras.com\/site\/equipe-de-manutencao-da-ceb-atua-em-tres-cidades-nesta-segunda\/#primaryimage\"},\"thumbnailUrl\":\"https:\/\/www.notibras.com\/site\/wp-content\/uploads\/2015\/05\/ceb.jpg\",\"datePublished\":\"2015-05-18T13:25:44+00:00\",\"breadcrumb\":{\"@id\":\"https:\/\/www.notibras.com\/site\/equipe-de-manutencao-da-ceb-atua-em-tres-cidades-nesta-segunda\/#breadcrumb\"},\"inLanguage\":\"pt-BR\",\"potentialAction\":[{\"@type\":\"ReadAction\",\"target\":[\"https:\/\/www.notibras.com\/site\/equipe-de-manutencao-da-ceb-atua-em-tres-cidades-nesta-segunda\/\"]}]},{\"@type\":\"ImageObject\",\"inLanguage\":\"pt-BR\",\"@id\":\"https:\/\/www.notibras.com\/site\/equipe-de-manutencao-da-ceb-atua-em-tres-cidades-nesta-segunda\/#primaryimage\",\"url\":\"https:\/\/www.notibras.com\/site\/wp-content\/uploads\/2015\/05\/ceb.jpg\",\"contentUrl\":\"https:\/\/www.notibras.com\/site\/wp-content\/uploads\/2015\/05\/ceb.jpg\",\"width\":350,\"height\":233},{\"@type\":\"BreadcrumbList\",\"@id\":\"https:\/\/www.notibras.com\/site\/equipe-de-manutencao-da-ceb-atua-em-tres-cidades-nesta-segunda\/#breadcrumb\",\"itemListElement\":[{\"@type\":\"ListItem\",\"position\":1,\"name\":\"In\u00edcio\",\"item\":\"https:\/\/www.notibras.com\/site\/\"},{\"@type\":\"ListItem\",\"position\":2,\"name\":\"Equipe de manuten\u00e7\u00e3o da CEB atua em tr\u00eas cidades nesta segunda\"}]},{\"@type\":\"WebSite\",\"@id\":\"https:\/\/www.notibras.com\/site\/#website\",\"url\":\"https:\/\/www.notibras.com\/site\/\",\"name\":\"Notibras\",\"description\":\"Not\u00edcias de Bras\u00edlia, do Brasil e do Mundo\",\"publisher\":{\"@id\":\"https:\/\/www.notibras.com\/site\/#organization\"},\"potentialAction\":[{\"@type\":\"SearchAction\",\"target\":{\"@type\":\"EntryPoint\",\"urlTemplate\":\"https:\/\/www.notibras.com\/site\/?s={search_term_string}\"},\"query-input\":{\"@type\":\"PropertyValueSpecification\",\"valueRequired\":true,\"valueName\":\"search_term_string\"}}],\"inLanguage\":\"pt-BR\"},{\"@type\":\"Organization\",\"@id\":\"https:\/\/www.notibras.com\/site\/#organization\",\"name\":\"Grupo Notibras de Comunica\u00e7\u00e3o\",\"url\":\"https:\/\/www.notibras.com\/site\/\",\"logo\":{\"@type\":\"ImageObject\",\"inLanguage\":\"pt-BR\",\"@id\":\"https:\/\/www.notibras.com\/site\/#\/schema\/logo\/image\/\",\"url\":\"https:\/\/www.notibras.com\/site\/wp-content\/uploads\/2023\/01\/notibras23.png\",\"contentUrl\":\"https:\/\/www.notibras.com\/site\/wp-content\/uploads\/2023\/01\/notibras23.png\",\"width\":350,\"height\":87,\"caption\":\"Grupo Notibras de Comunica\u00e7\u00e3o\"},\"image\":{\"@id\":\"https:\/\/www.notibras.com\/site\/#\/schema\/logo\/image\/\"},\"sameAs\":[\"https:\/\/www.facebook.com\/notibras\/\",\"https:\/\/x.com\/Notibras\",\"https:\/\/www.instagram.com\/notibras\/\"]},{\"@type\":\"Person\",\"@id\":\"https:\/\/www.notibras.com\/site\/#\/schema\/person\/36ab0979449956132d3e5b517ea76ac8\",\"name\":\"Reda\u00e7\u00e3o\",\"image\":{\"@type\":\"ImageObject\",\"inLanguage\":\"pt-BR\",\"@id\":\"https:\/\/secure.gravatar.com\/avatar\/e0a867bdedb85fd243eadf09663511f96fc81e0720a4a42581f334ad4303aa6b?s=96&d=mm&r=g\",\"url\":\"https:\/\/secure.gravatar.com\/avatar\/e0a867bdedb85fd243eadf09663511f96fc81e0720a4a42581f334ad4303aa6b?s=96&d=mm&r=g\",\"contentUrl\":\"https:\/\/secure.gravatar.com\/avatar\/e0a867bdedb85fd243eadf09663511f96fc81e0720a4a42581f334ad4303aa6b?s=96&d=mm&r=g\",\"caption\":\"Reda\u00e7\u00e3o\"}}]}<\/script>\n<!-- \/ Yoast SEO plugin. -->","yoast_head_json":{"title":"Equipe de manuten\u00e7\u00e3o da CEB atua em tr\u00eas cidades nesta segunda - Notibras","robots":{"index":"index","follow":"follow","max-snippet":"max-snippet:-1","max-image-preview":"max-image-preview:large","max-video-preview":"max-video-preview:-1"},"canonical":"https:\/\/www.notibras.com\/site\/equipe-de-manutencao-da-ceb-atua-em-tres-cidades-nesta-segunda\/","og_locale":"pt_BR","og_type":"article","og_title":"Equipe de manuten\u00e7\u00e3o da CEB atua em tr\u00eas cidades nesta segunda - Notibras","og_description":"Quadras de tr\u00eas cidades sat\u00e9lites\u00a0ficam sem energia nesta segunda-feira (18) para manuten\u00e7\u00e3o preventiva da rede. Ser\u00e3o afetadas as seguintes \u00e1reas:. N\u00facleo Bandeirante Hor\u00e1rio: 9h \u00e0s 15h Local: Metropolitana, rua 01 lotes pares de 02 a\u00a0 06, lotes impares 03 a\u00a0 25; rua 02 lotes 02-a,10; ruas 03 (total); ruas 03-a lotes de 01 a 14; [&hellip;]","og_url":"https:\/\/www.notibras.com\/site\/equipe-de-manutencao-da-ceb-atua-em-tres-cidades-nesta-segunda\/","og_site_name":"Notibras","article_publisher":"https:\/\/www.facebook.com\/notibras\/","article_published_time":"2015-05-18T13:25:44+00:00","og_image":[{"width":350,"height":233,"url":"https:\/\/www.notibras.com\/site\/wp-content\/uploads\/2015\/05\/ceb.jpg","type":"image\/jpeg"}],"author":"Reda\u00e7\u00e3o","twitter_card":"summary_large_image","twitter_creator":"@Notibras","twitter_site":"@Notibras","twitter_misc":{"Escrito por":"Reda\u00e7\u00e3o","Est. tempo de leitura":"1 minuto"},"schema":{"@context":"https:\/\/schema.org","@graph":[{"@type":"Article","@id":"https:\/\/www.notibras.com\/site\/equipe-de-manutencao-da-ceb-atua-em-tres-cidades-nesta-segunda\/#article","isPartOf":{"@id":"https:\/\/www.notibras.com\/site\/equipe-de-manutencao-da-ceb-atua-em-tres-cidades-nesta-segunda\/"},"author":{"name":"Reda\u00e7\u00e3o","@id":"https:\/\/www.notibras.com\/site\/#\/schema\/person\/36ab0979449956132d3e5b517ea76ac8"},"headline":"Equipe de manuten\u00e7\u00e3o da CEB atua em tr\u00eas cidades nesta segunda","datePublished":"2015-05-18T13:25:44+00:00","mainEntityOfPage":{"@id":"https:\/\/www.notibras.com\/site\/equipe-de-manutencao-da-ceb-atua-em-tres-cidades-nesta-segunda\/"},"wordCount":159,"commentCount":0,"publisher":{"@id":"https:\/\/www.notibras.com\/site\/#organization"},"image":{"@id":"https:\/\/www.notibras.com\/site\/equipe-de-manutencao-da-ceb-atua-em-tres-cidades-nesta-segunda\/#primaryimage"},"thumbnailUrl":"https:\/\/www.notibras.com\/site\/wp-content\/uploads\/2015\/05\/ceb.jpg","articleSection":["ZapZap das Quadras"],"inLanguage":"pt-BR","potentialAction":[{"@type":"CommentAction","name":"Comment","target":["https:\/\/www.notibras.com\/site\/equipe-de-manutencao-da-ceb-atua-em-tres-cidades-nesta-segunda\/#respond"]}]},{"@type":"WebPage","@id":"https:\/\/www.notibras.com\/site\/equipe-de-manutencao-da-ceb-atua-em-tres-cidades-nesta-segunda\/","url":"https:\/\/www.notibras.com\/site\/equipe-de-manutencao-da-ceb-atua-em-tres-cidades-nesta-segunda\/","name":"Equipe de manuten\u00e7\u00e3o da CEB atua em tr\u00eas cidades nesta segunda - Notibras","isPartOf":{"@id":"https:\/\/www.notibras.com\/site\/#website"},"primaryImageOfPage":{"@id":"https:\/\/www.notibras.com\/site\/equipe-de-manutencao-da-ceb-atua-em-tres-cidades-nesta-segunda\/#primaryimage"},"image":{"@id":"https:\/\/www.notibras.com\/site\/equipe-de-manutencao-da-ceb-atua-em-tres-cidades-nesta-segunda\/#primaryimage"},"thumbnailUrl":"https:\/\/www.notibras.com\/site\/wp-content\/uploads\/2015\/05\/ceb.jpg","datePublished":"2015-05-18T13:25:44+00:00","breadcrumb":{"@id":"https:\/\/www.notibras.com\/site\/equipe-de-manutencao-da-ceb-atua-em-tres-cidades-nesta-segunda\/#breadcrumb"},"inLanguage":"pt-BR","potentialAction":[{"@type":"ReadAction","target":["https:\/\/www.notibras.com\/site\/equipe-de-manutencao-da-ceb-atua-em-tres-cidades-nesta-segunda\/"]}]},{"@type":"ImageObject","inLanguage":"pt-BR","@id":"https:\/\/www.notibras.com\/site\/equipe-de-manutencao-da-ceb-atua-em-tres-cidades-nesta-segunda\/#primaryimage","url":"https:\/\/www.notibras.com\/site\/wp-content\/uploads\/2015\/05\/ceb.jpg","contentUrl":"https:\/\/www.notibras.com\/site\/wp-content\/uploads\/2015\/05\/ceb.jpg","width":350,"height":233},{"@type":"BreadcrumbList","@id":"https:\/\/www.notibras.com\/site\/equipe-de-manutencao-da-ceb-atua-em-tres-cidades-nesta-segunda\/#breadcrumb","itemListElement":[{"@type":"ListItem","position":1,"name":"In\u00edcio","item":"https:\/\/www.notibras.com\/site\/"},{"@type":"ListItem","position":2,"name":"Equipe de manuten\u00e7\u00e3o da CEB atua em tr\u00eas cidades nesta segunda"}]},{"@type":"WebSite","@id":"https:\/\/www.notibras.com\/site\/#website","url":"https:\/\/www.notibras.com\/site\/","name":"Notibras","description":"Not\u00edcias de Bras\u00edlia, do Brasil e do Mundo","publisher":{"@id":"https:\/\/www.notibras.com\/site\/#organization"},"potentialAction":[{"@type":"SearchAction","target":{"@type":"EntryPoint","urlTemplate":"https:\/\/www.notibras.com\/site\/?s={search_term_string}"},"query-input":{"@type":"PropertyValueSpecification","valueRequired":true,"valueName":"search_term_string"}}],"inLanguage":"pt-BR"},{"@type":"Organization","@id":"https:\/\/www.notibras.com\/site\/#organization","name":"Grupo Notibras de Comunica\u00e7\u00e3o","url":"https:\/\/www.notibras.com\/site\/","logo":{"@type":"ImageObject","inLanguage":"pt-BR","@id":"https:\/\/www.notibras.com\/site\/#\/schema\/logo\/image\/","url":"https:\/\/www.notibras.com\/site\/wp-content\/uploads\/2023\/01\/notibras23.png","contentUrl":"https:\/\/www.notibras.com\/site\/wp-content\/uploads\/2023\/01\/notibras23.png","width":350,"height":87,"caption":"Grupo Notibras de Comunica\u00e7\u00e3o"},"image":{"@id":"https:\/\/www.notibras.com\/site\/#\/schema\/logo\/image\/"},"sameAs":["https:\/\/www.facebook.com\/notibras\/","https:\/\/x.com\/Notibras","https:\/\/www.instagram.com\/notibras\/"]},{"@type":"Person","@id":"https:\/\/www.notibras.com\/site\/#\/schema\/person\/36ab0979449956132d3e5b517ea76ac8","name":"Reda\u00e7\u00e3o","image":{"@type":"ImageObject","inLanguage":"pt-BR","@id":"https:\/\/secure.gravatar.com\/avatar\/e0a867bdedb85fd243eadf09663511f96fc81e0720a4a42581f334ad4303aa6b?s=96&d=mm&r=g","url":"https:\/\/secure.gravatar.com\/avatar\/e0a867bdedb85fd243eadf09663511f96fc81e0720a4a42581f334ad4303aa6b?s=96&d=mm&r=g","contentUrl":"https:\/\/secure.gravatar.com\/avatar\/e0a867bdedb85fd243eadf09663511f96fc81e0720a4a42581f334ad4303aa6b?s=96&d=mm&r=g","caption":"Reda\u00e7\u00e3o"}}]}},"amp_enabled":true,"_links":{"self":[{"href":"https:\/\/www.notibras.com\/site\/wp-json\/wp\/v2\/posts\/49151","targetHints":{"allow":["GET"]}}],"collection":[{"href":"https:\/\/www.notibras.com\/site\/wp-json\/wp\/v2\/posts"}],"about":[{"href":"https:\/\/www.notibras.com\/site\/wp-json\/wp\/v2\/types\/post"}],"author":[{"embeddable":true,"href":"https:\/\/www.notibras.com\/site\/wp-json\/wp\/v2\/users\/2"}],"replies":[{"embeddable":true,"href":"https:\/\/www.notibras.com\/site\/wp-json\/wp\/v2\/comments?post=49151"}],"version-history":[{"count":0,"href":"https:\/\/www.notibras.com\/site\/wp-json\/wp\/v2\/posts\/49151\/revisions"}],"wp:featuredmedia":[{"embeddable":true,"href":"https:\/\/www.notibras.com\/site\/wp-json\/wp\/v2\/media\/49152"}],"wp:attachment":[{"href":"https:\/\/www.notibras.com\/site\/wp-json\/wp\/v2\/media?parent=49151"}],"wp:term":[{"taxonomy":"category","embeddable":true,"href":"https:\/\/www.notibras.com\/site\/wp-json\/wp\/v2\/categories?post=49151"},{"taxonomy":"post_tag","embeddable":true,"href":"https:\/\/www.notibras.com\/site\/wp-json\/wp\/v2\/tags?post=49151"}],"curies":[{"name":"wp","href":"https:\/\/api.w.org\/{rel}","templated":true}]}}