{"id":49278,"date":"2015-05-18T22:11:29","date_gmt":"2015-05-19T01:11:29","guid":{"rendered":"http:\/\/www.notibras.com\/site\/?p=49278"},"modified":"2015-05-18T22:13:09","modified_gmt":"2015-05-19T01:13:09","slug":"ceb-suspende-fornecimento-de-energia-em-cinco-cidades","status":"publish","type":"post","link":"https:\/\/www.notibras.com\/site\/ceb-suspende-fornecimento-de-energia-em-cinco-cidades\/","title":{"rendered":"CEB suspende fornecimento de energia em 5 cidades"},"content":{"rendered":"<p>Algumas \u00e1reas do Distrito Federal v\u00e3o estar sem energia durante algumas horas nesta ter\u00e7a-feira, em fun\u00e7\u00e3o de servi\u00e7os realizados pela CEB. Veja onde e os hor\u00e1rios:<\/p>\n<p><strong>CEIL\u00c2NDIA\u00a0<\/strong><\/p>\n<p>Hor\u00e1rio\u00a08h30 \u00e0s 12h<\/p>\n<p>Local:\u00a0ADE(\u00c1rea de Desenvolvimento Econ\u00f4mico): Quadra 01 conjunto B lotes 06 a 13; conjunto\u00a0 D lotes de 01 a 09.<\/p>\n<p>Servi\u00e7o:\u00a0troca de transformador.<\/p>\n<p><strong>N\u00daCLEO BANDEIRANTE<\/strong><\/p>\n<p>Hor\u00e1rio:\u00a09h \u00e0s 15h<\/p>\n<p>Local:\u00a0\u00a0Smpw,\u00a0Quadra 06\u00a0conjunto 02 lotes de 03 a 07;\u00a0Quadra 07\u00a0conjunto 03 lotes de 06 a 12;\u00a0Quadra\u00a012 lote 01;\u00a0Quadra 14\u00a0conjuntos 03, 04, 05 (totais);\u00a0Quadra 15\u00a0conjuntos 01, 02, 03 05, 06, 07, 08, 09,10, 11,12(totais);\u00a0Quadra 16\u00a0conjuntos 01, 02, 03, 04 05(totais);\u00a0Quadra 17\u00a0conjuntos 01 a\u00a0 16(totais) e Caesb;\u00a0Quadra 18\u00a0conjuntos de \u00a001 a 06(totais);\u00a0Quadra 19\u00a0conjuntos de 01, 02, 03(totais);\u00a0Quadra\u00a020 conjuntos \u00a001, 02, 03, 04(totais);Quadra 21\u00a0conjuntos de 01, 02, 03(totais);\u00a0Quadra 22\u00a0conjuntos de 01, 02, 03, 04(totais);\u00a0Quadra 23\u00a0conjuntos 01, 02, 03, 04(totais); \u00a0Quadra 24\u00a0conjuntos 01 a 05(totais); \u00a0Quadra 25\u00a0conjuntos 01 a 06;\u00a0Quadra 26\u00a0conjunto 01 lotes de 01 a 10 &#8211; conjunto 02 lotes 01 a 04 &#8211; conjunto 03 lotes de 01 a 03, 06 a 10 &#8211; conjunto 04 lotes \u00a001, 03, 05 &#8211; conjunto 06 lotes de 04, 05, 09 a 12 &#8211; conjunto 07 lotes \u00a0de 01 a 18 &#8211; conjunto 08 lotes de 01 a 10 &#8211; conjunto 09 lotes de \u00a001 a 07 &#8211; conjunto 10 lotes de 01 a 07- conjunto 11 lotes de 01 a 03 &#8211; conjunto 12 lotes 01 a 12;\u00a0Quadra\u00a027 conjunto 01 lotes de 01 a 07- conjunto 02 lotes de 01 a 08 &#8211; \u00a0conjunto 03 lote de 01 a 09, Caesb;\u00a0Quadra 28\u00a0 conjunto 01 lotes de \u00a001 a 07- \u00a0conjunto 02 lotes de 01 a 06 &#8211; conjunto 03 lotes de 01 a 07 &#8211; conjunto 04 lotes de 01 a 05 &#8211; conjunto 05 lotes\u00a0 01, 03, 04, 05, 06;\u00a0Quadra 29\u00a0conjunto 01, 02 (totais) &#8211; conjunto 03 lotes de 02 a 03- conjunto 04 lotes de 03 a 08; N\u00facleo rural Vargem Bonita ch\u00e1caras de 01 a 63; \u00c1rea especial 03, fazenda \u00c1gua limpa, Posto de sa\u00fade.<\/p>\n<p>Servi\u00e7o:\u00a0Recondutoramento e constru\u00e7\u00e3o de novo alimentador.<\/p>\n<p><strong>SAMAMBAIA<\/strong><\/p>\n<p>Hor\u00e1rio:\u00a09h \u00e0s 15h<\/p>\n<p>Local:\u00a0N\u00facleo Rural Samambaia, Ch\u00e1cara Bela Vista, Fazenda Leite Prata.<\/p>\n<p>Servi\u00e7o:\u00a0manuten\u00e7\u00e3o preventiva geral na rede com substitui\u00e7\u00e3o de cruzetas e poda de \u00e1rvores.<\/p>\n<p><strong>SAMAMBAIA<\/strong><\/p>\n<p>Hor\u00e1rio:\u00a09h \u00e0s 15h<\/p>\n<p>Local:\u00a0\u00a0Qr 116 conjunto 01 lotes 01, 08 a 14 &#8211; conjuntos 02 a 04 totais &#8211; conjunto 05 lotes 03 a 08- conjunto 06 lotes 03 a 06 &#8211; conjunto 07 lotes 05 a 14.<\/p>\n<p>Servi\u00e7o:\u00a0extens\u00e3o de rede a\u00e9rea de alta tens\u00e3o e instala\u00e7\u00e3o de transformador.<\/p>\n<p><strong>S\u00c3O SEBASTI\u00c3O\u00a0<\/strong><\/p>\n<p>Hor\u00e1rio:\u00a08h \u00e0s 12h<\/p>\n<p>Local:\u00a0Residencial do Bosque, Rua 22 Conjunto A lotes impares de 01 a 09; Rua 23 Conjunto B lotes 01 a 06; Rua 24 Conjunto A(Total ) &#8211;\u00a0 Conjunto B lotes de 01 a 06; Rua 25 Conjunto A (Total) &#8211; Conjunto B Lotes de 01 a 07; \u00c1rea Especial 06, 07.<\/p>\n<p>Servi\u00e7o:\u00a0manuten\u00e7\u00e3o preventiva com limpeza de rede secund\u00e1ria, substitui\u00e7\u00e3o de cabos, instala\u00e7\u00f5es de espa\u00e7adores, reaperto\/padroniza\u00e7\u00e3o de conex\u00f5es.<\/p>\n<p><strong>S\u00c3O SEBASTI\u00c3O<\/strong><\/p>\n<p>Hor\u00e1rio:\u00a09h \u00e0s 15h<\/p>\n<p>Local:\u00a0Condom\u00ednio \u00a0Morada dos Deuses; Condom\u00ednio M\u00e1ximo Garden; Condom\u00ednio Verde, Condom\u00ednio Belvedere Green; \u00a0Condom\u00ednio Ouro Vemelho I, II; Est\u00e2ncia Santa Paula: ch\u00e1caras 26, 2730, 33, 36 a 38.<\/p>\n<p>Servi\u00e7o:\u00a0compacta\u00e7\u00e3o de rede a\u00e9rea\u00a0 de alta tens\u00e3o<\/p>\n<p><strong>S\u00c3O SEBASTI\u00c3O<\/strong><\/p>\n<p>Hor\u00e1rio:\u00a013h \u00e0s 17h<\/p>\n<p>Local:\u00a0Bela vista, rua 01 lotes\u00a0 10, 11, 20,21,30, 31,40, 50, 71, 81, 101, 221, Rua terminal lotes 300, 310, 330,360, 380, 390, 400,410, 440, 450.<\/p>\n<p>Servi\u00e7o:\u00a0manuten\u00e7\u00e3o preventiva com poda de \u00e1rvore, limpeza de rede secund\u00e1ria, reaperto\/padroniza\u00e7\u00e3o de conex\u00f5es.<\/p>\n<p><strong>SOBRADINHO<\/strong><\/p>\n<p>Hor\u00e1rio:\u00a0\u00a09h \u00e0s 15h<\/p>\n<p>Local:\u00a0Assentamento Contagem, Ch\u00e1caras 01,02.<\/p>\n<p>Servi\u00e7o:\u00a0manuten\u00e7\u00e3o preventiva, poda de \u00e1rvores e padroniza\u00e7\u00e3o de conectores.<\/p>\n","protected":false},"excerpt":{"rendered":"<p>Algumas \u00e1reas do Distrito Federal v\u00e3o estar sem energia durante algumas horas nesta ter\u00e7a-feira, em fun\u00e7\u00e3o de servi\u00e7os realizados pela CEB. Veja onde e os hor\u00e1rios: CEIL\u00c2NDIA\u00a0 Hor\u00e1rio\u00a08h30 \u00e0s 12h Local:\u00a0ADE(\u00c1rea de Desenvolvimento Econ\u00f4mico): Quadra 01 conjunto B lotes 06 a 13; conjunto\u00a0 D lotes de 01 a 09. Servi\u00e7o:\u00a0troca de transformador. N\u00daCLEO BANDEIRANTE Hor\u00e1rio:\u00a09h [&hellip;]<\/p>\n","protected":false},"author":2,"featured_media":49279,"comment_status":"open","ping_status":"closed","sticky":false,"template":"","format":"standard","meta":{"_acf_changed":false,"footnotes":""},"categories":[40],"tags":[],"class_list":["post-49278","post","type-post","status-publish","format-standard","has-post-thumbnail","hentry","category-zapzap-das-quadras"],"acf":[],"yoast_head":"<!-- This site is optimized with the Yoast SEO plugin v27.2 - https:\/\/yoast.com\/product\/yoast-seo-wordpress\/ -->\n<title>CEB suspende fornecimento de energia em 5 cidades - Notibras<\/title>\n<meta name=\"robots\" content=\"index, follow, max-snippet:-1, max-image-preview:large, max-video-preview:-1\" \/>\n<link rel=\"canonical\" href=\"https:\/\/www.notibras.com\/site\/ceb-suspende-fornecimento-de-energia-em-cinco-cidades\/\" \/>\n<meta property=\"og:locale\" content=\"pt_BR\" \/>\n<meta property=\"og:type\" content=\"article\" \/>\n<meta property=\"og:title\" content=\"CEB suspende fornecimento de energia em 5 cidades - Notibras\" \/>\n<meta property=\"og:description\" content=\"Algumas \u00e1reas do Distrito Federal v\u00e3o estar sem energia durante algumas horas nesta ter\u00e7a-feira, em fun\u00e7\u00e3o de servi\u00e7os realizados pela CEB. Veja onde e os hor\u00e1rios: CEIL\u00c2NDIA\u00a0 Hor\u00e1rio\u00a08h30 \u00e0s 12h Local:\u00a0ADE(\u00c1rea de Desenvolvimento Econ\u00f4mico): Quadra 01 conjunto B lotes 06 a 13; conjunto\u00a0 D lotes de 01 a 09. Servi\u00e7o:\u00a0troca de transformador. N\u00daCLEO BANDEIRANTE Hor\u00e1rio:\u00a09h [&hellip;]\" \/>\n<meta property=\"og:url\" content=\"https:\/\/www.notibras.com\/site\/ceb-suspende-fornecimento-de-energia-em-cinco-cidades\/\" \/>\n<meta property=\"og:site_name\" content=\"Notibras\" \/>\n<meta property=\"article:publisher\" content=\"https:\/\/www.facebook.com\/notibras\/\" \/>\n<meta property=\"article:published_time\" content=\"2015-05-19T01:11:29+00:00\" \/>\n<meta property=\"article:modified_time\" content=\"2015-05-19T01:13:09+00:00\" \/>\n<meta property=\"og:image\" content=\"https:\/\/www.notibras.com\/site\/wp-content\/uploads\/2015\/05\/ceb-1.jpg\" \/>\n\t<meta property=\"og:image:width\" content=\"300\" \/>\n\t<meta property=\"og:image:height\" content=\"225\" \/>\n\t<meta property=\"og:image:type\" content=\"image\/jpeg\" \/>\n<meta name=\"author\" content=\"Reda\u00e7\u00e3o\" \/>\n<meta name=\"twitter:card\" content=\"summary_large_image\" \/>\n<meta name=\"twitter:creator\" content=\"@Notibras\" \/>\n<meta name=\"twitter:site\" content=\"@Notibras\" \/>\n<meta name=\"twitter:label1\" content=\"Escrito por\" \/>\n\t<meta name=\"twitter:data1\" content=\"Reda\u00e7\u00e3o\" \/>\n\t<meta name=\"twitter:label2\" content=\"Est. tempo de leitura\" \/>\n\t<meta name=\"twitter:data2\" content=\"3 minutos\" \/>\n<script type=\"application\/ld+json\" class=\"yoast-schema-graph\">{\"@context\":\"https:\/\/schema.org\",\"@graph\":[{\"@type\":\"Article\",\"@id\":\"https:\/\/www.notibras.com\/site\/ceb-suspende-fornecimento-de-energia-em-cinco-cidades\/#article\",\"isPartOf\":{\"@id\":\"https:\/\/www.notibras.com\/site\/ceb-suspende-fornecimento-de-energia-em-cinco-cidades\/\"},\"author\":{\"name\":\"Reda\u00e7\u00e3o\",\"@id\":\"https:\/\/www.notibras.com\/site\/#\/schema\/person\/36ab0979449956132d3e5b517ea76ac8\"},\"headline\":\"CEB suspende fornecimento de energia em 5 cidades\",\"datePublished\":\"2015-05-19T01:11:29+00:00\",\"dateModified\":\"2015-05-19T01:13:09+00:00\",\"mainEntityOfPage\":{\"@id\":\"https:\/\/www.notibras.com\/site\/ceb-suspende-fornecimento-de-energia-em-cinco-cidades\/\"},\"wordCount\":530,\"commentCount\":0,\"publisher\":{\"@id\":\"https:\/\/www.notibras.com\/site\/#organization\"},\"image\":{\"@id\":\"https:\/\/www.notibras.com\/site\/ceb-suspende-fornecimento-de-energia-em-cinco-cidades\/#primaryimage\"},\"thumbnailUrl\":\"https:\/\/www.notibras.com\/site\/wp-content\/uploads\/2015\/05\/ceb-1.jpg\",\"articleSection\":[\"ZapZap das Quadras\"],\"inLanguage\":\"pt-BR\",\"potentialAction\":[{\"@type\":\"CommentAction\",\"name\":\"Comment\",\"target\":[\"https:\/\/www.notibras.com\/site\/ceb-suspende-fornecimento-de-energia-em-cinco-cidades\/#respond\"]}]},{\"@type\":\"WebPage\",\"@id\":\"https:\/\/www.notibras.com\/site\/ceb-suspende-fornecimento-de-energia-em-cinco-cidades\/\",\"url\":\"https:\/\/www.notibras.com\/site\/ceb-suspende-fornecimento-de-energia-em-cinco-cidades\/\",\"name\":\"CEB suspende fornecimento de energia em 5 cidades - Notibras\",\"isPartOf\":{\"@id\":\"https:\/\/www.notibras.com\/site\/#website\"},\"primaryImageOfPage\":{\"@id\":\"https:\/\/www.notibras.com\/site\/ceb-suspende-fornecimento-de-energia-em-cinco-cidades\/#primaryimage\"},\"image\":{\"@id\":\"https:\/\/www.notibras.com\/site\/ceb-suspende-fornecimento-de-energia-em-cinco-cidades\/#primaryimage\"},\"thumbnailUrl\":\"https:\/\/www.notibras.com\/site\/wp-content\/uploads\/2015\/05\/ceb-1.jpg\",\"datePublished\":\"2015-05-19T01:11:29+00:00\",\"dateModified\":\"2015-05-19T01:13:09+00:00\",\"breadcrumb\":{\"@id\":\"https:\/\/www.notibras.com\/site\/ceb-suspende-fornecimento-de-energia-em-cinco-cidades\/#breadcrumb\"},\"inLanguage\":\"pt-BR\",\"potentialAction\":[{\"@type\":\"ReadAction\",\"target\":[\"https:\/\/www.notibras.com\/site\/ceb-suspende-fornecimento-de-energia-em-cinco-cidades\/\"]}]},{\"@type\":\"ImageObject\",\"inLanguage\":\"pt-BR\",\"@id\":\"https:\/\/www.notibras.com\/site\/ceb-suspende-fornecimento-de-energia-em-cinco-cidades\/#primaryimage\",\"url\":\"https:\/\/www.notibras.com\/site\/wp-content\/uploads\/2015\/05\/ceb-1.jpg\",\"contentUrl\":\"https:\/\/www.notibras.com\/site\/wp-content\/uploads\/2015\/05\/ceb-1.jpg\",\"width\":300,\"height\":225},{\"@type\":\"BreadcrumbList\",\"@id\":\"https:\/\/www.notibras.com\/site\/ceb-suspende-fornecimento-de-energia-em-cinco-cidades\/#breadcrumb\",\"itemListElement\":[{\"@type\":\"ListItem\",\"position\":1,\"name\":\"In\u00edcio\",\"item\":\"https:\/\/www.notibras.com\/site\/\"},{\"@type\":\"ListItem\",\"position\":2,\"name\":\"CEB suspende fornecimento de energia em 5 cidades\"}]},{\"@type\":\"WebSite\",\"@id\":\"https:\/\/www.notibras.com\/site\/#website\",\"url\":\"https:\/\/www.notibras.com\/site\/\",\"name\":\"Notibras\",\"description\":\"Not\u00edcias de Bras\u00edlia, do Brasil e do Mundo\",\"publisher\":{\"@id\":\"https:\/\/www.notibras.com\/site\/#organization\"},\"potentialAction\":[{\"@type\":\"SearchAction\",\"target\":{\"@type\":\"EntryPoint\",\"urlTemplate\":\"https:\/\/www.notibras.com\/site\/?s={search_term_string}\"},\"query-input\":{\"@type\":\"PropertyValueSpecification\",\"valueRequired\":true,\"valueName\":\"search_term_string\"}}],\"inLanguage\":\"pt-BR\"},{\"@type\":\"Organization\",\"@id\":\"https:\/\/www.notibras.com\/site\/#organization\",\"name\":\"Grupo Notibras de Comunica\u00e7\u00e3o\",\"url\":\"https:\/\/www.notibras.com\/site\/\",\"logo\":{\"@type\":\"ImageObject\",\"inLanguage\":\"pt-BR\",\"@id\":\"https:\/\/www.notibras.com\/site\/#\/schema\/logo\/image\/\",\"url\":\"https:\/\/www.notibras.com\/site\/wp-content\/uploads\/2023\/01\/notibras23.png\",\"contentUrl\":\"https:\/\/www.notibras.com\/site\/wp-content\/uploads\/2023\/01\/notibras23.png\",\"width\":350,\"height\":87,\"caption\":\"Grupo Notibras de Comunica\u00e7\u00e3o\"},\"image\":{\"@id\":\"https:\/\/www.notibras.com\/site\/#\/schema\/logo\/image\/\"},\"sameAs\":[\"https:\/\/www.facebook.com\/notibras\/\",\"https:\/\/x.com\/Notibras\",\"https:\/\/www.instagram.com\/notibras\/\"]},{\"@type\":\"Person\",\"@id\":\"https:\/\/www.notibras.com\/site\/#\/schema\/person\/36ab0979449956132d3e5b517ea76ac8\",\"name\":\"Reda\u00e7\u00e3o\",\"image\":{\"@type\":\"ImageObject\",\"inLanguage\":\"pt-BR\",\"@id\":\"https:\/\/secure.gravatar.com\/avatar\/e0a867bdedb85fd243eadf09663511f96fc81e0720a4a42581f334ad4303aa6b?s=96&d=mm&r=g\",\"url\":\"https:\/\/secure.gravatar.com\/avatar\/e0a867bdedb85fd243eadf09663511f96fc81e0720a4a42581f334ad4303aa6b?s=96&d=mm&r=g\",\"contentUrl\":\"https:\/\/secure.gravatar.com\/avatar\/e0a867bdedb85fd243eadf09663511f96fc81e0720a4a42581f334ad4303aa6b?s=96&d=mm&r=g\",\"caption\":\"Reda\u00e7\u00e3o\"}}]}<\/script>\n<!-- \/ Yoast SEO plugin. -->","yoast_head_json":{"title":"CEB suspende fornecimento de energia em 5 cidades - Notibras","robots":{"index":"index","follow":"follow","max-snippet":"max-snippet:-1","max-image-preview":"max-image-preview:large","max-video-preview":"max-video-preview:-1"},"canonical":"https:\/\/www.notibras.com\/site\/ceb-suspende-fornecimento-de-energia-em-cinco-cidades\/","og_locale":"pt_BR","og_type":"article","og_title":"CEB suspende fornecimento de energia em 5 cidades - Notibras","og_description":"Algumas \u00e1reas do Distrito Federal v\u00e3o estar sem energia durante algumas horas nesta ter\u00e7a-feira, em fun\u00e7\u00e3o de servi\u00e7os realizados pela CEB. Veja onde e os hor\u00e1rios: CEIL\u00c2NDIA\u00a0 Hor\u00e1rio\u00a08h30 \u00e0s 12h Local:\u00a0ADE(\u00c1rea de Desenvolvimento Econ\u00f4mico): Quadra 01 conjunto B lotes 06 a 13; conjunto\u00a0 D lotes de 01 a 09. Servi\u00e7o:\u00a0troca de transformador. N\u00daCLEO BANDEIRANTE Hor\u00e1rio:\u00a09h [&hellip;]","og_url":"https:\/\/www.notibras.com\/site\/ceb-suspende-fornecimento-de-energia-em-cinco-cidades\/","og_site_name":"Notibras","article_publisher":"https:\/\/www.facebook.com\/notibras\/","article_published_time":"2015-05-19T01:11:29+00:00","article_modified_time":"2015-05-19T01:13:09+00:00","og_image":[{"width":300,"height":225,"url":"https:\/\/www.notibras.com\/site\/wp-content\/uploads\/2015\/05\/ceb-1.jpg","type":"image\/jpeg"}],"author":"Reda\u00e7\u00e3o","twitter_card":"summary_large_image","twitter_creator":"@Notibras","twitter_site":"@Notibras","twitter_misc":{"Escrito por":"Reda\u00e7\u00e3o","Est. tempo de leitura":"3 minutos"},"schema":{"@context":"https:\/\/schema.org","@graph":[{"@type":"Article","@id":"https:\/\/www.notibras.com\/site\/ceb-suspende-fornecimento-de-energia-em-cinco-cidades\/#article","isPartOf":{"@id":"https:\/\/www.notibras.com\/site\/ceb-suspende-fornecimento-de-energia-em-cinco-cidades\/"},"author":{"name":"Reda\u00e7\u00e3o","@id":"https:\/\/www.notibras.com\/site\/#\/schema\/person\/36ab0979449956132d3e5b517ea76ac8"},"headline":"CEB suspende fornecimento de energia em 5 cidades","datePublished":"2015-05-19T01:11:29+00:00","dateModified":"2015-05-19T01:13:09+00:00","mainEntityOfPage":{"@id":"https:\/\/www.notibras.com\/site\/ceb-suspende-fornecimento-de-energia-em-cinco-cidades\/"},"wordCount":530,"commentCount":0,"publisher":{"@id":"https:\/\/www.notibras.com\/site\/#organization"},"image":{"@id":"https:\/\/www.notibras.com\/site\/ceb-suspende-fornecimento-de-energia-em-cinco-cidades\/#primaryimage"},"thumbnailUrl":"https:\/\/www.notibras.com\/site\/wp-content\/uploads\/2015\/05\/ceb-1.jpg","articleSection":["ZapZap das Quadras"],"inLanguage":"pt-BR","potentialAction":[{"@type":"CommentAction","name":"Comment","target":["https:\/\/www.notibras.com\/site\/ceb-suspende-fornecimento-de-energia-em-cinco-cidades\/#respond"]}]},{"@type":"WebPage","@id":"https:\/\/www.notibras.com\/site\/ceb-suspende-fornecimento-de-energia-em-cinco-cidades\/","url":"https:\/\/www.notibras.com\/site\/ceb-suspende-fornecimento-de-energia-em-cinco-cidades\/","name":"CEB suspende fornecimento de energia em 5 cidades - Notibras","isPartOf":{"@id":"https:\/\/www.notibras.com\/site\/#website"},"primaryImageOfPage":{"@id":"https:\/\/www.notibras.com\/site\/ceb-suspende-fornecimento-de-energia-em-cinco-cidades\/#primaryimage"},"image":{"@id":"https:\/\/www.notibras.com\/site\/ceb-suspende-fornecimento-de-energia-em-cinco-cidades\/#primaryimage"},"thumbnailUrl":"https:\/\/www.notibras.com\/site\/wp-content\/uploads\/2015\/05\/ceb-1.jpg","datePublished":"2015-05-19T01:11:29+00:00","dateModified":"2015-05-19T01:13:09+00:00","breadcrumb":{"@id":"https:\/\/www.notibras.com\/site\/ceb-suspende-fornecimento-de-energia-em-cinco-cidades\/#breadcrumb"},"inLanguage":"pt-BR","potentialAction":[{"@type":"ReadAction","target":["https:\/\/www.notibras.com\/site\/ceb-suspende-fornecimento-de-energia-em-cinco-cidades\/"]}]},{"@type":"ImageObject","inLanguage":"pt-BR","@id":"https:\/\/www.notibras.com\/site\/ceb-suspende-fornecimento-de-energia-em-cinco-cidades\/#primaryimage","url":"https:\/\/www.notibras.com\/site\/wp-content\/uploads\/2015\/05\/ceb-1.jpg","contentUrl":"https:\/\/www.notibras.com\/site\/wp-content\/uploads\/2015\/05\/ceb-1.jpg","width":300,"height":225},{"@type":"BreadcrumbList","@id":"https:\/\/www.notibras.com\/site\/ceb-suspende-fornecimento-de-energia-em-cinco-cidades\/#breadcrumb","itemListElement":[{"@type":"ListItem","position":1,"name":"In\u00edcio","item":"https:\/\/www.notibras.com\/site\/"},{"@type":"ListItem","position":2,"name":"CEB suspende fornecimento de energia em 5 cidades"}]},{"@type":"WebSite","@id":"https:\/\/www.notibras.com\/site\/#website","url":"https:\/\/www.notibras.com\/site\/","name":"Notibras","description":"Not\u00edcias de Bras\u00edlia, do Brasil e do Mundo","publisher":{"@id":"https:\/\/www.notibras.com\/site\/#organization"},"potentialAction":[{"@type":"SearchAction","target":{"@type":"EntryPoint","urlTemplate":"https:\/\/www.notibras.com\/site\/?s={search_term_string}"},"query-input":{"@type":"PropertyValueSpecification","valueRequired":true,"valueName":"search_term_string"}}],"inLanguage":"pt-BR"},{"@type":"Organization","@id":"https:\/\/www.notibras.com\/site\/#organization","name":"Grupo Notibras de Comunica\u00e7\u00e3o","url":"https:\/\/www.notibras.com\/site\/","logo":{"@type":"ImageObject","inLanguage":"pt-BR","@id":"https:\/\/www.notibras.com\/site\/#\/schema\/logo\/image\/","url":"https:\/\/www.notibras.com\/site\/wp-content\/uploads\/2023\/01\/notibras23.png","contentUrl":"https:\/\/www.notibras.com\/site\/wp-content\/uploads\/2023\/01\/notibras23.png","width":350,"height":87,"caption":"Grupo Notibras de Comunica\u00e7\u00e3o"},"image":{"@id":"https:\/\/www.notibras.com\/site\/#\/schema\/logo\/image\/"},"sameAs":["https:\/\/www.facebook.com\/notibras\/","https:\/\/x.com\/Notibras","https:\/\/www.instagram.com\/notibras\/"]},{"@type":"Person","@id":"https:\/\/www.notibras.com\/site\/#\/schema\/person\/36ab0979449956132d3e5b517ea76ac8","name":"Reda\u00e7\u00e3o","image":{"@type":"ImageObject","inLanguage":"pt-BR","@id":"https:\/\/secure.gravatar.com\/avatar\/e0a867bdedb85fd243eadf09663511f96fc81e0720a4a42581f334ad4303aa6b?s=96&d=mm&r=g","url":"https:\/\/secure.gravatar.com\/avatar\/e0a867bdedb85fd243eadf09663511f96fc81e0720a4a42581f334ad4303aa6b?s=96&d=mm&r=g","contentUrl":"https:\/\/secure.gravatar.com\/avatar\/e0a867bdedb85fd243eadf09663511f96fc81e0720a4a42581f334ad4303aa6b?s=96&d=mm&r=g","caption":"Reda\u00e7\u00e3o"}}]}},"amp_enabled":true,"_links":{"self":[{"href":"https:\/\/www.notibras.com\/site\/wp-json\/wp\/v2\/posts\/49278","targetHints":{"allow":["GET"]}}],"collection":[{"href":"https:\/\/www.notibras.com\/site\/wp-json\/wp\/v2\/posts"}],"about":[{"href":"https:\/\/www.notibras.com\/site\/wp-json\/wp\/v2\/types\/post"}],"author":[{"embeddable":true,"href":"https:\/\/www.notibras.com\/site\/wp-json\/wp\/v2\/users\/2"}],"replies":[{"embeddable":true,"href":"https:\/\/www.notibras.com\/site\/wp-json\/wp\/v2\/comments?post=49278"}],"version-history":[{"count":0,"href":"https:\/\/www.notibras.com\/site\/wp-json\/wp\/v2\/posts\/49278\/revisions"}],"wp:featuredmedia":[{"embeddable":true,"href":"https:\/\/www.notibras.com\/site\/wp-json\/wp\/v2\/media\/49279"}],"wp:attachment":[{"href":"https:\/\/www.notibras.com\/site\/wp-json\/wp\/v2\/media?parent=49278"}],"wp:term":[{"taxonomy":"category","embeddable":true,"href":"https:\/\/www.notibras.com\/site\/wp-json\/wp\/v2\/categories?post=49278"},{"taxonomy":"post_tag","embeddable":true,"href":"https:\/\/www.notibras.com\/site\/wp-json\/wp\/v2\/tags?post=49278"}],"curies":[{"name":"wp","href":"https:\/\/api.w.org\/{rel}","templated":true}]}}