{"id":49282,"date":"2015-05-18T22:16:30","date_gmt":"2015-05-19T01:16:30","guid":{"rendered":"http:\/\/www.notibras.com\/site\/?p=49282"},"modified":"2015-05-18T22:19:32","modified_gmt":"2015-05-19T01:19:32","slug":"area-publica-e-privatizada-e-povo-fica-sem-ter-lazer","status":"publish","type":"post","link":"https:\/\/www.notibras.com\/site\/area-publica-e-privatizada-e-povo-fica-sem-ter-lazer\/","title":{"rendered":"Espa\u00e7o p\u00fablico \u00e9 &#8216;privatizado&#8217; e povo fica sem \u00e1rea de lazer"},"content":{"rendered":"<p>Rafael Soares morador do Setor O em Ceil\u00e2ndia denuncia o mau uso do espa\u00e7o comunit\u00e1rio da regi\u00e3o por uma empresa particular.. \u201cAl\u00e9m de ocupar um local p\u00fablico sem pagar imposto algum, eles ainda cobram um pre\u00e7o muito alto pelas aulas que n\u00e3o temos como pagar\u201d relata o morador. Rafael pede que o governo desocupe a \u00e1rea de propriedade p\u00fablica para que a comunidade da regi\u00e3o possa usufruir do local sem ter de pagar nada.<\/p>\n","protected":false},"excerpt":{"rendered":"<p>Rafael Soares morador do Setor O em Ceil\u00e2ndia denuncia o mau uso do espa\u00e7o comunit\u00e1rio da regi\u00e3o por uma empresa particular.. \u201cAl\u00e9m de ocupar um local p\u00fablico sem pagar imposto algum, eles ainda cobram um pre\u00e7o muito alto pelas aulas que n\u00e3o temos como pagar\u201d relata o morador. Rafael pede que o governo desocupe a [&hellip;]<\/p>\n","protected":false},"author":2,"featured_media":49283,"comment_status":"open","ping_status":"closed","sticky":false,"template":"","format":"standard","meta":{"_acf_changed":false,"footnotes":""},"categories":[40],"tags":[],"class_list":["post-49282","post","type-post","status-publish","format-standard","has-post-thumbnail","hentry","category-zapzap-das-quadras"],"acf":[],"yoast_head":"<!-- This site is optimized with the Yoast SEO plugin v27.2 - https:\/\/yoast.com\/product\/yoast-seo-wordpress\/ -->\n<title>Espa\u00e7o p\u00fablico \u00e9 &#039;privatizado&#039; e povo fica sem \u00e1rea de lazer - Notibras<\/title>\n<meta name=\"robots\" content=\"index, follow, max-snippet:-1, max-image-preview:large, max-video-preview:-1\" \/>\n<link rel=\"canonical\" href=\"https:\/\/www.notibras.com\/site\/area-publica-e-privatizada-e-povo-fica-sem-ter-lazer\/\" \/>\n<meta property=\"og:locale\" content=\"pt_BR\" \/>\n<meta property=\"og:type\" content=\"article\" \/>\n<meta property=\"og:title\" content=\"Espa\u00e7o p\u00fablico \u00e9 &#039;privatizado&#039; e povo fica sem \u00e1rea de lazer - Notibras\" \/>\n<meta property=\"og:description\" content=\"Rafael Soares morador do Setor O em Ceil\u00e2ndia denuncia o mau uso do espa\u00e7o comunit\u00e1rio da regi\u00e3o por uma empresa particular.. \u201cAl\u00e9m de ocupar um local p\u00fablico sem pagar imposto algum, eles ainda cobram um pre\u00e7o muito alto pelas aulas que n\u00e3o temos como pagar\u201d relata o morador. Rafael pede que o governo desocupe a [&hellip;]\" \/>\n<meta property=\"og:url\" content=\"https:\/\/www.notibras.com\/site\/area-publica-e-privatizada-e-povo-fica-sem-ter-lazer\/\" \/>\n<meta property=\"og:site_name\" content=\"Notibras\" \/>\n<meta property=\"article:publisher\" content=\"https:\/\/www.facebook.com\/notibras\/\" \/>\n<meta property=\"article:published_time\" content=\"2015-05-19T01:16:30+00:00\" \/>\n<meta property=\"article:modified_time\" content=\"2015-05-19T01:19:32+00:00\" \/>\n<meta property=\"og:image\" content=\"https:\/\/www.notibras.com\/site\/wp-content\/uploads\/2015\/05\/centro-comunitari.jpg\" \/>\n\t<meta property=\"og:image:width\" content=\"400\" \/>\n\t<meta property=\"og:image:height\" content=\"300\" \/>\n\t<meta property=\"og:image:type\" content=\"image\/jpeg\" \/>\n<meta name=\"author\" content=\"Reda\u00e7\u00e3o\" \/>\n<meta name=\"twitter:card\" content=\"summary_large_image\" \/>\n<meta name=\"twitter:creator\" content=\"@Notibras\" \/>\n<meta name=\"twitter:site\" content=\"@Notibras\" \/>\n<meta name=\"twitter:label1\" content=\"Escrito por\" \/>\n\t<meta name=\"twitter:data1\" content=\"Reda\u00e7\u00e3o\" \/>\n<script type=\"application\/ld+json\" class=\"yoast-schema-graph\">{\"@context\":\"https:\/\/schema.org\",\"@graph\":[{\"@type\":\"Article\",\"@id\":\"https:\/\/www.notibras.com\/site\/area-publica-e-privatizada-e-povo-fica-sem-ter-lazer\/#article\",\"isPartOf\":{\"@id\":\"https:\/\/www.notibras.com\/site\/area-publica-e-privatizada-e-povo-fica-sem-ter-lazer\/\"},\"author\":{\"name\":\"Reda\u00e7\u00e3o\",\"@id\":\"https:\/\/www.notibras.com\/site\/#\/schema\/person\/36ab0979449956132d3e5b517ea76ac8\"},\"headline\":\"Espa\u00e7o p\u00fablico \u00e9 &#8216;privatizado&#8217; e povo fica sem \u00e1rea de lazer\",\"datePublished\":\"2015-05-19T01:16:30+00:00\",\"dateModified\":\"2015-05-19T01:19:32+00:00\",\"mainEntityOfPage\":{\"@id\":\"https:\/\/www.notibras.com\/site\/area-publica-e-privatizada-e-povo-fica-sem-ter-lazer\/\"},\"wordCount\":96,\"commentCount\":0,\"publisher\":{\"@id\":\"https:\/\/www.notibras.com\/site\/#organization\"},\"image\":{\"@id\":\"https:\/\/www.notibras.com\/site\/area-publica-e-privatizada-e-povo-fica-sem-ter-lazer\/#primaryimage\"},\"thumbnailUrl\":\"https:\/\/www.notibras.com\/site\/wp-content\/uploads\/2015\/05\/centro-comunitari.jpg\",\"articleSection\":[\"ZapZap das Quadras\"],\"inLanguage\":\"pt-BR\",\"potentialAction\":[{\"@type\":\"CommentAction\",\"name\":\"Comment\",\"target\":[\"https:\/\/www.notibras.com\/site\/area-publica-e-privatizada-e-povo-fica-sem-ter-lazer\/#respond\"]}]},{\"@type\":\"WebPage\",\"@id\":\"https:\/\/www.notibras.com\/site\/area-publica-e-privatizada-e-povo-fica-sem-ter-lazer\/\",\"url\":\"https:\/\/www.notibras.com\/site\/area-publica-e-privatizada-e-povo-fica-sem-ter-lazer\/\",\"name\":\"Espa\u00e7o p\u00fablico \u00e9 'privatizado' e povo fica sem \u00e1rea de lazer - Notibras\",\"isPartOf\":{\"@id\":\"https:\/\/www.notibras.com\/site\/#website\"},\"primaryImageOfPage\":{\"@id\":\"https:\/\/www.notibras.com\/site\/area-publica-e-privatizada-e-povo-fica-sem-ter-lazer\/#primaryimage\"},\"image\":{\"@id\":\"https:\/\/www.notibras.com\/site\/area-publica-e-privatizada-e-povo-fica-sem-ter-lazer\/#primaryimage\"},\"thumbnailUrl\":\"https:\/\/www.notibras.com\/site\/wp-content\/uploads\/2015\/05\/centro-comunitari.jpg\",\"datePublished\":\"2015-05-19T01:16:30+00:00\",\"dateModified\":\"2015-05-19T01:19:32+00:00\",\"breadcrumb\":{\"@id\":\"https:\/\/www.notibras.com\/site\/area-publica-e-privatizada-e-povo-fica-sem-ter-lazer\/#breadcrumb\"},\"inLanguage\":\"pt-BR\",\"potentialAction\":[{\"@type\":\"ReadAction\",\"target\":[\"https:\/\/www.notibras.com\/site\/area-publica-e-privatizada-e-povo-fica-sem-ter-lazer\/\"]}]},{\"@type\":\"ImageObject\",\"inLanguage\":\"pt-BR\",\"@id\":\"https:\/\/www.notibras.com\/site\/area-publica-e-privatizada-e-povo-fica-sem-ter-lazer\/#primaryimage\",\"url\":\"https:\/\/www.notibras.com\/site\/wp-content\/uploads\/2015\/05\/centro-comunitari.jpg\",\"contentUrl\":\"https:\/\/www.notibras.com\/site\/wp-content\/uploads\/2015\/05\/centro-comunitari.jpg\",\"width\":400,\"height\":300},{\"@type\":\"BreadcrumbList\",\"@id\":\"https:\/\/www.notibras.com\/site\/area-publica-e-privatizada-e-povo-fica-sem-ter-lazer\/#breadcrumb\",\"itemListElement\":[{\"@type\":\"ListItem\",\"position\":1,\"name\":\"In\u00edcio\",\"item\":\"https:\/\/www.notibras.com\/site\/\"},{\"@type\":\"ListItem\",\"position\":2,\"name\":\"Espa\u00e7o p\u00fablico \u00e9 &#8216;privatizado&#8217; e povo fica sem \u00e1rea de lazer\"}]},{\"@type\":\"WebSite\",\"@id\":\"https:\/\/www.notibras.com\/site\/#website\",\"url\":\"https:\/\/www.notibras.com\/site\/\",\"name\":\"Notibras\",\"description\":\"Not\u00edcias de Bras\u00edlia, do Brasil e do Mundo\",\"publisher\":{\"@id\":\"https:\/\/www.notibras.com\/site\/#organization\"},\"potentialAction\":[{\"@type\":\"SearchAction\",\"target\":{\"@type\":\"EntryPoint\",\"urlTemplate\":\"https:\/\/www.notibras.com\/site\/?s={search_term_string}\"},\"query-input\":{\"@type\":\"PropertyValueSpecification\",\"valueRequired\":true,\"valueName\":\"search_term_string\"}}],\"inLanguage\":\"pt-BR\"},{\"@type\":\"Organization\",\"@id\":\"https:\/\/www.notibras.com\/site\/#organization\",\"name\":\"Grupo Notibras de Comunica\u00e7\u00e3o\",\"url\":\"https:\/\/www.notibras.com\/site\/\",\"logo\":{\"@type\":\"ImageObject\",\"inLanguage\":\"pt-BR\",\"@id\":\"https:\/\/www.notibras.com\/site\/#\/schema\/logo\/image\/\",\"url\":\"https:\/\/www.notibras.com\/site\/wp-content\/uploads\/2023\/01\/notibras23.png\",\"contentUrl\":\"https:\/\/www.notibras.com\/site\/wp-content\/uploads\/2023\/01\/notibras23.png\",\"width\":350,\"height\":87,\"caption\":\"Grupo Notibras de Comunica\u00e7\u00e3o\"},\"image\":{\"@id\":\"https:\/\/www.notibras.com\/site\/#\/schema\/logo\/image\/\"},\"sameAs\":[\"https:\/\/www.facebook.com\/notibras\/\",\"https:\/\/x.com\/Notibras\",\"https:\/\/www.instagram.com\/notibras\/\"]},{\"@type\":\"Person\",\"@id\":\"https:\/\/www.notibras.com\/site\/#\/schema\/person\/36ab0979449956132d3e5b517ea76ac8\",\"name\":\"Reda\u00e7\u00e3o\",\"image\":{\"@type\":\"ImageObject\",\"inLanguage\":\"pt-BR\",\"@id\":\"https:\/\/secure.gravatar.com\/avatar\/e0a867bdedb85fd243eadf09663511f96fc81e0720a4a42581f334ad4303aa6b?s=96&d=mm&r=g\",\"url\":\"https:\/\/secure.gravatar.com\/avatar\/e0a867bdedb85fd243eadf09663511f96fc81e0720a4a42581f334ad4303aa6b?s=96&d=mm&r=g\",\"contentUrl\":\"https:\/\/secure.gravatar.com\/avatar\/e0a867bdedb85fd243eadf09663511f96fc81e0720a4a42581f334ad4303aa6b?s=96&d=mm&r=g\",\"caption\":\"Reda\u00e7\u00e3o\"}}]}<\/script>\n<!-- \/ Yoast SEO plugin. -->","yoast_head_json":{"title":"Espa\u00e7o p\u00fablico \u00e9 'privatizado' e povo fica sem \u00e1rea de lazer - Notibras","robots":{"index":"index","follow":"follow","max-snippet":"max-snippet:-1","max-image-preview":"max-image-preview:large","max-video-preview":"max-video-preview:-1"},"canonical":"https:\/\/www.notibras.com\/site\/area-publica-e-privatizada-e-povo-fica-sem-ter-lazer\/","og_locale":"pt_BR","og_type":"article","og_title":"Espa\u00e7o p\u00fablico \u00e9 'privatizado' e povo fica sem \u00e1rea de lazer - Notibras","og_description":"Rafael Soares morador do Setor O em Ceil\u00e2ndia denuncia o mau uso do espa\u00e7o comunit\u00e1rio da regi\u00e3o por uma empresa particular.. \u201cAl\u00e9m de ocupar um local p\u00fablico sem pagar imposto algum, eles ainda cobram um pre\u00e7o muito alto pelas aulas que n\u00e3o temos como pagar\u201d relata o morador. Rafael pede que o governo desocupe a [&hellip;]","og_url":"https:\/\/www.notibras.com\/site\/area-publica-e-privatizada-e-povo-fica-sem-ter-lazer\/","og_site_name":"Notibras","article_publisher":"https:\/\/www.facebook.com\/notibras\/","article_published_time":"2015-05-19T01:16:30+00:00","article_modified_time":"2015-05-19T01:19:32+00:00","og_image":[{"width":400,"height":300,"url":"https:\/\/www.notibras.com\/site\/wp-content\/uploads\/2015\/05\/centro-comunitari.jpg","type":"image\/jpeg"}],"author":"Reda\u00e7\u00e3o","twitter_card":"summary_large_image","twitter_creator":"@Notibras","twitter_site":"@Notibras","twitter_misc":{"Escrito por":"Reda\u00e7\u00e3o"},"schema":{"@context":"https:\/\/schema.org","@graph":[{"@type":"Article","@id":"https:\/\/www.notibras.com\/site\/area-publica-e-privatizada-e-povo-fica-sem-ter-lazer\/#article","isPartOf":{"@id":"https:\/\/www.notibras.com\/site\/area-publica-e-privatizada-e-povo-fica-sem-ter-lazer\/"},"author":{"name":"Reda\u00e7\u00e3o","@id":"https:\/\/www.notibras.com\/site\/#\/schema\/person\/36ab0979449956132d3e5b517ea76ac8"},"headline":"Espa\u00e7o p\u00fablico \u00e9 &#8216;privatizado&#8217; e povo fica sem \u00e1rea de lazer","datePublished":"2015-05-19T01:16:30+00:00","dateModified":"2015-05-19T01:19:32+00:00","mainEntityOfPage":{"@id":"https:\/\/www.notibras.com\/site\/area-publica-e-privatizada-e-povo-fica-sem-ter-lazer\/"},"wordCount":96,"commentCount":0,"publisher":{"@id":"https:\/\/www.notibras.com\/site\/#organization"},"image":{"@id":"https:\/\/www.notibras.com\/site\/area-publica-e-privatizada-e-povo-fica-sem-ter-lazer\/#primaryimage"},"thumbnailUrl":"https:\/\/www.notibras.com\/site\/wp-content\/uploads\/2015\/05\/centro-comunitari.jpg","articleSection":["ZapZap das Quadras"],"inLanguage":"pt-BR","potentialAction":[{"@type":"CommentAction","name":"Comment","target":["https:\/\/www.notibras.com\/site\/area-publica-e-privatizada-e-povo-fica-sem-ter-lazer\/#respond"]}]},{"@type":"WebPage","@id":"https:\/\/www.notibras.com\/site\/area-publica-e-privatizada-e-povo-fica-sem-ter-lazer\/","url":"https:\/\/www.notibras.com\/site\/area-publica-e-privatizada-e-povo-fica-sem-ter-lazer\/","name":"Espa\u00e7o p\u00fablico \u00e9 'privatizado' e povo fica sem \u00e1rea de lazer - Notibras","isPartOf":{"@id":"https:\/\/www.notibras.com\/site\/#website"},"primaryImageOfPage":{"@id":"https:\/\/www.notibras.com\/site\/area-publica-e-privatizada-e-povo-fica-sem-ter-lazer\/#primaryimage"},"image":{"@id":"https:\/\/www.notibras.com\/site\/area-publica-e-privatizada-e-povo-fica-sem-ter-lazer\/#primaryimage"},"thumbnailUrl":"https:\/\/www.notibras.com\/site\/wp-content\/uploads\/2015\/05\/centro-comunitari.jpg","datePublished":"2015-05-19T01:16:30+00:00","dateModified":"2015-05-19T01:19:32+00:00","breadcrumb":{"@id":"https:\/\/www.notibras.com\/site\/area-publica-e-privatizada-e-povo-fica-sem-ter-lazer\/#breadcrumb"},"inLanguage":"pt-BR","potentialAction":[{"@type":"ReadAction","target":["https:\/\/www.notibras.com\/site\/area-publica-e-privatizada-e-povo-fica-sem-ter-lazer\/"]}]},{"@type":"ImageObject","inLanguage":"pt-BR","@id":"https:\/\/www.notibras.com\/site\/area-publica-e-privatizada-e-povo-fica-sem-ter-lazer\/#primaryimage","url":"https:\/\/www.notibras.com\/site\/wp-content\/uploads\/2015\/05\/centro-comunitari.jpg","contentUrl":"https:\/\/www.notibras.com\/site\/wp-content\/uploads\/2015\/05\/centro-comunitari.jpg","width":400,"height":300},{"@type":"BreadcrumbList","@id":"https:\/\/www.notibras.com\/site\/area-publica-e-privatizada-e-povo-fica-sem-ter-lazer\/#breadcrumb","itemListElement":[{"@type":"ListItem","position":1,"name":"In\u00edcio","item":"https:\/\/www.notibras.com\/site\/"},{"@type":"ListItem","position":2,"name":"Espa\u00e7o p\u00fablico \u00e9 &#8216;privatizado&#8217; e povo fica sem \u00e1rea de lazer"}]},{"@type":"WebSite","@id":"https:\/\/www.notibras.com\/site\/#website","url":"https:\/\/www.notibras.com\/site\/","name":"Notibras","description":"Not\u00edcias de Bras\u00edlia, do Brasil e do Mundo","publisher":{"@id":"https:\/\/www.notibras.com\/site\/#organization"},"potentialAction":[{"@type":"SearchAction","target":{"@type":"EntryPoint","urlTemplate":"https:\/\/www.notibras.com\/site\/?s={search_term_string}"},"query-input":{"@type":"PropertyValueSpecification","valueRequired":true,"valueName":"search_term_string"}}],"inLanguage":"pt-BR"},{"@type":"Organization","@id":"https:\/\/www.notibras.com\/site\/#organization","name":"Grupo Notibras de Comunica\u00e7\u00e3o","url":"https:\/\/www.notibras.com\/site\/","logo":{"@type":"ImageObject","inLanguage":"pt-BR","@id":"https:\/\/www.notibras.com\/site\/#\/schema\/logo\/image\/","url":"https:\/\/www.notibras.com\/site\/wp-content\/uploads\/2023\/01\/notibras23.png","contentUrl":"https:\/\/www.notibras.com\/site\/wp-content\/uploads\/2023\/01\/notibras23.png","width":350,"height":87,"caption":"Grupo Notibras de Comunica\u00e7\u00e3o"},"image":{"@id":"https:\/\/www.notibras.com\/site\/#\/schema\/logo\/image\/"},"sameAs":["https:\/\/www.facebook.com\/notibras\/","https:\/\/x.com\/Notibras","https:\/\/www.instagram.com\/notibras\/"]},{"@type":"Person","@id":"https:\/\/www.notibras.com\/site\/#\/schema\/person\/36ab0979449956132d3e5b517ea76ac8","name":"Reda\u00e7\u00e3o","image":{"@type":"ImageObject","inLanguage":"pt-BR","@id":"https:\/\/secure.gravatar.com\/avatar\/e0a867bdedb85fd243eadf09663511f96fc81e0720a4a42581f334ad4303aa6b?s=96&d=mm&r=g","url":"https:\/\/secure.gravatar.com\/avatar\/e0a867bdedb85fd243eadf09663511f96fc81e0720a4a42581f334ad4303aa6b?s=96&d=mm&r=g","contentUrl":"https:\/\/secure.gravatar.com\/avatar\/e0a867bdedb85fd243eadf09663511f96fc81e0720a4a42581f334ad4303aa6b?s=96&d=mm&r=g","caption":"Reda\u00e7\u00e3o"}}]}},"amp_enabled":true,"_links":{"self":[{"href":"https:\/\/www.notibras.com\/site\/wp-json\/wp\/v2\/posts\/49282","targetHints":{"allow":["GET"]}}],"collection":[{"href":"https:\/\/www.notibras.com\/site\/wp-json\/wp\/v2\/posts"}],"about":[{"href":"https:\/\/www.notibras.com\/site\/wp-json\/wp\/v2\/types\/post"}],"author":[{"embeddable":true,"href":"https:\/\/www.notibras.com\/site\/wp-json\/wp\/v2\/users\/2"}],"replies":[{"embeddable":true,"href":"https:\/\/www.notibras.com\/site\/wp-json\/wp\/v2\/comments?post=49282"}],"version-history":[{"count":0,"href":"https:\/\/www.notibras.com\/site\/wp-json\/wp\/v2\/posts\/49282\/revisions"}],"wp:featuredmedia":[{"embeddable":true,"href":"https:\/\/www.notibras.com\/site\/wp-json\/wp\/v2\/media\/49283"}],"wp:attachment":[{"href":"https:\/\/www.notibras.com\/site\/wp-json\/wp\/v2\/media?parent=49282"}],"wp:term":[{"taxonomy":"category","embeddable":true,"href":"https:\/\/www.notibras.com\/site\/wp-json\/wp\/v2\/categories?post=49282"},{"taxonomy":"post_tag","embeddable":true,"href":"https:\/\/www.notibras.com\/site\/wp-json\/wp\/v2\/tags?post=49282"}],"curies":[{"name":"wp","href":"https:\/\/api.w.org\/{rel}","templated":true}]}}