{"id":49525,"date":"2015-05-20T05:56:58","date_gmt":"2015-05-20T08:56:58","guid":{"rendered":"http:\/\/www.notibras.com\/site\/?p=49525"},"modified":"2015-05-20T05:56:58","modified_gmt":"2015-05-20T08:56:58","slug":"ceb-faz-manutencao-no-gama-s-sebastiao-nucleo-e-planaltina","status":"publish","type":"post","link":"https:\/\/www.notibras.com\/site\/ceb-faz-manutencao-no-gama-s-sebastiao-nucleo-e-planaltina\/","title":{"rendered":"CEB faz manuten\u00e7\u00e3o no Gama, S. Sebasti\u00e3o, N\u00facleo e Planaltina"},"content":{"rendered":"<p>Equipes de manuten\u00e7\u00e3o da CEB estar\u00e3o nesta quarta-feira 20 em diversas cidades, para servi\u00e7os de manuten\u00e7\u00e3o da rede. Veja locais e hor\u00e1rios, onde pode faltar luz<strong>:<\/strong><\/p>\n<p><strong>GAMA<\/strong><\/p>\n<p>Hor\u00e1rio:\u00a08h \u00e0s 12h<\/p>\n<p>Local:\u00a0N\u00facleo Rural Ponte Alta, ch\u00e1cara Bela Vista, ch\u00e1cara Samambaia, ch\u00e1cara Amafaris, Sitio Aymor\u00e9, ch\u00e1cara Sonho\u00a0 Meu, ch\u00e1cara Triunfo, ch\u00e1cara Nossa Senhora Aparecida, ch\u00e1cara Santa Tereza, ch\u00e1cara Manoel Dias, ch\u00e1cara Sonho Feliz, ch\u00e1cara Monte Si\u00e3o, ch\u00e1cara nossa Senhora Das Vit\u00f3rias, Ch\u00e1cara C\u00e9u Azul, ch\u00e1cara S\u00e3o Francisco, fazenda ponte Alta, ch\u00e1cara Esperan\u00e7a, ch\u00e1caras 166, 175, ch\u00e1cara Mar\u00edlia, ch\u00e1cara S\u00e3o Louren\u00e7o, Ch\u00e1cara Santa Filomena.<\/p>\n<p>Servi\u00e7o:\u00a0manuten\u00e7\u00e3o preventiva geral na rede com substitui\u00e7\u00e3o de cruzetas.<\/p>\n<p><strong>GAMA<\/strong><\/p>\n<p>Hor\u00e1rio:\u00a013h \u00e0s 17h<\/p>\n<p>Local:\u00a0N\u00facleo rural\u00a0 Casa Grande: ch\u00e1caras 1ma-02, 2ma-04, 2ma06, 3ma-01, 3ma-02, 3ma-03, 4ma-09, 4ma-12, 4me-02; sitio casa Grande, ch\u00e1cara Sol Nascente,\u00a0 ch\u00e1cara nossa Senhora de F\u00e1tima;recanto das Palmeiras: ch\u00e1cara 01.<\/p>\n<p>Servi\u00e7o:\u00a0manuten\u00e7\u00e3o preventiva geral na rede com poda de \u00e1rvores.<strong>\u00a0<\/strong><\/p>\n<p><strong>N\u00daCLEO BANDEIRANTE<\/strong><\/p>\n<p>Hor\u00e1rio:\u00a09h \u00e0s 15h<\/p>\n<p>Local:\u00a0Smpw, Quadra 07 conjuntos 01 lote 01 \u2013 conjunto 02 lotes 01, 04 \u2013 conjunto 03 lotes de 01 a 11.<\/p>\n<p>Servi\u00e7o:\u00a0constru\u00e7\u00e3o de novos alimentadores.<\/p>\n<p><strong>PLANALTINA<\/strong><\/p>\n<p>Hor\u00e1rio:\u00a09h \u00e0s 15h<\/p>\n<p>Local:\u00a0Bica do DER, gleba A lotes 09, 09b e clube do Marista.<\/p>\n<p>Servi\u00e7o:\u00a0manuten\u00e7\u00e3o preventiva, poda de \u00e1rvores, seccionamento de baixa tens\u00e3o.<\/p>\n<p><strong>S\u00c3O SEBASTI\u00c3O<\/strong><\/p>\n<p>Hor\u00e1rio:\u00a08h \u00e0s 12h<\/p>\n<p>Local:\u00a0Bairro Bela Vista: rua 11 lotes de 05 a 15; rua 12 lotes pares de 02 a 22.<\/p>\n<p>Servi\u00e7o:\u00a0manuten\u00e7\u00e3o preventiva, limpeza de rede, poda de \u00e1rvore, reaperto\/padroniza\u00e7\u00e3o de conex\u00f5es.<strong>\u00a0<\/strong><\/p>\n<p><strong>S\u00c3O SEBASTI\u00c3O<\/strong><\/p>\n<p>Hor\u00e1rio:\u00a09h \u00e0s 12h<\/p>\n<p>Local:\u00a0Agrovila I, Ruas 68, 68-a, 68b, (totais) e Caesb.<\/p>\n<p>Servi\u00e7o:\u00a0recondutoramento de ramal.<\/p>\n<p><strong>S\u00c3O SEBASTI\u00c3O<\/strong><\/p>\n<p>Hor\u00e1rio:\u00a013h \u00e0s 17h<\/p>\n<p>Local:\u00a0Bairro Bela Vista, Rua 05 lotes 11,21, 31; rua 06 lotes 01, 01-a.<\/p>\n<p>Servi\u00e7o:\u00a0manuten\u00e7\u00e3o preventiva, poda de \u00e1rvore limpeza de rede secund\u00e1ria, reaperto\/padroniza\u00e7\u00e3o de conex\u00f5es.<\/p>\n","protected":false},"excerpt":{"rendered":"<p>Equipes de manuten\u00e7\u00e3o da CEB estar\u00e3o nesta quarta-feira 20 em diversas cidades, para servi\u00e7os de manuten\u00e7\u00e3o da rede. Veja locais e hor\u00e1rios, onde pode faltar luz: GAMA Hor\u00e1rio:\u00a08h \u00e0s 12h Local:\u00a0N\u00facleo Rural Ponte Alta, ch\u00e1cara Bela Vista, ch\u00e1cara Samambaia, ch\u00e1cara Amafaris, Sitio Aymor\u00e9, ch\u00e1cara Sonho\u00a0 Meu, ch\u00e1cara Triunfo, ch\u00e1cara Nossa Senhora Aparecida, ch\u00e1cara Santa Tereza, [&hellip;]<\/p>\n","protected":false},"author":2,"featured_media":49526,"comment_status":"open","ping_status":"closed","sticky":false,"template":"","format":"standard","meta":{"_acf_changed":false,"footnotes":""},"categories":[40],"tags":[],"class_list":["post-49525","post","type-post","status-publish","format-standard","has-post-thumbnail","hentry","category-zapzap-das-quadras"],"acf":[],"yoast_head":"<!-- This site is optimized with the Yoast SEO plugin v27.2 - https:\/\/yoast.com\/product\/yoast-seo-wordpress\/ -->\n<title>CEB faz manuten\u00e7\u00e3o no Gama, S. Sebasti\u00e3o, N\u00facleo e Planaltina - Notibras<\/title>\n<meta name=\"robots\" content=\"index, follow, max-snippet:-1, max-image-preview:large, max-video-preview:-1\" \/>\n<link rel=\"canonical\" href=\"https:\/\/www.notibras.com\/site\/ceb-faz-manutencao-no-gama-s-sebastiao-nucleo-e-planaltina\/\" \/>\n<meta property=\"og:locale\" content=\"pt_BR\" \/>\n<meta property=\"og:type\" content=\"article\" \/>\n<meta property=\"og:title\" content=\"CEB faz manuten\u00e7\u00e3o no Gama, S. Sebasti\u00e3o, N\u00facleo e Planaltina - Notibras\" \/>\n<meta property=\"og:description\" content=\"Equipes de manuten\u00e7\u00e3o da CEB estar\u00e3o nesta quarta-feira 20 em diversas cidades, para servi\u00e7os de manuten\u00e7\u00e3o da rede. Veja locais e hor\u00e1rios, onde pode faltar luz: GAMA Hor\u00e1rio:\u00a08h \u00e0s 12h Local:\u00a0N\u00facleo Rural Ponte Alta, ch\u00e1cara Bela Vista, ch\u00e1cara Samambaia, ch\u00e1cara Amafaris, Sitio Aymor\u00e9, ch\u00e1cara Sonho\u00a0 Meu, ch\u00e1cara Triunfo, ch\u00e1cara Nossa Senhora Aparecida, ch\u00e1cara Santa Tereza, [&hellip;]\" \/>\n<meta property=\"og:url\" content=\"https:\/\/www.notibras.com\/site\/ceb-faz-manutencao-no-gama-s-sebastiao-nucleo-e-planaltina\/\" \/>\n<meta property=\"og:site_name\" content=\"Notibras\" \/>\n<meta property=\"article:publisher\" content=\"https:\/\/www.facebook.com\/notibras\/\" \/>\n<meta property=\"article:published_time\" content=\"2015-05-20T08:56:58+00:00\" \/>\n<meta property=\"og:image\" content=\"https:\/\/www.notibras.com\/site\/wp-content\/uploads\/2015\/05\/ceb161.jpg\" \/>\n\t<meta property=\"og:image:width\" content=\"500\" \/>\n\t<meta property=\"og:image:height\" content=\"331\" \/>\n\t<meta property=\"og:image:type\" content=\"image\/jpeg\" \/>\n<meta name=\"author\" content=\"Reda\u00e7\u00e3o\" \/>\n<meta name=\"twitter:card\" content=\"summary_large_image\" \/>\n<meta name=\"twitter:creator\" content=\"@Notibras\" \/>\n<meta name=\"twitter:site\" content=\"@Notibras\" \/>\n<meta name=\"twitter:label1\" content=\"Escrito por\" \/>\n\t<meta name=\"twitter:data1\" content=\"Reda\u00e7\u00e3o\" \/>\n\t<meta name=\"twitter:label2\" content=\"Est. tempo de leitura\" \/>\n\t<meta name=\"twitter:data2\" content=\"2 minutos\" \/>\n<script type=\"application\/ld+json\" class=\"yoast-schema-graph\">{\"@context\":\"https:\/\/schema.org\",\"@graph\":[{\"@type\":\"Article\",\"@id\":\"https:\/\/www.notibras.com\/site\/ceb-faz-manutencao-no-gama-s-sebastiao-nucleo-e-planaltina\/#article\",\"isPartOf\":{\"@id\":\"https:\/\/www.notibras.com\/site\/ceb-faz-manutencao-no-gama-s-sebastiao-nucleo-e-planaltina\/\"},\"author\":{\"name\":\"Reda\u00e7\u00e3o\",\"@id\":\"https:\/\/www.notibras.com\/site\/#\/schema\/person\/36ab0979449956132d3e5b517ea76ac8\"},\"headline\":\"CEB faz manuten\u00e7\u00e3o no Gama, S. Sebasti\u00e3o, N\u00facleo e Planaltina\",\"datePublished\":\"2015-05-20T08:56:58+00:00\",\"mainEntityOfPage\":{\"@id\":\"https:\/\/www.notibras.com\/site\/ceb-faz-manutencao-no-gama-s-sebastiao-nucleo-e-planaltina\/\"},\"wordCount\":359,\"commentCount\":0,\"publisher\":{\"@id\":\"https:\/\/www.notibras.com\/site\/#organization\"},\"image\":{\"@id\":\"https:\/\/www.notibras.com\/site\/ceb-faz-manutencao-no-gama-s-sebastiao-nucleo-e-planaltina\/#primaryimage\"},\"thumbnailUrl\":\"https:\/\/www.notibras.com\/site\/wp-content\/uploads\/2015\/05\/ceb161.jpg\",\"articleSection\":[\"ZapZap das Quadras\"],\"inLanguage\":\"pt-BR\",\"potentialAction\":[{\"@type\":\"CommentAction\",\"name\":\"Comment\",\"target\":[\"https:\/\/www.notibras.com\/site\/ceb-faz-manutencao-no-gama-s-sebastiao-nucleo-e-planaltina\/#respond\"]}]},{\"@type\":\"WebPage\",\"@id\":\"https:\/\/www.notibras.com\/site\/ceb-faz-manutencao-no-gama-s-sebastiao-nucleo-e-planaltina\/\",\"url\":\"https:\/\/www.notibras.com\/site\/ceb-faz-manutencao-no-gama-s-sebastiao-nucleo-e-planaltina\/\",\"name\":\"CEB faz manuten\u00e7\u00e3o no Gama, S. Sebasti\u00e3o, N\u00facleo e Planaltina - Notibras\",\"isPartOf\":{\"@id\":\"https:\/\/www.notibras.com\/site\/#website\"},\"primaryImageOfPage\":{\"@id\":\"https:\/\/www.notibras.com\/site\/ceb-faz-manutencao-no-gama-s-sebastiao-nucleo-e-planaltina\/#primaryimage\"},\"image\":{\"@id\":\"https:\/\/www.notibras.com\/site\/ceb-faz-manutencao-no-gama-s-sebastiao-nucleo-e-planaltina\/#primaryimage\"},\"thumbnailUrl\":\"https:\/\/www.notibras.com\/site\/wp-content\/uploads\/2015\/05\/ceb161.jpg\",\"datePublished\":\"2015-05-20T08:56:58+00:00\",\"breadcrumb\":{\"@id\":\"https:\/\/www.notibras.com\/site\/ceb-faz-manutencao-no-gama-s-sebastiao-nucleo-e-planaltina\/#breadcrumb\"},\"inLanguage\":\"pt-BR\",\"potentialAction\":[{\"@type\":\"ReadAction\",\"target\":[\"https:\/\/www.notibras.com\/site\/ceb-faz-manutencao-no-gama-s-sebastiao-nucleo-e-planaltina\/\"]}]},{\"@type\":\"ImageObject\",\"inLanguage\":\"pt-BR\",\"@id\":\"https:\/\/www.notibras.com\/site\/ceb-faz-manutencao-no-gama-s-sebastiao-nucleo-e-planaltina\/#primaryimage\",\"url\":\"https:\/\/www.notibras.com\/site\/wp-content\/uploads\/2015\/05\/ceb161.jpg\",\"contentUrl\":\"https:\/\/www.notibras.com\/site\/wp-content\/uploads\/2015\/05\/ceb161.jpg\",\"width\":500,\"height\":331,\"caption\":\"22\/02\/2013. Cr\u00e9dito: Bruno Peres\/CB\/D.A Press. Brasil. Bras\u00edlia - DF. Falta de energia el\u00e9trica em \u00c1guas Claras. Funcion\u00e1rio de empresa terceirizada da CEB faz manuten\u00e7\u00e3o em rede el\u00e9trica na quadra 208 em \u00c1guas Claras.\"},{\"@type\":\"BreadcrumbList\",\"@id\":\"https:\/\/www.notibras.com\/site\/ceb-faz-manutencao-no-gama-s-sebastiao-nucleo-e-planaltina\/#breadcrumb\",\"itemListElement\":[{\"@type\":\"ListItem\",\"position\":1,\"name\":\"In\u00edcio\",\"item\":\"https:\/\/www.notibras.com\/site\/\"},{\"@type\":\"ListItem\",\"position\":2,\"name\":\"CEB faz manuten\u00e7\u00e3o no Gama, S. Sebasti\u00e3o, N\u00facleo e Planaltina\"}]},{\"@type\":\"WebSite\",\"@id\":\"https:\/\/www.notibras.com\/site\/#website\",\"url\":\"https:\/\/www.notibras.com\/site\/\",\"name\":\"Notibras\",\"description\":\"Not\u00edcias de Bras\u00edlia, do Brasil e do Mundo\",\"publisher\":{\"@id\":\"https:\/\/www.notibras.com\/site\/#organization\"},\"potentialAction\":[{\"@type\":\"SearchAction\",\"target\":{\"@type\":\"EntryPoint\",\"urlTemplate\":\"https:\/\/www.notibras.com\/site\/?s={search_term_string}\"},\"query-input\":{\"@type\":\"PropertyValueSpecification\",\"valueRequired\":true,\"valueName\":\"search_term_string\"}}],\"inLanguage\":\"pt-BR\"},{\"@type\":\"Organization\",\"@id\":\"https:\/\/www.notibras.com\/site\/#organization\",\"name\":\"Grupo Notibras de Comunica\u00e7\u00e3o\",\"url\":\"https:\/\/www.notibras.com\/site\/\",\"logo\":{\"@type\":\"ImageObject\",\"inLanguage\":\"pt-BR\",\"@id\":\"https:\/\/www.notibras.com\/site\/#\/schema\/logo\/image\/\",\"url\":\"https:\/\/www.notibras.com\/site\/wp-content\/uploads\/2023\/01\/notibras23.png\",\"contentUrl\":\"https:\/\/www.notibras.com\/site\/wp-content\/uploads\/2023\/01\/notibras23.png\",\"width\":350,\"height\":87,\"caption\":\"Grupo Notibras de Comunica\u00e7\u00e3o\"},\"image\":{\"@id\":\"https:\/\/www.notibras.com\/site\/#\/schema\/logo\/image\/\"},\"sameAs\":[\"https:\/\/www.facebook.com\/notibras\/\",\"https:\/\/x.com\/Notibras\",\"https:\/\/www.instagram.com\/notibras\/\"]},{\"@type\":\"Person\",\"@id\":\"https:\/\/www.notibras.com\/site\/#\/schema\/person\/36ab0979449956132d3e5b517ea76ac8\",\"name\":\"Reda\u00e7\u00e3o\",\"image\":{\"@type\":\"ImageObject\",\"inLanguage\":\"pt-BR\",\"@id\":\"https:\/\/secure.gravatar.com\/avatar\/e0a867bdedb85fd243eadf09663511f96fc81e0720a4a42581f334ad4303aa6b?s=96&d=mm&r=g\",\"url\":\"https:\/\/secure.gravatar.com\/avatar\/e0a867bdedb85fd243eadf09663511f96fc81e0720a4a42581f334ad4303aa6b?s=96&d=mm&r=g\",\"contentUrl\":\"https:\/\/secure.gravatar.com\/avatar\/e0a867bdedb85fd243eadf09663511f96fc81e0720a4a42581f334ad4303aa6b?s=96&d=mm&r=g\",\"caption\":\"Reda\u00e7\u00e3o\"}}]}<\/script>\n<!-- \/ Yoast SEO plugin. -->","yoast_head_json":{"title":"CEB faz manuten\u00e7\u00e3o no Gama, S. Sebasti\u00e3o, N\u00facleo e Planaltina - Notibras","robots":{"index":"index","follow":"follow","max-snippet":"max-snippet:-1","max-image-preview":"max-image-preview:large","max-video-preview":"max-video-preview:-1"},"canonical":"https:\/\/www.notibras.com\/site\/ceb-faz-manutencao-no-gama-s-sebastiao-nucleo-e-planaltina\/","og_locale":"pt_BR","og_type":"article","og_title":"CEB faz manuten\u00e7\u00e3o no Gama, S. Sebasti\u00e3o, N\u00facleo e Planaltina - Notibras","og_description":"Equipes de manuten\u00e7\u00e3o da CEB estar\u00e3o nesta quarta-feira 20 em diversas cidades, para servi\u00e7os de manuten\u00e7\u00e3o da rede. Veja locais e hor\u00e1rios, onde pode faltar luz: GAMA Hor\u00e1rio:\u00a08h \u00e0s 12h Local:\u00a0N\u00facleo Rural Ponte Alta, ch\u00e1cara Bela Vista, ch\u00e1cara Samambaia, ch\u00e1cara Amafaris, Sitio Aymor\u00e9, ch\u00e1cara Sonho\u00a0 Meu, ch\u00e1cara Triunfo, ch\u00e1cara Nossa Senhora Aparecida, ch\u00e1cara Santa Tereza, [&hellip;]","og_url":"https:\/\/www.notibras.com\/site\/ceb-faz-manutencao-no-gama-s-sebastiao-nucleo-e-planaltina\/","og_site_name":"Notibras","article_publisher":"https:\/\/www.facebook.com\/notibras\/","article_published_time":"2015-05-20T08:56:58+00:00","og_image":[{"width":500,"height":331,"url":"https:\/\/www.notibras.com\/site\/wp-content\/uploads\/2015\/05\/ceb161.jpg","type":"image\/jpeg"}],"author":"Reda\u00e7\u00e3o","twitter_card":"summary_large_image","twitter_creator":"@Notibras","twitter_site":"@Notibras","twitter_misc":{"Escrito por":"Reda\u00e7\u00e3o","Est. tempo de leitura":"2 minutos"},"schema":{"@context":"https:\/\/schema.org","@graph":[{"@type":"Article","@id":"https:\/\/www.notibras.com\/site\/ceb-faz-manutencao-no-gama-s-sebastiao-nucleo-e-planaltina\/#article","isPartOf":{"@id":"https:\/\/www.notibras.com\/site\/ceb-faz-manutencao-no-gama-s-sebastiao-nucleo-e-planaltina\/"},"author":{"name":"Reda\u00e7\u00e3o","@id":"https:\/\/www.notibras.com\/site\/#\/schema\/person\/36ab0979449956132d3e5b517ea76ac8"},"headline":"CEB faz manuten\u00e7\u00e3o no Gama, S. Sebasti\u00e3o, N\u00facleo e Planaltina","datePublished":"2015-05-20T08:56:58+00:00","mainEntityOfPage":{"@id":"https:\/\/www.notibras.com\/site\/ceb-faz-manutencao-no-gama-s-sebastiao-nucleo-e-planaltina\/"},"wordCount":359,"commentCount":0,"publisher":{"@id":"https:\/\/www.notibras.com\/site\/#organization"},"image":{"@id":"https:\/\/www.notibras.com\/site\/ceb-faz-manutencao-no-gama-s-sebastiao-nucleo-e-planaltina\/#primaryimage"},"thumbnailUrl":"https:\/\/www.notibras.com\/site\/wp-content\/uploads\/2015\/05\/ceb161.jpg","articleSection":["ZapZap das Quadras"],"inLanguage":"pt-BR","potentialAction":[{"@type":"CommentAction","name":"Comment","target":["https:\/\/www.notibras.com\/site\/ceb-faz-manutencao-no-gama-s-sebastiao-nucleo-e-planaltina\/#respond"]}]},{"@type":"WebPage","@id":"https:\/\/www.notibras.com\/site\/ceb-faz-manutencao-no-gama-s-sebastiao-nucleo-e-planaltina\/","url":"https:\/\/www.notibras.com\/site\/ceb-faz-manutencao-no-gama-s-sebastiao-nucleo-e-planaltina\/","name":"CEB faz manuten\u00e7\u00e3o no Gama, S. Sebasti\u00e3o, N\u00facleo e Planaltina - Notibras","isPartOf":{"@id":"https:\/\/www.notibras.com\/site\/#website"},"primaryImageOfPage":{"@id":"https:\/\/www.notibras.com\/site\/ceb-faz-manutencao-no-gama-s-sebastiao-nucleo-e-planaltina\/#primaryimage"},"image":{"@id":"https:\/\/www.notibras.com\/site\/ceb-faz-manutencao-no-gama-s-sebastiao-nucleo-e-planaltina\/#primaryimage"},"thumbnailUrl":"https:\/\/www.notibras.com\/site\/wp-content\/uploads\/2015\/05\/ceb161.jpg","datePublished":"2015-05-20T08:56:58+00:00","breadcrumb":{"@id":"https:\/\/www.notibras.com\/site\/ceb-faz-manutencao-no-gama-s-sebastiao-nucleo-e-planaltina\/#breadcrumb"},"inLanguage":"pt-BR","potentialAction":[{"@type":"ReadAction","target":["https:\/\/www.notibras.com\/site\/ceb-faz-manutencao-no-gama-s-sebastiao-nucleo-e-planaltina\/"]}]},{"@type":"ImageObject","inLanguage":"pt-BR","@id":"https:\/\/www.notibras.com\/site\/ceb-faz-manutencao-no-gama-s-sebastiao-nucleo-e-planaltina\/#primaryimage","url":"https:\/\/www.notibras.com\/site\/wp-content\/uploads\/2015\/05\/ceb161.jpg","contentUrl":"https:\/\/www.notibras.com\/site\/wp-content\/uploads\/2015\/05\/ceb161.jpg","width":500,"height":331,"caption":"22\/02\/2013. Cr\u00e9dito: Bruno Peres\/CB\/D.A Press. Brasil. Bras\u00edlia - DF. Falta de energia el\u00e9trica em \u00c1guas Claras. Funcion\u00e1rio de empresa terceirizada da CEB faz manuten\u00e7\u00e3o em rede el\u00e9trica na quadra 208 em \u00c1guas Claras."},{"@type":"BreadcrumbList","@id":"https:\/\/www.notibras.com\/site\/ceb-faz-manutencao-no-gama-s-sebastiao-nucleo-e-planaltina\/#breadcrumb","itemListElement":[{"@type":"ListItem","position":1,"name":"In\u00edcio","item":"https:\/\/www.notibras.com\/site\/"},{"@type":"ListItem","position":2,"name":"CEB faz manuten\u00e7\u00e3o no Gama, S. Sebasti\u00e3o, N\u00facleo e Planaltina"}]},{"@type":"WebSite","@id":"https:\/\/www.notibras.com\/site\/#website","url":"https:\/\/www.notibras.com\/site\/","name":"Notibras","description":"Not\u00edcias de Bras\u00edlia, do Brasil e do Mundo","publisher":{"@id":"https:\/\/www.notibras.com\/site\/#organization"},"potentialAction":[{"@type":"SearchAction","target":{"@type":"EntryPoint","urlTemplate":"https:\/\/www.notibras.com\/site\/?s={search_term_string}"},"query-input":{"@type":"PropertyValueSpecification","valueRequired":true,"valueName":"search_term_string"}}],"inLanguage":"pt-BR"},{"@type":"Organization","@id":"https:\/\/www.notibras.com\/site\/#organization","name":"Grupo Notibras de Comunica\u00e7\u00e3o","url":"https:\/\/www.notibras.com\/site\/","logo":{"@type":"ImageObject","inLanguage":"pt-BR","@id":"https:\/\/www.notibras.com\/site\/#\/schema\/logo\/image\/","url":"https:\/\/www.notibras.com\/site\/wp-content\/uploads\/2023\/01\/notibras23.png","contentUrl":"https:\/\/www.notibras.com\/site\/wp-content\/uploads\/2023\/01\/notibras23.png","width":350,"height":87,"caption":"Grupo Notibras de Comunica\u00e7\u00e3o"},"image":{"@id":"https:\/\/www.notibras.com\/site\/#\/schema\/logo\/image\/"},"sameAs":["https:\/\/www.facebook.com\/notibras\/","https:\/\/x.com\/Notibras","https:\/\/www.instagram.com\/notibras\/"]},{"@type":"Person","@id":"https:\/\/www.notibras.com\/site\/#\/schema\/person\/36ab0979449956132d3e5b517ea76ac8","name":"Reda\u00e7\u00e3o","image":{"@type":"ImageObject","inLanguage":"pt-BR","@id":"https:\/\/secure.gravatar.com\/avatar\/e0a867bdedb85fd243eadf09663511f96fc81e0720a4a42581f334ad4303aa6b?s=96&d=mm&r=g","url":"https:\/\/secure.gravatar.com\/avatar\/e0a867bdedb85fd243eadf09663511f96fc81e0720a4a42581f334ad4303aa6b?s=96&d=mm&r=g","contentUrl":"https:\/\/secure.gravatar.com\/avatar\/e0a867bdedb85fd243eadf09663511f96fc81e0720a4a42581f334ad4303aa6b?s=96&d=mm&r=g","caption":"Reda\u00e7\u00e3o"}}]}},"amp_enabled":true,"_links":{"self":[{"href":"https:\/\/www.notibras.com\/site\/wp-json\/wp\/v2\/posts\/49525","targetHints":{"allow":["GET"]}}],"collection":[{"href":"https:\/\/www.notibras.com\/site\/wp-json\/wp\/v2\/posts"}],"about":[{"href":"https:\/\/www.notibras.com\/site\/wp-json\/wp\/v2\/types\/post"}],"author":[{"embeddable":true,"href":"https:\/\/www.notibras.com\/site\/wp-json\/wp\/v2\/users\/2"}],"replies":[{"embeddable":true,"href":"https:\/\/www.notibras.com\/site\/wp-json\/wp\/v2\/comments?post=49525"}],"version-history":[{"count":0,"href":"https:\/\/www.notibras.com\/site\/wp-json\/wp\/v2\/posts\/49525\/revisions"}],"wp:featuredmedia":[{"embeddable":true,"href":"https:\/\/www.notibras.com\/site\/wp-json\/wp\/v2\/media\/49526"}],"wp:attachment":[{"href":"https:\/\/www.notibras.com\/site\/wp-json\/wp\/v2\/media?parent=49525"}],"wp:term":[{"taxonomy":"category","embeddable":true,"href":"https:\/\/www.notibras.com\/site\/wp-json\/wp\/v2\/categories?post=49525"},{"taxonomy":"post_tag","embeddable":true,"href":"https:\/\/www.notibras.com\/site\/wp-json\/wp\/v2\/tags?post=49525"}],"curies":[{"name":"wp","href":"https:\/\/api.w.org\/{rel}","templated":true}]}}