{"id":4953,"date":"2014-03-22T11:03:44","date_gmt":"2014-03-22T14:03:44","guid":{"rendered":"http:\/\/www.notibras.com\/site\/?p=4953"},"modified":"2014-03-22T11:48:27","modified_gmt":"2014-03-22T14:48:27","slug":"povo-promete-tomar-camara-contra-ppcub-chave-da-caixinha-das-eleicoes","status":"publish","type":"post","link":"https:\/\/www.notibras.com\/site\/povo-promete-tomar-camara-contra-ppcub-chave-da-caixinha-das-eleicoes\/","title":{"rendered":"Povo promete tomar C\u00e2mara contra PPCUB, &#8216;caixinha das elei\u00e7\u00f5es&#8217;"},"content":{"rendered":"<p>Representantes de diferentes segmentos da sociedade civil organizada est\u00e3o programando uma s\u00e9rie de manifesta\u00e7\u00f5es no decorrer da semana que se inicia na segunda-feira 24, contra a aprova\u00e7\u00e3o, pelos deputados distritais, do PPCUB. N\u00e3o est\u00e1 descartada a ideia de fazer da C\u00e2mara Legislativa e imedia\u00e7\u00f5es uma grande \u00e1rea de acampamento.<\/p>\n<p>Os opositores ao projeto, que o Pal\u00e1cio do Buriti tenta aprovar sem uma ampla discuss\u00e3o, se dizem indignados com os efeitos futuros do PPCUB. Bras\u00edlia ser\u00e1 retalhada, dando lugar a uma selva de pedras onde hoje existe espa\u00e7o para a a natureza e lazer do povo.<\/p>\n<p>O PPCUB (Plano de Preserva\u00e7\u00e3o do Plano Urban\u00edstico de Bras\u00edlia), se aprovado como foi apresentado pelo governo, mudar\u00e1 a destina\u00e7\u00e3o de lotes, gerando uma valoriza\u00e7\u00e3o superior a cem vezes. Mesmo quem n\u00e3o entende de urbanismo sabe que isso vale muito dinheiro. As altera\u00e7\u00f5es favoreceriam a especula\u00e7\u00e3o imobili\u00e1ria, beneficiando propriet\u00e1rios de grandes \u00e1reas e principalmente a ind\u00fastria da constru\u00e7\u00e3o civil.<\/p>\n<p>Por\u00e9m, o que mais preocupa e provoca indigna\u00e7\u00e3o dos organizadores da manifesta\u00e7\u00e3o, \u00e9 a suspei\u00e7\u00e3o \u2013 levantada pelo deputado Patr\u00edcio (PT) \u2013 de que a eventual aprova\u00e7\u00e3o do PPCUB representar\u00e1 a abertura de uma caixinha para financiar as elei\u00e7\u00f5es de outubro.<\/p>\n<p>Patr\u00edcio, que presidiu a C\u00e2mara na \u00faltima legislatura, diz ter informa\u00e7\u00f5es reservadas que podem comprometer n\u00e3o apenas seus colegas do Legislativo, mas tamb\u00e9m da equipe do pr\u00f3prio Pal\u00e1cio do Buriti, patrocinador das mudan\u00e7as.<\/p>\n<p>&#8211; O projeto est\u00e1 tramitando a toque de caixa para financiar e bancar a elei\u00e7\u00e3o de muita gente, advertiu o parlamentar, embora sem citar nomes.<\/p>\n<p>Na avalia\u00e7\u00e3o de Patr\u00edcio, a discuss\u00e3o sobre o PPCUB deve ser aprofundada ao m\u00e1ximo. Ele defende que sua aprova\u00e7\u00e3o fique apenas para o pr\u00f3ximo ano. Com isso, diz, seriam sepultadas as suspeitas de benef\u00edcios diretos a quem votar a favor do projeto.<\/p>\n<p>Na esteira das den\u00fancias de Patr\u00edcio, uma voz dissonante nas hostes do PT, o Minist\u00e9rio P\u00fablico ajuizou a\u00e7\u00e3o cautelar contra o Conselho de Planejamento Urbano do Distrito Federal, constitu\u00eddo por representantes de entidades fantasmas interessadas na aprova\u00e7\u00e3o do projeto.<\/p>\n<p><strong>Felipe Meirelles<\/strong><\/p>\n","protected":false},"excerpt":{"rendered":"<p>Representantes de diferentes segmentos da sociedade civil organizada est\u00e3o programando uma s\u00e9rie de manifesta\u00e7\u00f5es no decorrer da semana que se inicia na segunda-feira 24, contra a aprova\u00e7\u00e3o, pelos deputados distritais, do PPCUB. N\u00e3o est\u00e1 descartada a ideia de fazer da C\u00e2mara Legislativa e imedia\u00e7\u00f5es uma grande \u00e1rea de acampamento. Os opositores ao projeto, que o [&hellip;]<\/p>\n","protected":false},"author":2,"featured_media":4954,"comment_status":"open","ping_status":"closed","sticky":false,"template":"","format":"standard","meta":{"_acf_changed":false,"footnotes":""},"categories":[1],"tags":[],"class_list":["post-4953","post","type-post","status-publish","format-standard","has-post-thumbnail","hentry","category-brasilia"],"acf":[],"yoast_head":"<!-- This site is optimized with the Yoast SEO plugin v27.2 - https:\/\/yoast.com\/product\/yoast-seo-wordpress\/ -->\n<title>Povo promete tomar C\u00e2mara contra PPCUB, &#039;caixinha das elei\u00e7\u00f5es&#039; - Notibras<\/title>\n<meta name=\"robots\" content=\"index, follow, max-snippet:-1, max-image-preview:large, max-video-preview:-1\" \/>\n<link rel=\"canonical\" href=\"https:\/\/www.notibras.com\/site\/povo-promete-tomar-camara-contra-ppcub-chave-da-caixinha-das-eleicoes\/\" \/>\n<meta property=\"og:locale\" content=\"pt_BR\" \/>\n<meta property=\"og:type\" content=\"article\" \/>\n<meta property=\"og:title\" content=\"Povo promete tomar C\u00e2mara contra PPCUB, &#039;caixinha das elei\u00e7\u00f5es&#039; - Notibras\" \/>\n<meta property=\"og:description\" content=\"Representantes de diferentes segmentos da sociedade civil organizada est\u00e3o programando uma s\u00e9rie de manifesta\u00e7\u00f5es no decorrer da semana que se inicia na segunda-feira 24, contra a aprova\u00e7\u00e3o, pelos deputados distritais, do PPCUB. N\u00e3o est\u00e1 descartada a ideia de fazer da C\u00e2mara Legislativa e imedia\u00e7\u00f5es uma grande \u00e1rea de acampamento. Os opositores ao projeto, que o [&hellip;]\" \/>\n<meta property=\"og:url\" content=\"https:\/\/www.notibras.com\/site\/povo-promete-tomar-camara-contra-ppcub-chave-da-caixinha-das-eleicoes\/\" \/>\n<meta property=\"og:site_name\" content=\"Notibras\" \/>\n<meta property=\"article:publisher\" content=\"https:\/\/www.facebook.com\/notibras\/\" \/>\n<meta property=\"article:published_time\" content=\"2014-03-22T14:03:44+00:00\" \/>\n<meta property=\"article:modified_time\" content=\"2014-03-22T14:48:27+00:00\" \/>\n<meta property=\"og:image\" content=\"https:\/\/www.notibras.com\/site\/wp-content\/uploads\/2014\/03\/corrupc3a7c3a3o11.jpg\" \/>\n\t<meta property=\"og:image:width\" content=\"700\" \/>\n\t<meta property=\"og:image:height\" content=\"448\" \/>\n\t<meta property=\"og:image:type\" content=\"image\/jpeg\" \/>\n<meta name=\"author\" content=\"Reda\u00e7\u00e3o\" \/>\n<meta name=\"twitter:card\" content=\"summary_large_image\" \/>\n<meta name=\"twitter:creator\" content=\"@Notibras\" \/>\n<meta name=\"twitter:site\" content=\"@Notibras\" \/>\n<meta name=\"twitter:label1\" content=\"Escrito por\" \/>\n\t<meta name=\"twitter:data1\" content=\"Reda\u00e7\u00e3o\" \/>\n\t<meta name=\"twitter:label2\" content=\"Est. tempo de leitura\" \/>\n\t<meta name=\"twitter:data2\" content=\"2 minutos\" \/>\n<script type=\"application\/ld+json\" class=\"yoast-schema-graph\">{\"@context\":\"https:\/\/schema.org\",\"@graph\":[{\"@type\":\"Article\",\"@id\":\"https:\/\/www.notibras.com\/site\/povo-promete-tomar-camara-contra-ppcub-chave-da-caixinha-das-eleicoes\/#article\",\"isPartOf\":{\"@id\":\"https:\/\/www.notibras.com\/site\/povo-promete-tomar-camara-contra-ppcub-chave-da-caixinha-das-eleicoes\/\"},\"author\":{\"name\":\"Reda\u00e7\u00e3o\",\"@id\":\"https:\/\/www.notibras.com\/site\/#\/schema\/person\/36ab0979449956132d3e5b517ea76ac8\"},\"headline\":\"Povo promete tomar C\u00e2mara contra PPCUB, &#8216;caixinha das elei\u00e7\u00f5es&#8217;\",\"datePublished\":\"2014-03-22T14:03:44+00:00\",\"dateModified\":\"2014-03-22T14:48:27+00:00\",\"mainEntityOfPage\":{\"@id\":\"https:\/\/www.notibras.com\/site\/povo-promete-tomar-camara-contra-ppcub-chave-da-caixinha-das-eleicoes\/\"},\"wordCount\":396,\"commentCount\":0,\"publisher\":{\"@id\":\"https:\/\/www.notibras.com\/site\/#organization\"},\"image\":{\"@id\":\"https:\/\/www.notibras.com\/site\/povo-promete-tomar-camara-contra-ppcub-chave-da-caixinha-das-eleicoes\/#primaryimage\"},\"thumbnailUrl\":\"https:\/\/www.notibras.com\/site\/wp-content\/uploads\/2014\/03\/corrupc3a7c3a3o11.jpg\",\"articleSection\":[\"Bras\u00edlia\"],\"inLanguage\":\"pt-BR\",\"potentialAction\":[{\"@type\":\"CommentAction\",\"name\":\"Comment\",\"target\":[\"https:\/\/www.notibras.com\/site\/povo-promete-tomar-camara-contra-ppcub-chave-da-caixinha-das-eleicoes\/#respond\"]}]},{\"@type\":\"WebPage\",\"@id\":\"https:\/\/www.notibras.com\/site\/povo-promete-tomar-camara-contra-ppcub-chave-da-caixinha-das-eleicoes\/\",\"url\":\"https:\/\/www.notibras.com\/site\/povo-promete-tomar-camara-contra-ppcub-chave-da-caixinha-das-eleicoes\/\",\"name\":\"Povo promete tomar C\u00e2mara contra PPCUB, 'caixinha das elei\u00e7\u00f5es' - Notibras\",\"isPartOf\":{\"@id\":\"https:\/\/www.notibras.com\/site\/#website\"},\"primaryImageOfPage\":{\"@id\":\"https:\/\/www.notibras.com\/site\/povo-promete-tomar-camara-contra-ppcub-chave-da-caixinha-das-eleicoes\/#primaryimage\"},\"image\":{\"@id\":\"https:\/\/www.notibras.com\/site\/povo-promete-tomar-camara-contra-ppcub-chave-da-caixinha-das-eleicoes\/#primaryimage\"},\"thumbnailUrl\":\"https:\/\/www.notibras.com\/site\/wp-content\/uploads\/2014\/03\/corrupc3a7c3a3o11.jpg\",\"datePublished\":\"2014-03-22T14:03:44+00:00\",\"dateModified\":\"2014-03-22T14:48:27+00:00\",\"breadcrumb\":{\"@id\":\"https:\/\/www.notibras.com\/site\/povo-promete-tomar-camara-contra-ppcub-chave-da-caixinha-das-eleicoes\/#breadcrumb\"},\"inLanguage\":\"pt-BR\",\"potentialAction\":[{\"@type\":\"ReadAction\",\"target\":[\"https:\/\/www.notibras.com\/site\/povo-promete-tomar-camara-contra-ppcub-chave-da-caixinha-das-eleicoes\/\"]}]},{\"@type\":\"ImageObject\",\"inLanguage\":\"pt-BR\",\"@id\":\"https:\/\/www.notibras.com\/site\/povo-promete-tomar-camara-contra-ppcub-chave-da-caixinha-das-eleicoes\/#primaryimage\",\"url\":\"https:\/\/www.notibras.com\/site\/wp-content\/uploads\/2014\/03\/corrupc3a7c3a3o11.jpg\",\"contentUrl\":\"https:\/\/www.notibras.com\/site\/wp-content\/uploads\/2014\/03\/corrupc3a7c3a3o11.jpg\",\"width\":700,\"height\":448},{\"@type\":\"BreadcrumbList\",\"@id\":\"https:\/\/www.notibras.com\/site\/povo-promete-tomar-camara-contra-ppcub-chave-da-caixinha-das-eleicoes\/#breadcrumb\",\"itemListElement\":[{\"@type\":\"ListItem\",\"position\":1,\"name\":\"In\u00edcio\",\"item\":\"https:\/\/www.notibras.com\/site\/\"},{\"@type\":\"ListItem\",\"position\":2,\"name\":\"Povo promete tomar C\u00e2mara contra PPCUB, &#8216;caixinha das elei\u00e7\u00f5es&#8217;\"}]},{\"@type\":\"WebSite\",\"@id\":\"https:\/\/www.notibras.com\/site\/#website\",\"url\":\"https:\/\/www.notibras.com\/site\/\",\"name\":\"Notibras\",\"description\":\"Not\u00edcias de Bras\u00edlia, do Brasil e do Mundo\",\"publisher\":{\"@id\":\"https:\/\/www.notibras.com\/site\/#organization\"},\"potentialAction\":[{\"@type\":\"SearchAction\",\"target\":{\"@type\":\"EntryPoint\",\"urlTemplate\":\"https:\/\/www.notibras.com\/site\/?s={search_term_string}\"},\"query-input\":{\"@type\":\"PropertyValueSpecification\",\"valueRequired\":true,\"valueName\":\"search_term_string\"}}],\"inLanguage\":\"pt-BR\"},{\"@type\":\"Organization\",\"@id\":\"https:\/\/www.notibras.com\/site\/#organization\",\"name\":\"Grupo Notibras de Comunica\u00e7\u00e3o\",\"url\":\"https:\/\/www.notibras.com\/site\/\",\"logo\":{\"@type\":\"ImageObject\",\"inLanguage\":\"pt-BR\",\"@id\":\"https:\/\/www.notibras.com\/site\/#\/schema\/logo\/image\/\",\"url\":\"https:\/\/www.notibras.com\/site\/wp-content\/uploads\/2023\/01\/notibras23.png\",\"contentUrl\":\"https:\/\/www.notibras.com\/site\/wp-content\/uploads\/2023\/01\/notibras23.png\",\"width\":350,\"height\":87,\"caption\":\"Grupo Notibras de Comunica\u00e7\u00e3o\"},\"image\":{\"@id\":\"https:\/\/www.notibras.com\/site\/#\/schema\/logo\/image\/\"},\"sameAs\":[\"https:\/\/www.facebook.com\/notibras\/\",\"https:\/\/x.com\/Notibras\",\"https:\/\/www.instagram.com\/notibras\/\"]},{\"@type\":\"Person\",\"@id\":\"https:\/\/www.notibras.com\/site\/#\/schema\/person\/36ab0979449956132d3e5b517ea76ac8\",\"name\":\"Reda\u00e7\u00e3o\",\"image\":{\"@type\":\"ImageObject\",\"inLanguage\":\"pt-BR\",\"@id\":\"https:\/\/secure.gravatar.com\/avatar\/e0a867bdedb85fd243eadf09663511f96fc81e0720a4a42581f334ad4303aa6b?s=96&d=mm&r=g\",\"url\":\"https:\/\/secure.gravatar.com\/avatar\/e0a867bdedb85fd243eadf09663511f96fc81e0720a4a42581f334ad4303aa6b?s=96&d=mm&r=g\",\"contentUrl\":\"https:\/\/secure.gravatar.com\/avatar\/e0a867bdedb85fd243eadf09663511f96fc81e0720a4a42581f334ad4303aa6b?s=96&d=mm&r=g\",\"caption\":\"Reda\u00e7\u00e3o\"}}]}<\/script>\n<!-- \/ Yoast SEO plugin. -->","yoast_head_json":{"title":"Povo promete tomar C\u00e2mara contra PPCUB, 'caixinha das elei\u00e7\u00f5es' - Notibras","robots":{"index":"index","follow":"follow","max-snippet":"max-snippet:-1","max-image-preview":"max-image-preview:large","max-video-preview":"max-video-preview:-1"},"canonical":"https:\/\/www.notibras.com\/site\/povo-promete-tomar-camara-contra-ppcub-chave-da-caixinha-das-eleicoes\/","og_locale":"pt_BR","og_type":"article","og_title":"Povo promete tomar C\u00e2mara contra PPCUB, 'caixinha das elei\u00e7\u00f5es' - Notibras","og_description":"Representantes de diferentes segmentos da sociedade civil organizada est\u00e3o programando uma s\u00e9rie de manifesta\u00e7\u00f5es no decorrer da semana que se inicia na segunda-feira 24, contra a aprova\u00e7\u00e3o, pelos deputados distritais, do PPCUB. N\u00e3o est\u00e1 descartada a ideia de fazer da C\u00e2mara Legislativa e imedia\u00e7\u00f5es uma grande \u00e1rea de acampamento. Os opositores ao projeto, que o [&hellip;]","og_url":"https:\/\/www.notibras.com\/site\/povo-promete-tomar-camara-contra-ppcub-chave-da-caixinha-das-eleicoes\/","og_site_name":"Notibras","article_publisher":"https:\/\/www.facebook.com\/notibras\/","article_published_time":"2014-03-22T14:03:44+00:00","article_modified_time":"2014-03-22T14:48:27+00:00","og_image":[{"width":700,"height":448,"url":"https:\/\/www.notibras.com\/site\/wp-content\/uploads\/2014\/03\/corrupc3a7c3a3o11.jpg","type":"image\/jpeg"}],"author":"Reda\u00e7\u00e3o","twitter_card":"summary_large_image","twitter_creator":"@Notibras","twitter_site":"@Notibras","twitter_misc":{"Escrito por":"Reda\u00e7\u00e3o","Est. tempo de leitura":"2 minutos"},"schema":{"@context":"https:\/\/schema.org","@graph":[{"@type":"Article","@id":"https:\/\/www.notibras.com\/site\/povo-promete-tomar-camara-contra-ppcub-chave-da-caixinha-das-eleicoes\/#article","isPartOf":{"@id":"https:\/\/www.notibras.com\/site\/povo-promete-tomar-camara-contra-ppcub-chave-da-caixinha-das-eleicoes\/"},"author":{"name":"Reda\u00e7\u00e3o","@id":"https:\/\/www.notibras.com\/site\/#\/schema\/person\/36ab0979449956132d3e5b517ea76ac8"},"headline":"Povo promete tomar C\u00e2mara contra PPCUB, &#8216;caixinha das elei\u00e7\u00f5es&#8217;","datePublished":"2014-03-22T14:03:44+00:00","dateModified":"2014-03-22T14:48:27+00:00","mainEntityOfPage":{"@id":"https:\/\/www.notibras.com\/site\/povo-promete-tomar-camara-contra-ppcub-chave-da-caixinha-das-eleicoes\/"},"wordCount":396,"commentCount":0,"publisher":{"@id":"https:\/\/www.notibras.com\/site\/#organization"},"image":{"@id":"https:\/\/www.notibras.com\/site\/povo-promete-tomar-camara-contra-ppcub-chave-da-caixinha-das-eleicoes\/#primaryimage"},"thumbnailUrl":"https:\/\/www.notibras.com\/site\/wp-content\/uploads\/2014\/03\/corrupc3a7c3a3o11.jpg","articleSection":["Bras\u00edlia"],"inLanguage":"pt-BR","potentialAction":[{"@type":"CommentAction","name":"Comment","target":["https:\/\/www.notibras.com\/site\/povo-promete-tomar-camara-contra-ppcub-chave-da-caixinha-das-eleicoes\/#respond"]}]},{"@type":"WebPage","@id":"https:\/\/www.notibras.com\/site\/povo-promete-tomar-camara-contra-ppcub-chave-da-caixinha-das-eleicoes\/","url":"https:\/\/www.notibras.com\/site\/povo-promete-tomar-camara-contra-ppcub-chave-da-caixinha-das-eleicoes\/","name":"Povo promete tomar C\u00e2mara contra PPCUB, 'caixinha das elei\u00e7\u00f5es' - Notibras","isPartOf":{"@id":"https:\/\/www.notibras.com\/site\/#website"},"primaryImageOfPage":{"@id":"https:\/\/www.notibras.com\/site\/povo-promete-tomar-camara-contra-ppcub-chave-da-caixinha-das-eleicoes\/#primaryimage"},"image":{"@id":"https:\/\/www.notibras.com\/site\/povo-promete-tomar-camara-contra-ppcub-chave-da-caixinha-das-eleicoes\/#primaryimage"},"thumbnailUrl":"https:\/\/www.notibras.com\/site\/wp-content\/uploads\/2014\/03\/corrupc3a7c3a3o11.jpg","datePublished":"2014-03-22T14:03:44+00:00","dateModified":"2014-03-22T14:48:27+00:00","breadcrumb":{"@id":"https:\/\/www.notibras.com\/site\/povo-promete-tomar-camara-contra-ppcub-chave-da-caixinha-das-eleicoes\/#breadcrumb"},"inLanguage":"pt-BR","potentialAction":[{"@type":"ReadAction","target":["https:\/\/www.notibras.com\/site\/povo-promete-tomar-camara-contra-ppcub-chave-da-caixinha-das-eleicoes\/"]}]},{"@type":"ImageObject","inLanguage":"pt-BR","@id":"https:\/\/www.notibras.com\/site\/povo-promete-tomar-camara-contra-ppcub-chave-da-caixinha-das-eleicoes\/#primaryimage","url":"https:\/\/www.notibras.com\/site\/wp-content\/uploads\/2014\/03\/corrupc3a7c3a3o11.jpg","contentUrl":"https:\/\/www.notibras.com\/site\/wp-content\/uploads\/2014\/03\/corrupc3a7c3a3o11.jpg","width":700,"height":448},{"@type":"BreadcrumbList","@id":"https:\/\/www.notibras.com\/site\/povo-promete-tomar-camara-contra-ppcub-chave-da-caixinha-das-eleicoes\/#breadcrumb","itemListElement":[{"@type":"ListItem","position":1,"name":"In\u00edcio","item":"https:\/\/www.notibras.com\/site\/"},{"@type":"ListItem","position":2,"name":"Povo promete tomar C\u00e2mara contra PPCUB, &#8216;caixinha das elei\u00e7\u00f5es&#8217;"}]},{"@type":"WebSite","@id":"https:\/\/www.notibras.com\/site\/#website","url":"https:\/\/www.notibras.com\/site\/","name":"Notibras","description":"Not\u00edcias de Bras\u00edlia, do Brasil e do Mundo","publisher":{"@id":"https:\/\/www.notibras.com\/site\/#organization"},"potentialAction":[{"@type":"SearchAction","target":{"@type":"EntryPoint","urlTemplate":"https:\/\/www.notibras.com\/site\/?s={search_term_string}"},"query-input":{"@type":"PropertyValueSpecification","valueRequired":true,"valueName":"search_term_string"}}],"inLanguage":"pt-BR"},{"@type":"Organization","@id":"https:\/\/www.notibras.com\/site\/#organization","name":"Grupo Notibras de Comunica\u00e7\u00e3o","url":"https:\/\/www.notibras.com\/site\/","logo":{"@type":"ImageObject","inLanguage":"pt-BR","@id":"https:\/\/www.notibras.com\/site\/#\/schema\/logo\/image\/","url":"https:\/\/www.notibras.com\/site\/wp-content\/uploads\/2023\/01\/notibras23.png","contentUrl":"https:\/\/www.notibras.com\/site\/wp-content\/uploads\/2023\/01\/notibras23.png","width":350,"height":87,"caption":"Grupo Notibras de Comunica\u00e7\u00e3o"},"image":{"@id":"https:\/\/www.notibras.com\/site\/#\/schema\/logo\/image\/"},"sameAs":["https:\/\/www.facebook.com\/notibras\/","https:\/\/x.com\/Notibras","https:\/\/www.instagram.com\/notibras\/"]},{"@type":"Person","@id":"https:\/\/www.notibras.com\/site\/#\/schema\/person\/36ab0979449956132d3e5b517ea76ac8","name":"Reda\u00e7\u00e3o","image":{"@type":"ImageObject","inLanguage":"pt-BR","@id":"https:\/\/secure.gravatar.com\/avatar\/e0a867bdedb85fd243eadf09663511f96fc81e0720a4a42581f334ad4303aa6b?s=96&d=mm&r=g","url":"https:\/\/secure.gravatar.com\/avatar\/e0a867bdedb85fd243eadf09663511f96fc81e0720a4a42581f334ad4303aa6b?s=96&d=mm&r=g","contentUrl":"https:\/\/secure.gravatar.com\/avatar\/e0a867bdedb85fd243eadf09663511f96fc81e0720a4a42581f334ad4303aa6b?s=96&d=mm&r=g","caption":"Reda\u00e7\u00e3o"}}]}},"amp_enabled":true,"_links":{"self":[{"href":"https:\/\/www.notibras.com\/site\/wp-json\/wp\/v2\/posts\/4953","targetHints":{"allow":["GET"]}}],"collection":[{"href":"https:\/\/www.notibras.com\/site\/wp-json\/wp\/v2\/posts"}],"about":[{"href":"https:\/\/www.notibras.com\/site\/wp-json\/wp\/v2\/types\/post"}],"author":[{"embeddable":true,"href":"https:\/\/www.notibras.com\/site\/wp-json\/wp\/v2\/users\/2"}],"replies":[{"embeddable":true,"href":"https:\/\/www.notibras.com\/site\/wp-json\/wp\/v2\/comments?post=4953"}],"version-history":[{"count":0,"href":"https:\/\/www.notibras.com\/site\/wp-json\/wp\/v2\/posts\/4953\/revisions"}],"wp:featuredmedia":[{"embeddable":true,"href":"https:\/\/www.notibras.com\/site\/wp-json\/wp\/v2\/media\/4954"}],"wp:attachment":[{"href":"https:\/\/www.notibras.com\/site\/wp-json\/wp\/v2\/media?parent=4953"}],"wp:term":[{"taxonomy":"category","embeddable":true,"href":"https:\/\/www.notibras.com\/site\/wp-json\/wp\/v2\/categories?post=4953"},{"taxonomy":"post_tag","embeddable":true,"href":"https:\/\/www.notibras.com\/site\/wp-json\/wp\/v2\/tags?post=4953"}],"curies":[{"name":"wp","href":"https:\/\/api.w.org\/{rel}","templated":true}]}}