{"id":49540,"date":"2015-05-20T06:24:18","date_gmt":"2015-05-20T09:24:18","guid":{"rendered":"http:\/\/www.notibras.com\/site\/?p=49540"},"modified":"2015-05-20T06:24:18","modified_gmt":"2015-05-20T09:24:18","slug":"brasil-e-isso-joaquim-vai-para-casa-e-mensaleiros-deixam-a-cadeia","status":"publish","type":"post","link":"https:\/\/www.notibras.com\/site\/brasil-e-isso-joaquim-vai-para-casa-e-mensaleiros-deixam-a-cadeia\/","title":{"rendered":"Brasil \u00e9 isso. Joaquim vai para casa e mensaleiros deixam a cadeia"},"content":{"rendered":"<p style=\"text-align: left;\" align=\"center\">Em momento in\u00e9dito fez-se justi\u00e7a no pa\u00eds da impunidade e membros importantes da c\u00fapula do poderoso partido governante foi parar na cadeia. O feito se deveu \u00e0 tenacidade, \u00e0 compet\u00eancia, \u00e0 coragem de um cidad\u00e3o de origem humilde, negro que n\u00e3o precisou de cotas para chegar a presidente do Supremo<strong>\u00a0<\/strong>Tribunal Federal, o ex-ministro Joaquim Barbosa que j\u00e1 entrou para a hist\u00f3ria com honra e gl\u00f3ria.<\/p>\n<p>Entretanto, com a sa\u00edda de Joaquim Barbosa do STF voltou-se atr\u00e1s e Jos\u00e9 Dirceu que j\u00e1 foi chamado de chefe da quadrilha, Del\u00fabio Soares, Jos\u00e9 Genoino e Jo\u00e3o Paulo Cunha, eminentes petistas, j\u00e1 se encontram em pris\u00e3o domiciliar, longe dos desconfortos da Papuda.<\/p>\n<p>Como raridade e atributos equivalentes aos de Joaquim Barbosa surgiu o juiz Sergio Moro e poderosos foram enfrentados e postos na cadeia. Novamente, por\u00e9m, o STF autorizou que cumprissem pris\u00e3o domiciliar. Acrescente-se que o Procurador-Geral, Rodrigo Janot, praticamente interceptou o excelente trabalho que a Pol\u00edcia Federal vinha fazendo ao impor que esse \u00f3rg\u00e3o lhe prestasse contas. Realmente, somos o pa\u00eds do retrocesso.<\/p>\n<p>Para piorar n\u00e3o temos partidos na acep\u00e7\u00e3o cl\u00e1ssica de \u201cuma reuni\u00e3o de homens que professam a mesma doutrina\u201d. Nossos partidos s\u00e3o clubes de interesses, n\u00e3o possuem consist\u00eancia ideol\u00f3gica apesar da maioria se ufanar de ser de esquerda, comportam-se ao sabor das ambi\u00e7\u00f5es pessoais, das vantagens eleitoreiras, buscam o poder pelo poder e seus objetivos est\u00e3o bem longe do bem-comum, fim \u00faltimo da politica como disse Arist\u00f3teles.<\/p>\n<blockquote><p>O PT compartilha esses aspectos com os demais partidos, mas ao chegar ao poder e nele permanecer at\u00e9 agora come\u00e7ou a demonstrar caracter\u00edsticas que extrapolam a organiza\u00e7\u00e3o partid\u00e1ria e que aparecem nitidamente em senten\u00e7as do mensal\u00e3o tais como: extors\u00e3o, crime organizado, forma\u00e7\u00e3o de quadrilha, lavagem de dinheiro. Note-se ainda, que os petistas seguem a lei do sil\u00eancio. Nenhum deles quando preso abriu a boca para denunciar o chef\u00e3o ou chef\u00f5es. Del\u00fabio Soares, ex-tesoureiro do PT, inclusive assumiu todas as culpas e \u00e9 de se duvidar que Vaccari, outro ex-tesoureiro do partido envolva algum companheiro ou pe\u00e7a para fazer dele\u00e7\u00e3o premiada. At\u00e9 agora o ex-deputado, Andr\u00e9 Vargas, \u00fanico expulso do PT nada mencionou, apesar de ter feito insinua\u00e7\u00f5es anteriores \u00e0 pris\u00e3o contra correligion\u00e1rios.<\/p><\/blockquote>\n<p>Diferente do PT que sempre fez uma oposi\u00e7\u00e3o violenta, radical, intransigente, implac\u00e1vel, sendo chamado com raz\u00e3o de destruidor de reputa\u00e7\u00f5es, o PSDB, que disputou v\u00e1rias elei\u00e7\u00f5es com o PT \u00e9 um partido de punhos de renda em contraposi\u00e7\u00e3o ao tacape petista. E, curiosamente, ningu\u00e9m ajudou mais Lula da Silva do que Fernando Henrique Cardoso, apesar de que durante seus oito anos de governo conviveu com gritos furiosos de Fora FHC, berrados por militantes petistas em transe de \u00f3dio. Naquele tempo pedir impeachment n\u00e3o desestabilizava as institui\u00e7\u00f5es nem era golpe, como n\u00e3o foi tido como golpe o impeachment do ex-presidente Collor de Mello.<\/p>\n<p>\u00c9 evidente tamb\u00e9m o verdadeiro fasc\u00ednio dos tucanos com rela\u00e7\u00e3o ao PT. Exemplo mais recente \u00e9 o apoio do Senador \u00c1lvaro Dia e de seu partido, o PSDB, incluindo o governador Beto Richa a Luiz Edson Fachin, indicado por Rousseff para ocupar a vaga de Joaquim Barbosa no STF. Paradoxalmente, segundo a revista Veja de 22 de abril de 2015, \u201ca imponente fachada acad\u00eamica de Fachin esconde uma milit\u00e2ncia t\u00e3o abertamente esquerdista que assustou at\u00e9 o ex-presidente Lula, quando ele se recusou a indicar o jurista para o Supremo\u201d. Portanto, o PSDB quer ser mais PT do que o PT, o que desanima e decepciona os que votaram nos tucanos supondo que eles eram oposi\u00e7\u00e3o.<\/p>\n<p>Quanto ao governador Beto Richa, reeleito com impressionante vota\u00e7\u00e3o, logo no in\u00edcio do segundo mandato deu um tapa na cara dos seus eleitores ao baixar um pacot\u00e3o \u00e0 l\u00e1 Rousseff, tirando direitos adquiridos de professores e funcion\u00e1rios. O resultado dessa atitude, como n\u00e3o poderia deixar de ser, foi capitalizado pelo PT e pela CUT, sendo que a mais recente manifesta\u00e7\u00e3o de professores contra mudan\u00e7as na Paran\u00e1 Previd\u00eancia se deu em frente \u00e0 Assembleia Legislativa. Houve tumulto, rea\u00e7\u00e3o da Policia e, em decorr\u00eancia do fato, j\u00e1 ca\u00edram dois secret\u00e1rios e o comandante-geral da PM, uma maneira n\u00e3o convincente de Beto Richa, o verdadeiro respons\u00e1vel pela rea\u00e7\u00e3o de professores e policiais, se eximir de culpa. S\u00f3 falta o governador paranaense demitir e processar o pitbull que mordeu um jornalista durante a manifesta\u00e7\u00e3o. De todo modo, Beto Richa entregou em uma bandeja de ouro seu capital politico ao PT e escancarou a esse partido a possibilidade de uma volta por cima no Paran\u00e1. O PT penhorado agradece mais esse apoio do PSDB. Os paranaenses certamente, n\u00e3o.<\/p>\n<p><strong>Maria Lucia Victor Barbosa<\/strong><\/p>\n","protected":false},"excerpt":{"rendered":"<p>Em momento in\u00e9dito fez-se justi\u00e7a no pa\u00eds da impunidade e membros importantes da c\u00fapula do poderoso partido governante foi parar na cadeia. O feito se deveu \u00e0 tenacidade, \u00e0 compet\u00eancia, \u00e0 coragem de um cidad\u00e3o de origem humilde, negro que n\u00e3o precisou de cotas para chegar a presidente do Supremo\u00a0Tribunal Federal, o ex-ministro Joaquim Barbosa [&hellip;]<\/p>\n","protected":false},"author":2,"featured_media":49541,"comment_status":"open","ping_status":"closed","sticky":false,"template":"","format":"standard","meta":{"_acf_changed":false,"footnotes":""},"categories":[25],"tags":[],"class_list":["post-49540","post","type-post","status-publish","format-standard","has-post-thumbnail","hentry","category-opina-ai"],"acf":[],"yoast_head":"<!-- This site is optimized with the Yoast SEO plugin v27.2 - https:\/\/yoast.com\/product\/yoast-seo-wordpress\/ -->\n<title>Brasil \u00e9 isso. Joaquim vai para casa e mensaleiros deixam a cadeia - Notibras<\/title>\n<meta name=\"robots\" content=\"index, follow, max-snippet:-1, max-image-preview:large, max-video-preview:-1\" \/>\n<link rel=\"canonical\" href=\"https:\/\/www.notibras.com\/site\/brasil-e-isso-joaquim-vai-para-casa-e-mensaleiros-deixam-a-cadeia\/\" \/>\n<meta property=\"og:locale\" content=\"pt_BR\" \/>\n<meta property=\"og:type\" content=\"article\" \/>\n<meta property=\"og:title\" content=\"Brasil \u00e9 isso. Joaquim vai para casa e mensaleiros deixam a cadeia - Notibras\" \/>\n<meta property=\"og:description\" content=\"Em momento in\u00e9dito fez-se justi\u00e7a no pa\u00eds da impunidade e membros importantes da c\u00fapula do poderoso partido governante foi parar na cadeia. O feito se deveu \u00e0 tenacidade, \u00e0 compet\u00eancia, \u00e0 coragem de um cidad\u00e3o de origem humilde, negro que n\u00e3o precisou de cotas para chegar a presidente do Supremo\u00a0Tribunal Federal, o ex-ministro Joaquim Barbosa [&hellip;]\" \/>\n<meta property=\"og:url\" content=\"https:\/\/www.notibras.com\/site\/brasil-e-isso-joaquim-vai-para-casa-e-mensaleiros-deixam-a-cadeia\/\" \/>\n<meta property=\"og:site_name\" content=\"Notibras\" \/>\n<meta property=\"article:publisher\" content=\"https:\/\/www.facebook.com\/notibras\/\" \/>\n<meta property=\"article:published_time\" content=\"2015-05-20T09:24:18+00:00\" \/>\n<meta property=\"og:image\" content=\"https:\/\/www.notibras.com\/site\/wp-content\/uploads\/2015\/05\/jb20.jpg\" \/>\n\t<meta property=\"og:image:width\" content=\"651\" \/>\n\t<meta property=\"og:image:height\" content=\"431\" \/>\n\t<meta property=\"og:image:type\" content=\"image\/jpeg\" \/>\n<meta name=\"author\" content=\"Reda\u00e7\u00e3o\" \/>\n<meta name=\"twitter:card\" content=\"summary_large_image\" \/>\n<meta name=\"twitter:creator\" content=\"@Notibras\" \/>\n<meta name=\"twitter:site\" content=\"@Notibras\" \/>\n<meta name=\"twitter:label1\" content=\"Escrito por\" \/>\n\t<meta name=\"twitter:data1\" content=\"Reda\u00e7\u00e3o\" \/>\n\t<meta name=\"twitter:label2\" content=\"Est. tempo de leitura\" \/>\n\t<meta name=\"twitter:data2\" content=\"4 minutos\" \/>\n<script type=\"application\/ld+json\" class=\"yoast-schema-graph\">{\"@context\":\"https:\/\/schema.org\",\"@graph\":[{\"@type\":\"Article\",\"@id\":\"https:\/\/www.notibras.com\/site\/brasil-e-isso-joaquim-vai-para-casa-e-mensaleiros-deixam-a-cadeia\/#article\",\"isPartOf\":{\"@id\":\"https:\/\/www.notibras.com\/site\/brasil-e-isso-joaquim-vai-para-casa-e-mensaleiros-deixam-a-cadeia\/\"},\"author\":{\"name\":\"Reda\u00e7\u00e3o\",\"@id\":\"https:\/\/www.notibras.com\/site\/#\/schema\/person\/36ab0979449956132d3e5b517ea76ac8\"},\"headline\":\"Brasil \u00e9 isso. Joaquim vai para casa e mensaleiros deixam a cadeia\",\"datePublished\":\"2015-05-20T09:24:18+00:00\",\"mainEntityOfPage\":{\"@id\":\"https:\/\/www.notibras.com\/site\/brasil-e-isso-joaquim-vai-para-casa-e-mensaleiros-deixam-a-cadeia\/\"},\"wordCount\":834,\"commentCount\":0,\"publisher\":{\"@id\":\"https:\/\/www.notibras.com\/site\/#organization\"},\"image\":{\"@id\":\"https:\/\/www.notibras.com\/site\/brasil-e-isso-joaquim-vai-para-casa-e-mensaleiros-deixam-a-cadeia\/#primaryimage\"},\"thumbnailUrl\":\"https:\/\/www.notibras.com\/site\/wp-content\/uploads\/2015\/05\/jb20.jpg\",\"articleSection\":[\"Opina a\u00ed\"],\"inLanguage\":\"pt-BR\",\"potentialAction\":[{\"@type\":\"CommentAction\",\"name\":\"Comment\",\"target\":[\"https:\/\/www.notibras.com\/site\/brasil-e-isso-joaquim-vai-para-casa-e-mensaleiros-deixam-a-cadeia\/#respond\"]}]},{\"@type\":\"WebPage\",\"@id\":\"https:\/\/www.notibras.com\/site\/brasil-e-isso-joaquim-vai-para-casa-e-mensaleiros-deixam-a-cadeia\/\",\"url\":\"https:\/\/www.notibras.com\/site\/brasil-e-isso-joaquim-vai-para-casa-e-mensaleiros-deixam-a-cadeia\/\",\"name\":\"Brasil \u00e9 isso. Joaquim vai para casa e mensaleiros deixam a cadeia - Notibras\",\"isPartOf\":{\"@id\":\"https:\/\/www.notibras.com\/site\/#website\"},\"primaryImageOfPage\":{\"@id\":\"https:\/\/www.notibras.com\/site\/brasil-e-isso-joaquim-vai-para-casa-e-mensaleiros-deixam-a-cadeia\/#primaryimage\"},\"image\":{\"@id\":\"https:\/\/www.notibras.com\/site\/brasil-e-isso-joaquim-vai-para-casa-e-mensaleiros-deixam-a-cadeia\/#primaryimage\"},\"thumbnailUrl\":\"https:\/\/www.notibras.com\/site\/wp-content\/uploads\/2015\/05\/jb20.jpg\",\"datePublished\":\"2015-05-20T09:24:18+00:00\",\"breadcrumb\":{\"@id\":\"https:\/\/www.notibras.com\/site\/brasil-e-isso-joaquim-vai-para-casa-e-mensaleiros-deixam-a-cadeia\/#breadcrumb\"},\"inLanguage\":\"pt-BR\",\"potentialAction\":[{\"@type\":\"ReadAction\",\"target\":[\"https:\/\/www.notibras.com\/site\/brasil-e-isso-joaquim-vai-para-casa-e-mensaleiros-deixam-a-cadeia\/\"]}]},{\"@type\":\"ImageObject\",\"inLanguage\":\"pt-BR\",\"@id\":\"https:\/\/www.notibras.com\/site\/brasil-e-isso-joaquim-vai-para-casa-e-mensaleiros-deixam-a-cadeia\/#primaryimage\",\"url\":\"https:\/\/www.notibras.com\/site\/wp-content\/uploads\/2015\/05\/jb20.jpg\",\"contentUrl\":\"https:\/\/www.notibras.com\/site\/wp-content\/uploads\/2015\/05\/jb20.jpg\",\"width\":651,\"height\":431},{\"@type\":\"BreadcrumbList\",\"@id\":\"https:\/\/www.notibras.com\/site\/brasil-e-isso-joaquim-vai-para-casa-e-mensaleiros-deixam-a-cadeia\/#breadcrumb\",\"itemListElement\":[{\"@type\":\"ListItem\",\"position\":1,\"name\":\"In\u00edcio\",\"item\":\"https:\/\/www.notibras.com\/site\/\"},{\"@type\":\"ListItem\",\"position\":2,\"name\":\"Brasil \u00e9 isso. Joaquim vai para casa e mensaleiros deixam a cadeia\"}]},{\"@type\":\"WebSite\",\"@id\":\"https:\/\/www.notibras.com\/site\/#website\",\"url\":\"https:\/\/www.notibras.com\/site\/\",\"name\":\"Notibras\",\"description\":\"Not\u00edcias de Bras\u00edlia, do Brasil e do Mundo\",\"publisher\":{\"@id\":\"https:\/\/www.notibras.com\/site\/#organization\"},\"potentialAction\":[{\"@type\":\"SearchAction\",\"target\":{\"@type\":\"EntryPoint\",\"urlTemplate\":\"https:\/\/www.notibras.com\/site\/?s={search_term_string}\"},\"query-input\":{\"@type\":\"PropertyValueSpecification\",\"valueRequired\":true,\"valueName\":\"search_term_string\"}}],\"inLanguage\":\"pt-BR\"},{\"@type\":\"Organization\",\"@id\":\"https:\/\/www.notibras.com\/site\/#organization\",\"name\":\"Grupo Notibras de Comunica\u00e7\u00e3o\",\"url\":\"https:\/\/www.notibras.com\/site\/\",\"logo\":{\"@type\":\"ImageObject\",\"inLanguage\":\"pt-BR\",\"@id\":\"https:\/\/www.notibras.com\/site\/#\/schema\/logo\/image\/\",\"url\":\"https:\/\/www.notibras.com\/site\/wp-content\/uploads\/2023\/01\/notibras23.png\",\"contentUrl\":\"https:\/\/www.notibras.com\/site\/wp-content\/uploads\/2023\/01\/notibras23.png\",\"width\":350,\"height\":87,\"caption\":\"Grupo Notibras de Comunica\u00e7\u00e3o\"},\"image\":{\"@id\":\"https:\/\/www.notibras.com\/site\/#\/schema\/logo\/image\/\"},\"sameAs\":[\"https:\/\/www.facebook.com\/notibras\/\",\"https:\/\/x.com\/Notibras\",\"https:\/\/www.instagram.com\/notibras\/\"]},{\"@type\":\"Person\",\"@id\":\"https:\/\/www.notibras.com\/site\/#\/schema\/person\/36ab0979449956132d3e5b517ea76ac8\",\"name\":\"Reda\u00e7\u00e3o\",\"image\":{\"@type\":\"ImageObject\",\"inLanguage\":\"pt-BR\",\"@id\":\"https:\/\/secure.gravatar.com\/avatar\/e0a867bdedb85fd243eadf09663511f96fc81e0720a4a42581f334ad4303aa6b?s=96&d=mm&r=g\",\"url\":\"https:\/\/secure.gravatar.com\/avatar\/e0a867bdedb85fd243eadf09663511f96fc81e0720a4a42581f334ad4303aa6b?s=96&d=mm&r=g\",\"contentUrl\":\"https:\/\/secure.gravatar.com\/avatar\/e0a867bdedb85fd243eadf09663511f96fc81e0720a4a42581f334ad4303aa6b?s=96&d=mm&r=g\",\"caption\":\"Reda\u00e7\u00e3o\"}}]}<\/script>\n<!-- \/ Yoast SEO plugin. -->","yoast_head_json":{"title":"Brasil \u00e9 isso. Joaquim vai para casa e mensaleiros deixam a cadeia - Notibras","robots":{"index":"index","follow":"follow","max-snippet":"max-snippet:-1","max-image-preview":"max-image-preview:large","max-video-preview":"max-video-preview:-1"},"canonical":"https:\/\/www.notibras.com\/site\/brasil-e-isso-joaquim-vai-para-casa-e-mensaleiros-deixam-a-cadeia\/","og_locale":"pt_BR","og_type":"article","og_title":"Brasil \u00e9 isso. Joaquim vai para casa e mensaleiros deixam a cadeia - Notibras","og_description":"Em momento in\u00e9dito fez-se justi\u00e7a no pa\u00eds da impunidade e membros importantes da c\u00fapula do poderoso partido governante foi parar na cadeia. O feito se deveu \u00e0 tenacidade, \u00e0 compet\u00eancia, \u00e0 coragem de um cidad\u00e3o de origem humilde, negro que n\u00e3o precisou de cotas para chegar a presidente do Supremo\u00a0Tribunal Federal, o ex-ministro Joaquim Barbosa [&hellip;]","og_url":"https:\/\/www.notibras.com\/site\/brasil-e-isso-joaquim-vai-para-casa-e-mensaleiros-deixam-a-cadeia\/","og_site_name":"Notibras","article_publisher":"https:\/\/www.facebook.com\/notibras\/","article_published_time":"2015-05-20T09:24:18+00:00","og_image":[{"width":651,"height":431,"url":"https:\/\/www.notibras.com\/site\/wp-content\/uploads\/2015\/05\/jb20.jpg","type":"image\/jpeg"}],"author":"Reda\u00e7\u00e3o","twitter_card":"summary_large_image","twitter_creator":"@Notibras","twitter_site":"@Notibras","twitter_misc":{"Escrito por":"Reda\u00e7\u00e3o","Est. tempo de leitura":"4 minutos"},"schema":{"@context":"https:\/\/schema.org","@graph":[{"@type":"Article","@id":"https:\/\/www.notibras.com\/site\/brasil-e-isso-joaquim-vai-para-casa-e-mensaleiros-deixam-a-cadeia\/#article","isPartOf":{"@id":"https:\/\/www.notibras.com\/site\/brasil-e-isso-joaquim-vai-para-casa-e-mensaleiros-deixam-a-cadeia\/"},"author":{"name":"Reda\u00e7\u00e3o","@id":"https:\/\/www.notibras.com\/site\/#\/schema\/person\/36ab0979449956132d3e5b517ea76ac8"},"headline":"Brasil \u00e9 isso. Joaquim vai para casa e mensaleiros deixam a cadeia","datePublished":"2015-05-20T09:24:18+00:00","mainEntityOfPage":{"@id":"https:\/\/www.notibras.com\/site\/brasil-e-isso-joaquim-vai-para-casa-e-mensaleiros-deixam-a-cadeia\/"},"wordCount":834,"commentCount":0,"publisher":{"@id":"https:\/\/www.notibras.com\/site\/#organization"},"image":{"@id":"https:\/\/www.notibras.com\/site\/brasil-e-isso-joaquim-vai-para-casa-e-mensaleiros-deixam-a-cadeia\/#primaryimage"},"thumbnailUrl":"https:\/\/www.notibras.com\/site\/wp-content\/uploads\/2015\/05\/jb20.jpg","articleSection":["Opina a\u00ed"],"inLanguage":"pt-BR","potentialAction":[{"@type":"CommentAction","name":"Comment","target":["https:\/\/www.notibras.com\/site\/brasil-e-isso-joaquim-vai-para-casa-e-mensaleiros-deixam-a-cadeia\/#respond"]}]},{"@type":"WebPage","@id":"https:\/\/www.notibras.com\/site\/brasil-e-isso-joaquim-vai-para-casa-e-mensaleiros-deixam-a-cadeia\/","url":"https:\/\/www.notibras.com\/site\/brasil-e-isso-joaquim-vai-para-casa-e-mensaleiros-deixam-a-cadeia\/","name":"Brasil \u00e9 isso. Joaquim vai para casa e mensaleiros deixam a cadeia - Notibras","isPartOf":{"@id":"https:\/\/www.notibras.com\/site\/#website"},"primaryImageOfPage":{"@id":"https:\/\/www.notibras.com\/site\/brasil-e-isso-joaquim-vai-para-casa-e-mensaleiros-deixam-a-cadeia\/#primaryimage"},"image":{"@id":"https:\/\/www.notibras.com\/site\/brasil-e-isso-joaquim-vai-para-casa-e-mensaleiros-deixam-a-cadeia\/#primaryimage"},"thumbnailUrl":"https:\/\/www.notibras.com\/site\/wp-content\/uploads\/2015\/05\/jb20.jpg","datePublished":"2015-05-20T09:24:18+00:00","breadcrumb":{"@id":"https:\/\/www.notibras.com\/site\/brasil-e-isso-joaquim-vai-para-casa-e-mensaleiros-deixam-a-cadeia\/#breadcrumb"},"inLanguage":"pt-BR","potentialAction":[{"@type":"ReadAction","target":["https:\/\/www.notibras.com\/site\/brasil-e-isso-joaquim-vai-para-casa-e-mensaleiros-deixam-a-cadeia\/"]}]},{"@type":"ImageObject","inLanguage":"pt-BR","@id":"https:\/\/www.notibras.com\/site\/brasil-e-isso-joaquim-vai-para-casa-e-mensaleiros-deixam-a-cadeia\/#primaryimage","url":"https:\/\/www.notibras.com\/site\/wp-content\/uploads\/2015\/05\/jb20.jpg","contentUrl":"https:\/\/www.notibras.com\/site\/wp-content\/uploads\/2015\/05\/jb20.jpg","width":651,"height":431},{"@type":"BreadcrumbList","@id":"https:\/\/www.notibras.com\/site\/brasil-e-isso-joaquim-vai-para-casa-e-mensaleiros-deixam-a-cadeia\/#breadcrumb","itemListElement":[{"@type":"ListItem","position":1,"name":"In\u00edcio","item":"https:\/\/www.notibras.com\/site\/"},{"@type":"ListItem","position":2,"name":"Brasil \u00e9 isso. Joaquim vai para casa e mensaleiros deixam a cadeia"}]},{"@type":"WebSite","@id":"https:\/\/www.notibras.com\/site\/#website","url":"https:\/\/www.notibras.com\/site\/","name":"Notibras","description":"Not\u00edcias de Bras\u00edlia, do Brasil e do Mundo","publisher":{"@id":"https:\/\/www.notibras.com\/site\/#organization"},"potentialAction":[{"@type":"SearchAction","target":{"@type":"EntryPoint","urlTemplate":"https:\/\/www.notibras.com\/site\/?s={search_term_string}"},"query-input":{"@type":"PropertyValueSpecification","valueRequired":true,"valueName":"search_term_string"}}],"inLanguage":"pt-BR"},{"@type":"Organization","@id":"https:\/\/www.notibras.com\/site\/#organization","name":"Grupo Notibras de Comunica\u00e7\u00e3o","url":"https:\/\/www.notibras.com\/site\/","logo":{"@type":"ImageObject","inLanguage":"pt-BR","@id":"https:\/\/www.notibras.com\/site\/#\/schema\/logo\/image\/","url":"https:\/\/www.notibras.com\/site\/wp-content\/uploads\/2023\/01\/notibras23.png","contentUrl":"https:\/\/www.notibras.com\/site\/wp-content\/uploads\/2023\/01\/notibras23.png","width":350,"height":87,"caption":"Grupo Notibras de Comunica\u00e7\u00e3o"},"image":{"@id":"https:\/\/www.notibras.com\/site\/#\/schema\/logo\/image\/"},"sameAs":["https:\/\/www.facebook.com\/notibras\/","https:\/\/x.com\/Notibras","https:\/\/www.instagram.com\/notibras\/"]},{"@type":"Person","@id":"https:\/\/www.notibras.com\/site\/#\/schema\/person\/36ab0979449956132d3e5b517ea76ac8","name":"Reda\u00e7\u00e3o","image":{"@type":"ImageObject","inLanguage":"pt-BR","@id":"https:\/\/secure.gravatar.com\/avatar\/e0a867bdedb85fd243eadf09663511f96fc81e0720a4a42581f334ad4303aa6b?s=96&d=mm&r=g","url":"https:\/\/secure.gravatar.com\/avatar\/e0a867bdedb85fd243eadf09663511f96fc81e0720a4a42581f334ad4303aa6b?s=96&d=mm&r=g","contentUrl":"https:\/\/secure.gravatar.com\/avatar\/e0a867bdedb85fd243eadf09663511f96fc81e0720a4a42581f334ad4303aa6b?s=96&d=mm&r=g","caption":"Reda\u00e7\u00e3o"}}]}},"amp_enabled":true,"_links":{"self":[{"href":"https:\/\/www.notibras.com\/site\/wp-json\/wp\/v2\/posts\/49540","targetHints":{"allow":["GET"]}}],"collection":[{"href":"https:\/\/www.notibras.com\/site\/wp-json\/wp\/v2\/posts"}],"about":[{"href":"https:\/\/www.notibras.com\/site\/wp-json\/wp\/v2\/types\/post"}],"author":[{"embeddable":true,"href":"https:\/\/www.notibras.com\/site\/wp-json\/wp\/v2\/users\/2"}],"replies":[{"embeddable":true,"href":"https:\/\/www.notibras.com\/site\/wp-json\/wp\/v2\/comments?post=49540"}],"version-history":[{"count":0,"href":"https:\/\/www.notibras.com\/site\/wp-json\/wp\/v2\/posts\/49540\/revisions"}],"wp:featuredmedia":[{"embeddable":true,"href":"https:\/\/www.notibras.com\/site\/wp-json\/wp\/v2\/media\/49541"}],"wp:attachment":[{"href":"https:\/\/www.notibras.com\/site\/wp-json\/wp\/v2\/media?parent=49540"}],"wp:term":[{"taxonomy":"category","embeddable":true,"href":"https:\/\/www.notibras.com\/site\/wp-json\/wp\/v2\/categories?post=49540"},{"taxonomy":"post_tag","embeddable":true,"href":"https:\/\/www.notibras.com\/site\/wp-json\/wp\/v2\/tags?post=49540"}],"curies":[{"name":"wp","href":"https:\/\/api.w.org\/{rel}","templated":true}]}}