{"id":49657,"date":"2015-05-21T07:56:49","date_gmt":"2015-05-21T10:56:49","guid":{"rendered":"http:\/\/www.notibras.com\/site\/?p=49657"},"modified":"2015-05-21T07:57:46","modified_gmt":"2015-05-21T10:57:46","slug":"gol-no-fim-complica-internacional-na-libertadores","status":"publish","type":"post","link":"https:\/\/www.notibras.com\/site\/gol-no-fim-complica-internacional-na-libertadores\/","title":{"rendered":"Gol no fim do jogo complica Internacional na Libertadores"},"content":{"rendered":"<div id=\"texto\">\n<p>Ap\u00f3s tantas virtudes nas \u00faltimas semanas, reflexo da transforma\u00e7\u00e3o que completou um m\u00eas, o Internacional mostrou uma fraqueza. A derrota para o Independiente Santa Fe, em Bogot\u00e1, repetiu o filme visto contra o Atl\u00e9tico-MG: gol sofrido pouco antes do apito final.<\/p>\n<p>A esp\u00e9cie de &#8216;calcanhar de Aquiles&#8217; da equipe dirigida por Diego Aguirre p\u00f5e o Colorado em situa\u00e7\u00e3o in\u00e9dita para o jogo da volta das quartas de final. Se ao mesmo tempo vive fase incr\u00edvel no Beira-Rio, nunca atuou em casa com uma press\u00e3o assim.<\/p>\n<blockquote><p>Invicto no seu est\u00e1dio h\u00e1 sete meses, o Inter de 2015 jamais pisou no gramado do Beira-Rio obrigado a ganhar e com saldo. Dos quatro jogos realizados em Porto Alegre at\u00e9 agora pela Libertadores, em apenas dois os resultados foram nos moldes daquele que precisa ocorrer contra os colombianos. Diante de Universidad de Chile e Atl\u00e9tico-MG o escore foi 3 a 1. Contra Emelec e The Strongest o placar foi 3 a 2 e 1 a 0 \u2013 este leva a disputa para os p\u00eanaltis.<\/p><\/blockquote>\n<p>Ao mesmo tempo que luta para n\u00e3o oficializar o trauma dos gols sofridos perto do apito final, o Internacional injeta confian\u00e7a de que mesmo em um jogo at\u00edpico poder\u00e1 avan\u00e7ar at\u00e9 a semifinal.<\/p>\n<p>&#8220;Levamos gol no finalzinho, na press\u00e3o. Levamos nos descontos, como foi contra o Atl\u00e9tico-MG, mas n\u00e3o \u00e9 um defeito do Inter. Acontece&#8221;, disse Vitorio Piffero, presidente do Inter. &#8220;Esse gol mancha a nossa atua\u00e7\u00e3o, fizemos uma boa partida. De qualquer jeito a gente ia ter que fazer um gol em casa, agora precisamos de dois&#8221;, afirmou o volante Rodrigo Dourado.<\/p>\n<p>A \u00faltima derrota do Colorado em sua casa foi em 19 de outubro de 2014, quando o Corinthians fez 2 a 1 no ent\u00e3o time dirigido por Abel Braga. Desde ent\u00e3o, o Inter somou 16 vit\u00f3rias e tr\u00eas empates no Beira-Rio. Contra o Santa Fe, na quarta-feira que vem, vencer s\u00f3 n\u00e3o vai bastar.<\/p>\n<\/div>\n<div id=\"outbrain_widget_0\" class=\"OUTBRAIN\" data-src=\"http:\/\/esporte.uol.com.br\/futebol\/campeonatos\/libertadores\/ultimas-noticias\/2015\/05\/21\/gol-no-final-vira-trauma-e-forca-inter-a-encarar-jogo-diferente-em-casa.htm\" data-widget-id=\"AR_1\" data-ob-template=\"UOL\" data-ob-mark=\"true\" data-browser=\"chrome\" data-os=\"win32\" data-dynload=\"\"><\/div>\n","protected":false},"excerpt":{"rendered":"<p>Ap\u00f3s tantas virtudes nas \u00faltimas semanas, reflexo da transforma\u00e7\u00e3o que completou um m\u00eas, o Internacional mostrou uma fraqueza. A derrota para o Independiente Santa Fe, em Bogot\u00e1, repetiu o filme visto contra o Atl\u00e9tico-MG: gol sofrido pouco antes do apito final. A esp\u00e9cie de &#8216;calcanhar de Aquiles&#8217; da equipe dirigida por Diego Aguirre p\u00f5e o [&hellip;]<\/p>\n","protected":false},"author":2,"featured_media":49658,"comment_status":"open","ping_status":"closed","sticky":false,"template":"","format":"standard","meta":{"_acf_changed":false,"footnotes":""},"categories":[19,29],"tags":[],"class_list":["post-49657","post","type-post","status-publish","format-standard","has-post-thumbnail","hentry","category-esportes","category-futebol"],"acf":[],"yoast_head":"<!-- This site is optimized with the Yoast SEO plugin v27.2 - https:\/\/yoast.com\/product\/yoast-seo-wordpress\/ -->\n<title>Gol no fim do jogo complica Internacional na Libertadores - Notibras<\/title>\n<meta name=\"robots\" content=\"index, follow, max-snippet:-1, max-image-preview:large, max-video-preview:-1\" \/>\n<link rel=\"canonical\" href=\"https:\/\/www.notibras.com\/site\/gol-no-fim-complica-internacional-na-libertadores\/\" \/>\n<meta property=\"og:locale\" content=\"pt_BR\" \/>\n<meta property=\"og:type\" content=\"article\" \/>\n<meta property=\"og:title\" content=\"Gol no fim do jogo complica Internacional na Libertadores - Notibras\" \/>\n<meta property=\"og:description\" content=\"Ap\u00f3s tantas virtudes nas \u00faltimas semanas, reflexo da transforma\u00e7\u00e3o que completou um m\u00eas, o Internacional mostrou uma fraqueza. A derrota para o Independiente Santa Fe, em Bogot\u00e1, repetiu o filme visto contra o Atl\u00e9tico-MG: gol sofrido pouco antes do apito final. A esp\u00e9cie de &#8216;calcanhar de Aquiles&#8217; da equipe dirigida por Diego Aguirre p\u00f5e o [&hellip;]\" \/>\n<meta property=\"og:url\" content=\"https:\/\/www.notibras.com\/site\/gol-no-fim-complica-internacional-na-libertadores\/\" \/>\n<meta property=\"og:site_name\" content=\"Notibras\" \/>\n<meta property=\"article:publisher\" content=\"https:\/\/www.facebook.com\/notibras\/\" \/>\n<meta property=\"article:published_time\" content=\"2015-05-21T10:56:49+00:00\" \/>\n<meta property=\"article:modified_time\" content=\"2015-05-21T10:57:46+00:00\" \/>\n<meta property=\"og:image\" content=\"https:\/\/www.notibras.com\/site\/wp-content\/uploads\/2015\/05\/f212.jpg\" \/>\n\t<meta property=\"og:image:width\" content=\"615\" \/>\n\t<meta property=\"og:image:height\" content=\"300\" \/>\n\t<meta property=\"og:image:type\" content=\"image\/jpeg\" \/>\n<meta name=\"author\" content=\"Reda\u00e7\u00e3o\" \/>\n<meta name=\"twitter:card\" content=\"summary_large_image\" \/>\n<meta name=\"twitter:creator\" content=\"@Notibras\" \/>\n<meta name=\"twitter:site\" content=\"@Notibras\" \/>\n<meta name=\"twitter:label1\" content=\"Escrito por\" \/>\n\t<meta name=\"twitter:data1\" content=\"Reda\u00e7\u00e3o\" \/>\n\t<meta name=\"twitter:label2\" content=\"Est. tempo de leitura\" \/>\n\t<meta name=\"twitter:data2\" content=\"2 minutos\" \/>\n<script type=\"application\/ld+json\" class=\"yoast-schema-graph\">{\"@context\":\"https:\/\/schema.org\",\"@graph\":[{\"@type\":\"Article\",\"@id\":\"https:\/\/www.notibras.com\/site\/gol-no-fim-complica-internacional-na-libertadores\/#article\",\"isPartOf\":{\"@id\":\"https:\/\/www.notibras.com\/site\/gol-no-fim-complica-internacional-na-libertadores\/\"},\"author\":{\"name\":\"Reda\u00e7\u00e3o\",\"@id\":\"https:\/\/www.notibras.com\/site\/#\/schema\/person\/36ab0979449956132d3e5b517ea76ac8\"},\"headline\":\"Gol no fim do jogo complica Internacional na Libertadores\",\"datePublished\":\"2015-05-21T10:56:49+00:00\",\"dateModified\":\"2015-05-21T10:57:46+00:00\",\"mainEntityOfPage\":{\"@id\":\"https:\/\/www.notibras.com\/site\/gol-no-fim-complica-internacional-na-libertadores\/\"},\"wordCount\":338,\"commentCount\":0,\"publisher\":{\"@id\":\"https:\/\/www.notibras.com\/site\/#organization\"},\"image\":{\"@id\":\"https:\/\/www.notibras.com\/site\/gol-no-fim-complica-internacional-na-libertadores\/#primaryimage\"},\"thumbnailUrl\":\"https:\/\/www.notibras.com\/site\/wp-content\/uploads\/2015\/05\/f212.jpg\",\"articleSection\":[\"Esportes\",\"Futebol\"],\"inLanguage\":\"pt-BR\",\"potentialAction\":[{\"@type\":\"CommentAction\",\"name\":\"Comment\",\"target\":[\"https:\/\/www.notibras.com\/site\/gol-no-fim-complica-internacional-na-libertadores\/#respond\"]}]},{\"@type\":\"WebPage\",\"@id\":\"https:\/\/www.notibras.com\/site\/gol-no-fim-complica-internacional-na-libertadores\/\",\"url\":\"https:\/\/www.notibras.com\/site\/gol-no-fim-complica-internacional-na-libertadores\/\",\"name\":\"Gol no fim do jogo complica Internacional na Libertadores - Notibras\",\"isPartOf\":{\"@id\":\"https:\/\/www.notibras.com\/site\/#website\"},\"primaryImageOfPage\":{\"@id\":\"https:\/\/www.notibras.com\/site\/gol-no-fim-complica-internacional-na-libertadores\/#primaryimage\"},\"image\":{\"@id\":\"https:\/\/www.notibras.com\/site\/gol-no-fim-complica-internacional-na-libertadores\/#primaryimage\"},\"thumbnailUrl\":\"https:\/\/www.notibras.com\/site\/wp-content\/uploads\/2015\/05\/f212.jpg\",\"datePublished\":\"2015-05-21T10:56:49+00:00\",\"dateModified\":\"2015-05-21T10:57:46+00:00\",\"breadcrumb\":{\"@id\":\"https:\/\/www.notibras.com\/site\/gol-no-fim-complica-internacional-na-libertadores\/#breadcrumb\"},\"inLanguage\":\"pt-BR\",\"potentialAction\":[{\"@type\":\"ReadAction\",\"target\":[\"https:\/\/www.notibras.com\/site\/gol-no-fim-complica-internacional-na-libertadores\/\"]}]},{\"@type\":\"ImageObject\",\"inLanguage\":\"pt-BR\",\"@id\":\"https:\/\/www.notibras.com\/site\/gol-no-fim-complica-internacional-na-libertadores\/#primaryimage\",\"url\":\"https:\/\/www.notibras.com\/site\/wp-content\/uploads\/2015\/05\/f212.jpg\",\"contentUrl\":\"https:\/\/www.notibras.com\/site\/wp-content\/uploads\/2015\/05\/f212.jpg\",\"width\":615,\"height\":300},{\"@type\":\"BreadcrumbList\",\"@id\":\"https:\/\/www.notibras.com\/site\/gol-no-fim-complica-internacional-na-libertadores\/#breadcrumb\",\"itemListElement\":[{\"@type\":\"ListItem\",\"position\":1,\"name\":\"In\u00edcio\",\"item\":\"https:\/\/www.notibras.com\/site\/\"},{\"@type\":\"ListItem\",\"position\":2,\"name\":\"Gol no fim do jogo complica Internacional na Libertadores\"}]},{\"@type\":\"WebSite\",\"@id\":\"https:\/\/www.notibras.com\/site\/#website\",\"url\":\"https:\/\/www.notibras.com\/site\/\",\"name\":\"Notibras\",\"description\":\"Not\u00edcias de Bras\u00edlia, do Brasil e do Mundo\",\"publisher\":{\"@id\":\"https:\/\/www.notibras.com\/site\/#organization\"},\"potentialAction\":[{\"@type\":\"SearchAction\",\"target\":{\"@type\":\"EntryPoint\",\"urlTemplate\":\"https:\/\/www.notibras.com\/site\/?s={search_term_string}\"},\"query-input\":{\"@type\":\"PropertyValueSpecification\",\"valueRequired\":true,\"valueName\":\"search_term_string\"}}],\"inLanguage\":\"pt-BR\"},{\"@type\":\"Organization\",\"@id\":\"https:\/\/www.notibras.com\/site\/#organization\",\"name\":\"Grupo Notibras de Comunica\u00e7\u00e3o\",\"url\":\"https:\/\/www.notibras.com\/site\/\",\"logo\":{\"@type\":\"ImageObject\",\"inLanguage\":\"pt-BR\",\"@id\":\"https:\/\/www.notibras.com\/site\/#\/schema\/logo\/image\/\",\"url\":\"https:\/\/www.notibras.com\/site\/wp-content\/uploads\/2023\/01\/notibras23.png\",\"contentUrl\":\"https:\/\/www.notibras.com\/site\/wp-content\/uploads\/2023\/01\/notibras23.png\",\"width\":350,\"height\":87,\"caption\":\"Grupo Notibras de Comunica\u00e7\u00e3o\"},\"image\":{\"@id\":\"https:\/\/www.notibras.com\/site\/#\/schema\/logo\/image\/\"},\"sameAs\":[\"https:\/\/www.facebook.com\/notibras\/\",\"https:\/\/x.com\/Notibras\",\"https:\/\/www.instagram.com\/notibras\/\"]},{\"@type\":\"Person\",\"@id\":\"https:\/\/www.notibras.com\/site\/#\/schema\/person\/36ab0979449956132d3e5b517ea76ac8\",\"name\":\"Reda\u00e7\u00e3o\",\"image\":{\"@type\":\"ImageObject\",\"inLanguage\":\"pt-BR\",\"@id\":\"https:\/\/secure.gravatar.com\/avatar\/e0a867bdedb85fd243eadf09663511f96fc81e0720a4a42581f334ad4303aa6b?s=96&d=mm&r=g\",\"url\":\"https:\/\/secure.gravatar.com\/avatar\/e0a867bdedb85fd243eadf09663511f96fc81e0720a4a42581f334ad4303aa6b?s=96&d=mm&r=g\",\"contentUrl\":\"https:\/\/secure.gravatar.com\/avatar\/e0a867bdedb85fd243eadf09663511f96fc81e0720a4a42581f334ad4303aa6b?s=96&d=mm&r=g\",\"caption\":\"Reda\u00e7\u00e3o\"}}]}<\/script>\n<!-- \/ Yoast SEO plugin. -->","yoast_head_json":{"title":"Gol no fim do jogo complica Internacional na Libertadores - Notibras","robots":{"index":"index","follow":"follow","max-snippet":"max-snippet:-1","max-image-preview":"max-image-preview:large","max-video-preview":"max-video-preview:-1"},"canonical":"https:\/\/www.notibras.com\/site\/gol-no-fim-complica-internacional-na-libertadores\/","og_locale":"pt_BR","og_type":"article","og_title":"Gol no fim do jogo complica Internacional na Libertadores - Notibras","og_description":"Ap\u00f3s tantas virtudes nas \u00faltimas semanas, reflexo da transforma\u00e7\u00e3o que completou um m\u00eas, o Internacional mostrou uma fraqueza. A derrota para o Independiente Santa Fe, em Bogot\u00e1, repetiu o filme visto contra o Atl\u00e9tico-MG: gol sofrido pouco antes do apito final. A esp\u00e9cie de &#8216;calcanhar de Aquiles&#8217; da equipe dirigida por Diego Aguirre p\u00f5e o [&hellip;]","og_url":"https:\/\/www.notibras.com\/site\/gol-no-fim-complica-internacional-na-libertadores\/","og_site_name":"Notibras","article_publisher":"https:\/\/www.facebook.com\/notibras\/","article_published_time":"2015-05-21T10:56:49+00:00","article_modified_time":"2015-05-21T10:57:46+00:00","og_image":[{"width":615,"height":300,"url":"https:\/\/www.notibras.com\/site\/wp-content\/uploads\/2015\/05\/f212.jpg","type":"image\/jpeg"}],"author":"Reda\u00e7\u00e3o","twitter_card":"summary_large_image","twitter_creator":"@Notibras","twitter_site":"@Notibras","twitter_misc":{"Escrito por":"Reda\u00e7\u00e3o","Est. tempo de leitura":"2 minutos"},"schema":{"@context":"https:\/\/schema.org","@graph":[{"@type":"Article","@id":"https:\/\/www.notibras.com\/site\/gol-no-fim-complica-internacional-na-libertadores\/#article","isPartOf":{"@id":"https:\/\/www.notibras.com\/site\/gol-no-fim-complica-internacional-na-libertadores\/"},"author":{"name":"Reda\u00e7\u00e3o","@id":"https:\/\/www.notibras.com\/site\/#\/schema\/person\/36ab0979449956132d3e5b517ea76ac8"},"headline":"Gol no fim do jogo complica Internacional na Libertadores","datePublished":"2015-05-21T10:56:49+00:00","dateModified":"2015-05-21T10:57:46+00:00","mainEntityOfPage":{"@id":"https:\/\/www.notibras.com\/site\/gol-no-fim-complica-internacional-na-libertadores\/"},"wordCount":338,"commentCount":0,"publisher":{"@id":"https:\/\/www.notibras.com\/site\/#organization"},"image":{"@id":"https:\/\/www.notibras.com\/site\/gol-no-fim-complica-internacional-na-libertadores\/#primaryimage"},"thumbnailUrl":"https:\/\/www.notibras.com\/site\/wp-content\/uploads\/2015\/05\/f212.jpg","articleSection":["Esportes","Futebol"],"inLanguage":"pt-BR","potentialAction":[{"@type":"CommentAction","name":"Comment","target":["https:\/\/www.notibras.com\/site\/gol-no-fim-complica-internacional-na-libertadores\/#respond"]}]},{"@type":"WebPage","@id":"https:\/\/www.notibras.com\/site\/gol-no-fim-complica-internacional-na-libertadores\/","url":"https:\/\/www.notibras.com\/site\/gol-no-fim-complica-internacional-na-libertadores\/","name":"Gol no fim do jogo complica Internacional na Libertadores - Notibras","isPartOf":{"@id":"https:\/\/www.notibras.com\/site\/#website"},"primaryImageOfPage":{"@id":"https:\/\/www.notibras.com\/site\/gol-no-fim-complica-internacional-na-libertadores\/#primaryimage"},"image":{"@id":"https:\/\/www.notibras.com\/site\/gol-no-fim-complica-internacional-na-libertadores\/#primaryimage"},"thumbnailUrl":"https:\/\/www.notibras.com\/site\/wp-content\/uploads\/2015\/05\/f212.jpg","datePublished":"2015-05-21T10:56:49+00:00","dateModified":"2015-05-21T10:57:46+00:00","breadcrumb":{"@id":"https:\/\/www.notibras.com\/site\/gol-no-fim-complica-internacional-na-libertadores\/#breadcrumb"},"inLanguage":"pt-BR","potentialAction":[{"@type":"ReadAction","target":["https:\/\/www.notibras.com\/site\/gol-no-fim-complica-internacional-na-libertadores\/"]}]},{"@type":"ImageObject","inLanguage":"pt-BR","@id":"https:\/\/www.notibras.com\/site\/gol-no-fim-complica-internacional-na-libertadores\/#primaryimage","url":"https:\/\/www.notibras.com\/site\/wp-content\/uploads\/2015\/05\/f212.jpg","contentUrl":"https:\/\/www.notibras.com\/site\/wp-content\/uploads\/2015\/05\/f212.jpg","width":615,"height":300},{"@type":"BreadcrumbList","@id":"https:\/\/www.notibras.com\/site\/gol-no-fim-complica-internacional-na-libertadores\/#breadcrumb","itemListElement":[{"@type":"ListItem","position":1,"name":"In\u00edcio","item":"https:\/\/www.notibras.com\/site\/"},{"@type":"ListItem","position":2,"name":"Gol no fim do jogo complica Internacional na Libertadores"}]},{"@type":"WebSite","@id":"https:\/\/www.notibras.com\/site\/#website","url":"https:\/\/www.notibras.com\/site\/","name":"Notibras","description":"Not\u00edcias de Bras\u00edlia, do Brasil e do Mundo","publisher":{"@id":"https:\/\/www.notibras.com\/site\/#organization"},"potentialAction":[{"@type":"SearchAction","target":{"@type":"EntryPoint","urlTemplate":"https:\/\/www.notibras.com\/site\/?s={search_term_string}"},"query-input":{"@type":"PropertyValueSpecification","valueRequired":true,"valueName":"search_term_string"}}],"inLanguage":"pt-BR"},{"@type":"Organization","@id":"https:\/\/www.notibras.com\/site\/#organization","name":"Grupo Notibras de Comunica\u00e7\u00e3o","url":"https:\/\/www.notibras.com\/site\/","logo":{"@type":"ImageObject","inLanguage":"pt-BR","@id":"https:\/\/www.notibras.com\/site\/#\/schema\/logo\/image\/","url":"https:\/\/www.notibras.com\/site\/wp-content\/uploads\/2023\/01\/notibras23.png","contentUrl":"https:\/\/www.notibras.com\/site\/wp-content\/uploads\/2023\/01\/notibras23.png","width":350,"height":87,"caption":"Grupo Notibras de Comunica\u00e7\u00e3o"},"image":{"@id":"https:\/\/www.notibras.com\/site\/#\/schema\/logo\/image\/"},"sameAs":["https:\/\/www.facebook.com\/notibras\/","https:\/\/x.com\/Notibras","https:\/\/www.instagram.com\/notibras\/"]},{"@type":"Person","@id":"https:\/\/www.notibras.com\/site\/#\/schema\/person\/36ab0979449956132d3e5b517ea76ac8","name":"Reda\u00e7\u00e3o","image":{"@type":"ImageObject","inLanguage":"pt-BR","@id":"https:\/\/secure.gravatar.com\/avatar\/e0a867bdedb85fd243eadf09663511f96fc81e0720a4a42581f334ad4303aa6b?s=96&d=mm&r=g","url":"https:\/\/secure.gravatar.com\/avatar\/e0a867bdedb85fd243eadf09663511f96fc81e0720a4a42581f334ad4303aa6b?s=96&d=mm&r=g","contentUrl":"https:\/\/secure.gravatar.com\/avatar\/e0a867bdedb85fd243eadf09663511f96fc81e0720a4a42581f334ad4303aa6b?s=96&d=mm&r=g","caption":"Reda\u00e7\u00e3o"}}]}},"amp_enabled":true,"_links":{"self":[{"href":"https:\/\/www.notibras.com\/site\/wp-json\/wp\/v2\/posts\/49657","targetHints":{"allow":["GET"]}}],"collection":[{"href":"https:\/\/www.notibras.com\/site\/wp-json\/wp\/v2\/posts"}],"about":[{"href":"https:\/\/www.notibras.com\/site\/wp-json\/wp\/v2\/types\/post"}],"author":[{"embeddable":true,"href":"https:\/\/www.notibras.com\/site\/wp-json\/wp\/v2\/users\/2"}],"replies":[{"embeddable":true,"href":"https:\/\/www.notibras.com\/site\/wp-json\/wp\/v2\/comments?post=49657"}],"version-history":[{"count":0,"href":"https:\/\/www.notibras.com\/site\/wp-json\/wp\/v2\/posts\/49657\/revisions"}],"wp:featuredmedia":[{"embeddable":true,"href":"https:\/\/www.notibras.com\/site\/wp-json\/wp\/v2\/media\/49658"}],"wp:attachment":[{"href":"https:\/\/www.notibras.com\/site\/wp-json\/wp\/v2\/media?parent=49657"}],"wp:term":[{"taxonomy":"category","embeddable":true,"href":"https:\/\/www.notibras.com\/site\/wp-json\/wp\/v2\/categories?post=49657"},{"taxonomy":"post_tag","embeddable":true,"href":"https:\/\/www.notibras.com\/site\/wp-json\/wp\/v2\/tags?post=49657"}],"curies":[{"name":"wp","href":"https:\/\/api.w.org\/{rel}","templated":true}]}}