{"id":49758,"date":"2015-05-21T15:28:25","date_gmt":"2015-05-21T18:28:25","guid":{"rendered":"http:\/\/www.notibras.com\/site\/?p=49758"},"modified":"2015-05-22T14:12:49","modified_gmt":"2015-05-22T17:12:49","slug":"arrecadacao-federal-atinge-o-menor-resultado-para-meses-de-abril-em-5-anos","status":"publish","type":"post","link":"https:\/\/www.notibras.com\/site\/arrecadacao-federal-atinge-o-menor-resultado-para-meses-de-abril-em-5-anos\/","title":{"rendered":"Arrecada\u00e7\u00e3o federal atinge o menor resultado para meses de abril em 5 anos"},"content":{"rendered":"<p>O desempenho fraco da economia e as desonera\u00e7\u00f5es (redu\u00e7\u00f5es de tributos) fizeram a arrecada\u00e7\u00e3o federal registrar o menor resultado para o m\u00eas de abril em cinco anos. Segundo a Receita Federal, no m\u00eas passado, o governo arrecadou R$ 109,241 bilh\u00f5es, queda de 4,62% em rela\u00e7\u00e3o a abril de 2014 descontada a infla\u00e7\u00e3o oficial pelo \u00cdndice Nacional de Pre\u00e7os ao Consumidor Amplo (IPCA). A arrecada\u00e7\u00e3o foi a menor para o m\u00eas desde 2010, em valores corrigidos pelo IPCA.<\/p>\n<p>Com o resultado de abril, a arrecada\u00e7\u00e3o federal no acumulado do ano soma R$ 418,617 bilh\u00f5es, com queda de 2,71% tamb\u00e9m descontada a infla\u00e7\u00e3o pelo IPCA. O montante \u00e9 o menor para o primeiro quadrimestre desde 2011.<\/p>\n<p>Segundo o Fisco, o quadro de estagna\u00e7\u00e3o da economia foi a principal causa para a queda das receitas da Uni\u00e3o. A queda de 5,13% na produ\u00e7\u00e3o industrial de janeiro a abril em rela\u00e7\u00e3o ao mesmo per\u00edodo do ano passado contribuiu para a queda real (descontada a infla\u00e7\u00e3o) de 7,8% na arrecada\u00e7\u00e3o de Imposto sobre Produtos Industrializados (IPI) sobre as mercadorias produzidas no pa\u00eds. A queda de 4,36% nas vendas de bens e de servi\u00e7os fez a receita do Programa de Integra\u00e7\u00e3o Social (PIS) e da Contribui\u00e7\u00e3o para o Financiamento da Seguridade Social (Cofins) cair 2,3% em 2015 tamb\u00e9m considerando o IPCA.<\/p>\n<blockquote><p>O crescimento de 6,77% na massa salarial, abaixo da infla\u00e7\u00e3o acumulada em 12 meses, de 8,17%, fez a arrecada\u00e7\u00e3o da Previd\u00eancia Social cair 2,69% de janeiro a abril em valores corrigidos pelo IPCA. Por causa da queda da lucratividade das empresas, a arrecada\u00e7\u00e3o do Imposto de Renda Pessoa Jur\u00eddica (IRPF) e da Contribui\u00e7\u00e3o Social sobre o Lucro L\u00edquido (CSLL) caiu 5,49% em 2015 descontada a infla\u00e7\u00e3o oficial.<\/p><\/blockquote>\n<p>As desonera\u00e7\u00f5es tamb\u00e9m contribu\u00edram para a queda das receitas da Uni\u00e3o, fazendo o governo deixar de arrecadar R$ 38,297 bilh\u00f5es de janeiro a abril. As redu\u00e7\u00f5es de tributos com mais impacto nos cofres federais s\u00e3o a desonera\u00e7\u00e3o da folha de pagamento, com impacto de R$ 7,464 bilh\u00f5es, a redu\u00e7\u00e3o a zero da Contribui\u00e7\u00e3o de Interven\u00e7\u00e3o no Dom\u00ednio Econ\u00f4mico (Cide), com ren\u00fancia de 4,362 bilh\u00f5es e a amplia\u00e7\u00e3o dos setores inclu\u00eddos no Simples Nacional, com impacto de R$ 3,868 bilh\u00f5es.<\/p>\n<p>Para diminuir os custos das desonera\u00e7\u00f5es, a equipe econ\u00f4mica est\u00e1 revertendo parte dos benef\u00edcios fiscais concedidos nos \u00faltimos anos. A Cide aumentou neste m\u00eas, com efeito na arrecada\u00e7\u00e3o de junho. O governo tamb\u00e9m est\u00e1 tentando aumentar, no Congresso Nacional, as al\u00edquotas dos 56 setores da economia contemplados pela desonera\u00e7\u00e3o da folha de pagamento.<\/p>\n<p><strong>Wellton M\u00e1ximo, ABr<\/strong><\/p>\n","protected":false},"excerpt":{"rendered":"<p>O desempenho fraco da economia e as desonera\u00e7\u00f5es (redu\u00e7\u00f5es de tributos) fizeram a arrecada\u00e7\u00e3o federal registrar o menor resultado para o m\u00eas de abril em cinco anos. Segundo a Receita Federal, no m\u00eas passado, o governo arrecadou R$ 109,241 bilh\u00f5es, queda de 4,62% em rela\u00e7\u00e3o a abril de 2014 descontada a infla\u00e7\u00e3o oficial pelo \u00cdndice [&hellip;]<\/p>\n","protected":false},"author":1,"featured_media":49759,"comment_status":"open","ping_status":"closed","sticky":false,"template":"","format":"standard","meta":{"_acf_changed":false,"footnotes":""},"categories":[16],"tags":[],"class_list":["post-49758","post","type-post","status-publish","format-standard","has-post-thumbnail","hentry","category-brasil"],"acf":[],"yoast_head":"<!-- This site is optimized with the Yoast SEO plugin v27.2 - https:\/\/yoast.com\/product\/yoast-seo-wordpress\/ -->\n<title>Arrecada\u00e7\u00e3o federal atinge o menor resultado para meses de abril em 5 anos - Notibras<\/title>\n<meta name=\"robots\" content=\"index, follow, max-snippet:-1, max-image-preview:large, max-video-preview:-1\" \/>\n<link rel=\"canonical\" href=\"https:\/\/www.notibras.com\/site\/arrecadacao-federal-atinge-o-menor-resultado-para-meses-de-abril-em-5-anos\/\" \/>\n<meta property=\"og:locale\" content=\"pt_BR\" \/>\n<meta property=\"og:type\" content=\"article\" \/>\n<meta property=\"og:title\" content=\"Arrecada\u00e7\u00e3o federal atinge o menor resultado para meses de abril em 5 anos - Notibras\" \/>\n<meta property=\"og:description\" content=\"O desempenho fraco da economia e as desonera\u00e7\u00f5es (redu\u00e7\u00f5es de tributos) fizeram a arrecada\u00e7\u00e3o federal registrar o menor resultado para o m\u00eas de abril em cinco anos. Segundo a Receita Federal, no m\u00eas passado, o governo arrecadou R$ 109,241 bilh\u00f5es, queda de 4,62% em rela\u00e7\u00e3o a abril de 2014 descontada a infla\u00e7\u00e3o oficial pelo \u00cdndice [&hellip;]\" \/>\n<meta property=\"og:url\" content=\"https:\/\/www.notibras.com\/site\/arrecadacao-federal-atinge-o-menor-resultado-para-meses-de-abril-em-5-anos\/\" \/>\n<meta property=\"og:site_name\" content=\"Notibras\" \/>\n<meta property=\"article:publisher\" content=\"https:\/\/www.facebook.com\/notibras\/\" \/>\n<meta property=\"article:published_time\" content=\"2015-05-21T18:28:25+00:00\" \/>\n<meta property=\"article:modified_time\" content=\"2015-05-22T17:12:49+00:00\" \/>\n<meta property=\"og:image\" content=\"https:\/\/www.notibras.com\/site\/wp-content\/uploads\/2015\/05\/dinheiro41.jpg\" \/>\n\t<meta property=\"og:image:width\" content=\"600\" \/>\n\t<meta property=\"og:image:height\" content=\"400\" \/>\n\t<meta property=\"og:image:type\" content=\"image\/jpeg\" \/>\n<meta name=\"author\" content=\"Reda\u00e7\u00e3o\" \/>\n<meta name=\"twitter:card\" content=\"summary_large_image\" \/>\n<meta name=\"twitter:creator\" content=\"@Notibras\" \/>\n<meta name=\"twitter:site\" content=\"@Notibras\" \/>\n<meta name=\"twitter:label1\" content=\"Escrito por\" \/>\n\t<meta name=\"twitter:data1\" content=\"Reda\u00e7\u00e3o\" \/>\n\t<meta name=\"twitter:label2\" content=\"Est. tempo de leitura\" \/>\n\t<meta name=\"twitter:data2\" content=\"2 minutos\" \/>\n<script type=\"application\/ld+json\" class=\"yoast-schema-graph\">{\"@context\":\"https:\/\/schema.org\",\"@graph\":[{\"@type\":\"Article\",\"@id\":\"https:\/\/www.notibras.com\/site\/arrecadacao-federal-atinge-o-menor-resultado-para-meses-de-abril-em-5-anos\/#article\",\"isPartOf\":{\"@id\":\"https:\/\/www.notibras.com\/site\/arrecadacao-federal-atinge-o-menor-resultado-para-meses-de-abril-em-5-anos\/\"},\"author\":{\"name\":\"Reda\u00e7\u00e3o\",\"@id\":\"https:\/\/www.notibras.com\/site\/#\/schema\/person\/00b8e1aa08f9ef6563e878c5159d01cf\"},\"headline\":\"Arrecada\u00e7\u00e3o federal atinge o menor resultado para meses de abril em 5 anos\",\"datePublished\":\"2015-05-21T18:28:25+00:00\",\"dateModified\":\"2015-05-22T17:12:49+00:00\",\"mainEntityOfPage\":{\"@id\":\"https:\/\/www.notibras.com\/site\/arrecadacao-federal-atinge-o-menor-resultado-para-meses-de-abril-em-5-anos\/\"},\"wordCount\":469,\"commentCount\":0,\"publisher\":{\"@id\":\"https:\/\/www.notibras.com\/site\/#organization\"},\"image\":{\"@id\":\"https:\/\/www.notibras.com\/site\/arrecadacao-federal-atinge-o-menor-resultado-para-meses-de-abril-em-5-anos\/#primaryimage\"},\"thumbnailUrl\":\"https:\/\/www.notibras.com\/site\/wp-content\/uploads\/2015\/05\/dinheiro41.jpg\",\"articleSection\":[\"Brasil\"],\"inLanguage\":\"pt-BR\",\"potentialAction\":[{\"@type\":\"CommentAction\",\"name\":\"Comment\",\"target\":[\"https:\/\/www.notibras.com\/site\/arrecadacao-federal-atinge-o-menor-resultado-para-meses-de-abril-em-5-anos\/#respond\"]}]},{\"@type\":\"WebPage\",\"@id\":\"https:\/\/www.notibras.com\/site\/arrecadacao-federal-atinge-o-menor-resultado-para-meses-de-abril-em-5-anos\/\",\"url\":\"https:\/\/www.notibras.com\/site\/arrecadacao-federal-atinge-o-menor-resultado-para-meses-de-abril-em-5-anos\/\",\"name\":\"Arrecada\u00e7\u00e3o federal atinge o menor resultado para meses de abril em 5 anos - Notibras\",\"isPartOf\":{\"@id\":\"https:\/\/www.notibras.com\/site\/#website\"},\"primaryImageOfPage\":{\"@id\":\"https:\/\/www.notibras.com\/site\/arrecadacao-federal-atinge-o-menor-resultado-para-meses-de-abril-em-5-anos\/#primaryimage\"},\"image\":{\"@id\":\"https:\/\/www.notibras.com\/site\/arrecadacao-federal-atinge-o-menor-resultado-para-meses-de-abril-em-5-anos\/#primaryimage\"},\"thumbnailUrl\":\"https:\/\/www.notibras.com\/site\/wp-content\/uploads\/2015\/05\/dinheiro41.jpg\",\"datePublished\":\"2015-05-21T18:28:25+00:00\",\"dateModified\":\"2015-05-22T17:12:49+00:00\",\"breadcrumb\":{\"@id\":\"https:\/\/www.notibras.com\/site\/arrecadacao-federal-atinge-o-menor-resultado-para-meses-de-abril-em-5-anos\/#breadcrumb\"},\"inLanguage\":\"pt-BR\",\"potentialAction\":[{\"@type\":\"ReadAction\",\"target\":[\"https:\/\/www.notibras.com\/site\/arrecadacao-federal-atinge-o-menor-resultado-para-meses-de-abril-em-5-anos\/\"]}]},{\"@type\":\"ImageObject\",\"inLanguage\":\"pt-BR\",\"@id\":\"https:\/\/www.notibras.com\/site\/arrecadacao-federal-atinge-o-menor-resultado-para-meses-de-abril-em-5-anos\/#primaryimage\",\"url\":\"https:\/\/www.notibras.com\/site\/wp-content\/uploads\/2015\/05\/dinheiro41.jpg\",\"contentUrl\":\"https:\/\/www.notibras.com\/site\/wp-content\/uploads\/2015\/05\/dinheiro41.jpg\",\"width\":600,\"height\":400},{\"@type\":\"BreadcrumbList\",\"@id\":\"https:\/\/www.notibras.com\/site\/arrecadacao-federal-atinge-o-menor-resultado-para-meses-de-abril-em-5-anos\/#breadcrumb\",\"itemListElement\":[{\"@type\":\"ListItem\",\"position\":1,\"name\":\"In\u00edcio\",\"item\":\"https:\/\/www.notibras.com\/site\/\"},{\"@type\":\"ListItem\",\"position\":2,\"name\":\"Arrecada\u00e7\u00e3o federal atinge o menor resultado para meses de abril em 5 anos\"}]},{\"@type\":\"WebSite\",\"@id\":\"https:\/\/www.notibras.com\/site\/#website\",\"url\":\"https:\/\/www.notibras.com\/site\/\",\"name\":\"Notibras\",\"description\":\"Not\u00edcias de Bras\u00edlia, do Brasil e do Mundo\",\"publisher\":{\"@id\":\"https:\/\/www.notibras.com\/site\/#organization\"},\"potentialAction\":[{\"@type\":\"SearchAction\",\"target\":{\"@type\":\"EntryPoint\",\"urlTemplate\":\"https:\/\/www.notibras.com\/site\/?s={search_term_string}\"},\"query-input\":{\"@type\":\"PropertyValueSpecification\",\"valueRequired\":true,\"valueName\":\"search_term_string\"}}],\"inLanguage\":\"pt-BR\"},{\"@type\":\"Organization\",\"@id\":\"https:\/\/www.notibras.com\/site\/#organization\",\"name\":\"Grupo Notibras de Comunica\u00e7\u00e3o\",\"url\":\"https:\/\/www.notibras.com\/site\/\",\"logo\":{\"@type\":\"ImageObject\",\"inLanguage\":\"pt-BR\",\"@id\":\"https:\/\/www.notibras.com\/site\/#\/schema\/logo\/image\/\",\"url\":\"https:\/\/www.notibras.com\/site\/wp-content\/uploads\/2023\/01\/notibras23.png\",\"contentUrl\":\"https:\/\/www.notibras.com\/site\/wp-content\/uploads\/2023\/01\/notibras23.png\",\"width\":350,\"height\":87,\"caption\":\"Grupo Notibras de Comunica\u00e7\u00e3o\"},\"image\":{\"@id\":\"https:\/\/www.notibras.com\/site\/#\/schema\/logo\/image\/\"},\"sameAs\":[\"https:\/\/www.facebook.com\/notibras\/\",\"https:\/\/x.com\/Notibras\",\"https:\/\/www.instagram.com\/notibras\/\"]},{\"@type\":\"Person\",\"@id\":\"https:\/\/www.notibras.com\/site\/#\/schema\/person\/00b8e1aa08f9ef6563e878c5159d01cf\",\"name\":\"Reda\u00e7\u00e3o\",\"image\":{\"@type\":\"ImageObject\",\"inLanguage\":\"pt-BR\",\"@id\":\"https:\/\/secure.gravatar.com\/avatar\/ac5a707d5b47784a5ed426c6e213e201423c750890f64e4c379114dade67dfb9?s=96&d=mm&r=g\",\"url\":\"https:\/\/secure.gravatar.com\/avatar\/ac5a707d5b47784a5ed426c6e213e201423c750890f64e4c379114dade67dfb9?s=96&d=mm&r=g\",\"contentUrl\":\"https:\/\/secure.gravatar.com\/avatar\/ac5a707d5b47784a5ed426c6e213e201423c750890f64e4c379114dade67dfb9?s=96&d=mm&r=g\",\"caption\":\"Reda\u00e7\u00e3o\"}}]}<\/script>\n<!-- \/ Yoast SEO plugin. -->","yoast_head_json":{"title":"Arrecada\u00e7\u00e3o federal atinge o menor resultado para meses de abril em 5 anos - Notibras","robots":{"index":"index","follow":"follow","max-snippet":"max-snippet:-1","max-image-preview":"max-image-preview:large","max-video-preview":"max-video-preview:-1"},"canonical":"https:\/\/www.notibras.com\/site\/arrecadacao-federal-atinge-o-menor-resultado-para-meses-de-abril-em-5-anos\/","og_locale":"pt_BR","og_type":"article","og_title":"Arrecada\u00e7\u00e3o federal atinge o menor resultado para meses de abril em 5 anos - Notibras","og_description":"O desempenho fraco da economia e as desonera\u00e7\u00f5es (redu\u00e7\u00f5es de tributos) fizeram a arrecada\u00e7\u00e3o federal registrar o menor resultado para o m\u00eas de abril em cinco anos. Segundo a Receita Federal, no m\u00eas passado, o governo arrecadou R$ 109,241 bilh\u00f5es, queda de 4,62% em rela\u00e7\u00e3o a abril de 2014 descontada a infla\u00e7\u00e3o oficial pelo \u00cdndice [&hellip;]","og_url":"https:\/\/www.notibras.com\/site\/arrecadacao-federal-atinge-o-menor-resultado-para-meses-de-abril-em-5-anos\/","og_site_name":"Notibras","article_publisher":"https:\/\/www.facebook.com\/notibras\/","article_published_time":"2015-05-21T18:28:25+00:00","article_modified_time":"2015-05-22T17:12:49+00:00","og_image":[{"width":600,"height":400,"url":"https:\/\/www.notibras.com\/site\/wp-content\/uploads\/2015\/05\/dinheiro41.jpg","type":"image\/jpeg"}],"author":"Reda\u00e7\u00e3o","twitter_card":"summary_large_image","twitter_creator":"@Notibras","twitter_site":"@Notibras","twitter_misc":{"Escrito por":"Reda\u00e7\u00e3o","Est. tempo de leitura":"2 minutos"},"schema":{"@context":"https:\/\/schema.org","@graph":[{"@type":"Article","@id":"https:\/\/www.notibras.com\/site\/arrecadacao-federal-atinge-o-menor-resultado-para-meses-de-abril-em-5-anos\/#article","isPartOf":{"@id":"https:\/\/www.notibras.com\/site\/arrecadacao-federal-atinge-o-menor-resultado-para-meses-de-abril-em-5-anos\/"},"author":{"name":"Reda\u00e7\u00e3o","@id":"https:\/\/www.notibras.com\/site\/#\/schema\/person\/00b8e1aa08f9ef6563e878c5159d01cf"},"headline":"Arrecada\u00e7\u00e3o federal atinge o menor resultado para meses de abril em 5 anos","datePublished":"2015-05-21T18:28:25+00:00","dateModified":"2015-05-22T17:12:49+00:00","mainEntityOfPage":{"@id":"https:\/\/www.notibras.com\/site\/arrecadacao-federal-atinge-o-menor-resultado-para-meses-de-abril-em-5-anos\/"},"wordCount":469,"commentCount":0,"publisher":{"@id":"https:\/\/www.notibras.com\/site\/#organization"},"image":{"@id":"https:\/\/www.notibras.com\/site\/arrecadacao-federal-atinge-o-menor-resultado-para-meses-de-abril-em-5-anos\/#primaryimage"},"thumbnailUrl":"https:\/\/www.notibras.com\/site\/wp-content\/uploads\/2015\/05\/dinheiro41.jpg","articleSection":["Brasil"],"inLanguage":"pt-BR","potentialAction":[{"@type":"CommentAction","name":"Comment","target":["https:\/\/www.notibras.com\/site\/arrecadacao-federal-atinge-o-menor-resultado-para-meses-de-abril-em-5-anos\/#respond"]}]},{"@type":"WebPage","@id":"https:\/\/www.notibras.com\/site\/arrecadacao-federal-atinge-o-menor-resultado-para-meses-de-abril-em-5-anos\/","url":"https:\/\/www.notibras.com\/site\/arrecadacao-federal-atinge-o-menor-resultado-para-meses-de-abril-em-5-anos\/","name":"Arrecada\u00e7\u00e3o federal atinge o menor resultado para meses de abril em 5 anos - Notibras","isPartOf":{"@id":"https:\/\/www.notibras.com\/site\/#website"},"primaryImageOfPage":{"@id":"https:\/\/www.notibras.com\/site\/arrecadacao-federal-atinge-o-menor-resultado-para-meses-de-abril-em-5-anos\/#primaryimage"},"image":{"@id":"https:\/\/www.notibras.com\/site\/arrecadacao-federal-atinge-o-menor-resultado-para-meses-de-abril-em-5-anos\/#primaryimage"},"thumbnailUrl":"https:\/\/www.notibras.com\/site\/wp-content\/uploads\/2015\/05\/dinheiro41.jpg","datePublished":"2015-05-21T18:28:25+00:00","dateModified":"2015-05-22T17:12:49+00:00","breadcrumb":{"@id":"https:\/\/www.notibras.com\/site\/arrecadacao-federal-atinge-o-menor-resultado-para-meses-de-abril-em-5-anos\/#breadcrumb"},"inLanguage":"pt-BR","potentialAction":[{"@type":"ReadAction","target":["https:\/\/www.notibras.com\/site\/arrecadacao-federal-atinge-o-menor-resultado-para-meses-de-abril-em-5-anos\/"]}]},{"@type":"ImageObject","inLanguage":"pt-BR","@id":"https:\/\/www.notibras.com\/site\/arrecadacao-federal-atinge-o-menor-resultado-para-meses-de-abril-em-5-anos\/#primaryimage","url":"https:\/\/www.notibras.com\/site\/wp-content\/uploads\/2015\/05\/dinheiro41.jpg","contentUrl":"https:\/\/www.notibras.com\/site\/wp-content\/uploads\/2015\/05\/dinheiro41.jpg","width":600,"height":400},{"@type":"BreadcrumbList","@id":"https:\/\/www.notibras.com\/site\/arrecadacao-federal-atinge-o-menor-resultado-para-meses-de-abril-em-5-anos\/#breadcrumb","itemListElement":[{"@type":"ListItem","position":1,"name":"In\u00edcio","item":"https:\/\/www.notibras.com\/site\/"},{"@type":"ListItem","position":2,"name":"Arrecada\u00e7\u00e3o federal atinge o menor resultado para meses de abril em 5 anos"}]},{"@type":"WebSite","@id":"https:\/\/www.notibras.com\/site\/#website","url":"https:\/\/www.notibras.com\/site\/","name":"Notibras","description":"Not\u00edcias de Bras\u00edlia, do Brasil e do Mundo","publisher":{"@id":"https:\/\/www.notibras.com\/site\/#organization"},"potentialAction":[{"@type":"SearchAction","target":{"@type":"EntryPoint","urlTemplate":"https:\/\/www.notibras.com\/site\/?s={search_term_string}"},"query-input":{"@type":"PropertyValueSpecification","valueRequired":true,"valueName":"search_term_string"}}],"inLanguage":"pt-BR"},{"@type":"Organization","@id":"https:\/\/www.notibras.com\/site\/#organization","name":"Grupo Notibras de Comunica\u00e7\u00e3o","url":"https:\/\/www.notibras.com\/site\/","logo":{"@type":"ImageObject","inLanguage":"pt-BR","@id":"https:\/\/www.notibras.com\/site\/#\/schema\/logo\/image\/","url":"https:\/\/www.notibras.com\/site\/wp-content\/uploads\/2023\/01\/notibras23.png","contentUrl":"https:\/\/www.notibras.com\/site\/wp-content\/uploads\/2023\/01\/notibras23.png","width":350,"height":87,"caption":"Grupo Notibras de Comunica\u00e7\u00e3o"},"image":{"@id":"https:\/\/www.notibras.com\/site\/#\/schema\/logo\/image\/"},"sameAs":["https:\/\/www.facebook.com\/notibras\/","https:\/\/x.com\/Notibras","https:\/\/www.instagram.com\/notibras\/"]},{"@type":"Person","@id":"https:\/\/www.notibras.com\/site\/#\/schema\/person\/00b8e1aa08f9ef6563e878c5159d01cf","name":"Reda\u00e7\u00e3o","image":{"@type":"ImageObject","inLanguage":"pt-BR","@id":"https:\/\/secure.gravatar.com\/avatar\/ac5a707d5b47784a5ed426c6e213e201423c750890f64e4c379114dade67dfb9?s=96&d=mm&r=g","url":"https:\/\/secure.gravatar.com\/avatar\/ac5a707d5b47784a5ed426c6e213e201423c750890f64e4c379114dade67dfb9?s=96&d=mm&r=g","contentUrl":"https:\/\/secure.gravatar.com\/avatar\/ac5a707d5b47784a5ed426c6e213e201423c750890f64e4c379114dade67dfb9?s=96&d=mm&r=g","caption":"Reda\u00e7\u00e3o"}}]}},"amp_enabled":true,"_links":{"self":[{"href":"https:\/\/www.notibras.com\/site\/wp-json\/wp\/v2\/posts\/49758","targetHints":{"allow":["GET"]}}],"collection":[{"href":"https:\/\/www.notibras.com\/site\/wp-json\/wp\/v2\/posts"}],"about":[{"href":"https:\/\/www.notibras.com\/site\/wp-json\/wp\/v2\/types\/post"}],"author":[{"embeddable":true,"href":"https:\/\/www.notibras.com\/site\/wp-json\/wp\/v2\/users\/1"}],"replies":[{"embeddable":true,"href":"https:\/\/www.notibras.com\/site\/wp-json\/wp\/v2\/comments?post=49758"}],"version-history":[{"count":0,"href":"https:\/\/www.notibras.com\/site\/wp-json\/wp\/v2\/posts\/49758\/revisions"}],"wp:featuredmedia":[{"embeddable":true,"href":"https:\/\/www.notibras.com\/site\/wp-json\/wp\/v2\/media\/49759"}],"wp:attachment":[{"href":"https:\/\/www.notibras.com\/site\/wp-json\/wp\/v2\/media?parent=49758"}],"wp:term":[{"taxonomy":"category","embeddable":true,"href":"https:\/\/www.notibras.com\/site\/wp-json\/wp\/v2\/categories?post=49758"},{"taxonomy":"post_tag","embeddable":true,"href":"https:\/\/www.notibras.com\/site\/wp-json\/wp\/v2\/tags?post=49758"}],"curies":[{"name":"wp","href":"https:\/\/api.w.org\/{rel}","templated":true}]}}