{"id":49776,"date":"2015-05-21T17:57:20","date_gmt":"2015-05-21T20:57:20","guid":{"rendered":"http:\/\/www.notibras.com\/site\/?p=49776"},"modified":"2015-05-22T07:11:39","modified_gmt":"2015-05-22T10:11:39","slug":"oposicao-decide-trocar-impeachment-por-acao-penal-contra-dilma","status":"publish","type":"post","link":"https:\/\/www.notibras.com\/site\/oposicao-decide-trocar-impeachment-por-acao-penal-contra-dilma\/","title":{"rendered":"Oposi\u00e7\u00e3o decide trocar o impeachment por uma a\u00e7\u00e3o penal contra Dilma Rousseff"},"content":{"rendered":"<div id=\"texto\">Ap\u00f3s se reunir com l\u00edderes da oposi\u00e7\u00e3o, o presidente nacional do PSDB, senador A\u00e9cio Neves (MG), afirmou que eles ir\u00e3o protocolar na pr\u00f3xima ter\u00e7a-feira, 26, uma a\u00e7\u00e3o de crime comum contra a presidente Dilma Rousseff na Procuradoria-Geral da Rep\u00fablica. Esse foi o caminho escolhido depois de o parecer elaborado pelo ex-ministro da Justi\u00e7a Miguel Reale J\u00fanior n\u00e3o trazer elementos suficientes para o grupo entrar com um pedido de impeachment no Congresso.&#8221;Neste momento, essa \u00e9 a a\u00e7\u00e3o que une as for\u00e7as de oposi\u00e7\u00e3o. Nada impede que futuramente, a partir das sucessivas novas informa\u00e7\u00f5es que nos chegam, haja espa\u00e7o para um pedido de impeachment&#8221;, afirmou.Na quarta-feira, A\u00e9cio recebeu do jurista a a\u00e7\u00e3o que responsabiliza Dilma pelas chamadas pedaladas fiscais, que consistiu em atrasar repasses do Tesouro Nacional aos bancos federais para o pagamento de benef\u00edcios sociais. Esse procedimento fere a Lei de Responsabilidade Fiscal.O documento sacramentou a decis\u00e3o do partido de recuar da estrat\u00e9gia de pedir no Congresso o impeachment. A tese era defendida pela maioria da bancada de deputados tucanos, mas perdeu for\u00e7a ap\u00f3s o presidente da C\u00e2mara, Eduardo Cunha (PMDB-RJ), sinalizar que engavetaria a iniciativa.<\/p>\n<blockquote><p>Durante encontro nesta quinta-feira, as lideran\u00e7as da oposi\u00e7\u00e3o negaram que tivessem recuado e afirmaram que a a\u00e7\u00e3o que v\u00e3o protocolar ter\u00e1 a mesma fun\u00e7\u00e3o do impeachment. &#8220;Feita a den\u00fancia, o afastamento da presidente \u00e9 autom\u00e1tico. Ent\u00e3o as consequ\u00eancias desse ato que n\u00f3s estamos promovendo, \u00e9 igual ao impeachment. Mas estamos trabalhando com a responsabilidade de dar um argumento jur\u00eddico consistente&#8221;, disse o presidente do DEM, senador Jos\u00e9 Agripino Maia (RN).<\/p><\/blockquote>\n<p>Caber\u00e1 ao procurador-geral da Rep\u00fablica, Rodrigo Janot, a decis\u00e3o de encaminhar ou n\u00e3o den\u00fancia ou pedido de abertura de investiga\u00e7\u00e3o ao Supremo Tribunal Federal (STF). Em caso de pedido de abertura de inqu\u00e9rito, o pleno do Supremo decide sozinho. Em caso de den\u00fancia, a Corte deve fazer encaminhamento do pedido \u00e0 C\u00e2mara, que vai ou n\u00e3o autorizar a abertura de inqu\u00e9rito por maioria de votos.<\/p>\n<\/div>\n<section id=\"veja-mais-texto\"><\/section>\n","protected":false},"excerpt":{"rendered":"<p>Ap\u00f3s se reunir com l\u00edderes da oposi\u00e7\u00e3o, o presidente nacional do PSDB, senador A\u00e9cio Neves (MG), afirmou que eles ir\u00e3o protocolar na pr\u00f3xima ter\u00e7a-feira, 26, uma a\u00e7\u00e3o de crime comum contra a presidente Dilma Rousseff na Procuradoria-Geral da Rep\u00fablica. Esse foi o caminho escolhido depois de o parecer elaborado pelo ex-ministro da Justi\u00e7a Miguel Reale [&hellip;]<\/p>\n","protected":false},"author":2,"featured_media":49777,"comment_status":"open","ping_status":"closed","sticky":false,"template":"","format":"standard","meta":{"_acf_changed":false,"footnotes":""},"categories":[16],"tags":[],"class_list":["post-49776","post","type-post","status-publish","format-standard","has-post-thumbnail","hentry","category-brasil"],"acf":[],"yoast_head":"<!-- This site is optimized with the Yoast SEO plugin v27.2 - https:\/\/yoast.com\/product\/yoast-seo-wordpress\/ -->\n<title>Oposi\u00e7\u00e3o decide trocar o impeachment por uma a\u00e7\u00e3o penal contra Dilma Rousseff - Notibras<\/title>\n<meta name=\"robots\" content=\"index, follow, max-snippet:-1, max-image-preview:large, max-video-preview:-1\" \/>\n<link rel=\"canonical\" href=\"https:\/\/www.notibras.com\/site\/oposicao-decide-trocar-impeachment-por-acao-penal-contra-dilma\/\" \/>\n<meta property=\"og:locale\" content=\"pt_BR\" \/>\n<meta property=\"og:type\" content=\"article\" \/>\n<meta property=\"og:title\" content=\"Oposi\u00e7\u00e3o decide trocar o impeachment por uma a\u00e7\u00e3o penal contra Dilma Rousseff - Notibras\" \/>\n<meta property=\"og:description\" content=\"Ap\u00f3s se reunir com l\u00edderes da oposi\u00e7\u00e3o, o presidente nacional do PSDB, senador A\u00e9cio Neves (MG), afirmou que eles ir\u00e3o protocolar na pr\u00f3xima ter\u00e7a-feira, 26, uma a\u00e7\u00e3o de crime comum contra a presidente Dilma Rousseff na Procuradoria-Geral da Rep\u00fablica. Esse foi o caminho escolhido depois de o parecer elaborado pelo ex-ministro da Justi\u00e7a Miguel Reale [&hellip;]\" \/>\n<meta property=\"og:url\" content=\"https:\/\/www.notibras.com\/site\/oposicao-decide-trocar-impeachment-por-acao-penal-contra-dilma\/\" \/>\n<meta property=\"og:site_name\" content=\"Notibras\" \/>\n<meta property=\"article:publisher\" content=\"https:\/\/www.facebook.com\/notibras\/\" \/>\n<meta property=\"article:published_time\" content=\"2015-05-21T20:57:20+00:00\" \/>\n<meta property=\"article:modified_time\" content=\"2015-05-22T10:11:39+00:00\" \/>\n<meta property=\"og:image\" content=\"https:\/\/www.notibras.com\/site\/wp-content\/uploads\/2015\/05\/ag.jpeg\" \/>\n\t<meta property=\"og:image:width\" content=\"400\" \/>\n\t<meta property=\"og:image:height\" content=\"266\" \/>\n\t<meta property=\"og:image:type\" content=\"image\/jpeg\" \/>\n<meta name=\"author\" content=\"Reda\u00e7\u00e3o\" \/>\n<meta name=\"twitter:card\" content=\"summary_large_image\" \/>\n<meta name=\"twitter:creator\" content=\"@Notibras\" \/>\n<meta name=\"twitter:site\" content=\"@Notibras\" \/>\n<meta name=\"twitter:label1\" content=\"Escrito por\" \/>\n\t<meta name=\"twitter:data1\" content=\"Reda\u00e7\u00e3o\" \/>\n\t<meta name=\"twitter:label2\" content=\"Est. tempo de leitura\" \/>\n\t<meta name=\"twitter:data2\" content=\"2 minutos\" \/>\n<script type=\"application\/ld+json\" class=\"yoast-schema-graph\">{\"@context\":\"https:\/\/schema.org\",\"@graph\":[{\"@type\":\"Article\",\"@id\":\"https:\/\/www.notibras.com\/site\/oposicao-decide-trocar-impeachment-por-acao-penal-contra-dilma\/#article\",\"isPartOf\":{\"@id\":\"https:\/\/www.notibras.com\/site\/oposicao-decide-trocar-impeachment-por-acao-penal-contra-dilma\/\"},\"author\":{\"name\":\"Reda\u00e7\u00e3o\",\"@id\":\"https:\/\/www.notibras.com\/site\/#\/schema\/person\/36ab0979449956132d3e5b517ea76ac8\"},\"headline\":\"Oposi\u00e7\u00e3o decide trocar o impeachment por uma a\u00e7\u00e3o penal contra Dilma Rousseff\",\"datePublished\":\"2015-05-21T20:57:20+00:00\",\"dateModified\":\"2015-05-22T10:11:39+00:00\",\"mainEntityOfPage\":{\"@id\":\"https:\/\/www.notibras.com\/site\/oposicao-decide-trocar-impeachment-por-acao-penal-contra-dilma\/\"},\"wordCount\":378,\"commentCount\":0,\"publisher\":{\"@id\":\"https:\/\/www.notibras.com\/site\/#organization\"},\"image\":{\"@id\":\"https:\/\/www.notibras.com\/site\/oposicao-decide-trocar-impeachment-por-acao-penal-contra-dilma\/#primaryimage\"},\"thumbnailUrl\":\"https:\/\/www.notibras.com\/site\/wp-content\/uploads\/2015\/05\/ag.jpeg\",\"articleSection\":[\"Brasil\"],\"inLanguage\":\"pt-BR\",\"potentialAction\":[{\"@type\":\"CommentAction\",\"name\":\"Comment\",\"target\":[\"https:\/\/www.notibras.com\/site\/oposicao-decide-trocar-impeachment-por-acao-penal-contra-dilma\/#respond\"]}]},{\"@type\":\"WebPage\",\"@id\":\"https:\/\/www.notibras.com\/site\/oposicao-decide-trocar-impeachment-por-acao-penal-contra-dilma\/\",\"url\":\"https:\/\/www.notibras.com\/site\/oposicao-decide-trocar-impeachment-por-acao-penal-contra-dilma\/\",\"name\":\"Oposi\u00e7\u00e3o decide trocar o impeachment por uma a\u00e7\u00e3o penal contra Dilma Rousseff - Notibras\",\"isPartOf\":{\"@id\":\"https:\/\/www.notibras.com\/site\/#website\"},\"primaryImageOfPage\":{\"@id\":\"https:\/\/www.notibras.com\/site\/oposicao-decide-trocar-impeachment-por-acao-penal-contra-dilma\/#primaryimage\"},\"image\":{\"@id\":\"https:\/\/www.notibras.com\/site\/oposicao-decide-trocar-impeachment-por-acao-penal-contra-dilma\/#primaryimage\"},\"thumbnailUrl\":\"https:\/\/www.notibras.com\/site\/wp-content\/uploads\/2015\/05\/ag.jpeg\",\"datePublished\":\"2015-05-21T20:57:20+00:00\",\"dateModified\":\"2015-05-22T10:11:39+00:00\",\"breadcrumb\":{\"@id\":\"https:\/\/www.notibras.com\/site\/oposicao-decide-trocar-impeachment-por-acao-penal-contra-dilma\/#breadcrumb\"},\"inLanguage\":\"pt-BR\",\"potentialAction\":[{\"@type\":\"ReadAction\",\"target\":[\"https:\/\/www.notibras.com\/site\/oposicao-decide-trocar-impeachment-por-acao-penal-contra-dilma\/\"]}]},{\"@type\":\"ImageObject\",\"inLanguage\":\"pt-BR\",\"@id\":\"https:\/\/www.notibras.com\/site\/oposicao-decide-trocar-impeachment-por-acao-penal-contra-dilma\/#primaryimage\",\"url\":\"https:\/\/www.notibras.com\/site\/wp-content\/uploads\/2015\/05\/ag.jpeg\",\"contentUrl\":\"https:\/\/www.notibras.com\/site\/wp-content\/uploads\/2015\/05\/ag.jpeg\",\"width\":400,\"height\":266},{\"@type\":\"BreadcrumbList\",\"@id\":\"https:\/\/www.notibras.com\/site\/oposicao-decide-trocar-impeachment-por-acao-penal-contra-dilma\/#breadcrumb\",\"itemListElement\":[{\"@type\":\"ListItem\",\"position\":1,\"name\":\"In\u00edcio\",\"item\":\"https:\/\/www.notibras.com\/site\/\"},{\"@type\":\"ListItem\",\"position\":2,\"name\":\"Oposi\u00e7\u00e3o decide trocar o impeachment por uma a\u00e7\u00e3o penal contra Dilma Rousseff\"}]},{\"@type\":\"WebSite\",\"@id\":\"https:\/\/www.notibras.com\/site\/#website\",\"url\":\"https:\/\/www.notibras.com\/site\/\",\"name\":\"Notibras\",\"description\":\"Not\u00edcias de Bras\u00edlia, do Brasil e do Mundo\",\"publisher\":{\"@id\":\"https:\/\/www.notibras.com\/site\/#organization\"},\"potentialAction\":[{\"@type\":\"SearchAction\",\"target\":{\"@type\":\"EntryPoint\",\"urlTemplate\":\"https:\/\/www.notibras.com\/site\/?s={search_term_string}\"},\"query-input\":{\"@type\":\"PropertyValueSpecification\",\"valueRequired\":true,\"valueName\":\"search_term_string\"}}],\"inLanguage\":\"pt-BR\"},{\"@type\":\"Organization\",\"@id\":\"https:\/\/www.notibras.com\/site\/#organization\",\"name\":\"Grupo Notibras de Comunica\u00e7\u00e3o\",\"url\":\"https:\/\/www.notibras.com\/site\/\",\"logo\":{\"@type\":\"ImageObject\",\"inLanguage\":\"pt-BR\",\"@id\":\"https:\/\/www.notibras.com\/site\/#\/schema\/logo\/image\/\",\"url\":\"https:\/\/www.notibras.com\/site\/wp-content\/uploads\/2023\/01\/notibras23.png\",\"contentUrl\":\"https:\/\/www.notibras.com\/site\/wp-content\/uploads\/2023\/01\/notibras23.png\",\"width\":350,\"height\":87,\"caption\":\"Grupo Notibras de Comunica\u00e7\u00e3o\"},\"image\":{\"@id\":\"https:\/\/www.notibras.com\/site\/#\/schema\/logo\/image\/\"},\"sameAs\":[\"https:\/\/www.facebook.com\/notibras\/\",\"https:\/\/x.com\/Notibras\",\"https:\/\/www.instagram.com\/notibras\/\"]},{\"@type\":\"Person\",\"@id\":\"https:\/\/www.notibras.com\/site\/#\/schema\/person\/36ab0979449956132d3e5b517ea76ac8\",\"name\":\"Reda\u00e7\u00e3o\",\"image\":{\"@type\":\"ImageObject\",\"inLanguage\":\"pt-BR\",\"@id\":\"https:\/\/secure.gravatar.com\/avatar\/e0a867bdedb85fd243eadf09663511f96fc81e0720a4a42581f334ad4303aa6b?s=96&d=mm&r=g\",\"url\":\"https:\/\/secure.gravatar.com\/avatar\/e0a867bdedb85fd243eadf09663511f96fc81e0720a4a42581f334ad4303aa6b?s=96&d=mm&r=g\",\"contentUrl\":\"https:\/\/secure.gravatar.com\/avatar\/e0a867bdedb85fd243eadf09663511f96fc81e0720a4a42581f334ad4303aa6b?s=96&d=mm&r=g\",\"caption\":\"Reda\u00e7\u00e3o\"}}]}<\/script>\n<!-- \/ Yoast SEO plugin. -->","yoast_head_json":{"title":"Oposi\u00e7\u00e3o decide trocar o impeachment por uma a\u00e7\u00e3o penal contra Dilma Rousseff - Notibras","robots":{"index":"index","follow":"follow","max-snippet":"max-snippet:-1","max-image-preview":"max-image-preview:large","max-video-preview":"max-video-preview:-1"},"canonical":"https:\/\/www.notibras.com\/site\/oposicao-decide-trocar-impeachment-por-acao-penal-contra-dilma\/","og_locale":"pt_BR","og_type":"article","og_title":"Oposi\u00e7\u00e3o decide trocar o impeachment por uma a\u00e7\u00e3o penal contra Dilma Rousseff - Notibras","og_description":"Ap\u00f3s se reunir com l\u00edderes da oposi\u00e7\u00e3o, o presidente nacional do PSDB, senador A\u00e9cio Neves (MG), afirmou que eles ir\u00e3o protocolar na pr\u00f3xima ter\u00e7a-feira, 26, uma a\u00e7\u00e3o de crime comum contra a presidente Dilma Rousseff na Procuradoria-Geral da Rep\u00fablica. Esse foi o caminho escolhido depois de o parecer elaborado pelo ex-ministro da Justi\u00e7a Miguel Reale [&hellip;]","og_url":"https:\/\/www.notibras.com\/site\/oposicao-decide-trocar-impeachment-por-acao-penal-contra-dilma\/","og_site_name":"Notibras","article_publisher":"https:\/\/www.facebook.com\/notibras\/","article_published_time":"2015-05-21T20:57:20+00:00","article_modified_time":"2015-05-22T10:11:39+00:00","og_image":[{"width":400,"height":266,"url":"https:\/\/www.notibras.com\/site\/wp-content\/uploads\/2015\/05\/ag.jpeg","type":"image\/jpeg"}],"author":"Reda\u00e7\u00e3o","twitter_card":"summary_large_image","twitter_creator":"@Notibras","twitter_site":"@Notibras","twitter_misc":{"Escrito por":"Reda\u00e7\u00e3o","Est. tempo de leitura":"2 minutos"},"schema":{"@context":"https:\/\/schema.org","@graph":[{"@type":"Article","@id":"https:\/\/www.notibras.com\/site\/oposicao-decide-trocar-impeachment-por-acao-penal-contra-dilma\/#article","isPartOf":{"@id":"https:\/\/www.notibras.com\/site\/oposicao-decide-trocar-impeachment-por-acao-penal-contra-dilma\/"},"author":{"name":"Reda\u00e7\u00e3o","@id":"https:\/\/www.notibras.com\/site\/#\/schema\/person\/36ab0979449956132d3e5b517ea76ac8"},"headline":"Oposi\u00e7\u00e3o decide trocar o impeachment por uma a\u00e7\u00e3o penal contra Dilma Rousseff","datePublished":"2015-05-21T20:57:20+00:00","dateModified":"2015-05-22T10:11:39+00:00","mainEntityOfPage":{"@id":"https:\/\/www.notibras.com\/site\/oposicao-decide-trocar-impeachment-por-acao-penal-contra-dilma\/"},"wordCount":378,"commentCount":0,"publisher":{"@id":"https:\/\/www.notibras.com\/site\/#organization"},"image":{"@id":"https:\/\/www.notibras.com\/site\/oposicao-decide-trocar-impeachment-por-acao-penal-contra-dilma\/#primaryimage"},"thumbnailUrl":"https:\/\/www.notibras.com\/site\/wp-content\/uploads\/2015\/05\/ag.jpeg","articleSection":["Brasil"],"inLanguage":"pt-BR","potentialAction":[{"@type":"CommentAction","name":"Comment","target":["https:\/\/www.notibras.com\/site\/oposicao-decide-trocar-impeachment-por-acao-penal-contra-dilma\/#respond"]}]},{"@type":"WebPage","@id":"https:\/\/www.notibras.com\/site\/oposicao-decide-trocar-impeachment-por-acao-penal-contra-dilma\/","url":"https:\/\/www.notibras.com\/site\/oposicao-decide-trocar-impeachment-por-acao-penal-contra-dilma\/","name":"Oposi\u00e7\u00e3o decide trocar o impeachment por uma a\u00e7\u00e3o penal contra Dilma Rousseff - Notibras","isPartOf":{"@id":"https:\/\/www.notibras.com\/site\/#website"},"primaryImageOfPage":{"@id":"https:\/\/www.notibras.com\/site\/oposicao-decide-trocar-impeachment-por-acao-penal-contra-dilma\/#primaryimage"},"image":{"@id":"https:\/\/www.notibras.com\/site\/oposicao-decide-trocar-impeachment-por-acao-penal-contra-dilma\/#primaryimage"},"thumbnailUrl":"https:\/\/www.notibras.com\/site\/wp-content\/uploads\/2015\/05\/ag.jpeg","datePublished":"2015-05-21T20:57:20+00:00","dateModified":"2015-05-22T10:11:39+00:00","breadcrumb":{"@id":"https:\/\/www.notibras.com\/site\/oposicao-decide-trocar-impeachment-por-acao-penal-contra-dilma\/#breadcrumb"},"inLanguage":"pt-BR","potentialAction":[{"@type":"ReadAction","target":["https:\/\/www.notibras.com\/site\/oposicao-decide-trocar-impeachment-por-acao-penal-contra-dilma\/"]}]},{"@type":"ImageObject","inLanguage":"pt-BR","@id":"https:\/\/www.notibras.com\/site\/oposicao-decide-trocar-impeachment-por-acao-penal-contra-dilma\/#primaryimage","url":"https:\/\/www.notibras.com\/site\/wp-content\/uploads\/2015\/05\/ag.jpeg","contentUrl":"https:\/\/www.notibras.com\/site\/wp-content\/uploads\/2015\/05\/ag.jpeg","width":400,"height":266},{"@type":"BreadcrumbList","@id":"https:\/\/www.notibras.com\/site\/oposicao-decide-trocar-impeachment-por-acao-penal-contra-dilma\/#breadcrumb","itemListElement":[{"@type":"ListItem","position":1,"name":"In\u00edcio","item":"https:\/\/www.notibras.com\/site\/"},{"@type":"ListItem","position":2,"name":"Oposi\u00e7\u00e3o decide trocar o impeachment por uma a\u00e7\u00e3o penal contra Dilma Rousseff"}]},{"@type":"WebSite","@id":"https:\/\/www.notibras.com\/site\/#website","url":"https:\/\/www.notibras.com\/site\/","name":"Notibras","description":"Not\u00edcias de Bras\u00edlia, do Brasil e do Mundo","publisher":{"@id":"https:\/\/www.notibras.com\/site\/#organization"},"potentialAction":[{"@type":"SearchAction","target":{"@type":"EntryPoint","urlTemplate":"https:\/\/www.notibras.com\/site\/?s={search_term_string}"},"query-input":{"@type":"PropertyValueSpecification","valueRequired":true,"valueName":"search_term_string"}}],"inLanguage":"pt-BR"},{"@type":"Organization","@id":"https:\/\/www.notibras.com\/site\/#organization","name":"Grupo Notibras de Comunica\u00e7\u00e3o","url":"https:\/\/www.notibras.com\/site\/","logo":{"@type":"ImageObject","inLanguage":"pt-BR","@id":"https:\/\/www.notibras.com\/site\/#\/schema\/logo\/image\/","url":"https:\/\/www.notibras.com\/site\/wp-content\/uploads\/2023\/01\/notibras23.png","contentUrl":"https:\/\/www.notibras.com\/site\/wp-content\/uploads\/2023\/01\/notibras23.png","width":350,"height":87,"caption":"Grupo Notibras de Comunica\u00e7\u00e3o"},"image":{"@id":"https:\/\/www.notibras.com\/site\/#\/schema\/logo\/image\/"},"sameAs":["https:\/\/www.facebook.com\/notibras\/","https:\/\/x.com\/Notibras","https:\/\/www.instagram.com\/notibras\/"]},{"@type":"Person","@id":"https:\/\/www.notibras.com\/site\/#\/schema\/person\/36ab0979449956132d3e5b517ea76ac8","name":"Reda\u00e7\u00e3o","image":{"@type":"ImageObject","inLanguage":"pt-BR","@id":"https:\/\/secure.gravatar.com\/avatar\/e0a867bdedb85fd243eadf09663511f96fc81e0720a4a42581f334ad4303aa6b?s=96&d=mm&r=g","url":"https:\/\/secure.gravatar.com\/avatar\/e0a867bdedb85fd243eadf09663511f96fc81e0720a4a42581f334ad4303aa6b?s=96&d=mm&r=g","contentUrl":"https:\/\/secure.gravatar.com\/avatar\/e0a867bdedb85fd243eadf09663511f96fc81e0720a4a42581f334ad4303aa6b?s=96&d=mm&r=g","caption":"Reda\u00e7\u00e3o"}}]}},"amp_enabled":true,"_links":{"self":[{"href":"https:\/\/www.notibras.com\/site\/wp-json\/wp\/v2\/posts\/49776","targetHints":{"allow":["GET"]}}],"collection":[{"href":"https:\/\/www.notibras.com\/site\/wp-json\/wp\/v2\/posts"}],"about":[{"href":"https:\/\/www.notibras.com\/site\/wp-json\/wp\/v2\/types\/post"}],"author":[{"embeddable":true,"href":"https:\/\/www.notibras.com\/site\/wp-json\/wp\/v2\/users\/2"}],"replies":[{"embeddable":true,"href":"https:\/\/www.notibras.com\/site\/wp-json\/wp\/v2\/comments?post=49776"}],"version-history":[{"count":0,"href":"https:\/\/www.notibras.com\/site\/wp-json\/wp\/v2\/posts\/49776\/revisions"}],"wp:featuredmedia":[{"embeddable":true,"href":"https:\/\/www.notibras.com\/site\/wp-json\/wp\/v2\/media\/49777"}],"wp:attachment":[{"href":"https:\/\/www.notibras.com\/site\/wp-json\/wp\/v2\/media?parent=49776"}],"wp:term":[{"taxonomy":"category","embeddable":true,"href":"https:\/\/www.notibras.com\/site\/wp-json\/wp\/v2\/categories?post=49776"},{"taxonomy":"post_tag","embeddable":true,"href":"https:\/\/www.notibras.com\/site\/wp-json\/wp\/v2\/tags?post=49776"}],"curies":[{"name":"wp","href":"https:\/\/api.w.org\/{rel}","templated":true}]}}