{"id":49788,"date":"2015-05-21T16:06:44","date_gmt":"2015-05-21T19:06:44","guid":{"rendered":"http:\/\/www.notibras.com\/site\/?p=49788"},"modified":"2015-05-21T18:11:14","modified_gmt":"2015-05-21T21:11:14","slug":"supremo-enterra-ideia-de-nova-sabatina-para-atender-lei-da-bengala","status":"publish","type":"post","link":"https:\/\/www.notibras.com\/site\/supremo-enterra-ideia-de-nova-sabatina-para-atender-lei-da-bengala\/","title":{"rendered":"Supremo enterra ideia de nova sabatina para Lei da Bengala"},"content":{"rendered":"<header>\n<div class=\"node-info\">O Supremo Tribunal Federal (STF) considerou nesta quinta 21 inconstitucional a possibilidade de ministros dos tribunais superiores e do Tribunal de Contas da Uni\u00e3o (TCU) passarem por nova sabatina no Senado para permanecerem no cargo ap\u00f3s completarem 70 anos. A interpreta\u00e7\u00e3o consta no texto da Emenda Constitucional 88\/2015, conhecida como Emenda da Bengala, que aumentou de 70 para 75 anos a idade de aposentadoria compuls\u00f3ria para os cargos. A emenda foi promulgada no dia 7 deste m\u00eas.<\/div>\n<\/header>\n<div class=\"content\">\n<p>O ministro Luiz Fux, relator da a\u00e7\u00e3o, entendeu que uma nova sabatina, al\u00e9m da prevista para ingressar no cargo, fere o princ\u00edpio constitucional da independ\u00eancia entre os Poderes. \u201c\u00c9 tormentoso imaginar que o exerc\u00edcio da jurisdi\u00e7\u00e3o possa ser desempenhado com isen\u00e7\u00e3o, quando o julgador, para permanecer no cargo, carece de confian\u00e7a pol\u00edtica do Poder Legislativo\u201d, disse o ministro.<\/p>\n<p>At\u00e9 o momento, o voto do relator foi seguido pelos ministros Lu\u00eds Roberto Barroso, Teori Zavascki, Rosa Weber, Dias Toffoli, C\u00e1rmen L\u00facia e Gilmar Mendes. Ainda faltam votar Marco Aur\u00e9lio, Celso de Mello e o presidente do STF, Ricardo Lewandowski.<\/p>\n<p>O Supremo tamb\u00e9m entendeu que aposentadoria aos 75 anos n\u00e3o pode ser estendida para ju\u00edzes e desembargadores. Conforme a decis\u00e3o,\u00a0 a eventual mudan\u00e7a deve ser feita por meio de altera\u00e7\u00e3o na Lei Org\u00e2nica da Magistratura (Loman), norma de iniciativa da Corte. Com o entendimento, desembargadores de\u00a0 Pernambuco e de S\u00e3o Paulo que conseguiram liminares para continuar no cargo at\u00e9 75 anos ser\u00e3o aposentados compulsoriamente.<\/p>\n<blockquote><p>O STF julgou a\u00e7\u00e3o proposta pela Associa\u00e7\u00e3o dos Magistrados Brasileiros (AMB), pela Associa\u00e7\u00e3o dos Ju\u00edzes Federais do Brasil (Ajufe) e pela Associa\u00e7\u00e3o dos Magistrados da Justi\u00e7a do Trabalho (Anamatra). As associa\u00e7\u00f5es recorreram ao Supremo contra a interpreta\u00e7\u00e3o de que os ministros precisar\u00e3o de uma nova sabatina para ficar mais cinco anos no cargo.<\/p><\/blockquote>\n<p>A emenda mudou o Artigo 40 da Constitui\u00e7\u00e3o Federal, de modo a garantir a ministros de tribunais superiores e do Tribunal de Contas da Uni\u00e3o (TCU) aposentadoria aos 75 anos. Com o novo texto, tamb\u00e9m foi estabelecido que a nova regra para aposentadoria ocorrer\u00e1 conforme o Artigo 52 da Constitui\u00e7\u00e3o Federal, at\u00e9 que uma lei complementar seja aprovada.<\/p>\n<\/div>\n","protected":false},"excerpt":{"rendered":"<p>O Supremo Tribunal Federal (STF) considerou nesta quinta 21 inconstitucional a possibilidade de ministros dos tribunais superiores e do Tribunal de Contas da Uni\u00e3o (TCU) passarem por nova sabatina no Senado para permanecerem no cargo ap\u00f3s completarem 70 anos. A interpreta\u00e7\u00e3o consta no texto da Emenda Constitucional 88\/2015, conhecida como Emenda da Bengala, que aumentou [&hellip;]<\/p>\n","protected":false},"author":2,"featured_media":49789,"comment_status":"open","ping_status":"closed","sticky":false,"template":"","format":"standard","meta":{"_acf_changed":false,"footnotes":""},"categories":[16],"tags":[],"class_list":["post-49788","post","type-post","status-publish","format-standard","has-post-thumbnail","hentry","category-brasil"],"acf":[],"yoast_head":"<!-- This site is optimized with the Yoast SEO plugin v27.2 - https:\/\/yoast.com\/product\/yoast-seo-wordpress\/ -->\n<title>Supremo enterra ideia de nova sabatina para Lei da Bengala - Notibras<\/title>\n<meta name=\"robots\" content=\"index, follow, max-snippet:-1, max-image-preview:large, max-video-preview:-1\" \/>\n<link rel=\"canonical\" href=\"https:\/\/www.notibras.com\/site\/supremo-enterra-ideia-de-nova-sabatina-para-atender-lei-da-bengala\/\" \/>\n<meta property=\"og:locale\" content=\"pt_BR\" \/>\n<meta property=\"og:type\" content=\"article\" \/>\n<meta property=\"og:title\" content=\"Supremo enterra ideia de nova sabatina para Lei da Bengala - Notibras\" \/>\n<meta property=\"og:description\" content=\"O Supremo Tribunal Federal (STF) considerou nesta quinta 21 inconstitucional a possibilidade de ministros dos tribunais superiores e do Tribunal de Contas da Uni\u00e3o (TCU) passarem por nova sabatina no Senado para permanecerem no cargo ap\u00f3s completarem 70 anos. A interpreta\u00e7\u00e3o consta no texto da Emenda Constitucional 88\/2015, conhecida como Emenda da Bengala, que aumentou [&hellip;]\" \/>\n<meta property=\"og:url\" content=\"https:\/\/www.notibras.com\/site\/supremo-enterra-ideia-de-nova-sabatina-para-atender-lei-da-bengala\/\" \/>\n<meta property=\"og:site_name\" content=\"Notibras\" \/>\n<meta property=\"article:publisher\" content=\"https:\/\/www.facebook.com\/notibras\/\" \/>\n<meta property=\"article:published_time\" content=\"2015-05-21T19:06:44+00:00\" \/>\n<meta property=\"article:modified_time\" content=\"2015-05-21T21:11:14+00:00\" \/>\n<meta property=\"og:image\" content=\"https:\/\/www.notibras.com\/site\/wp-content\/uploads\/2015\/05\/saba.jpg\" \/>\n\t<meta property=\"og:image:width\" content=\"550\" \/>\n\t<meta property=\"og:image:height\" content=\"366\" \/>\n\t<meta property=\"og:image:type\" content=\"image\/jpeg\" \/>\n<meta name=\"author\" content=\"Reda\u00e7\u00e3o\" \/>\n<meta name=\"twitter:card\" content=\"summary_large_image\" \/>\n<meta name=\"twitter:creator\" content=\"@Notibras\" \/>\n<meta name=\"twitter:site\" content=\"@Notibras\" \/>\n<meta name=\"twitter:label1\" content=\"Escrito por\" \/>\n\t<meta name=\"twitter:data1\" content=\"Reda\u00e7\u00e3o\" \/>\n\t<meta name=\"twitter:label2\" content=\"Est. tempo de leitura\" \/>\n\t<meta name=\"twitter:data2\" content=\"2 minutos\" \/>\n<script type=\"application\/ld+json\" class=\"yoast-schema-graph\">{\"@context\":\"https:\/\/schema.org\",\"@graph\":[{\"@type\":\"Article\",\"@id\":\"https:\/\/www.notibras.com\/site\/supremo-enterra-ideia-de-nova-sabatina-para-atender-lei-da-bengala\/#article\",\"isPartOf\":{\"@id\":\"https:\/\/www.notibras.com\/site\/supremo-enterra-ideia-de-nova-sabatina-para-atender-lei-da-bengala\/\"},\"author\":{\"name\":\"Reda\u00e7\u00e3o\",\"@id\":\"https:\/\/www.notibras.com\/site\/#\/schema\/person\/36ab0979449956132d3e5b517ea76ac8\"},\"headline\":\"Supremo enterra ideia de nova sabatina para Lei da Bengala\",\"datePublished\":\"2015-05-21T19:06:44+00:00\",\"dateModified\":\"2015-05-21T21:11:14+00:00\",\"mainEntityOfPage\":{\"@id\":\"https:\/\/www.notibras.com\/site\/supremo-enterra-ideia-de-nova-sabatina-para-atender-lei-da-bengala\/\"},\"wordCount\":388,\"commentCount\":0,\"publisher\":{\"@id\":\"https:\/\/www.notibras.com\/site\/#organization\"},\"image\":{\"@id\":\"https:\/\/www.notibras.com\/site\/supremo-enterra-ideia-de-nova-sabatina-para-atender-lei-da-bengala\/#primaryimage\"},\"thumbnailUrl\":\"https:\/\/www.notibras.com\/site\/wp-content\/uploads\/2015\/05\/saba.jpg\",\"articleSection\":[\"Brasil\"],\"inLanguage\":\"pt-BR\",\"potentialAction\":[{\"@type\":\"CommentAction\",\"name\":\"Comment\",\"target\":[\"https:\/\/www.notibras.com\/site\/supremo-enterra-ideia-de-nova-sabatina-para-atender-lei-da-bengala\/#respond\"]}]},{\"@type\":\"WebPage\",\"@id\":\"https:\/\/www.notibras.com\/site\/supremo-enterra-ideia-de-nova-sabatina-para-atender-lei-da-bengala\/\",\"url\":\"https:\/\/www.notibras.com\/site\/supremo-enterra-ideia-de-nova-sabatina-para-atender-lei-da-bengala\/\",\"name\":\"Supremo enterra ideia de nova sabatina para Lei da Bengala - Notibras\",\"isPartOf\":{\"@id\":\"https:\/\/www.notibras.com\/site\/#website\"},\"primaryImageOfPage\":{\"@id\":\"https:\/\/www.notibras.com\/site\/supremo-enterra-ideia-de-nova-sabatina-para-atender-lei-da-bengala\/#primaryimage\"},\"image\":{\"@id\":\"https:\/\/www.notibras.com\/site\/supremo-enterra-ideia-de-nova-sabatina-para-atender-lei-da-bengala\/#primaryimage\"},\"thumbnailUrl\":\"https:\/\/www.notibras.com\/site\/wp-content\/uploads\/2015\/05\/saba.jpg\",\"datePublished\":\"2015-05-21T19:06:44+00:00\",\"dateModified\":\"2015-05-21T21:11:14+00:00\",\"breadcrumb\":{\"@id\":\"https:\/\/www.notibras.com\/site\/supremo-enterra-ideia-de-nova-sabatina-para-atender-lei-da-bengala\/#breadcrumb\"},\"inLanguage\":\"pt-BR\",\"potentialAction\":[{\"@type\":\"ReadAction\",\"target\":[\"https:\/\/www.notibras.com\/site\/supremo-enterra-ideia-de-nova-sabatina-para-atender-lei-da-bengala\/\"]}]},{\"@type\":\"ImageObject\",\"inLanguage\":\"pt-BR\",\"@id\":\"https:\/\/www.notibras.com\/site\/supremo-enterra-ideia-de-nova-sabatina-para-atender-lei-da-bengala\/#primaryimage\",\"url\":\"https:\/\/www.notibras.com\/site\/wp-content\/uploads\/2015\/05\/saba.jpg\",\"contentUrl\":\"https:\/\/www.notibras.com\/site\/wp-content\/uploads\/2015\/05\/saba.jpg\",\"width\":550,\"height\":366},{\"@type\":\"BreadcrumbList\",\"@id\":\"https:\/\/www.notibras.com\/site\/supremo-enterra-ideia-de-nova-sabatina-para-atender-lei-da-bengala\/#breadcrumb\",\"itemListElement\":[{\"@type\":\"ListItem\",\"position\":1,\"name\":\"In\u00edcio\",\"item\":\"https:\/\/www.notibras.com\/site\/\"},{\"@type\":\"ListItem\",\"position\":2,\"name\":\"Supremo enterra ideia de nova sabatina para Lei da Bengala\"}]},{\"@type\":\"WebSite\",\"@id\":\"https:\/\/www.notibras.com\/site\/#website\",\"url\":\"https:\/\/www.notibras.com\/site\/\",\"name\":\"Notibras\",\"description\":\"Not\u00edcias de Bras\u00edlia, do Brasil e do Mundo\",\"publisher\":{\"@id\":\"https:\/\/www.notibras.com\/site\/#organization\"},\"potentialAction\":[{\"@type\":\"SearchAction\",\"target\":{\"@type\":\"EntryPoint\",\"urlTemplate\":\"https:\/\/www.notibras.com\/site\/?s={search_term_string}\"},\"query-input\":{\"@type\":\"PropertyValueSpecification\",\"valueRequired\":true,\"valueName\":\"search_term_string\"}}],\"inLanguage\":\"pt-BR\"},{\"@type\":\"Organization\",\"@id\":\"https:\/\/www.notibras.com\/site\/#organization\",\"name\":\"Grupo Notibras de Comunica\u00e7\u00e3o\",\"url\":\"https:\/\/www.notibras.com\/site\/\",\"logo\":{\"@type\":\"ImageObject\",\"inLanguage\":\"pt-BR\",\"@id\":\"https:\/\/www.notibras.com\/site\/#\/schema\/logo\/image\/\",\"url\":\"https:\/\/www.notibras.com\/site\/wp-content\/uploads\/2023\/01\/notibras23.png\",\"contentUrl\":\"https:\/\/www.notibras.com\/site\/wp-content\/uploads\/2023\/01\/notibras23.png\",\"width\":350,\"height\":87,\"caption\":\"Grupo Notibras de Comunica\u00e7\u00e3o\"},\"image\":{\"@id\":\"https:\/\/www.notibras.com\/site\/#\/schema\/logo\/image\/\"},\"sameAs\":[\"https:\/\/www.facebook.com\/notibras\/\",\"https:\/\/x.com\/Notibras\",\"https:\/\/www.instagram.com\/notibras\/\"]},{\"@type\":\"Person\",\"@id\":\"https:\/\/www.notibras.com\/site\/#\/schema\/person\/36ab0979449956132d3e5b517ea76ac8\",\"name\":\"Reda\u00e7\u00e3o\",\"image\":{\"@type\":\"ImageObject\",\"inLanguage\":\"pt-BR\",\"@id\":\"https:\/\/secure.gravatar.com\/avatar\/e0a867bdedb85fd243eadf09663511f96fc81e0720a4a42581f334ad4303aa6b?s=96&d=mm&r=g\",\"url\":\"https:\/\/secure.gravatar.com\/avatar\/e0a867bdedb85fd243eadf09663511f96fc81e0720a4a42581f334ad4303aa6b?s=96&d=mm&r=g\",\"contentUrl\":\"https:\/\/secure.gravatar.com\/avatar\/e0a867bdedb85fd243eadf09663511f96fc81e0720a4a42581f334ad4303aa6b?s=96&d=mm&r=g\",\"caption\":\"Reda\u00e7\u00e3o\"}}]}<\/script>\n<!-- \/ Yoast SEO plugin. -->","yoast_head_json":{"title":"Supremo enterra ideia de nova sabatina para Lei da Bengala - Notibras","robots":{"index":"index","follow":"follow","max-snippet":"max-snippet:-1","max-image-preview":"max-image-preview:large","max-video-preview":"max-video-preview:-1"},"canonical":"https:\/\/www.notibras.com\/site\/supremo-enterra-ideia-de-nova-sabatina-para-atender-lei-da-bengala\/","og_locale":"pt_BR","og_type":"article","og_title":"Supremo enterra ideia de nova sabatina para Lei da Bengala - Notibras","og_description":"O Supremo Tribunal Federal (STF) considerou nesta quinta 21 inconstitucional a possibilidade de ministros dos tribunais superiores e do Tribunal de Contas da Uni\u00e3o (TCU) passarem por nova sabatina no Senado para permanecerem no cargo ap\u00f3s completarem 70 anos. A interpreta\u00e7\u00e3o consta no texto da Emenda Constitucional 88\/2015, conhecida como Emenda da Bengala, que aumentou [&hellip;]","og_url":"https:\/\/www.notibras.com\/site\/supremo-enterra-ideia-de-nova-sabatina-para-atender-lei-da-bengala\/","og_site_name":"Notibras","article_publisher":"https:\/\/www.facebook.com\/notibras\/","article_published_time":"2015-05-21T19:06:44+00:00","article_modified_time":"2015-05-21T21:11:14+00:00","og_image":[{"width":550,"height":366,"url":"https:\/\/www.notibras.com\/site\/wp-content\/uploads\/2015\/05\/saba.jpg","type":"image\/jpeg"}],"author":"Reda\u00e7\u00e3o","twitter_card":"summary_large_image","twitter_creator":"@Notibras","twitter_site":"@Notibras","twitter_misc":{"Escrito por":"Reda\u00e7\u00e3o","Est. tempo de leitura":"2 minutos"},"schema":{"@context":"https:\/\/schema.org","@graph":[{"@type":"Article","@id":"https:\/\/www.notibras.com\/site\/supremo-enterra-ideia-de-nova-sabatina-para-atender-lei-da-bengala\/#article","isPartOf":{"@id":"https:\/\/www.notibras.com\/site\/supremo-enterra-ideia-de-nova-sabatina-para-atender-lei-da-bengala\/"},"author":{"name":"Reda\u00e7\u00e3o","@id":"https:\/\/www.notibras.com\/site\/#\/schema\/person\/36ab0979449956132d3e5b517ea76ac8"},"headline":"Supremo enterra ideia de nova sabatina para Lei da Bengala","datePublished":"2015-05-21T19:06:44+00:00","dateModified":"2015-05-21T21:11:14+00:00","mainEntityOfPage":{"@id":"https:\/\/www.notibras.com\/site\/supremo-enterra-ideia-de-nova-sabatina-para-atender-lei-da-bengala\/"},"wordCount":388,"commentCount":0,"publisher":{"@id":"https:\/\/www.notibras.com\/site\/#organization"},"image":{"@id":"https:\/\/www.notibras.com\/site\/supremo-enterra-ideia-de-nova-sabatina-para-atender-lei-da-bengala\/#primaryimage"},"thumbnailUrl":"https:\/\/www.notibras.com\/site\/wp-content\/uploads\/2015\/05\/saba.jpg","articleSection":["Brasil"],"inLanguage":"pt-BR","potentialAction":[{"@type":"CommentAction","name":"Comment","target":["https:\/\/www.notibras.com\/site\/supremo-enterra-ideia-de-nova-sabatina-para-atender-lei-da-bengala\/#respond"]}]},{"@type":"WebPage","@id":"https:\/\/www.notibras.com\/site\/supremo-enterra-ideia-de-nova-sabatina-para-atender-lei-da-bengala\/","url":"https:\/\/www.notibras.com\/site\/supremo-enterra-ideia-de-nova-sabatina-para-atender-lei-da-bengala\/","name":"Supremo enterra ideia de nova sabatina para Lei da Bengala - Notibras","isPartOf":{"@id":"https:\/\/www.notibras.com\/site\/#website"},"primaryImageOfPage":{"@id":"https:\/\/www.notibras.com\/site\/supremo-enterra-ideia-de-nova-sabatina-para-atender-lei-da-bengala\/#primaryimage"},"image":{"@id":"https:\/\/www.notibras.com\/site\/supremo-enterra-ideia-de-nova-sabatina-para-atender-lei-da-bengala\/#primaryimage"},"thumbnailUrl":"https:\/\/www.notibras.com\/site\/wp-content\/uploads\/2015\/05\/saba.jpg","datePublished":"2015-05-21T19:06:44+00:00","dateModified":"2015-05-21T21:11:14+00:00","breadcrumb":{"@id":"https:\/\/www.notibras.com\/site\/supremo-enterra-ideia-de-nova-sabatina-para-atender-lei-da-bengala\/#breadcrumb"},"inLanguage":"pt-BR","potentialAction":[{"@type":"ReadAction","target":["https:\/\/www.notibras.com\/site\/supremo-enterra-ideia-de-nova-sabatina-para-atender-lei-da-bengala\/"]}]},{"@type":"ImageObject","inLanguage":"pt-BR","@id":"https:\/\/www.notibras.com\/site\/supremo-enterra-ideia-de-nova-sabatina-para-atender-lei-da-bengala\/#primaryimage","url":"https:\/\/www.notibras.com\/site\/wp-content\/uploads\/2015\/05\/saba.jpg","contentUrl":"https:\/\/www.notibras.com\/site\/wp-content\/uploads\/2015\/05\/saba.jpg","width":550,"height":366},{"@type":"BreadcrumbList","@id":"https:\/\/www.notibras.com\/site\/supremo-enterra-ideia-de-nova-sabatina-para-atender-lei-da-bengala\/#breadcrumb","itemListElement":[{"@type":"ListItem","position":1,"name":"In\u00edcio","item":"https:\/\/www.notibras.com\/site\/"},{"@type":"ListItem","position":2,"name":"Supremo enterra ideia de nova sabatina para Lei da Bengala"}]},{"@type":"WebSite","@id":"https:\/\/www.notibras.com\/site\/#website","url":"https:\/\/www.notibras.com\/site\/","name":"Notibras","description":"Not\u00edcias de Bras\u00edlia, do Brasil e do Mundo","publisher":{"@id":"https:\/\/www.notibras.com\/site\/#organization"},"potentialAction":[{"@type":"SearchAction","target":{"@type":"EntryPoint","urlTemplate":"https:\/\/www.notibras.com\/site\/?s={search_term_string}"},"query-input":{"@type":"PropertyValueSpecification","valueRequired":true,"valueName":"search_term_string"}}],"inLanguage":"pt-BR"},{"@type":"Organization","@id":"https:\/\/www.notibras.com\/site\/#organization","name":"Grupo Notibras de Comunica\u00e7\u00e3o","url":"https:\/\/www.notibras.com\/site\/","logo":{"@type":"ImageObject","inLanguage":"pt-BR","@id":"https:\/\/www.notibras.com\/site\/#\/schema\/logo\/image\/","url":"https:\/\/www.notibras.com\/site\/wp-content\/uploads\/2023\/01\/notibras23.png","contentUrl":"https:\/\/www.notibras.com\/site\/wp-content\/uploads\/2023\/01\/notibras23.png","width":350,"height":87,"caption":"Grupo Notibras de Comunica\u00e7\u00e3o"},"image":{"@id":"https:\/\/www.notibras.com\/site\/#\/schema\/logo\/image\/"},"sameAs":["https:\/\/www.facebook.com\/notibras\/","https:\/\/x.com\/Notibras","https:\/\/www.instagram.com\/notibras\/"]},{"@type":"Person","@id":"https:\/\/www.notibras.com\/site\/#\/schema\/person\/36ab0979449956132d3e5b517ea76ac8","name":"Reda\u00e7\u00e3o","image":{"@type":"ImageObject","inLanguage":"pt-BR","@id":"https:\/\/secure.gravatar.com\/avatar\/e0a867bdedb85fd243eadf09663511f96fc81e0720a4a42581f334ad4303aa6b?s=96&d=mm&r=g","url":"https:\/\/secure.gravatar.com\/avatar\/e0a867bdedb85fd243eadf09663511f96fc81e0720a4a42581f334ad4303aa6b?s=96&d=mm&r=g","contentUrl":"https:\/\/secure.gravatar.com\/avatar\/e0a867bdedb85fd243eadf09663511f96fc81e0720a4a42581f334ad4303aa6b?s=96&d=mm&r=g","caption":"Reda\u00e7\u00e3o"}}]}},"amp_enabled":true,"_links":{"self":[{"href":"https:\/\/www.notibras.com\/site\/wp-json\/wp\/v2\/posts\/49788","targetHints":{"allow":["GET"]}}],"collection":[{"href":"https:\/\/www.notibras.com\/site\/wp-json\/wp\/v2\/posts"}],"about":[{"href":"https:\/\/www.notibras.com\/site\/wp-json\/wp\/v2\/types\/post"}],"author":[{"embeddable":true,"href":"https:\/\/www.notibras.com\/site\/wp-json\/wp\/v2\/users\/2"}],"replies":[{"embeddable":true,"href":"https:\/\/www.notibras.com\/site\/wp-json\/wp\/v2\/comments?post=49788"}],"version-history":[{"count":0,"href":"https:\/\/www.notibras.com\/site\/wp-json\/wp\/v2\/posts\/49788\/revisions"}],"wp:featuredmedia":[{"embeddable":true,"href":"https:\/\/www.notibras.com\/site\/wp-json\/wp\/v2\/media\/49789"}],"wp:attachment":[{"href":"https:\/\/www.notibras.com\/site\/wp-json\/wp\/v2\/media?parent=49788"}],"wp:term":[{"taxonomy":"category","embeddable":true,"href":"https:\/\/www.notibras.com\/site\/wp-json\/wp\/v2\/categories?post=49788"},{"taxonomy":"post_tag","embeddable":true,"href":"https:\/\/www.notibras.com\/site\/wp-json\/wp\/v2\/tags?post=49788"}],"curies":[{"name":"wp","href":"https:\/\/api.w.org\/{rel}","templated":true}]}}