{"id":49821,"date":"2015-05-22T07:10:21","date_gmt":"2015-05-22T10:10:21","guid":{"rendered":"http:\/\/www.notibras.com\/site\/?p=49821"},"modified":"2015-05-22T14:17:31","modified_gmt":"2015-05-22T17:17:31","slug":"aldo-sugere-passar-a-mao-na-cabeca-das-empresas-do-petrolao","status":"publish","type":"post","link":"https:\/\/www.notibras.com\/site\/aldo-sugere-passar-a-mao-na-cabeca-das-empresas-do-petrolao\/","title":{"rendered":"Aldo Rebelo sugere passar a m\u00e3o na cabe\u00e7a das empresas envolvidas no Petrol\u00e3o"},"content":{"rendered":"<p>O ministro da Ci\u00eancia, Tecnologia e Inova\u00e7\u00e3o, Aldo Rebelo (PC do B), defendeu nesta quinta-feira (21) que as empresas envolvidas no esc\u00e2ndalo da Petrobras, investigadas pela Opera\u00e7\u00e3o Lava Jato, n\u00e3o sejam punidas ou declaradas inid\u00f4neas porque foram essenciais na constru\u00e7\u00e3o da infraestrutura e na inova\u00e7\u00e3o do Pa\u00eds.<\/p>\n<p>Na defesa das empresas, o ministro citou que nem mesmo a Alemanha, quando enforcou os carrascos nazistas, n\u00e3o processou os executivos das empresas que participaram do esfor\u00e7o de guerra nem puniu ou fechou as companhias que os abrigaram.<\/p>\n<p>Apesar da defesa das empresas, Rebelo disse que o Pa\u00eds espera que os respons\u00e1veis pelos atos de corrup\u00e7\u00e3o nos setores privado e p\u00fablico sejam punidos.<\/p>\n<p>&#8220;Espero que a opera\u00e7\u00e3o Lava Jato colha o resultado que todos desejamos, que \u00e9 o de punir exemplarmente os envolvidos com a corrup\u00e7\u00e3o nos setores privado e p\u00fablico. O Pa\u00eds precisa disso, mas n\u00e3o pode sacrificar as empresas [envolvidas], pois elas ajudaram a construir a infraestrutura do Pa\u00eds&#8221;, disse.<\/p>\n<blockquote><p>&#8220;Mesmo a Alemanha, quando passou pelo nazismo e enforcou os carrascos nazistas, n\u00e3o fechou as empresas, mesmo as que participaram do esfor\u00e7o de guerra, nem seus executivos foram processados nem as empresas foram fechadas ou tornadas inid\u00f4neas. Acho que no Brasil precisamos fazer essa diferen\u00e7a, punir os respons\u00e1veis pela corrup\u00e7\u00e3o no setor p\u00fablico e privado, mas as empresas precisam ser preservadas porque s\u00e3o detentoras de tecnologia e da mem\u00f3ria da engenharia nacional, na inova\u00e7\u00e3o.&#8221;<\/p><\/blockquote>\n<p>Ao falar da Lava Jato, o ministro, que participou hoje na capital paulista de palestra no Congresso Internacional de Servi\u00e7os de Sa\u00fade, disse que os reflexos dessa opera\u00e7\u00e3o trouxeram dificuldades \u00e0s empresas envolvidas.<\/p>\n<p>&#8220;Todas [as empresas] s\u00e3o inovadoras, mesmo as construtoras envolvidas na opera\u00e7\u00e3o tamb\u00e9m s\u00e3o inovadoras, com projetos interessantes em suas respectivas \u00e1reas&#8221;, destacou. E elogiou tamb\u00e9m a empresa foco da opera\u00e7\u00e3o, a Petrobras.<\/p>\n<p>&#8220;A Petrobras \u00e9 uma das empresas mais inovadoras do Pa\u00eds, que registra mais patentes, que mais investe em pesquisa, \u00e9 refer\u00eancia em tecnologia no mundo na \u00e1rea de petr\u00f3leo, principalmente em explora\u00e7\u00e3o em \u00e1guas profundas.&#8221;<\/p>\n<p>Em entrevista coletiva ap\u00f3s a palestra, o ministro defendeu que 50% do fundo social do pr\u00e9-sal sejam destinados \u00e0 \u00e1rea de ci\u00eancia, tecnologia e inova\u00e7\u00e3o.<\/p>\n<p>Ele disse que conversou com a presidente Dilma Rousseff e ela deu o sinal verde para que sua Pasta fa\u00e7a a proposta, que ser\u00e1 posteriormente regulamentada pelo Congresso Nacional.<\/p>\n<p>&#8220;J\u00e1 h\u00e1 o compromisso [da presidente] de que uma parte importante do que resta deste fundo (50%) ser\u00e1 destinado para o setor.&#8221;<\/p>\n<p>Ele citou que tamb\u00e9m j\u00e1 falou com os parlamentares e que a proposta tem tudo para ser aprovada. Do fundo social do pr\u00e9-sal, 50% j\u00e1 foram regulamentados, sendo que deste montante 75% s\u00e3o destinados \u00e0 educa\u00e7\u00e3o e 25%, \u00e0 sa\u00fade.<\/p>\n<p>&#8220;A \u00e1rea de ci\u00eancia e tecnologia j\u00e1 n\u00e3o deveria ter ficado de fora da regulamenta\u00e7\u00e3o (dos primeiros 50%), pois a educa\u00e7\u00e3o tem como base a ci\u00eancia e a sa\u00fade precisa da ci\u00eancia e tecnologia tamb\u00e9m.&#8221;<\/p>\n<p>Caso a destina\u00e7\u00e3o dos recursos do pr\u00e9-sal seja aprovada pelo Parlamento, Rebelo disse que o dinheiro ser\u00e1 investido em universidades, institutos de pesquisa, ci\u00eancia b\u00e1sica, projetos de inova\u00e7\u00e3o, fortalecimento dos fundos setoriais, ci\u00eancia e tecnologia para sa\u00fade, para defesa e para as cidades e solu\u00e7\u00f5es para saneamento b\u00e1sico que precisam de pesquisa.<\/p>\n<p>Ao falar do Congresso Nacional, Rebelo disse que desde que tomou posse no Minist\u00e9rio, sempre teve boa receptividade no Parlamento.<\/p>\n<blockquote><p>&#8220;Ontem (20) a presidente sancionou a Lei da Biodiversidade, que \u00e9 uma lei inovadora, porque os presidentes da C\u00e2mara [Eduardo Cunha\/PMDB-RJ] e do Senado (Renan Calheiros\/PMDB-AL) pautaram essa lei que j\u00e1 estava no Congresso h\u00e1 muito tempo. Estamos votando a Lei Geral de C&amp;T e promulgamos uma PEC que inclui na Constitui\u00e7\u00e3o a inova\u00e7\u00e3o como parte do sistema de ci\u00eancia e tecnologia e temos boa vontade no Congresso. Creio que n\u00e3o terei dificuldades [nessa rela\u00e7\u00e3o].&#8221;<\/p><\/blockquote>\n<p>Rebelo disse que o corte proposto pelo ministro da Fazenda, Joaquim Levy, como parte do ajuste fiscal necess\u00e1rio para o governo equilibrar as suas contas, afetar\u00e1 a sua Pasta.<\/p>\n<p>&#8220;[O corte] vai afetar porque n\u00e3o creio que nenhum Minist\u00e9rio vai ficar sem contribuir com esse esfor\u00e7o&#8221;, disse, afirmando que viveu situa\u00e7\u00e3o semelhante na primeira gest\u00e3o do governo Lula, com taxas de juros elevadas, mas que depois o Pa\u00eds se recuperou.<\/p>\n<p>&#8220;O ajuste [fiscal] \u00e9 uma necessidade do Brasil, n\u00e3o \u00e9 a primeira vez que fazemos, n\u00e3o somos o primeiro Pa\u00eds nem o \u00faltimo a faz\u00ea-lo, n\u00e3o somos a \u00fanica institui\u00e7\u00e3o a faz\u00ea-lo, os jornais fazem ajuste quando precisam, as emissoras de r\u00e1dio, TV, as empresas e fam\u00edlias, todo mundo passa por uma situa\u00e7\u00e3o de dificuldade. Mas isso [ajuste] \u00e9 para recuperar a capacidade de crescer, se desenvolver e gerar empregos, gerar tributos e riquezas. O ajuste n\u00e3o \u00e9 um fim, \u00e9 uma etapa que vamos percorrer para recuperar o crescimento&#8221;, disse o ministro, alegando que apesar dos cortes, n\u00e3o ir\u00e1 sacrificar os projetos essenciais.<\/p>\n<p>&#8220;Estamos examinando o que podemos sacrificar no ajuste e o que \u00e9 necess\u00e1rio continuar.&#8221;<\/p>\n<div class=\"modalbumfotos modulos carregado\"><\/div>\n","protected":false},"excerpt":{"rendered":"<p>O ministro da Ci\u00eancia, Tecnologia e Inova\u00e7\u00e3o, Aldo Rebelo (PC do B), defendeu nesta quinta-feira (21) que as empresas envolvidas no esc\u00e2ndalo da Petrobras, investigadas pela Opera\u00e7\u00e3o Lava Jato, n\u00e3o sejam punidas ou declaradas inid\u00f4neas porque foram essenciais na constru\u00e7\u00e3o da infraestrutura e na inova\u00e7\u00e3o do Pa\u00eds. Na defesa das empresas, o ministro citou que [&hellip;]<\/p>\n","protected":false},"author":2,"featured_media":49822,"comment_status":"open","ping_status":"closed","sticky":false,"template":"","format":"standard","meta":{"_acf_changed":false,"footnotes":""},"categories":[16],"tags":[],"class_list":["post-49821","post","type-post","status-publish","format-standard","has-post-thumbnail","hentry","category-brasil"],"acf":[],"yoast_head":"<!-- This site is optimized with the Yoast SEO plugin v27.2 - https:\/\/yoast.com\/product\/yoast-seo-wordpress\/ -->\n<title>Aldo Rebelo sugere passar a m\u00e3o na cabe\u00e7a das empresas envolvidas no Petrol\u00e3o - Notibras<\/title>\n<meta name=\"robots\" content=\"index, follow, max-snippet:-1, max-image-preview:large, max-video-preview:-1\" \/>\n<link rel=\"canonical\" href=\"https:\/\/www.notibras.com\/site\/aldo-sugere-passar-a-mao-na-cabeca-das-empresas-do-petrolao\/\" \/>\n<meta property=\"og:locale\" content=\"pt_BR\" \/>\n<meta property=\"og:type\" content=\"article\" \/>\n<meta property=\"og:title\" content=\"Aldo Rebelo sugere passar a m\u00e3o na cabe\u00e7a das empresas envolvidas no Petrol\u00e3o - Notibras\" \/>\n<meta property=\"og:description\" content=\"O ministro da Ci\u00eancia, Tecnologia e Inova\u00e7\u00e3o, Aldo Rebelo (PC do B), defendeu nesta quinta-feira (21) que as empresas envolvidas no esc\u00e2ndalo da Petrobras, investigadas pela Opera\u00e7\u00e3o Lava Jato, n\u00e3o sejam punidas ou declaradas inid\u00f4neas porque foram essenciais na constru\u00e7\u00e3o da infraestrutura e na inova\u00e7\u00e3o do Pa\u00eds. Na defesa das empresas, o ministro citou que [&hellip;]\" \/>\n<meta property=\"og:url\" content=\"https:\/\/www.notibras.com\/site\/aldo-sugere-passar-a-mao-na-cabeca-das-empresas-do-petrolao\/\" \/>\n<meta property=\"og:site_name\" content=\"Notibras\" \/>\n<meta property=\"article:publisher\" content=\"https:\/\/www.facebook.com\/notibras\/\" \/>\n<meta property=\"article:published_time\" content=\"2015-05-22T10:10:21+00:00\" \/>\n<meta property=\"article:modified_time\" content=\"2015-05-22T17:17:31+00:00\" \/>\n<meta property=\"og:image\" content=\"https:\/\/www.notibras.com\/site\/wp-content\/uploads\/2015\/05\/aldo.jpg\" \/>\n\t<meta property=\"og:image:width\" content=\"650\" \/>\n\t<meta property=\"og:image:height\" content=\"433\" \/>\n\t<meta property=\"og:image:type\" content=\"image\/jpeg\" \/>\n<meta name=\"author\" content=\"Reda\u00e7\u00e3o\" \/>\n<meta name=\"twitter:card\" content=\"summary_large_image\" \/>\n<meta name=\"twitter:creator\" content=\"@Notibras\" \/>\n<meta name=\"twitter:site\" content=\"@Notibras\" \/>\n<meta name=\"twitter:label1\" content=\"Escrito por\" \/>\n\t<meta name=\"twitter:data1\" content=\"Reda\u00e7\u00e3o\" \/>\n\t<meta name=\"twitter:label2\" content=\"Est. tempo de leitura\" \/>\n\t<meta name=\"twitter:data2\" content=\"5 minutos\" \/>\n<script type=\"application\/ld+json\" class=\"yoast-schema-graph\">{\"@context\":\"https:\/\/schema.org\",\"@graph\":[{\"@type\":\"Article\",\"@id\":\"https:\/\/www.notibras.com\/site\/aldo-sugere-passar-a-mao-na-cabeca-das-empresas-do-petrolao\/#article\",\"isPartOf\":{\"@id\":\"https:\/\/www.notibras.com\/site\/aldo-sugere-passar-a-mao-na-cabeca-das-empresas-do-petrolao\/\"},\"author\":{\"name\":\"Reda\u00e7\u00e3o\",\"@id\":\"https:\/\/www.notibras.com\/site\/#\/schema\/person\/36ab0979449956132d3e5b517ea76ac8\"},\"headline\":\"Aldo Rebelo sugere passar a m\u00e3o na cabe\u00e7a das empresas envolvidas no Petrol\u00e3o\",\"datePublished\":\"2015-05-22T10:10:21+00:00\",\"dateModified\":\"2015-05-22T17:17:31+00:00\",\"mainEntityOfPage\":{\"@id\":\"https:\/\/www.notibras.com\/site\/aldo-sugere-passar-a-mao-na-cabeca-das-empresas-do-petrolao\/\"},\"wordCount\":916,\"commentCount\":0,\"publisher\":{\"@id\":\"https:\/\/www.notibras.com\/site\/#organization\"},\"image\":{\"@id\":\"https:\/\/www.notibras.com\/site\/aldo-sugere-passar-a-mao-na-cabeca-das-empresas-do-petrolao\/#primaryimage\"},\"thumbnailUrl\":\"https:\/\/www.notibras.com\/site\/wp-content\/uploads\/2015\/05\/aldo.jpg\",\"articleSection\":[\"Brasil\"],\"inLanguage\":\"pt-BR\",\"potentialAction\":[{\"@type\":\"CommentAction\",\"name\":\"Comment\",\"target\":[\"https:\/\/www.notibras.com\/site\/aldo-sugere-passar-a-mao-na-cabeca-das-empresas-do-petrolao\/#respond\"]}]},{\"@type\":\"WebPage\",\"@id\":\"https:\/\/www.notibras.com\/site\/aldo-sugere-passar-a-mao-na-cabeca-das-empresas-do-petrolao\/\",\"url\":\"https:\/\/www.notibras.com\/site\/aldo-sugere-passar-a-mao-na-cabeca-das-empresas-do-petrolao\/\",\"name\":\"Aldo Rebelo sugere passar a m\u00e3o na cabe\u00e7a das empresas envolvidas no Petrol\u00e3o - Notibras\",\"isPartOf\":{\"@id\":\"https:\/\/www.notibras.com\/site\/#website\"},\"primaryImageOfPage\":{\"@id\":\"https:\/\/www.notibras.com\/site\/aldo-sugere-passar-a-mao-na-cabeca-das-empresas-do-petrolao\/#primaryimage\"},\"image\":{\"@id\":\"https:\/\/www.notibras.com\/site\/aldo-sugere-passar-a-mao-na-cabeca-das-empresas-do-petrolao\/#primaryimage\"},\"thumbnailUrl\":\"https:\/\/www.notibras.com\/site\/wp-content\/uploads\/2015\/05\/aldo.jpg\",\"datePublished\":\"2015-05-22T10:10:21+00:00\",\"dateModified\":\"2015-05-22T17:17:31+00:00\",\"breadcrumb\":{\"@id\":\"https:\/\/www.notibras.com\/site\/aldo-sugere-passar-a-mao-na-cabeca-das-empresas-do-petrolao\/#breadcrumb\"},\"inLanguage\":\"pt-BR\",\"potentialAction\":[{\"@type\":\"ReadAction\",\"target\":[\"https:\/\/www.notibras.com\/site\/aldo-sugere-passar-a-mao-na-cabeca-das-empresas-do-petrolao\/\"]}]},{\"@type\":\"ImageObject\",\"inLanguage\":\"pt-BR\",\"@id\":\"https:\/\/www.notibras.com\/site\/aldo-sugere-passar-a-mao-na-cabeca-das-empresas-do-petrolao\/#primaryimage\",\"url\":\"https:\/\/www.notibras.com\/site\/wp-content\/uploads\/2015\/05\/aldo.jpg\",\"contentUrl\":\"https:\/\/www.notibras.com\/site\/wp-content\/uploads\/2015\/05\/aldo.jpg\",\"width\":650,\"height\":433},{\"@type\":\"BreadcrumbList\",\"@id\":\"https:\/\/www.notibras.com\/site\/aldo-sugere-passar-a-mao-na-cabeca-das-empresas-do-petrolao\/#breadcrumb\",\"itemListElement\":[{\"@type\":\"ListItem\",\"position\":1,\"name\":\"In\u00edcio\",\"item\":\"https:\/\/www.notibras.com\/site\/\"},{\"@type\":\"ListItem\",\"position\":2,\"name\":\"Aldo Rebelo sugere passar a m\u00e3o na cabe\u00e7a das empresas envolvidas no Petrol\u00e3o\"}]},{\"@type\":\"WebSite\",\"@id\":\"https:\/\/www.notibras.com\/site\/#website\",\"url\":\"https:\/\/www.notibras.com\/site\/\",\"name\":\"Notibras\",\"description\":\"Not\u00edcias de Bras\u00edlia, do Brasil e do Mundo\",\"publisher\":{\"@id\":\"https:\/\/www.notibras.com\/site\/#organization\"},\"potentialAction\":[{\"@type\":\"SearchAction\",\"target\":{\"@type\":\"EntryPoint\",\"urlTemplate\":\"https:\/\/www.notibras.com\/site\/?s={search_term_string}\"},\"query-input\":{\"@type\":\"PropertyValueSpecification\",\"valueRequired\":true,\"valueName\":\"search_term_string\"}}],\"inLanguage\":\"pt-BR\"},{\"@type\":\"Organization\",\"@id\":\"https:\/\/www.notibras.com\/site\/#organization\",\"name\":\"Grupo Notibras de Comunica\u00e7\u00e3o\",\"url\":\"https:\/\/www.notibras.com\/site\/\",\"logo\":{\"@type\":\"ImageObject\",\"inLanguage\":\"pt-BR\",\"@id\":\"https:\/\/www.notibras.com\/site\/#\/schema\/logo\/image\/\",\"url\":\"https:\/\/www.notibras.com\/site\/wp-content\/uploads\/2023\/01\/notibras23.png\",\"contentUrl\":\"https:\/\/www.notibras.com\/site\/wp-content\/uploads\/2023\/01\/notibras23.png\",\"width\":350,\"height\":87,\"caption\":\"Grupo Notibras de Comunica\u00e7\u00e3o\"},\"image\":{\"@id\":\"https:\/\/www.notibras.com\/site\/#\/schema\/logo\/image\/\"},\"sameAs\":[\"https:\/\/www.facebook.com\/notibras\/\",\"https:\/\/x.com\/Notibras\",\"https:\/\/www.instagram.com\/notibras\/\"]},{\"@type\":\"Person\",\"@id\":\"https:\/\/www.notibras.com\/site\/#\/schema\/person\/36ab0979449956132d3e5b517ea76ac8\",\"name\":\"Reda\u00e7\u00e3o\",\"image\":{\"@type\":\"ImageObject\",\"inLanguage\":\"pt-BR\",\"@id\":\"https:\/\/secure.gravatar.com\/avatar\/e0a867bdedb85fd243eadf09663511f96fc81e0720a4a42581f334ad4303aa6b?s=96&d=mm&r=g\",\"url\":\"https:\/\/secure.gravatar.com\/avatar\/e0a867bdedb85fd243eadf09663511f96fc81e0720a4a42581f334ad4303aa6b?s=96&d=mm&r=g\",\"contentUrl\":\"https:\/\/secure.gravatar.com\/avatar\/e0a867bdedb85fd243eadf09663511f96fc81e0720a4a42581f334ad4303aa6b?s=96&d=mm&r=g\",\"caption\":\"Reda\u00e7\u00e3o\"}}]}<\/script>\n<!-- \/ Yoast SEO plugin. -->","yoast_head_json":{"title":"Aldo Rebelo sugere passar a m\u00e3o na cabe\u00e7a das empresas envolvidas no Petrol\u00e3o - Notibras","robots":{"index":"index","follow":"follow","max-snippet":"max-snippet:-1","max-image-preview":"max-image-preview:large","max-video-preview":"max-video-preview:-1"},"canonical":"https:\/\/www.notibras.com\/site\/aldo-sugere-passar-a-mao-na-cabeca-das-empresas-do-petrolao\/","og_locale":"pt_BR","og_type":"article","og_title":"Aldo Rebelo sugere passar a m\u00e3o na cabe\u00e7a das empresas envolvidas no Petrol\u00e3o - Notibras","og_description":"O ministro da Ci\u00eancia, Tecnologia e Inova\u00e7\u00e3o, Aldo Rebelo (PC do B), defendeu nesta quinta-feira (21) que as empresas envolvidas no esc\u00e2ndalo da Petrobras, investigadas pela Opera\u00e7\u00e3o Lava Jato, n\u00e3o sejam punidas ou declaradas inid\u00f4neas porque foram essenciais na constru\u00e7\u00e3o da infraestrutura e na inova\u00e7\u00e3o do Pa\u00eds. Na defesa das empresas, o ministro citou que [&hellip;]","og_url":"https:\/\/www.notibras.com\/site\/aldo-sugere-passar-a-mao-na-cabeca-das-empresas-do-petrolao\/","og_site_name":"Notibras","article_publisher":"https:\/\/www.facebook.com\/notibras\/","article_published_time":"2015-05-22T10:10:21+00:00","article_modified_time":"2015-05-22T17:17:31+00:00","og_image":[{"width":650,"height":433,"url":"https:\/\/www.notibras.com\/site\/wp-content\/uploads\/2015\/05\/aldo.jpg","type":"image\/jpeg"}],"author":"Reda\u00e7\u00e3o","twitter_card":"summary_large_image","twitter_creator":"@Notibras","twitter_site":"@Notibras","twitter_misc":{"Escrito por":"Reda\u00e7\u00e3o","Est. tempo de leitura":"5 minutos"},"schema":{"@context":"https:\/\/schema.org","@graph":[{"@type":"Article","@id":"https:\/\/www.notibras.com\/site\/aldo-sugere-passar-a-mao-na-cabeca-das-empresas-do-petrolao\/#article","isPartOf":{"@id":"https:\/\/www.notibras.com\/site\/aldo-sugere-passar-a-mao-na-cabeca-das-empresas-do-petrolao\/"},"author":{"name":"Reda\u00e7\u00e3o","@id":"https:\/\/www.notibras.com\/site\/#\/schema\/person\/36ab0979449956132d3e5b517ea76ac8"},"headline":"Aldo Rebelo sugere passar a m\u00e3o na cabe\u00e7a das empresas envolvidas no Petrol\u00e3o","datePublished":"2015-05-22T10:10:21+00:00","dateModified":"2015-05-22T17:17:31+00:00","mainEntityOfPage":{"@id":"https:\/\/www.notibras.com\/site\/aldo-sugere-passar-a-mao-na-cabeca-das-empresas-do-petrolao\/"},"wordCount":916,"commentCount":0,"publisher":{"@id":"https:\/\/www.notibras.com\/site\/#organization"},"image":{"@id":"https:\/\/www.notibras.com\/site\/aldo-sugere-passar-a-mao-na-cabeca-das-empresas-do-petrolao\/#primaryimage"},"thumbnailUrl":"https:\/\/www.notibras.com\/site\/wp-content\/uploads\/2015\/05\/aldo.jpg","articleSection":["Brasil"],"inLanguage":"pt-BR","potentialAction":[{"@type":"CommentAction","name":"Comment","target":["https:\/\/www.notibras.com\/site\/aldo-sugere-passar-a-mao-na-cabeca-das-empresas-do-petrolao\/#respond"]}]},{"@type":"WebPage","@id":"https:\/\/www.notibras.com\/site\/aldo-sugere-passar-a-mao-na-cabeca-das-empresas-do-petrolao\/","url":"https:\/\/www.notibras.com\/site\/aldo-sugere-passar-a-mao-na-cabeca-das-empresas-do-petrolao\/","name":"Aldo Rebelo sugere passar a m\u00e3o na cabe\u00e7a das empresas envolvidas no Petrol\u00e3o - Notibras","isPartOf":{"@id":"https:\/\/www.notibras.com\/site\/#website"},"primaryImageOfPage":{"@id":"https:\/\/www.notibras.com\/site\/aldo-sugere-passar-a-mao-na-cabeca-das-empresas-do-petrolao\/#primaryimage"},"image":{"@id":"https:\/\/www.notibras.com\/site\/aldo-sugere-passar-a-mao-na-cabeca-das-empresas-do-petrolao\/#primaryimage"},"thumbnailUrl":"https:\/\/www.notibras.com\/site\/wp-content\/uploads\/2015\/05\/aldo.jpg","datePublished":"2015-05-22T10:10:21+00:00","dateModified":"2015-05-22T17:17:31+00:00","breadcrumb":{"@id":"https:\/\/www.notibras.com\/site\/aldo-sugere-passar-a-mao-na-cabeca-das-empresas-do-petrolao\/#breadcrumb"},"inLanguage":"pt-BR","potentialAction":[{"@type":"ReadAction","target":["https:\/\/www.notibras.com\/site\/aldo-sugere-passar-a-mao-na-cabeca-das-empresas-do-petrolao\/"]}]},{"@type":"ImageObject","inLanguage":"pt-BR","@id":"https:\/\/www.notibras.com\/site\/aldo-sugere-passar-a-mao-na-cabeca-das-empresas-do-petrolao\/#primaryimage","url":"https:\/\/www.notibras.com\/site\/wp-content\/uploads\/2015\/05\/aldo.jpg","contentUrl":"https:\/\/www.notibras.com\/site\/wp-content\/uploads\/2015\/05\/aldo.jpg","width":650,"height":433},{"@type":"BreadcrumbList","@id":"https:\/\/www.notibras.com\/site\/aldo-sugere-passar-a-mao-na-cabeca-das-empresas-do-petrolao\/#breadcrumb","itemListElement":[{"@type":"ListItem","position":1,"name":"In\u00edcio","item":"https:\/\/www.notibras.com\/site\/"},{"@type":"ListItem","position":2,"name":"Aldo Rebelo sugere passar a m\u00e3o na cabe\u00e7a das empresas envolvidas no Petrol\u00e3o"}]},{"@type":"WebSite","@id":"https:\/\/www.notibras.com\/site\/#website","url":"https:\/\/www.notibras.com\/site\/","name":"Notibras","description":"Not\u00edcias de Bras\u00edlia, do Brasil e do Mundo","publisher":{"@id":"https:\/\/www.notibras.com\/site\/#organization"},"potentialAction":[{"@type":"SearchAction","target":{"@type":"EntryPoint","urlTemplate":"https:\/\/www.notibras.com\/site\/?s={search_term_string}"},"query-input":{"@type":"PropertyValueSpecification","valueRequired":true,"valueName":"search_term_string"}}],"inLanguage":"pt-BR"},{"@type":"Organization","@id":"https:\/\/www.notibras.com\/site\/#organization","name":"Grupo Notibras de Comunica\u00e7\u00e3o","url":"https:\/\/www.notibras.com\/site\/","logo":{"@type":"ImageObject","inLanguage":"pt-BR","@id":"https:\/\/www.notibras.com\/site\/#\/schema\/logo\/image\/","url":"https:\/\/www.notibras.com\/site\/wp-content\/uploads\/2023\/01\/notibras23.png","contentUrl":"https:\/\/www.notibras.com\/site\/wp-content\/uploads\/2023\/01\/notibras23.png","width":350,"height":87,"caption":"Grupo Notibras de Comunica\u00e7\u00e3o"},"image":{"@id":"https:\/\/www.notibras.com\/site\/#\/schema\/logo\/image\/"},"sameAs":["https:\/\/www.facebook.com\/notibras\/","https:\/\/x.com\/Notibras","https:\/\/www.instagram.com\/notibras\/"]},{"@type":"Person","@id":"https:\/\/www.notibras.com\/site\/#\/schema\/person\/36ab0979449956132d3e5b517ea76ac8","name":"Reda\u00e7\u00e3o","image":{"@type":"ImageObject","inLanguage":"pt-BR","@id":"https:\/\/secure.gravatar.com\/avatar\/e0a867bdedb85fd243eadf09663511f96fc81e0720a4a42581f334ad4303aa6b?s=96&d=mm&r=g","url":"https:\/\/secure.gravatar.com\/avatar\/e0a867bdedb85fd243eadf09663511f96fc81e0720a4a42581f334ad4303aa6b?s=96&d=mm&r=g","contentUrl":"https:\/\/secure.gravatar.com\/avatar\/e0a867bdedb85fd243eadf09663511f96fc81e0720a4a42581f334ad4303aa6b?s=96&d=mm&r=g","caption":"Reda\u00e7\u00e3o"}}]}},"amp_enabled":true,"_links":{"self":[{"href":"https:\/\/www.notibras.com\/site\/wp-json\/wp\/v2\/posts\/49821","targetHints":{"allow":["GET"]}}],"collection":[{"href":"https:\/\/www.notibras.com\/site\/wp-json\/wp\/v2\/posts"}],"about":[{"href":"https:\/\/www.notibras.com\/site\/wp-json\/wp\/v2\/types\/post"}],"author":[{"embeddable":true,"href":"https:\/\/www.notibras.com\/site\/wp-json\/wp\/v2\/users\/2"}],"replies":[{"embeddable":true,"href":"https:\/\/www.notibras.com\/site\/wp-json\/wp\/v2\/comments?post=49821"}],"version-history":[{"count":0,"href":"https:\/\/www.notibras.com\/site\/wp-json\/wp\/v2\/posts\/49821\/revisions"}],"wp:featuredmedia":[{"embeddable":true,"href":"https:\/\/www.notibras.com\/site\/wp-json\/wp\/v2\/media\/49822"}],"wp:attachment":[{"href":"https:\/\/www.notibras.com\/site\/wp-json\/wp\/v2\/media?parent=49821"}],"wp:term":[{"taxonomy":"category","embeddable":true,"href":"https:\/\/www.notibras.com\/site\/wp-json\/wp\/v2\/categories?post=49821"},{"taxonomy":"post_tag","embeddable":true,"href":"https:\/\/www.notibras.com\/site\/wp-json\/wp\/v2\/tags?post=49821"}],"curies":[{"name":"wp","href":"https:\/\/api.w.org\/{rel}","templated":true}]}}