{"id":49825,"date":"2015-05-22T00:28:56","date_gmt":"2015-05-22T03:28:56","guid":{"rendered":"http:\/\/www.notibras.com\/site\/?p=49825"},"modified":"2015-05-22T17:06:11","modified_gmt":"2015-05-22T20:06:11","slug":"governo-corta-69-bi-do-orcamento-taxa-bancos-e-estremece-pib-e-inflacao","status":"publish","type":"post","link":"https:\/\/www.notibras.com\/site\/governo-corta-69-bi-do-orcamento-taxa-bancos-e-estremece-pib-e-inflacao\/","title":{"rendered":"Governo corta 69 bi e estremece PIB e infla\u00e7\u00e3o"},"content":{"rendered":"<p>A crise econ\u00f4mica vai obrigar a Uni\u00e3o a cortar na carne, correndo o risco de responder com consequ\u00eancias graves a m\u00e9dio prazo. A expectativa \u00e9 a de que o Or\u00e7amento tenha um contingenciamento de 69 bilh\u00f5es de reais. Esses n\u00fameros devem ser anunciados nesta sexta-feira 22 pela presidente Dilma Rousseff. Se isso acontecer, os reflexos no PIB e na infla\u00e7\u00e3o ser\u00e3o profundos.<\/p>\n<p>A decis\u00e3o de cortar os gastos est\u00e1 associada aos esfor\u00e7os do Planalto de cumprir sua meta fiscal em 2015. Mas o contingenciamento, segundo Dilma, n\u00e3o vai paralisar o governo.<\/p>\n<p>\u201cTem gente que acha que [o contingenciamento de verbas] vai ser pequeno. N\u00e3o vai. Vai ser um e a\u00ed eu dou o conceito, n\u00e3o o n\u00famero: nem t\u00e3o grande que n\u00e3o seja necess\u00e1rio, nem t\u00e3o pequeno que n\u00e3o seja efetivo, que n\u00e3o provoque nada. Ele tem de ser absolutamente adequado\u201d, disse a presidente na quarta-feira 20.<\/p>\n<blockquote><p>Com essa perspectiva, o governo estima que o pa\u00eds ter\u00e1 uma retra\u00e7\u00e3o de 1,2% do PIB neste ano, com infla\u00e7\u00e3o oficial de 8,26%, bem acima do centro da meta (4,5%).\u00a0Para ajudar na meta, a equipe econ\u00f4mica prop\u00f4s a medida provis\u00f3ria que aumenta a al\u00edquota da CSLL (Contribui\u00e7\u00e3o Social sobre o Lucro L\u00edquido) de bancos, de 15% para 20%, o que deve gerar R$ 4 bilh\u00f5es por ano.<\/p><\/blockquote>\n<p><strong>Da Reda\u00e7\u00e3o com Ag\u00eancias<\/strong><\/p>\n<div><\/div>\n","protected":false},"excerpt":{"rendered":"<p>A crise econ\u00f4mica vai obrigar a Uni\u00e3o a cortar na carne, correndo o risco de responder com consequ\u00eancias graves a m\u00e9dio prazo. A expectativa \u00e9 a de que o Or\u00e7amento tenha um contingenciamento de 69 bilh\u00f5es de reais. Esses n\u00fameros devem ser anunciados nesta sexta-feira 22 pela presidente Dilma Rousseff. Se isso acontecer, os reflexos [&hellip;]<\/p>\n","protected":false},"author":2,"featured_media":49826,"comment_status":"open","ping_status":"closed","sticky":false,"template":"","format":"standard","meta":{"_acf_changed":false,"footnotes":""},"categories":[16],"tags":[],"class_list":["post-49825","post","type-post","status-publish","format-standard","has-post-thumbnail","hentry","category-brasil"],"acf":[],"yoast_head":"<!-- This site is optimized with the Yoast SEO plugin v27.2 - https:\/\/yoast.com\/product\/yoast-seo-wordpress\/ -->\n<title>Governo corta 69 bi e estremece PIB e infla\u00e7\u00e3o - Notibras<\/title>\n<meta name=\"robots\" content=\"index, follow, max-snippet:-1, max-image-preview:large, max-video-preview:-1\" \/>\n<link rel=\"canonical\" href=\"https:\/\/www.notibras.com\/site\/governo-corta-69-bi-do-orcamento-taxa-bancos-e-estremece-pib-e-inflacao\/\" \/>\n<meta property=\"og:locale\" content=\"pt_BR\" \/>\n<meta property=\"og:type\" content=\"article\" \/>\n<meta property=\"og:title\" content=\"Governo corta 69 bi e estremece PIB e infla\u00e7\u00e3o - Notibras\" \/>\n<meta property=\"og:description\" content=\"A crise econ\u00f4mica vai obrigar a Uni\u00e3o a cortar na carne, correndo o risco de responder com consequ\u00eancias graves a m\u00e9dio prazo. A expectativa \u00e9 a de que o Or\u00e7amento tenha um contingenciamento de 69 bilh\u00f5es de reais. Esses n\u00fameros devem ser anunciados nesta sexta-feira 22 pela presidente Dilma Rousseff. Se isso acontecer, os reflexos [&hellip;]\" \/>\n<meta property=\"og:url\" content=\"https:\/\/www.notibras.com\/site\/governo-corta-69-bi-do-orcamento-taxa-bancos-e-estremece-pib-e-inflacao\/\" \/>\n<meta property=\"og:site_name\" content=\"Notibras\" \/>\n<meta property=\"article:publisher\" content=\"https:\/\/www.facebook.com\/notibras\/\" \/>\n<meta property=\"article:published_time\" content=\"2015-05-22T03:28:56+00:00\" \/>\n<meta property=\"article:modified_time\" content=\"2015-05-22T20:06:11+00:00\" \/>\n<meta property=\"og:image\" content=\"https:\/\/www.notibras.com\/site\/wp-content\/uploads\/2015\/05\/corte.jpeg\" \/>\n\t<meta property=\"og:image:width\" content=\"635\" \/>\n\t<meta property=\"og:image:height\" content=\"451\" \/>\n\t<meta property=\"og:image:type\" content=\"image\/jpeg\" \/>\n<meta name=\"author\" content=\"Reda\u00e7\u00e3o\" \/>\n<meta name=\"twitter:card\" content=\"summary_large_image\" \/>\n<meta name=\"twitter:creator\" content=\"@Notibras\" \/>\n<meta name=\"twitter:site\" content=\"@Notibras\" \/>\n<meta name=\"twitter:label1\" content=\"Escrito por\" \/>\n\t<meta name=\"twitter:data1\" content=\"Reda\u00e7\u00e3o\" \/>\n\t<meta name=\"twitter:label2\" content=\"Est. tempo de leitura\" \/>\n\t<meta name=\"twitter:data2\" content=\"1 minuto\" \/>\n<script type=\"application\/ld+json\" class=\"yoast-schema-graph\">{\"@context\":\"https:\/\/schema.org\",\"@graph\":[{\"@type\":\"Article\",\"@id\":\"https:\/\/www.notibras.com\/site\/governo-corta-69-bi-do-orcamento-taxa-bancos-e-estremece-pib-e-inflacao\/#article\",\"isPartOf\":{\"@id\":\"https:\/\/www.notibras.com\/site\/governo-corta-69-bi-do-orcamento-taxa-bancos-e-estremece-pib-e-inflacao\/\"},\"author\":{\"name\":\"Reda\u00e7\u00e3o\",\"@id\":\"https:\/\/www.notibras.com\/site\/#\/schema\/person\/36ab0979449956132d3e5b517ea76ac8\"},\"headline\":\"Governo corta 69 bi e estremece PIB e infla\u00e7\u00e3o\",\"datePublished\":\"2015-05-22T03:28:56+00:00\",\"dateModified\":\"2015-05-22T20:06:11+00:00\",\"mainEntityOfPage\":{\"@id\":\"https:\/\/www.notibras.com\/site\/governo-corta-69-bi-do-orcamento-taxa-bancos-e-estremece-pib-e-inflacao\/\"},\"wordCount\":250,\"commentCount\":0,\"publisher\":{\"@id\":\"https:\/\/www.notibras.com\/site\/#organization\"},\"image\":{\"@id\":\"https:\/\/www.notibras.com\/site\/governo-corta-69-bi-do-orcamento-taxa-bancos-e-estremece-pib-e-inflacao\/#primaryimage\"},\"thumbnailUrl\":\"https:\/\/www.notibras.com\/site\/wp-content\/uploads\/2015\/05\/corte.jpeg\",\"articleSection\":[\"Brasil\"],\"inLanguage\":\"pt-BR\",\"potentialAction\":[{\"@type\":\"CommentAction\",\"name\":\"Comment\",\"target\":[\"https:\/\/www.notibras.com\/site\/governo-corta-69-bi-do-orcamento-taxa-bancos-e-estremece-pib-e-inflacao\/#respond\"]}]},{\"@type\":\"WebPage\",\"@id\":\"https:\/\/www.notibras.com\/site\/governo-corta-69-bi-do-orcamento-taxa-bancos-e-estremece-pib-e-inflacao\/\",\"url\":\"https:\/\/www.notibras.com\/site\/governo-corta-69-bi-do-orcamento-taxa-bancos-e-estremece-pib-e-inflacao\/\",\"name\":\"Governo corta 69 bi e estremece PIB e infla\u00e7\u00e3o - Notibras\",\"isPartOf\":{\"@id\":\"https:\/\/www.notibras.com\/site\/#website\"},\"primaryImageOfPage\":{\"@id\":\"https:\/\/www.notibras.com\/site\/governo-corta-69-bi-do-orcamento-taxa-bancos-e-estremece-pib-e-inflacao\/#primaryimage\"},\"image\":{\"@id\":\"https:\/\/www.notibras.com\/site\/governo-corta-69-bi-do-orcamento-taxa-bancos-e-estremece-pib-e-inflacao\/#primaryimage\"},\"thumbnailUrl\":\"https:\/\/www.notibras.com\/site\/wp-content\/uploads\/2015\/05\/corte.jpeg\",\"datePublished\":\"2015-05-22T03:28:56+00:00\",\"dateModified\":\"2015-05-22T20:06:11+00:00\",\"breadcrumb\":{\"@id\":\"https:\/\/www.notibras.com\/site\/governo-corta-69-bi-do-orcamento-taxa-bancos-e-estremece-pib-e-inflacao\/#breadcrumb\"},\"inLanguage\":\"pt-BR\",\"potentialAction\":[{\"@type\":\"ReadAction\",\"target\":[\"https:\/\/www.notibras.com\/site\/governo-corta-69-bi-do-orcamento-taxa-bancos-e-estremece-pib-e-inflacao\/\"]}]},{\"@type\":\"ImageObject\",\"inLanguage\":\"pt-BR\",\"@id\":\"https:\/\/www.notibras.com\/site\/governo-corta-69-bi-do-orcamento-taxa-bancos-e-estremece-pib-e-inflacao\/#primaryimage\",\"url\":\"https:\/\/www.notibras.com\/site\/wp-content\/uploads\/2015\/05\/corte.jpeg\",\"contentUrl\":\"https:\/\/www.notibras.com\/site\/wp-content\/uploads\/2015\/05\/corte.jpeg\",\"width\":635,\"height\":451},{\"@type\":\"BreadcrumbList\",\"@id\":\"https:\/\/www.notibras.com\/site\/governo-corta-69-bi-do-orcamento-taxa-bancos-e-estremece-pib-e-inflacao\/#breadcrumb\",\"itemListElement\":[{\"@type\":\"ListItem\",\"position\":1,\"name\":\"In\u00edcio\",\"item\":\"https:\/\/www.notibras.com\/site\/\"},{\"@type\":\"ListItem\",\"position\":2,\"name\":\"Governo corta 69 bi e estremece PIB e infla\u00e7\u00e3o\"}]},{\"@type\":\"WebSite\",\"@id\":\"https:\/\/www.notibras.com\/site\/#website\",\"url\":\"https:\/\/www.notibras.com\/site\/\",\"name\":\"Notibras\",\"description\":\"Not\u00edcias de Bras\u00edlia, do Brasil e do Mundo\",\"publisher\":{\"@id\":\"https:\/\/www.notibras.com\/site\/#organization\"},\"potentialAction\":[{\"@type\":\"SearchAction\",\"target\":{\"@type\":\"EntryPoint\",\"urlTemplate\":\"https:\/\/www.notibras.com\/site\/?s={search_term_string}\"},\"query-input\":{\"@type\":\"PropertyValueSpecification\",\"valueRequired\":true,\"valueName\":\"search_term_string\"}}],\"inLanguage\":\"pt-BR\"},{\"@type\":\"Organization\",\"@id\":\"https:\/\/www.notibras.com\/site\/#organization\",\"name\":\"Grupo Notibras de Comunica\u00e7\u00e3o\",\"url\":\"https:\/\/www.notibras.com\/site\/\",\"logo\":{\"@type\":\"ImageObject\",\"inLanguage\":\"pt-BR\",\"@id\":\"https:\/\/www.notibras.com\/site\/#\/schema\/logo\/image\/\",\"url\":\"https:\/\/www.notibras.com\/site\/wp-content\/uploads\/2023\/01\/notibras23.png\",\"contentUrl\":\"https:\/\/www.notibras.com\/site\/wp-content\/uploads\/2023\/01\/notibras23.png\",\"width\":350,\"height\":87,\"caption\":\"Grupo Notibras de Comunica\u00e7\u00e3o\"},\"image\":{\"@id\":\"https:\/\/www.notibras.com\/site\/#\/schema\/logo\/image\/\"},\"sameAs\":[\"https:\/\/www.facebook.com\/notibras\/\",\"https:\/\/x.com\/Notibras\",\"https:\/\/www.instagram.com\/notibras\/\"]},{\"@type\":\"Person\",\"@id\":\"https:\/\/www.notibras.com\/site\/#\/schema\/person\/36ab0979449956132d3e5b517ea76ac8\",\"name\":\"Reda\u00e7\u00e3o\",\"image\":{\"@type\":\"ImageObject\",\"inLanguage\":\"pt-BR\",\"@id\":\"https:\/\/secure.gravatar.com\/avatar\/e0a867bdedb85fd243eadf09663511f96fc81e0720a4a42581f334ad4303aa6b?s=96&d=mm&r=g\",\"url\":\"https:\/\/secure.gravatar.com\/avatar\/e0a867bdedb85fd243eadf09663511f96fc81e0720a4a42581f334ad4303aa6b?s=96&d=mm&r=g\",\"contentUrl\":\"https:\/\/secure.gravatar.com\/avatar\/e0a867bdedb85fd243eadf09663511f96fc81e0720a4a42581f334ad4303aa6b?s=96&d=mm&r=g\",\"caption\":\"Reda\u00e7\u00e3o\"}}]}<\/script>\n<!-- \/ Yoast SEO plugin. -->","yoast_head_json":{"title":"Governo corta 69 bi e estremece PIB e infla\u00e7\u00e3o - Notibras","robots":{"index":"index","follow":"follow","max-snippet":"max-snippet:-1","max-image-preview":"max-image-preview:large","max-video-preview":"max-video-preview:-1"},"canonical":"https:\/\/www.notibras.com\/site\/governo-corta-69-bi-do-orcamento-taxa-bancos-e-estremece-pib-e-inflacao\/","og_locale":"pt_BR","og_type":"article","og_title":"Governo corta 69 bi e estremece PIB e infla\u00e7\u00e3o - Notibras","og_description":"A crise econ\u00f4mica vai obrigar a Uni\u00e3o a cortar na carne, correndo o risco de responder com consequ\u00eancias graves a m\u00e9dio prazo. A expectativa \u00e9 a de que o Or\u00e7amento tenha um contingenciamento de 69 bilh\u00f5es de reais. Esses n\u00fameros devem ser anunciados nesta sexta-feira 22 pela presidente Dilma Rousseff. Se isso acontecer, os reflexos [&hellip;]","og_url":"https:\/\/www.notibras.com\/site\/governo-corta-69-bi-do-orcamento-taxa-bancos-e-estremece-pib-e-inflacao\/","og_site_name":"Notibras","article_publisher":"https:\/\/www.facebook.com\/notibras\/","article_published_time":"2015-05-22T03:28:56+00:00","article_modified_time":"2015-05-22T20:06:11+00:00","og_image":[{"width":635,"height":451,"url":"https:\/\/www.notibras.com\/site\/wp-content\/uploads\/2015\/05\/corte.jpeg","type":"image\/jpeg"}],"author":"Reda\u00e7\u00e3o","twitter_card":"summary_large_image","twitter_creator":"@Notibras","twitter_site":"@Notibras","twitter_misc":{"Escrito por":"Reda\u00e7\u00e3o","Est. tempo de leitura":"1 minuto"},"schema":{"@context":"https:\/\/schema.org","@graph":[{"@type":"Article","@id":"https:\/\/www.notibras.com\/site\/governo-corta-69-bi-do-orcamento-taxa-bancos-e-estremece-pib-e-inflacao\/#article","isPartOf":{"@id":"https:\/\/www.notibras.com\/site\/governo-corta-69-bi-do-orcamento-taxa-bancos-e-estremece-pib-e-inflacao\/"},"author":{"name":"Reda\u00e7\u00e3o","@id":"https:\/\/www.notibras.com\/site\/#\/schema\/person\/36ab0979449956132d3e5b517ea76ac8"},"headline":"Governo corta 69 bi e estremece PIB e infla\u00e7\u00e3o","datePublished":"2015-05-22T03:28:56+00:00","dateModified":"2015-05-22T20:06:11+00:00","mainEntityOfPage":{"@id":"https:\/\/www.notibras.com\/site\/governo-corta-69-bi-do-orcamento-taxa-bancos-e-estremece-pib-e-inflacao\/"},"wordCount":250,"commentCount":0,"publisher":{"@id":"https:\/\/www.notibras.com\/site\/#organization"},"image":{"@id":"https:\/\/www.notibras.com\/site\/governo-corta-69-bi-do-orcamento-taxa-bancos-e-estremece-pib-e-inflacao\/#primaryimage"},"thumbnailUrl":"https:\/\/www.notibras.com\/site\/wp-content\/uploads\/2015\/05\/corte.jpeg","articleSection":["Brasil"],"inLanguage":"pt-BR","potentialAction":[{"@type":"CommentAction","name":"Comment","target":["https:\/\/www.notibras.com\/site\/governo-corta-69-bi-do-orcamento-taxa-bancos-e-estremece-pib-e-inflacao\/#respond"]}]},{"@type":"WebPage","@id":"https:\/\/www.notibras.com\/site\/governo-corta-69-bi-do-orcamento-taxa-bancos-e-estremece-pib-e-inflacao\/","url":"https:\/\/www.notibras.com\/site\/governo-corta-69-bi-do-orcamento-taxa-bancos-e-estremece-pib-e-inflacao\/","name":"Governo corta 69 bi e estremece PIB e infla\u00e7\u00e3o - Notibras","isPartOf":{"@id":"https:\/\/www.notibras.com\/site\/#website"},"primaryImageOfPage":{"@id":"https:\/\/www.notibras.com\/site\/governo-corta-69-bi-do-orcamento-taxa-bancos-e-estremece-pib-e-inflacao\/#primaryimage"},"image":{"@id":"https:\/\/www.notibras.com\/site\/governo-corta-69-bi-do-orcamento-taxa-bancos-e-estremece-pib-e-inflacao\/#primaryimage"},"thumbnailUrl":"https:\/\/www.notibras.com\/site\/wp-content\/uploads\/2015\/05\/corte.jpeg","datePublished":"2015-05-22T03:28:56+00:00","dateModified":"2015-05-22T20:06:11+00:00","breadcrumb":{"@id":"https:\/\/www.notibras.com\/site\/governo-corta-69-bi-do-orcamento-taxa-bancos-e-estremece-pib-e-inflacao\/#breadcrumb"},"inLanguage":"pt-BR","potentialAction":[{"@type":"ReadAction","target":["https:\/\/www.notibras.com\/site\/governo-corta-69-bi-do-orcamento-taxa-bancos-e-estremece-pib-e-inflacao\/"]}]},{"@type":"ImageObject","inLanguage":"pt-BR","@id":"https:\/\/www.notibras.com\/site\/governo-corta-69-bi-do-orcamento-taxa-bancos-e-estremece-pib-e-inflacao\/#primaryimage","url":"https:\/\/www.notibras.com\/site\/wp-content\/uploads\/2015\/05\/corte.jpeg","contentUrl":"https:\/\/www.notibras.com\/site\/wp-content\/uploads\/2015\/05\/corte.jpeg","width":635,"height":451},{"@type":"BreadcrumbList","@id":"https:\/\/www.notibras.com\/site\/governo-corta-69-bi-do-orcamento-taxa-bancos-e-estremece-pib-e-inflacao\/#breadcrumb","itemListElement":[{"@type":"ListItem","position":1,"name":"In\u00edcio","item":"https:\/\/www.notibras.com\/site\/"},{"@type":"ListItem","position":2,"name":"Governo corta 69 bi e estremece PIB e infla\u00e7\u00e3o"}]},{"@type":"WebSite","@id":"https:\/\/www.notibras.com\/site\/#website","url":"https:\/\/www.notibras.com\/site\/","name":"Notibras","description":"Not\u00edcias de Bras\u00edlia, do Brasil e do Mundo","publisher":{"@id":"https:\/\/www.notibras.com\/site\/#organization"},"potentialAction":[{"@type":"SearchAction","target":{"@type":"EntryPoint","urlTemplate":"https:\/\/www.notibras.com\/site\/?s={search_term_string}"},"query-input":{"@type":"PropertyValueSpecification","valueRequired":true,"valueName":"search_term_string"}}],"inLanguage":"pt-BR"},{"@type":"Organization","@id":"https:\/\/www.notibras.com\/site\/#organization","name":"Grupo Notibras de Comunica\u00e7\u00e3o","url":"https:\/\/www.notibras.com\/site\/","logo":{"@type":"ImageObject","inLanguage":"pt-BR","@id":"https:\/\/www.notibras.com\/site\/#\/schema\/logo\/image\/","url":"https:\/\/www.notibras.com\/site\/wp-content\/uploads\/2023\/01\/notibras23.png","contentUrl":"https:\/\/www.notibras.com\/site\/wp-content\/uploads\/2023\/01\/notibras23.png","width":350,"height":87,"caption":"Grupo Notibras de Comunica\u00e7\u00e3o"},"image":{"@id":"https:\/\/www.notibras.com\/site\/#\/schema\/logo\/image\/"},"sameAs":["https:\/\/www.facebook.com\/notibras\/","https:\/\/x.com\/Notibras","https:\/\/www.instagram.com\/notibras\/"]},{"@type":"Person","@id":"https:\/\/www.notibras.com\/site\/#\/schema\/person\/36ab0979449956132d3e5b517ea76ac8","name":"Reda\u00e7\u00e3o","image":{"@type":"ImageObject","inLanguage":"pt-BR","@id":"https:\/\/secure.gravatar.com\/avatar\/e0a867bdedb85fd243eadf09663511f96fc81e0720a4a42581f334ad4303aa6b?s=96&d=mm&r=g","url":"https:\/\/secure.gravatar.com\/avatar\/e0a867bdedb85fd243eadf09663511f96fc81e0720a4a42581f334ad4303aa6b?s=96&d=mm&r=g","contentUrl":"https:\/\/secure.gravatar.com\/avatar\/e0a867bdedb85fd243eadf09663511f96fc81e0720a4a42581f334ad4303aa6b?s=96&d=mm&r=g","caption":"Reda\u00e7\u00e3o"}}]}},"amp_enabled":true,"_links":{"self":[{"href":"https:\/\/www.notibras.com\/site\/wp-json\/wp\/v2\/posts\/49825","targetHints":{"allow":["GET"]}}],"collection":[{"href":"https:\/\/www.notibras.com\/site\/wp-json\/wp\/v2\/posts"}],"about":[{"href":"https:\/\/www.notibras.com\/site\/wp-json\/wp\/v2\/types\/post"}],"author":[{"embeddable":true,"href":"https:\/\/www.notibras.com\/site\/wp-json\/wp\/v2\/users\/2"}],"replies":[{"embeddable":true,"href":"https:\/\/www.notibras.com\/site\/wp-json\/wp\/v2\/comments?post=49825"}],"version-history":[{"count":0,"href":"https:\/\/www.notibras.com\/site\/wp-json\/wp\/v2\/posts\/49825\/revisions"}],"wp:featuredmedia":[{"embeddable":true,"href":"https:\/\/www.notibras.com\/site\/wp-json\/wp\/v2\/media\/49826"}],"wp:attachment":[{"href":"https:\/\/www.notibras.com\/site\/wp-json\/wp\/v2\/media?parent=49825"}],"wp:term":[{"taxonomy":"category","embeddable":true,"href":"https:\/\/www.notibras.com\/site\/wp-json\/wp\/v2\/categories?post=49825"},{"taxonomy":"post_tag","embeddable":true,"href":"https:\/\/www.notibras.com\/site\/wp-json\/wp\/v2\/tags?post=49825"}],"curies":[{"name":"wp","href":"https:\/\/api.w.org\/{rel}","templated":true}]}}