{"id":49860,"date":"2015-05-22T09:05:37","date_gmt":"2015-05-22T12:05:37","guid":{"rendered":"http:\/\/www.notibras.com\/site\/?p=49860"},"modified":"2015-05-22T09:47:38","modified_gmt":"2015-05-22T12:47:38","slug":"maratona-do-leite-no-eixao-norte-agita-corredores-de-brasilia","status":"publish","type":"post","link":"https:\/\/www.notibras.com\/site\/maratona-do-leite-no-eixao-norte-agita-corredores-de-brasilia\/","title":{"rendered":"Maratona do Leite no Eix\u00e3o Norte agita corredores de Bras\u00edlia"},"content":{"rendered":"<p>Este ano o Bras\u00edlia FestLeite<strong>\u00a0<\/strong>vai acontecer em dois momentos distintos. O primeiro ser\u00e1 a Maratona do Leite, no dia 31 de maio, no Eixo da Asa Norte. Uma data voltada para atividades de entretenimento, pr\u00e1tica de esportes e informa\u00e7\u00e3o sobre o setor e produtos l\u00e1cteos relacionados \u00e0 sa\u00fade e ao esporte. Em menos de 15 dias, as cinco mil inscri\u00e7\u00f5es disponibilizadas esgotaram.\u00a0A maratona ter\u00e1 como padrinho o atleta Jos\u00e9 Neves, conhecido ao realizar tr\u00eas provas com o filho deficiente. Triatleta h\u00e1 31 anos, Neves, como \u00e9 conhecido pelos companheiros, se inspirou na hist\u00f3ria do norte-americano Dick Hoyt e passou a realizar as provas de triatlo com o filho. O Bras\u00edlia FestLeite \u00e9 um evento filantr\u00f3pico e tem como objetivo ajudar institui\u00e7\u00f5es carentes com doa\u00e7\u00f5es de leite arrecadados nas inscri\u00e7\u00f5es da corrida.\u00a0O segundo momento ser\u00e1 marcado pela comemora\u00e7\u00e3o do Dia Internacional do Leite, 1\u00ba de junho, no Museu da Rep\u00fablica.<\/p>\n","protected":false},"excerpt":{"rendered":"<p>Este ano o Bras\u00edlia FestLeite\u00a0vai acontecer em dois momentos distintos. O primeiro ser\u00e1 a Maratona do Leite, no dia 31 de maio, no Eixo da Asa Norte. Uma data voltada para atividades de entretenimento, pr\u00e1tica de esportes e informa\u00e7\u00e3o sobre o setor e produtos l\u00e1cteos relacionados \u00e0 sa\u00fade e ao esporte. Em menos de 15 [&hellip;]<\/p>\n","protected":false},"author":2,"featured_media":49886,"comment_status":"open","ping_status":"closed","sticky":false,"template":"","format":"standard","meta":{"_acf_changed":false,"footnotes":""},"categories":[40],"tags":[],"class_list":["post-49860","post","type-post","status-publish","format-standard","has-post-thumbnail","hentry","category-zapzap-das-quadras"],"acf":[],"yoast_head":"<!-- This site is optimized with the Yoast SEO plugin v27.2 - https:\/\/yoast.com\/product\/yoast-seo-wordpress\/ -->\n<title>Maratona do Leite no Eix\u00e3o Norte agita corredores de Bras\u00edlia - Notibras<\/title>\n<meta name=\"robots\" content=\"index, follow, max-snippet:-1, max-image-preview:large, max-video-preview:-1\" \/>\n<link rel=\"canonical\" href=\"https:\/\/www.notibras.com\/site\/maratona-do-leite-no-eixao-norte-agita-corredores-de-brasilia\/\" \/>\n<meta property=\"og:locale\" content=\"pt_BR\" \/>\n<meta property=\"og:type\" content=\"article\" \/>\n<meta property=\"og:title\" content=\"Maratona do Leite no Eix\u00e3o Norte agita corredores de Bras\u00edlia - Notibras\" \/>\n<meta property=\"og:description\" content=\"Este ano o Bras\u00edlia FestLeite\u00a0vai acontecer em dois momentos distintos. O primeiro ser\u00e1 a Maratona do Leite, no dia 31 de maio, no Eixo da Asa Norte. Uma data voltada para atividades de entretenimento, pr\u00e1tica de esportes e informa\u00e7\u00e3o sobre o setor e produtos l\u00e1cteos relacionados \u00e0 sa\u00fade e ao esporte. Em menos de 15 [&hellip;]\" \/>\n<meta property=\"og:url\" content=\"https:\/\/www.notibras.com\/site\/maratona-do-leite-no-eixao-norte-agita-corredores-de-brasilia\/\" \/>\n<meta property=\"og:site_name\" content=\"Notibras\" \/>\n<meta property=\"article:publisher\" content=\"https:\/\/www.facebook.com\/notibras\/\" \/>\n<meta property=\"article:published_time\" content=\"2015-05-22T12:05:37+00:00\" \/>\n<meta property=\"article:modified_time\" content=\"2015-05-22T12:47:38+00:00\" \/>\n<meta property=\"og:image\" content=\"https:\/\/www.notibras.com\/site\/wp-content\/uploads\/2015\/05\/Sem-t\u00edtulo-183.jpg\" \/>\n\t<meta property=\"og:image:width\" content=\"500\" \/>\n\t<meta property=\"og:image:height\" content=\"318\" \/>\n\t<meta property=\"og:image:type\" content=\"image\/jpeg\" \/>\n<meta name=\"author\" content=\"Reda\u00e7\u00e3o\" \/>\n<meta name=\"twitter:card\" content=\"summary_large_image\" \/>\n<meta name=\"twitter:creator\" content=\"@Notibras\" \/>\n<meta name=\"twitter:site\" content=\"@Notibras\" \/>\n<meta name=\"twitter:label1\" content=\"Escrito por\" \/>\n\t<meta name=\"twitter:data1\" content=\"Reda\u00e7\u00e3o\" \/>\n\t<meta name=\"twitter:label2\" content=\"Est. tempo de leitura\" \/>\n\t<meta name=\"twitter:data2\" content=\"1 minuto\" \/>\n<script type=\"application\/ld+json\" class=\"yoast-schema-graph\">{\"@context\":\"https:\/\/schema.org\",\"@graph\":[{\"@type\":\"Article\",\"@id\":\"https:\/\/www.notibras.com\/site\/maratona-do-leite-no-eixao-norte-agita-corredores-de-brasilia\/#article\",\"isPartOf\":{\"@id\":\"https:\/\/www.notibras.com\/site\/maratona-do-leite-no-eixao-norte-agita-corredores-de-brasilia\/\"},\"author\":{\"name\":\"Reda\u00e7\u00e3o\",\"@id\":\"https:\/\/www.notibras.com\/site\/#\/schema\/person\/36ab0979449956132d3e5b517ea76ac8\"},\"headline\":\"Maratona do Leite no Eix\u00e3o Norte agita corredores de Bras\u00edlia\",\"datePublished\":\"2015-05-22T12:05:37+00:00\",\"dateModified\":\"2015-05-22T12:47:38+00:00\",\"mainEntityOfPage\":{\"@id\":\"https:\/\/www.notibras.com\/site\/maratona-do-leite-no-eixao-norte-agita-corredores-de-brasilia\/\"},\"wordCount\":172,\"commentCount\":0,\"publisher\":{\"@id\":\"https:\/\/www.notibras.com\/site\/#organization\"},\"image\":{\"@id\":\"https:\/\/www.notibras.com\/site\/maratona-do-leite-no-eixao-norte-agita-corredores-de-brasilia\/#primaryimage\"},\"thumbnailUrl\":\"https:\/\/www.notibras.com\/site\/wp-content\/uploads\/2015\/05\/Sem-t\u00edtulo-183.jpg\",\"articleSection\":[\"ZapZap das Quadras\"],\"inLanguage\":\"pt-BR\",\"potentialAction\":[{\"@type\":\"CommentAction\",\"name\":\"Comment\",\"target\":[\"https:\/\/www.notibras.com\/site\/maratona-do-leite-no-eixao-norte-agita-corredores-de-brasilia\/#respond\"]}]},{\"@type\":\"WebPage\",\"@id\":\"https:\/\/www.notibras.com\/site\/maratona-do-leite-no-eixao-norte-agita-corredores-de-brasilia\/\",\"url\":\"https:\/\/www.notibras.com\/site\/maratona-do-leite-no-eixao-norte-agita-corredores-de-brasilia\/\",\"name\":\"Maratona do Leite no Eix\u00e3o Norte agita corredores de Bras\u00edlia - Notibras\",\"isPartOf\":{\"@id\":\"https:\/\/www.notibras.com\/site\/#website\"},\"primaryImageOfPage\":{\"@id\":\"https:\/\/www.notibras.com\/site\/maratona-do-leite-no-eixao-norte-agita-corredores-de-brasilia\/#primaryimage\"},\"image\":{\"@id\":\"https:\/\/www.notibras.com\/site\/maratona-do-leite-no-eixao-norte-agita-corredores-de-brasilia\/#primaryimage\"},\"thumbnailUrl\":\"https:\/\/www.notibras.com\/site\/wp-content\/uploads\/2015\/05\/Sem-t\u00edtulo-183.jpg\",\"datePublished\":\"2015-05-22T12:05:37+00:00\",\"dateModified\":\"2015-05-22T12:47:38+00:00\",\"breadcrumb\":{\"@id\":\"https:\/\/www.notibras.com\/site\/maratona-do-leite-no-eixao-norte-agita-corredores-de-brasilia\/#breadcrumb\"},\"inLanguage\":\"pt-BR\",\"potentialAction\":[{\"@type\":\"ReadAction\",\"target\":[\"https:\/\/www.notibras.com\/site\/maratona-do-leite-no-eixao-norte-agita-corredores-de-brasilia\/\"]}]},{\"@type\":\"ImageObject\",\"inLanguage\":\"pt-BR\",\"@id\":\"https:\/\/www.notibras.com\/site\/maratona-do-leite-no-eixao-norte-agita-corredores-de-brasilia\/#primaryimage\",\"url\":\"https:\/\/www.notibras.com\/site\/wp-content\/uploads\/2015\/05\/Sem-t\u00edtulo-183.jpg\",\"contentUrl\":\"https:\/\/www.notibras.com\/site\/wp-content\/uploads\/2015\/05\/Sem-t\u00edtulo-183.jpg\",\"width\":500,\"height\":318},{\"@type\":\"BreadcrumbList\",\"@id\":\"https:\/\/www.notibras.com\/site\/maratona-do-leite-no-eixao-norte-agita-corredores-de-brasilia\/#breadcrumb\",\"itemListElement\":[{\"@type\":\"ListItem\",\"position\":1,\"name\":\"In\u00edcio\",\"item\":\"https:\/\/www.notibras.com\/site\/\"},{\"@type\":\"ListItem\",\"position\":2,\"name\":\"Maratona do Leite no Eix\u00e3o Norte agita corredores de Bras\u00edlia\"}]},{\"@type\":\"WebSite\",\"@id\":\"https:\/\/www.notibras.com\/site\/#website\",\"url\":\"https:\/\/www.notibras.com\/site\/\",\"name\":\"Notibras\",\"description\":\"Not\u00edcias de Bras\u00edlia, do Brasil e do Mundo\",\"publisher\":{\"@id\":\"https:\/\/www.notibras.com\/site\/#organization\"},\"potentialAction\":[{\"@type\":\"SearchAction\",\"target\":{\"@type\":\"EntryPoint\",\"urlTemplate\":\"https:\/\/www.notibras.com\/site\/?s={search_term_string}\"},\"query-input\":{\"@type\":\"PropertyValueSpecification\",\"valueRequired\":true,\"valueName\":\"search_term_string\"}}],\"inLanguage\":\"pt-BR\"},{\"@type\":\"Organization\",\"@id\":\"https:\/\/www.notibras.com\/site\/#organization\",\"name\":\"Grupo Notibras de Comunica\u00e7\u00e3o\",\"url\":\"https:\/\/www.notibras.com\/site\/\",\"logo\":{\"@type\":\"ImageObject\",\"inLanguage\":\"pt-BR\",\"@id\":\"https:\/\/www.notibras.com\/site\/#\/schema\/logo\/image\/\",\"url\":\"https:\/\/www.notibras.com\/site\/wp-content\/uploads\/2023\/01\/notibras23.png\",\"contentUrl\":\"https:\/\/www.notibras.com\/site\/wp-content\/uploads\/2023\/01\/notibras23.png\",\"width\":350,\"height\":87,\"caption\":\"Grupo Notibras de Comunica\u00e7\u00e3o\"},\"image\":{\"@id\":\"https:\/\/www.notibras.com\/site\/#\/schema\/logo\/image\/\"},\"sameAs\":[\"https:\/\/www.facebook.com\/notibras\/\",\"https:\/\/x.com\/Notibras\",\"https:\/\/www.instagram.com\/notibras\/\"]},{\"@type\":\"Person\",\"@id\":\"https:\/\/www.notibras.com\/site\/#\/schema\/person\/36ab0979449956132d3e5b517ea76ac8\",\"name\":\"Reda\u00e7\u00e3o\",\"image\":{\"@type\":\"ImageObject\",\"inLanguage\":\"pt-BR\",\"@id\":\"https:\/\/secure.gravatar.com\/avatar\/e0a867bdedb85fd243eadf09663511f96fc81e0720a4a42581f334ad4303aa6b?s=96&d=mm&r=g\",\"url\":\"https:\/\/secure.gravatar.com\/avatar\/e0a867bdedb85fd243eadf09663511f96fc81e0720a4a42581f334ad4303aa6b?s=96&d=mm&r=g\",\"contentUrl\":\"https:\/\/secure.gravatar.com\/avatar\/e0a867bdedb85fd243eadf09663511f96fc81e0720a4a42581f334ad4303aa6b?s=96&d=mm&r=g\",\"caption\":\"Reda\u00e7\u00e3o\"}}]}<\/script>\n<!-- \/ Yoast SEO plugin. -->","yoast_head_json":{"title":"Maratona do Leite no Eix\u00e3o Norte agita corredores de Bras\u00edlia - Notibras","robots":{"index":"index","follow":"follow","max-snippet":"max-snippet:-1","max-image-preview":"max-image-preview:large","max-video-preview":"max-video-preview:-1"},"canonical":"https:\/\/www.notibras.com\/site\/maratona-do-leite-no-eixao-norte-agita-corredores-de-brasilia\/","og_locale":"pt_BR","og_type":"article","og_title":"Maratona do Leite no Eix\u00e3o Norte agita corredores de Bras\u00edlia - Notibras","og_description":"Este ano o Bras\u00edlia FestLeite\u00a0vai acontecer em dois momentos distintos. O primeiro ser\u00e1 a Maratona do Leite, no dia 31 de maio, no Eixo da Asa Norte. Uma data voltada para atividades de entretenimento, pr\u00e1tica de esportes e informa\u00e7\u00e3o sobre o setor e produtos l\u00e1cteos relacionados \u00e0 sa\u00fade e ao esporte. Em menos de 15 [&hellip;]","og_url":"https:\/\/www.notibras.com\/site\/maratona-do-leite-no-eixao-norte-agita-corredores-de-brasilia\/","og_site_name":"Notibras","article_publisher":"https:\/\/www.facebook.com\/notibras\/","article_published_time":"2015-05-22T12:05:37+00:00","article_modified_time":"2015-05-22T12:47:38+00:00","og_image":[{"width":500,"height":318,"url":"https:\/\/www.notibras.com\/site\/wp-content\/uploads\/2015\/05\/Sem-t\u00edtulo-183.jpg","type":"image\/jpeg"}],"author":"Reda\u00e7\u00e3o","twitter_card":"summary_large_image","twitter_creator":"@Notibras","twitter_site":"@Notibras","twitter_misc":{"Escrito por":"Reda\u00e7\u00e3o","Est. tempo de leitura":"1 minuto"},"schema":{"@context":"https:\/\/schema.org","@graph":[{"@type":"Article","@id":"https:\/\/www.notibras.com\/site\/maratona-do-leite-no-eixao-norte-agita-corredores-de-brasilia\/#article","isPartOf":{"@id":"https:\/\/www.notibras.com\/site\/maratona-do-leite-no-eixao-norte-agita-corredores-de-brasilia\/"},"author":{"name":"Reda\u00e7\u00e3o","@id":"https:\/\/www.notibras.com\/site\/#\/schema\/person\/36ab0979449956132d3e5b517ea76ac8"},"headline":"Maratona do Leite no Eix\u00e3o Norte agita corredores de Bras\u00edlia","datePublished":"2015-05-22T12:05:37+00:00","dateModified":"2015-05-22T12:47:38+00:00","mainEntityOfPage":{"@id":"https:\/\/www.notibras.com\/site\/maratona-do-leite-no-eixao-norte-agita-corredores-de-brasilia\/"},"wordCount":172,"commentCount":0,"publisher":{"@id":"https:\/\/www.notibras.com\/site\/#organization"},"image":{"@id":"https:\/\/www.notibras.com\/site\/maratona-do-leite-no-eixao-norte-agita-corredores-de-brasilia\/#primaryimage"},"thumbnailUrl":"https:\/\/www.notibras.com\/site\/wp-content\/uploads\/2015\/05\/Sem-t\u00edtulo-183.jpg","articleSection":["ZapZap das Quadras"],"inLanguage":"pt-BR","potentialAction":[{"@type":"CommentAction","name":"Comment","target":["https:\/\/www.notibras.com\/site\/maratona-do-leite-no-eixao-norte-agita-corredores-de-brasilia\/#respond"]}]},{"@type":"WebPage","@id":"https:\/\/www.notibras.com\/site\/maratona-do-leite-no-eixao-norte-agita-corredores-de-brasilia\/","url":"https:\/\/www.notibras.com\/site\/maratona-do-leite-no-eixao-norte-agita-corredores-de-brasilia\/","name":"Maratona do Leite no Eix\u00e3o Norte agita corredores de Bras\u00edlia - Notibras","isPartOf":{"@id":"https:\/\/www.notibras.com\/site\/#website"},"primaryImageOfPage":{"@id":"https:\/\/www.notibras.com\/site\/maratona-do-leite-no-eixao-norte-agita-corredores-de-brasilia\/#primaryimage"},"image":{"@id":"https:\/\/www.notibras.com\/site\/maratona-do-leite-no-eixao-norte-agita-corredores-de-brasilia\/#primaryimage"},"thumbnailUrl":"https:\/\/www.notibras.com\/site\/wp-content\/uploads\/2015\/05\/Sem-t\u00edtulo-183.jpg","datePublished":"2015-05-22T12:05:37+00:00","dateModified":"2015-05-22T12:47:38+00:00","breadcrumb":{"@id":"https:\/\/www.notibras.com\/site\/maratona-do-leite-no-eixao-norte-agita-corredores-de-brasilia\/#breadcrumb"},"inLanguage":"pt-BR","potentialAction":[{"@type":"ReadAction","target":["https:\/\/www.notibras.com\/site\/maratona-do-leite-no-eixao-norte-agita-corredores-de-brasilia\/"]}]},{"@type":"ImageObject","inLanguage":"pt-BR","@id":"https:\/\/www.notibras.com\/site\/maratona-do-leite-no-eixao-norte-agita-corredores-de-brasilia\/#primaryimage","url":"https:\/\/www.notibras.com\/site\/wp-content\/uploads\/2015\/05\/Sem-t\u00edtulo-183.jpg","contentUrl":"https:\/\/www.notibras.com\/site\/wp-content\/uploads\/2015\/05\/Sem-t\u00edtulo-183.jpg","width":500,"height":318},{"@type":"BreadcrumbList","@id":"https:\/\/www.notibras.com\/site\/maratona-do-leite-no-eixao-norte-agita-corredores-de-brasilia\/#breadcrumb","itemListElement":[{"@type":"ListItem","position":1,"name":"In\u00edcio","item":"https:\/\/www.notibras.com\/site\/"},{"@type":"ListItem","position":2,"name":"Maratona do Leite no Eix\u00e3o Norte agita corredores de Bras\u00edlia"}]},{"@type":"WebSite","@id":"https:\/\/www.notibras.com\/site\/#website","url":"https:\/\/www.notibras.com\/site\/","name":"Notibras","description":"Not\u00edcias de Bras\u00edlia, do Brasil e do Mundo","publisher":{"@id":"https:\/\/www.notibras.com\/site\/#organization"},"potentialAction":[{"@type":"SearchAction","target":{"@type":"EntryPoint","urlTemplate":"https:\/\/www.notibras.com\/site\/?s={search_term_string}"},"query-input":{"@type":"PropertyValueSpecification","valueRequired":true,"valueName":"search_term_string"}}],"inLanguage":"pt-BR"},{"@type":"Organization","@id":"https:\/\/www.notibras.com\/site\/#organization","name":"Grupo Notibras de Comunica\u00e7\u00e3o","url":"https:\/\/www.notibras.com\/site\/","logo":{"@type":"ImageObject","inLanguage":"pt-BR","@id":"https:\/\/www.notibras.com\/site\/#\/schema\/logo\/image\/","url":"https:\/\/www.notibras.com\/site\/wp-content\/uploads\/2023\/01\/notibras23.png","contentUrl":"https:\/\/www.notibras.com\/site\/wp-content\/uploads\/2023\/01\/notibras23.png","width":350,"height":87,"caption":"Grupo Notibras de Comunica\u00e7\u00e3o"},"image":{"@id":"https:\/\/www.notibras.com\/site\/#\/schema\/logo\/image\/"},"sameAs":["https:\/\/www.facebook.com\/notibras\/","https:\/\/x.com\/Notibras","https:\/\/www.instagram.com\/notibras\/"]},{"@type":"Person","@id":"https:\/\/www.notibras.com\/site\/#\/schema\/person\/36ab0979449956132d3e5b517ea76ac8","name":"Reda\u00e7\u00e3o","image":{"@type":"ImageObject","inLanguage":"pt-BR","@id":"https:\/\/secure.gravatar.com\/avatar\/e0a867bdedb85fd243eadf09663511f96fc81e0720a4a42581f334ad4303aa6b?s=96&d=mm&r=g","url":"https:\/\/secure.gravatar.com\/avatar\/e0a867bdedb85fd243eadf09663511f96fc81e0720a4a42581f334ad4303aa6b?s=96&d=mm&r=g","contentUrl":"https:\/\/secure.gravatar.com\/avatar\/e0a867bdedb85fd243eadf09663511f96fc81e0720a4a42581f334ad4303aa6b?s=96&d=mm&r=g","caption":"Reda\u00e7\u00e3o"}}]}},"amp_enabled":true,"_links":{"self":[{"href":"https:\/\/www.notibras.com\/site\/wp-json\/wp\/v2\/posts\/49860","targetHints":{"allow":["GET"]}}],"collection":[{"href":"https:\/\/www.notibras.com\/site\/wp-json\/wp\/v2\/posts"}],"about":[{"href":"https:\/\/www.notibras.com\/site\/wp-json\/wp\/v2\/types\/post"}],"author":[{"embeddable":true,"href":"https:\/\/www.notibras.com\/site\/wp-json\/wp\/v2\/users\/2"}],"replies":[{"embeddable":true,"href":"https:\/\/www.notibras.com\/site\/wp-json\/wp\/v2\/comments?post=49860"}],"version-history":[{"count":0,"href":"https:\/\/www.notibras.com\/site\/wp-json\/wp\/v2\/posts\/49860\/revisions"}],"wp:featuredmedia":[{"embeddable":true,"href":"https:\/\/www.notibras.com\/site\/wp-json\/wp\/v2\/media\/49886"}],"wp:attachment":[{"href":"https:\/\/www.notibras.com\/site\/wp-json\/wp\/v2\/media?parent=49860"}],"wp:term":[{"taxonomy":"category","embeddable":true,"href":"https:\/\/www.notibras.com\/site\/wp-json\/wp\/v2\/categories?post=49860"},{"taxonomy":"post_tag","embeddable":true,"href":"https:\/\/www.notibras.com\/site\/wp-json\/wp\/v2\/tags?post=49860"}],"curies":[{"name":"wp","href":"https:\/\/api.w.org\/{rel}","templated":true}]}}