{"id":49864,"date":"2015-05-22T09:16:34","date_gmt":"2015-05-22T12:16:34","guid":{"rendered":"http:\/\/www.notibras.com\/site\/?p=49864"},"modified":"2015-05-22T09:16:34","modified_gmt":"2015-05-22T12:16:34","slug":"punicao-ao-menor-infrator-um-bandido-que-nao-da-valor-a-vida","status":"publish","type":"post","link":"https:\/\/www.notibras.com\/site\/punicao-ao-menor-infrator-um-bandido-que-nao-da-valor-a-vida\/","title":{"rendered":"Puni\u00e7\u00e3o ao menor infrator, um bandido que n\u00e3o d\u00e1 valor \u00e0 vida"},"content":{"rendered":"<p>Antes que me crucifiquem pelo meu posicionamento, quero deixar bem claro o que penso. Sou a favor da redu\u00e7\u00e3o da maioridade penal em certas circunst\u00e2ncias. Como sempre digo quando sou questionada sobre o tema, h\u00e1 crimes e crimes.<\/p>\n<p>Crimes hediondos (Lei 8.072\/1990) praticados por menores devem sim ter a maioridade penal reduzida sem limite de idade. J\u00e1 os crimes de menor potencial ofensivo, como furto simples, dirigir sem habilita\u00e7\u00e3o, pichar muros ou casas, porte de drogas etc. devem ser apenados pelo disposto no ECA (Estatuto da Crian\u00e7a e do Adolescente).<\/p>\n<p>Sou a favor de que o menor que comete o crime hediondo cumpra sua pena em uma unidade de maior seguran\u00e7a dentro da Funda\u00e7\u00e3o Casa at\u00e9 os 18 anos de idade &#8211; para que continue a ter acompanhamento de todo aparato que ela oferece &#8211; e s\u00f3 ent\u00e3o seja transferido para o sistema prisional comum.<\/p>\n<p>O que n\u00e3o posso concordar \u00e9 com a postura daqueles que s\u00e3o contra a redu\u00e7\u00e3o alegando, em suma, que os menores s\u00e3o &#8220;coitadinhos&#8221;, v\u00edtimas sociais de um sistema que n\u00e3o lhes permite se conduzir de outra forma.<\/p>\n<p>Eu gostaria de saber desde quando pobreza, desajustes familiares e falta de assiduidade escolar s\u00e3o justificativas para algu\u00e9m sair na rua e matar, com requintes de crueldade, um ser humano.<\/p>\n<p>J\u00e1 ficou comprovado, em brilhante artigo do jornalista Leandro Narloch, que 12,5% dos homic\u00eddios praticados no Brasil s\u00e3o cometidos<\/p>\n<p>por menores infratores. Conforme o mapa da viol\u00eancia de 2012, tivemos 56.337 homic\u00eddios no Brasil, o que nos leva ao n\u00famero estarrecedor de 7.042 mortes praticadas por menores bandidos.<\/p>\n<p>Ser\u00e1 que eles s\u00e3o t\u00e3o &#8220;coitadinhos&#8221; assim, ou os pobres coitados somos n\u00f3s, a sociedade que est\u00e1 a merc\u00ea dessa bandidagem mirim que nos aterroriza e inferniza, nos fazendo viver entre grades e com muito medo.<\/p>\n<blockquote><p>Outra fal\u00e1cia repetida como verdadeira \u00e9 o \u00edndice de reincid\u00eancia do bandido menor. Em pesquisa divulgada no site do CNJ (10\/04\/2012), temos no Brasil uma taxa de 43,3%, ressaltando a pesquisa que: &#8220;al\u00e9m da recorr\u00eancia dos atos infracionais contra o patrim\u00f4nio cometidos pelos reincidentes, constata-se que a ocorr\u00eancia de homic\u00eddio na reitera\u00e7\u00e3o da pr\u00e1tica infracional foi aproximadamente tr\u00eas vezes superior \u00e0 primeira interna\u00e7\u00e3o, aumentando de 3% para 10% dos casos em \u00e2mbito nacional.<\/p><\/blockquote>\n<p>Desta forma, n\u00e3o resta a menor d\u00favida que o jovem infrator ao se deparar com o impune ECA, vai se aprimorando na pr\u00e1tica criminal, e entre entradas e sa\u00eddas das interna\u00e7\u00f5es, torna-se um bandido cada vez mais cruel e perigoso.<\/p>\n<p>O partido que est\u00e1 no poder se diz radicalmente contra a redu\u00e7\u00e3o da maioridade penal. Nosso ministro da Justi\u00e7a, Jos\u00e9 Eduardo Cardoso, j\u00e1 disse em diversas ocasi\u00f5es que &#8220;se tivesse que cumprir pena nas nossas pris\u00f5es preferia morrer$escape.getQuote().Ou ainda: &#8220;As condi\u00e7\u00f5es do sistema prisional brasileiro s\u00e3o p\u00e9ssimas.$escape.getQuote().E tamb\u00e9m: &#8220;Colocar um adolescente preso com adulto s\u00f3 vai agravar o problema.&#8221;<\/p>\n<p>Mas, ao mesmo tempo, a Fupen (Fundo Penitenci\u00e1rio), \u00f3rg\u00e3o subordinado ao Minist\u00e9rio da Justi\u00e7a, em 2011, de um total de verbas de R$ 269 milh\u00f5es, contingenciou 65,4% para fazer superavit prim\u00e1rio \u2013 isto \u00e9, para colaborar com os descalabros econ\u00f4micos do governo federal. Ent\u00e3o, se o minist\u00e9rio n\u00e3o faz sua li\u00e7\u00e3o de casa de investir nas melhorias dos pres\u00eddios, porque n\u00f3s sociedade temos que pagar o pre\u00e7o de conviver diariamente com o banditismo juvenil?<\/p>\n<p>Eles n\u00e3o podem ser mandados para as cadeias, mas n\u00f3s, cidad\u00e3os de bem, temos que entregar nossos bens, nossos filhos, nossas vidas a eles. Quem fez essa justi\u00e7a?<\/p>\n<p>Isso, sem falar no nosso ministro da Defesa, Jacques Wagner, que n\u00e3o combate de forma efetiva a entrada de drogas e armas no nosso pa\u00eds. Drogas que abastecem as &#8220;biqueiras&#8221; do tr\u00e1fico e armas que v\u00e3o parar nas m\u00e3os desses menores assassinos, que nos tiram a vida como quem compra p\u00e3o na padaria. Um verdadeiro descalabro social. At\u00e9 quando?<\/p>\n<p>N\u00e3o posso deixar de falar da cereja do bolo, os direitos humanos \u2013 ou melhor, &#8220;direito dos manos&#8221;. Direitos para quem? Posso garantir, pois vivo o problema, que n\u00e3o \u00e9 para as v\u00edtimas e seus familiares.<\/p>\n<p>A parcialidade de atua\u00e7\u00e3o dos direitos (dito) humanos \u00e9 t\u00e3o descarada que enoja. Passar a m\u00e3o na cabe\u00e7a desses bandidinhos em nada contribui para diminuir a criminalidade mirim \u2013pelo contr\u00e1rio, s\u00f3 aumenta.<\/p>\n<p>J\u00e1 passou da hora dos direitos humanos verem os menores infratores como eles verdadeiramente s\u00e3o: bandidos que n\u00e3o d\u00e3o o menor valor a vida das pessoas de bem. Eles matam pelo simples prazer de matar, sem um pingo de d\u00f3 ou piedade de quem quer que seja. Fazem atos atos abjetos e desprez\u00edveis, como queimar uma pessoa viva e executar com um tiro na cabe\u00e7a. S\u00e3o verdadeiros canalhas.<\/p>\n<p>O leniente ECA, com suas medidas punitivas frouxas e ign\u00f3beis, est\u00e1 transformando os menores em bandidos t\u00e3o ou mais cru\u00e9is que os maiores, que sabem o que fazem, e o fazem pela plena certeza da impunidade.<\/p>\n<p>Os bandidos juvenis t\u00eam discernimento para entender o ato que praticam e coragem suficiente para matar o infeliz que se opuser contra eles. J\u00e1 que as medidas socioeducativas do ECA j\u00e1 n\u00e3o atendem mais os anseios da sociedade, s\u00f3 nos resta pedir a redu\u00e7\u00e3o da maioridade penal j\u00e1.<\/p>\n<p><strong>Marisa Rita Riello Deppman<\/strong><\/p>\n<section class=\"embed-lista type3 isWeb\">\n<div class=\"container\"><\/div>\n<\/section>\n","protected":false},"excerpt":{"rendered":"<p>Antes que me crucifiquem pelo meu posicionamento, quero deixar bem claro o que penso. Sou a favor da redu\u00e7\u00e3o da maioridade penal em certas circunst\u00e2ncias. Como sempre digo quando sou questionada sobre o tema, h\u00e1 crimes e crimes. Crimes hediondos (Lei 8.072\/1990) praticados por menores devem sim ter a maioridade penal reduzida sem limite de [&hellip;]<\/p>\n","protected":false},"author":2,"featured_media":49865,"comment_status":"open","ping_status":"closed","sticky":false,"template":"","format":"standard","meta":{"_acf_changed":false,"footnotes":""},"categories":[25],"tags":[],"class_list":["post-49864","post","type-post","status-publish","format-standard","has-post-thumbnail","hentry","category-opina-ai"],"acf":[],"yoast_head":"<!-- This site is optimized with the Yoast SEO plugin v27.5 - https:\/\/yoast.com\/product\/yoast-seo-wordpress\/ -->\n<title>Puni\u00e7\u00e3o ao menor infrator, um bandido que n\u00e3o d\u00e1 valor \u00e0 vida - Notibras<\/title>\n<meta name=\"robots\" content=\"index, follow, max-snippet:-1, max-image-preview:large, max-video-preview:-1\" \/>\n<link rel=\"canonical\" href=\"https:\/\/www.notibras.com\/site\/punicao-ao-menor-infrator-um-bandido-que-nao-da-valor-a-vida\/\" \/>\n<meta property=\"og:locale\" content=\"pt_BR\" \/>\n<meta property=\"og:type\" content=\"article\" \/>\n<meta property=\"og:title\" content=\"Puni\u00e7\u00e3o ao menor infrator, um bandido que n\u00e3o d\u00e1 valor \u00e0 vida - Notibras\" \/>\n<meta property=\"og:description\" content=\"Antes que me crucifiquem pelo meu posicionamento, quero deixar bem claro o que penso. Sou a favor da redu\u00e7\u00e3o da maioridade penal em certas circunst\u00e2ncias. Como sempre digo quando sou questionada sobre o tema, h\u00e1 crimes e crimes. Crimes hediondos (Lei 8.072\/1990) praticados por menores devem sim ter a maioridade penal reduzida sem limite de [&hellip;]\" \/>\n<meta property=\"og:url\" content=\"https:\/\/www.notibras.com\/site\/punicao-ao-menor-infrator-um-bandido-que-nao-da-valor-a-vida\/\" \/>\n<meta property=\"og:site_name\" content=\"Notibras\" \/>\n<meta property=\"article:publisher\" content=\"https:\/\/www.facebook.com\/notibras\/\" \/>\n<meta property=\"article:published_time\" content=\"2015-05-22T12:16:34+00:00\" \/>\n<meta property=\"og:image\" content=\"https:\/\/www.notibras.com\/site\/wp-content\/uploads\/2015\/05\/men.jpg\" \/>\n\t<meta property=\"og:image:width\" content=\"620\" \/>\n\t<meta property=\"og:image:height\" content=\"465\" \/>\n\t<meta property=\"og:image:type\" content=\"image\/jpeg\" \/>\n<meta name=\"author\" content=\"Reda\u00e7\u00e3o\" \/>\n<meta name=\"twitter:card\" content=\"summary_large_image\" \/>\n<meta name=\"twitter:creator\" content=\"@Notibras\" \/>\n<meta name=\"twitter:site\" content=\"@Notibras\" \/>\n<meta name=\"twitter:label1\" content=\"Escrito por\" \/>\n\t<meta name=\"twitter:data1\" content=\"Reda\u00e7\u00e3o\" \/>\n\t<meta name=\"twitter:label2\" content=\"Est. tempo de leitura\" \/>\n\t<meta name=\"twitter:data2\" content=\"5 minutos\" \/>\n<script type=\"application\/ld+json\" class=\"yoast-schema-graph\">{\"@context\":\"https:\\\/\\\/schema.org\",\"@graph\":[{\"@type\":\"Article\",\"@id\":\"https:\\\/\\\/www.notibras.com\\\/site\\\/punicao-ao-menor-infrator-um-bandido-que-nao-da-valor-a-vida\\\/#article\",\"isPartOf\":{\"@id\":\"https:\\\/\\\/www.notibras.com\\\/site\\\/punicao-ao-menor-infrator-um-bandido-que-nao-da-valor-a-vida\\\/\"},\"author\":{\"name\":\"Reda\u00e7\u00e3o\",\"@id\":\"https:\\\/\\\/www.notibras.com\\\/site\\\/#\\\/schema\\\/person\\\/36ab0979449956132d3e5b517ea76ac8\"},\"headline\":\"Puni\u00e7\u00e3o ao menor infrator, um bandido que n\u00e3o d\u00e1 valor \u00e0 vida\",\"datePublished\":\"2015-05-22T12:16:34+00:00\",\"mainEntityOfPage\":{\"@id\":\"https:\\\/\\\/www.notibras.com\\\/site\\\/punicao-ao-menor-infrator-um-bandido-que-nao-da-valor-a-vida\\\/\"},\"wordCount\":942,\"commentCount\":0,\"publisher\":{\"@id\":\"https:\\\/\\\/www.notibras.com\\\/site\\\/#organization\"},\"image\":{\"@id\":\"https:\\\/\\\/www.notibras.com\\\/site\\\/punicao-ao-menor-infrator-um-bandido-que-nao-da-valor-a-vida\\\/#primaryimage\"},\"thumbnailUrl\":\"https:\\\/\\\/www.notibras.com\\\/site\\\/wp-content\\\/uploads\\\/2015\\\/05\\\/men.jpg\",\"articleSection\":[\"Opina a\u00ed\"],\"inLanguage\":\"pt-BR\",\"potentialAction\":[{\"@type\":\"CommentAction\",\"name\":\"Comment\",\"target\":[\"https:\\\/\\\/www.notibras.com\\\/site\\\/punicao-ao-menor-infrator-um-bandido-que-nao-da-valor-a-vida\\\/#respond\"]}]},{\"@type\":\"WebPage\",\"@id\":\"https:\\\/\\\/www.notibras.com\\\/site\\\/punicao-ao-menor-infrator-um-bandido-que-nao-da-valor-a-vida\\\/\",\"url\":\"https:\\\/\\\/www.notibras.com\\\/site\\\/punicao-ao-menor-infrator-um-bandido-que-nao-da-valor-a-vida\\\/\",\"name\":\"Puni\u00e7\u00e3o ao menor infrator, um bandido que n\u00e3o d\u00e1 valor \u00e0 vida - Notibras\",\"isPartOf\":{\"@id\":\"https:\\\/\\\/www.notibras.com\\\/site\\\/#website\"},\"primaryImageOfPage\":{\"@id\":\"https:\\\/\\\/www.notibras.com\\\/site\\\/punicao-ao-menor-infrator-um-bandido-que-nao-da-valor-a-vida\\\/#primaryimage\"},\"image\":{\"@id\":\"https:\\\/\\\/www.notibras.com\\\/site\\\/punicao-ao-menor-infrator-um-bandido-que-nao-da-valor-a-vida\\\/#primaryimage\"},\"thumbnailUrl\":\"https:\\\/\\\/www.notibras.com\\\/site\\\/wp-content\\\/uploads\\\/2015\\\/05\\\/men.jpg\",\"datePublished\":\"2015-05-22T12:16:34+00:00\",\"breadcrumb\":{\"@id\":\"https:\\\/\\\/www.notibras.com\\\/site\\\/punicao-ao-menor-infrator-um-bandido-que-nao-da-valor-a-vida\\\/#breadcrumb\"},\"inLanguage\":\"pt-BR\",\"potentialAction\":[{\"@type\":\"ReadAction\",\"target\":[\"https:\\\/\\\/www.notibras.com\\\/site\\\/punicao-ao-menor-infrator-um-bandido-que-nao-da-valor-a-vida\\\/\"]}]},{\"@type\":\"ImageObject\",\"inLanguage\":\"pt-BR\",\"@id\":\"https:\\\/\\\/www.notibras.com\\\/site\\\/punicao-ao-menor-infrator-um-bandido-que-nao-da-valor-a-vida\\\/#primaryimage\",\"url\":\"https:\\\/\\\/www.notibras.com\\\/site\\\/wp-content\\\/uploads\\\/2015\\\/05\\\/men.jpg\",\"contentUrl\":\"https:\\\/\\\/www.notibras.com\\\/site\\\/wp-content\\\/uploads\\\/2015\\\/05\\\/men.jpg\",\"width\":620,\"height\":465},{\"@type\":\"BreadcrumbList\",\"@id\":\"https:\\\/\\\/www.notibras.com\\\/site\\\/punicao-ao-menor-infrator-um-bandido-que-nao-da-valor-a-vida\\\/#breadcrumb\",\"itemListElement\":[{\"@type\":\"ListItem\",\"position\":1,\"name\":\"In\u00edcio\",\"item\":\"https:\\\/\\\/www.notibras.com\\\/site\\\/\"},{\"@type\":\"ListItem\",\"position\":2,\"name\":\"Puni\u00e7\u00e3o ao menor infrator, um bandido que n\u00e3o d\u00e1 valor \u00e0 vida\"}]},{\"@type\":\"WebSite\",\"@id\":\"https:\\\/\\\/www.notibras.com\\\/site\\\/#website\",\"url\":\"https:\\\/\\\/www.notibras.com\\\/site\\\/\",\"name\":\"Notibras\",\"description\":\"Not\u00edcias de Bras\u00edlia, do Brasil e do Mundo\",\"publisher\":{\"@id\":\"https:\\\/\\\/www.notibras.com\\\/site\\\/#organization\"},\"potentialAction\":[{\"@type\":\"SearchAction\",\"target\":{\"@type\":\"EntryPoint\",\"urlTemplate\":\"https:\\\/\\\/www.notibras.com\\\/site\\\/?s={search_term_string}\"},\"query-input\":{\"@type\":\"PropertyValueSpecification\",\"valueRequired\":true,\"valueName\":\"search_term_string\"}}],\"inLanguage\":\"pt-BR\"},{\"@type\":\"Organization\",\"@id\":\"https:\\\/\\\/www.notibras.com\\\/site\\\/#organization\",\"name\":\"Grupo Notibras de Comunica\u00e7\u00e3o\",\"url\":\"https:\\\/\\\/www.notibras.com\\\/site\\\/\",\"logo\":{\"@type\":\"ImageObject\",\"inLanguage\":\"pt-BR\",\"@id\":\"https:\\\/\\\/www.notibras.com\\\/site\\\/#\\\/schema\\\/logo\\\/image\\\/\",\"url\":\"https:\\\/\\\/www.notibras.com\\\/site\\\/wp-content\\\/uploads\\\/2023\\\/01\\\/notibras23.png\",\"contentUrl\":\"https:\\\/\\\/www.notibras.com\\\/site\\\/wp-content\\\/uploads\\\/2023\\\/01\\\/notibras23.png\",\"width\":350,\"height\":87,\"caption\":\"Grupo Notibras de Comunica\u00e7\u00e3o\"},\"image\":{\"@id\":\"https:\\\/\\\/www.notibras.com\\\/site\\\/#\\\/schema\\\/logo\\\/image\\\/\"},\"sameAs\":[\"https:\\\/\\\/www.facebook.com\\\/notibras\\\/\",\"https:\\\/\\\/x.com\\\/Notibras\",\"https:\\\/\\\/www.instagram.com\\\/notibras\\\/\"]},{\"@type\":\"Person\",\"@id\":\"https:\\\/\\\/www.notibras.com\\\/site\\\/#\\\/schema\\\/person\\\/36ab0979449956132d3e5b517ea76ac8\",\"name\":\"Reda\u00e7\u00e3o\",\"image\":{\"@type\":\"ImageObject\",\"inLanguage\":\"pt-BR\",\"@id\":\"https:\\\/\\\/secure.gravatar.com\\\/avatar\\\/e0a867bdedb85fd243eadf09663511f96fc81e0720a4a42581f334ad4303aa6b?s=96&d=mm&r=g\",\"url\":\"https:\\\/\\\/secure.gravatar.com\\\/avatar\\\/e0a867bdedb85fd243eadf09663511f96fc81e0720a4a42581f334ad4303aa6b?s=96&d=mm&r=g\",\"contentUrl\":\"https:\\\/\\\/secure.gravatar.com\\\/avatar\\\/e0a867bdedb85fd243eadf09663511f96fc81e0720a4a42581f334ad4303aa6b?s=96&d=mm&r=g\",\"caption\":\"Reda\u00e7\u00e3o\"}}]}<\/script>\n<!-- \/ Yoast SEO plugin. -->","yoast_head_json":{"title":"Puni\u00e7\u00e3o ao menor infrator, um bandido que n\u00e3o d\u00e1 valor \u00e0 vida - Notibras","robots":{"index":"index","follow":"follow","max-snippet":"max-snippet:-1","max-image-preview":"max-image-preview:large","max-video-preview":"max-video-preview:-1"},"canonical":"https:\/\/www.notibras.com\/site\/punicao-ao-menor-infrator-um-bandido-que-nao-da-valor-a-vida\/","og_locale":"pt_BR","og_type":"article","og_title":"Puni\u00e7\u00e3o ao menor infrator, um bandido que n\u00e3o d\u00e1 valor \u00e0 vida - Notibras","og_description":"Antes que me crucifiquem pelo meu posicionamento, quero deixar bem claro o que penso. Sou a favor da redu\u00e7\u00e3o da maioridade penal em certas circunst\u00e2ncias. Como sempre digo quando sou questionada sobre o tema, h\u00e1 crimes e crimes. Crimes hediondos (Lei 8.072\/1990) praticados por menores devem sim ter a maioridade penal reduzida sem limite de [&hellip;]","og_url":"https:\/\/www.notibras.com\/site\/punicao-ao-menor-infrator-um-bandido-que-nao-da-valor-a-vida\/","og_site_name":"Notibras","article_publisher":"https:\/\/www.facebook.com\/notibras\/","article_published_time":"2015-05-22T12:16:34+00:00","og_image":[{"width":620,"height":465,"url":"https:\/\/www.notibras.com\/site\/wp-content\/uploads\/2015\/05\/men.jpg","type":"image\/jpeg"}],"author":"Reda\u00e7\u00e3o","twitter_card":"summary_large_image","twitter_creator":"@Notibras","twitter_site":"@Notibras","twitter_misc":{"Escrito por":"Reda\u00e7\u00e3o","Est. tempo de leitura":"5 minutos"},"schema":{"@context":"https:\/\/schema.org","@graph":[{"@type":"Article","@id":"https:\/\/www.notibras.com\/site\/punicao-ao-menor-infrator-um-bandido-que-nao-da-valor-a-vida\/#article","isPartOf":{"@id":"https:\/\/www.notibras.com\/site\/punicao-ao-menor-infrator-um-bandido-que-nao-da-valor-a-vida\/"},"author":{"name":"Reda\u00e7\u00e3o","@id":"https:\/\/www.notibras.com\/site\/#\/schema\/person\/36ab0979449956132d3e5b517ea76ac8"},"headline":"Puni\u00e7\u00e3o ao menor infrator, um bandido que n\u00e3o d\u00e1 valor \u00e0 vida","datePublished":"2015-05-22T12:16:34+00:00","mainEntityOfPage":{"@id":"https:\/\/www.notibras.com\/site\/punicao-ao-menor-infrator-um-bandido-que-nao-da-valor-a-vida\/"},"wordCount":942,"commentCount":0,"publisher":{"@id":"https:\/\/www.notibras.com\/site\/#organization"},"image":{"@id":"https:\/\/www.notibras.com\/site\/punicao-ao-menor-infrator-um-bandido-que-nao-da-valor-a-vida\/#primaryimage"},"thumbnailUrl":"https:\/\/www.notibras.com\/site\/wp-content\/uploads\/2015\/05\/men.jpg","articleSection":["Opina a\u00ed"],"inLanguage":"pt-BR","potentialAction":[{"@type":"CommentAction","name":"Comment","target":["https:\/\/www.notibras.com\/site\/punicao-ao-menor-infrator-um-bandido-que-nao-da-valor-a-vida\/#respond"]}]},{"@type":"WebPage","@id":"https:\/\/www.notibras.com\/site\/punicao-ao-menor-infrator-um-bandido-que-nao-da-valor-a-vida\/","url":"https:\/\/www.notibras.com\/site\/punicao-ao-menor-infrator-um-bandido-que-nao-da-valor-a-vida\/","name":"Puni\u00e7\u00e3o ao menor infrator, um bandido que n\u00e3o d\u00e1 valor \u00e0 vida - Notibras","isPartOf":{"@id":"https:\/\/www.notibras.com\/site\/#website"},"primaryImageOfPage":{"@id":"https:\/\/www.notibras.com\/site\/punicao-ao-menor-infrator-um-bandido-que-nao-da-valor-a-vida\/#primaryimage"},"image":{"@id":"https:\/\/www.notibras.com\/site\/punicao-ao-menor-infrator-um-bandido-que-nao-da-valor-a-vida\/#primaryimage"},"thumbnailUrl":"https:\/\/www.notibras.com\/site\/wp-content\/uploads\/2015\/05\/men.jpg","datePublished":"2015-05-22T12:16:34+00:00","breadcrumb":{"@id":"https:\/\/www.notibras.com\/site\/punicao-ao-menor-infrator-um-bandido-que-nao-da-valor-a-vida\/#breadcrumb"},"inLanguage":"pt-BR","potentialAction":[{"@type":"ReadAction","target":["https:\/\/www.notibras.com\/site\/punicao-ao-menor-infrator-um-bandido-que-nao-da-valor-a-vida\/"]}]},{"@type":"ImageObject","inLanguage":"pt-BR","@id":"https:\/\/www.notibras.com\/site\/punicao-ao-menor-infrator-um-bandido-que-nao-da-valor-a-vida\/#primaryimage","url":"https:\/\/www.notibras.com\/site\/wp-content\/uploads\/2015\/05\/men.jpg","contentUrl":"https:\/\/www.notibras.com\/site\/wp-content\/uploads\/2015\/05\/men.jpg","width":620,"height":465},{"@type":"BreadcrumbList","@id":"https:\/\/www.notibras.com\/site\/punicao-ao-menor-infrator-um-bandido-que-nao-da-valor-a-vida\/#breadcrumb","itemListElement":[{"@type":"ListItem","position":1,"name":"In\u00edcio","item":"https:\/\/www.notibras.com\/site\/"},{"@type":"ListItem","position":2,"name":"Puni\u00e7\u00e3o ao menor infrator, um bandido que n\u00e3o d\u00e1 valor \u00e0 vida"}]},{"@type":"WebSite","@id":"https:\/\/www.notibras.com\/site\/#website","url":"https:\/\/www.notibras.com\/site\/","name":"Notibras","description":"Not\u00edcias de Bras\u00edlia, do Brasil e do Mundo","publisher":{"@id":"https:\/\/www.notibras.com\/site\/#organization"},"potentialAction":[{"@type":"SearchAction","target":{"@type":"EntryPoint","urlTemplate":"https:\/\/www.notibras.com\/site\/?s={search_term_string}"},"query-input":{"@type":"PropertyValueSpecification","valueRequired":true,"valueName":"search_term_string"}}],"inLanguage":"pt-BR"},{"@type":"Organization","@id":"https:\/\/www.notibras.com\/site\/#organization","name":"Grupo Notibras de Comunica\u00e7\u00e3o","url":"https:\/\/www.notibras.com\/site\/","logo":{"@type":"ImageObject","inLanguage":"pt-BR","@id":"https:\/\/www.notibras.com\/site\/#\/schema\/logo\/image\/","url":"https:\/\/www.notibras.com\/site\/wp-content\/uploads\/2023\/01\/notibras23.png","contentUrl":"https:\/\/www.notibras.com\/site\/wp-content\/uploads\/2023\/01\/notibras23.png","width":350,"height":87,"caption":"Grupo Notibras de Comunica\u00e7\u00e3o"},"image":{"@id":"https:\/\/www.notibras.com\/site\/#\/schema\/logo\/image\/"},"sameAs":["https:\/\/www.facebook.com\/notibras\/","https:\/\/x.com\/Notibras","https:\/\/www.instagram.com\/notibras\/"]},{"@type":"Person","@id":"https:\/\/www.notibras.com\/site\/#\/schema\/person\/36ab0979449956132d3e5b517ea76ac8","name":"Reda\u00e7\u00e3o","image":{"@type":"ImageObject","inLanguage":"pt-BR","@id":"https:\/\/secure.gravatar.com\/avatar\/e0a867bdedb85fd243eadf09663511f96fc81e0720a4a42581f334ad4303aa6b?s=96&d=mm&r=g","url":"https:\/\/secure.gravatar.com\/avatar\/e0a867bdedb85fd243eadf09663511f96fc81e0720a4a42581f334ad4303aa6b?s=96&d=mm&r=g","contentUrl":"https:\/\/secure.gravatar.com\/avatar\/e0a867bdedb85fd243eadf09663511f96fc81e0720a4a42581f334ad4303aa6b?s=96&d=mm&r=g","caption":"Reda\u00e7\u00e3o"}}]}},"amp_enabled":true,"_links":{"self":[{"href":"https:\/\/www.notibras.com\/site\/wp-json\/wp\/v2\/posts\/49864","targetHints":{"allow":["GET"]}}],"collection":[{"href":"https:\/\/www.notibras.com\/site\/wp-json\/wp\/v2\/posts"}],"about":[{"href":"https:\/\/www.notibras.com\/site\/wp-json\/wp\/v2\/types\/post"}],"author":[{"embeddable":true,"href":"https:\/\/www.notibras.com\/site\/wp-json\/wp\/v2\/users\/2"}],"replies":[{"embeddable":true,"href":"https:\/\/www.notibras.com\/site\/wp-json\/wp\/v2\/comments?post=49864"}],"version-history":[{"count":0,"href":"https:\/\/www.notibras.com\/site\/wp-json\/wp\/v2\/posts\/49864\/revisions"}],"wp:featuredmedia":[{"embeddable":true,"href":"https:\/\/www.notibras.com\/site\/wp-json\/wp\/v2\/media\/49865"}],"wp:attachment":[{"href":"https:\/\/www.notibras.com\/site\/wp-json\/wp\/v2\/media?parent=49864"}],"wp:term":[{"taxonomy":"category","embeddable":true,"href":"https:\/\/www.notibras.com\/site\/wp-json\/wp\/v2\/categories?post=49864"},{"taxonomy":"post_tag","embeddable":true,"href":"https:\/\/www.notibras.com\/site\/wp-json\/wp\/v2\/tags?post=49864"}],"curies":[{"name":"wp","href":"https:\/\/api.w.org\/{rel}","templated":true}]}}