{"id":4993,"date":"2014-03-22T11:01:45","date_gmt":"2014-03-22T14:01:45","guid":{"rendered":"http:\/\/www.notibras.com\/site\/?p=4993"},"modified":"2014-03-22T20:16:40","modified_gmt":"2014-03-22T23:16:40","slug":"ong-faz-campanha-para-evitar-morte-de-crianca-afogada","status":"publish","type":"post","link":"https:\/\/www.notibras.com\/site\/ong-faz-campanha-para-evitar-morte-de-crianca-afogada\/","title":{"rendered":"ONG faz campanha para evitar morte de crian\u00e7a afogada"},"content":{"rendered":"<p>A organiza\u00e7\u00e3o n\u00e3o governamental (ONG) Crian\u00e7a Segura lan\u00e7ou campanha de preven\u00e7\u00e3o contra afogamentos de crian\u00e7as e adolescentes para alertar a sociedade sobre o perigo da falta de aten\u00e7\u00e3o: afogamentos ocupam o segundo lugar no <em>ranking<\/em> de mortes de crian\u00e7as at\u00e9 14 anos por acidentes no Brasil. O tr\u00e2nsito, incluindo os atropelamentos, ocupa o primeiro lugar, com 2 mil mortes por ano.<\/p>\n<p>A cada ano, mais de 1.100 crian\u00e7as morrem afogadas, segundo dados do Minist\u00e9rio da Sa\u00fade. A maior incid\u00eancia ocorre com crian\u00e7as entre 1 e 4 anos &#8211; 422 casos, o que representa 37% do\u00a0 total. Em segundo lugar, v\u00eam as mortes de crian\u00e7as com idades entre 10 e 14 anos &#8211; 407 registros e 36% dos casos.<\/p>\n<p>\u201cO objetivo da campanha \u00e9 gerar um alerta para a popula\u00e7\u00e3o de que a preven\u00e7\u00e3o \u00e9 simples, mas precisa entrar no dia a dia das fam\u00edlias. O adulto deve estar sempre com a crian\u00e7a quando ela estiver na \u00e1gua. Noventa por cento dos acidentes podem ser evitados\u201d, disse a coordenadora nacional da ONG, Alessandra Fran\u00e7oia.<\/p>\n<p>Ela explica que o elevado n\u00famero de mortes se d\u00e1 \u201cporque o afogamento \u00e9 um acidente silencioso e muito r\u00e1pido\u201d.\u00a0 \u201cA gente tem quatro minutos para salvar a vida da crian\u00e7a depois que ela perde a consci\u00eancia. Um balde com dois dedos de \u00e1gua pode ser suficiente para uma crian\u00e7a de at\u00e9 3 anos se afogar\u201d, disse.<\/p>\n<p>Os cuidados em casa devem ser redobrados: depois do uso, esvaziar e armazenar em locais altos baldes, bacias e banheiras; deixar abaixada a tampa do vaso sanit\u00e1rio e esvaziar tanques. Outras formas de preven\u00e7\u00e3o importantes s\u00e3o ensinar a crian\u00e7a a nadar a partir dos 4 anos e ensinar, aos respons\u00e1veis, t\u00e9cnicas de primeiros socorros para o caso de uma emerg\u00eancia.<\/p>\n<p>O alerta maior, no entanto, \u00e9 para locais abertos como represas, rios, lagos e mares, que respondem por 424 mortes por ano, o equivalente a 38% dos casos.<\/p>\n<p>Piscinas tamb\u00e9m despertam preocupa\u00e7\u00f5es, principalmente por causa dos ralos, j\u00e1 que h\u00e1 casos em que crian\u00e7as ficam presas por partes do corpo ou pelo cabelo. \u201cTodo mundo sabe que tem que p\u00f4r a tampa no ralo. Um pa\u00eds s\u00e9rio determina toler\u00e2ncia zero para o acidente. Nenhuma fam\u00edlia precisa sofrer essa dor. Quem tem que evitar somos n\u00f3s mesmos, sendo consumidores exigentes e pais mais atentos\u201d, ressaltou Alessandra.<\/p>\n<p>No caso das piscinas, as medidas de preven\u00e7\u00e3o incluem instalar alertas sonoros de movimento e ralos cobertos antissuc\u00e7\u00e3o, al\u00e9m de tamp\u00e1-las com lona ap\u00f3s o uso.<\/p>\n<p>Com rela\u00e7\u00e3o aos clubes, Alessandra informa que o Rio de Janeiro \u00e9 o \u00fanico estado que tem obrigatoriedade de ter salva-vida. \u201cEssa responsabiliza\u00e7\u00e3o do prestador de servi\u00e7o tem que acontecer\u201d, acrescentou.<\/p>\n<p>Um projeto de lei que torna obrigat\u00f3ria a presen\u00e7a de profissionais salva-vidas em balne\u00e1rios ou locais aqu\u00e1ticos abertos ao p\u00fablico foi aprovado na quarta-feira (19), em car\u00e1ter conclusivo, pela Comiss\u00e3o de Constitui\u00e7\u00e3o e Justi\u00e7a da C\u00e2mara dos Deputados. O texto seguir\u00e1 agora para aprecia\u00e7\u00e3o do Senado, a n\u00e3o ser que haja recurso para que seja votado pelo plen\u00e1rio da C\u00e2mara.<\/p>\n<p>A campanha da Crian\u00e7a Segura pode ser acompanhada pelo <a href=\"https:\/\/www.facebook.com\/ongcriancasegura?fref=ts\" target=\"_blank\">Facebook<\/a> e pelo <a href=\"http:\/\/criancasegura.org.br\" target=\"_blank\"><em>site<\/em><\/a> da ONG.<\/p>\n<p><strong>Ana Cristina Campos, ABr<\/strong><\/p>\n","protected":false},"excerpt":{"rendered":"<p>A organiza\u00e7\u00e3o n\u00e3o governamental (ONG) Crian\u00e7a Segura lan\u00e7ou campanha de preven\u00e7\u00e3o contra afogamentos de crian\u00e7as e adolescentes para alertar a sociedade sobre o perigo da falta de aten\u00e7\u00e3o: afogamentos ocupam o segundo lugar no ranking de mortes de crian\u00e7as at\u00e9 14 anos por acidentes no Brasil. O tr\u00e2nsito, incluindo os atropelamentos, ocupa o primeiro lugar, [&hellip;]<\/p>\n","protected":false},"author":2,"featured_media":4994,"comment_status":"open","ping_status":"closed","sticky":false,"template":"","format":"standard","meta":{"_acf_changed":false,"footnotes":""},"categories":[16],"tags":[],"class_list":["post-4993","post","type-post","status-publish","format-standard","has-post-thumbnail","hentry","category-brasil"],"acf":[],"yoast_head":"<!-- This site is optimized with the Yoast SEO plugin v27.2 - https:\/\/yoast.com\/product\/yoast-seo-wordpress\/ -->\n<title>ONG faz campanha para evitar morte de crian\u00e7a afogada - Notibras<\/title>\n<meta name=\"robots\" content=\"index, follow, max-snippet:-1, max-image-preview:large, max-video-preview:-1\" \/>\n<link rel=\"canonical\" href=\"https:\/\/www.notibras.com\/site\/ong-faz-campanha-para-evitar-morte-de-crianca-afogada\/\" \/>\n<meta property=\"og:locale\" content=\"pt_BR\" \/>\n<meta property=\"og:type\" content=\"article\" \/>\n<meta property=\"og:title\" content=\"ONG faz campanha para evitar morte de crian\u00e7a afogada - Notibras\" \/>\n<meta property=\"og:description\" content=\"A organiza\u00e7\u00e3o n\u00e3o governamental (ONG) Crian\u00e7a Segura lan\u00e7ou campanha de preven\u00e7\u00e3o contra afogamentos de crian\u00e7as e adolescentes para alertar a sociedade sobre o perigo da falta de aten\u00e7\u00e3o: afogamentos ocupam o segundo lugar no ranking de mortes de crian\u00e7as at\u00e9 14 anos por acidentes no Brasil. O tr\u00e2nsito, incluindo os atropelamentos, ocupa o primeiro lugar, [&hellip;]\" \/>\n<meta property=\"og:url\" content=\"https:\/\/www.notibras.com\/site\/ong-faz-campanha-para-evitar-morte-de-crianca-afogada\/\" \/>\n<meta property=\"og:site_name\" content=\"Notibras\" \/>\n<meta property=\"article:publisher\" content=\"https:\/\/www.facebook.com\/notibras\/\" \/>\n<meta property=\"article:published_time\" content=\"2014-03-22T14:01:45+00:00\" \/>\n<meta property=\"article:modified_time\" content=\"2014-03-22T23:16:40+00:00\" \/>\n<meta property=\"og:image\" content=\"https:\/\/www.notibras.com\/site\/wp-content\/uploads\/2014\/03\/menino-nadando.jpg\" \/>\n\t<meta property=\"og:image:width\" content=\"480\" \/>\n\t<meta property=\"og:image:height\" content=\"300\" \/>\n\t<meta property=\"og:image:type\" content=\"image\/jpeg\" \/>\n<meta name=\"author\" content=\"Reda\u00e7\u00e3o\" \/>\n<meta name=\"twitter:card\" content=\"summary_large_image\" \/>\n<meta name=\"twitter:creator\" content=\"@Notibras\" \/>\n<meta name=\"twitter:site\" content=\"@Notibras\" \/>\n<meta name=\"twitter:label1\" content=\"Escrito por\" \/>\n\t<meta name=\"twitter:data1\" content=\"Reda\u00e7\u00e3o\" \/>\n\t<meta name=\"twitter:label2\" content=\"Est. tempo de leitura\" \/>\n\t<meta name=\"twitter:data2\" content=\"3 minutos\" \/>\n<script type=\"application\/ld+json\" class=\"yoast-schema-graph\">{\"@context\":\"https:\/\/schema.org\",\"@graph\":[{\"@type\":\"Article\",\"@id\":\"https:\/\/www.notibras.com\/site\/ong-faz-campanha-para-evitar-morte-de-crianca-afogada\/#article\",\"isPartOf\":{\"@id\":\"https:\/\/www.notibras.com\/site\/ong-faz-campanha-para-evitar-morte-de-crianca-afogada\/\"},\"author\":{\"name\":\"Reda\u00e7\u00e3o\",\"@id\":\"https:\/\/www.notibras.com\/site\/#\/schema\/person\/36ab0979449956132d3e5b517ea76ac8\"},\"headline\":\"ONG faz campanha para evitar morte de crian\u00e7a afogada\",\"datePublished\":\"2014-03-22T14:01:45+00:00\",\"dateModified\":\"2014-03-22T23:16:40+00:00\",\"mainEntityOfPage\":{\"@id\":\"https:\/\/www.notibras.com\/site\/ong-faz-campanha-para-evitar-morte-de-crianca-afogada\/\"},\"wordCount\":575,\"commentCount\":0,\"publisher\":{\"@id\":\"https:\/\/www.notibras.com\/site\/#organization\"},\"image\":{\"@id\":\"https:\/\/www.notibras.com\/site\/ong-faz-campanha-para-evitar-morte-de-crianca-afogada\/#primaryimage\"},\"thumbnailUrl\":\"https:\/\/www.notibras.com\/site\/wp-content\/uploads\/2014\/03\/menino-nadando.jpg\",\"articleSection\":[\"Brasil\"],\"inLanguage\":\"pt-BR\",\"potentialAction\":[{\"@type\":\"CommentAction\",\"name\":\"Comment\",\"target\":[\"https:\/\/www.notibras.com\/site\/ong-faz-campanha-para-evitar-morte-de-crianca-afogada\/#respond\"]}]},{\"@type\":\"WebPage\",\"@id\":\"https:\/\/www.notibras.com\/site\/ong-faz-campanha-para-evitar-morte-de-crianca-afogada\/\",\"url\":\"https:\/\/www.notibras.com\/site\/ong-faz-campanha-para-evitar-morte-de-crianca-afogada\/\",\"name\":\"ONG faz campanha para evitar morte de crian\u00e7a afogada - Notibras\",\"isPartOf\":{\"@id\":\"https:\/\/www.notibras.com\/site\/#website\"},\"primaryImageOfPage\":{\"@id\":\"https:\/\/www.notibras.com\/site\/ong-faz-campanha-para-evitar-morte-de-crianca-afogada\/#primaryimage\"},\"image\":{\"@id\":\"https:\/\/www.notibras.com\/site\/ong-faz-campanha-para-evitar-morte-de-crianca-afogada\/#primaryimage\"},\"thumbnailUrl\":\"https:\/\/www.notibras.com\/site\/wp-content\/uploads\/2014\/03\/menino-nadando.jpg\",\"datePublished\":\"2014-03-22T14:01:45+00:00\",\"dateModified\":\"2014-03-22T23:16:40+00:00\",\"breadcrumb\":{\"@id\":\"https:\/\/www.notibras.com\/site\/ong-faz-campanha-para-evitar-morte-de-crianca-afogada\/#breadcrumb\"},\"inLanguage\":\"pt-BR\",\"potentialAction\":[{\"@type\":\"ReadAction\",\"target\":[\"https:\/\/www.notibras.com\/site\/ong-faz-campanha-para-evitar-morte-de-crianca-afogada\/\"]}]},{\"@type\":\"ImageObject\",\"inLanguage\":\"pt-BR\",\"@id\":\"https:\/\/www.notibras.com\/site\/ong-faz-campanha-para-evitar-morte-de-crianca-afogada\/#primaryimage\",\"url\":\"https:\/\/www.notibras.com\/site\/wp-content\/uploads\/2014\/03\/menino-nadando.jpg\",\"contentUrl\":\"https:\/\/www.notibras.com\/site\/wp-content\/uploads\/2014\/03\/menino-nadando.jpg\",\"width\":480,\"height\":300},{\"@type\":\"BreadcrumbList\",\"@id\":\"https:\/\/www.notibras.com\/site\/ong-faz-campanha-para-evitar-morte-de-crianca-afogada\/#breadcrumb\",\"itemListElement\":[{\"@type\":\"ListItem\",\"position\":1,\"name\":\"In\u00edcio\",\"item\":\"https:\/\/www.notibras.com\/site\/\"},{\"@type\":\"ListItem\",\"position\":2,\"name\":\"ONG faz campanha para evitar morte de crian\u00e7a afogada\"}]},{\"@type\":\"WebSite\",\"@id\":\"https:\/\/www.notibras.com\/site\/#website\",\"url\":\"https:\/\/www.notibras.com\/site\/\",\"name\":\"Notibras\",\"description\":\"Not\u00edcias de Bras\u00edlia, do Brasil e do Mundo\",\"publisher\":{\"@id\":\"https:\/\/www.notibras.com\/site\/#organization\"},\"potentialAction\":[{\"@type\":\"SearchAction\",\"target\":{\"@type\":\"EntryPoint\",\"urlTemplate\":\"https:\/\/www.notibras.com\/site\/?s={search_term_string}\"},\"query-input\":{\"@type\":\"PropertyValueSpecification\",\"valueRequired\":true,\"valueName\":\"search_term_string\"}}],\"inLanguage\":\"pt-BR\"},{\"@type\":\"Organization\",\"@id\":\"https:\/\/www.notibras.com\/site\/#organization\",\"name\":\"Grupo Notibras de Comunica\u00e7\u00e3o\",\"url\":\"https:\/\/www.notibras.com\/site\/\",\"logo\":{\"@type\":\"ImageObject\",\"inLanguage\":\"pt-BR\",\"@id\":\"https:\/\/www.notibras.com\/site\/#\/schema\/logo\/image\/\",\"url\":\"https:\/\/www.notibras.com\/site\/wp-content\/uploads\/2023\/01\/notibras23.png\",\"contentUrl\":\"https:\/\/www.notibras.com\/site\/wp-content\/uploads\/2023\/01\/notibras23.png\",\"width\":350,\"height\":87,\"caption\":\"Grupo Notibras de Comunica\u00e7\u00e3o\"},\"image\":{\"@id\":\"https:\/\/www.notibras.com\/site\/#\/schema\/logo\/image\/\"},\"sameAs\":[\"https:\/\/www.facebook.com\/notibras\/\",\"https:\/\/x.com\/Notibras\",\"https:\/\/www.instagram.com\/notibras\/\"]},{\"@type\":\"Person\",\"@id\":\"https:\/\/www.notibras.com\/site\/#\/schema\/person\/36ab0979449956132d3e5b517ea76ac8\",\"name\":\"Reda\u00e7\u00e3o\",\"image\":{\"@type\":\"ImageObject\",\"inLanguage\":\"pt-BR\",\"@id\":\"https:\/\/secure.gravatar.com\/avatar\/e0a867bdedb85fd243eadf09663511f96fc81e0720a4a42581f334ad4303aa6b?s=96&d=mm&r=g\",\"url\":\"https:\/\/secure.gravatar.com\/avatar\/e0a867bdedb85fd243eadf09663511f96fc81e0720a4a42581f334ad4303aa6b?s=96&d=mm&r=g\",\"contentUrl\":\"https:\/\/secure.gravatar.com\/avatar\/e0a867bdedb85fd243eadf09663511f96fc81e0720a4a42581f334ad4303aa6b?s=96&d=mm&r=g\",\"caption\":\"Reda\u00e7\u00e3o\"}}]}<\/script>\n<!-- \/ Yoast SEO plugin. -->","yoast_head_json":{"title":"ONG faz campanha para evitar morte de crian\u00e7a afogada - Notibras","robots":{"index":"index","follow":"follow","max-snippet":"max-snippet:-1","max-image-preview":"max-image-preview:large","max-video-preview":"max-video-preview:-1"},"canonical":"https:\/\/www.notibras.com\/site\/ong-faz-campanha-para-evitar-morte-de-crianca-afogada\/","og_locale":"pt_BR","og_type":"article","og_title":"ONG faz campanha para evitar morte de crian\u00e7a afogada - Notibras","og_description":"A organiza\u00e7\u00e3o n\u00e3o governamental (ONG) Crian\u00e7a Segura lan\u00e7ou campanha de preven\u00e7\u00e3o contra afogamentos de crian\u00e7as e adolescentes para alertar a sociedade sobre o perigo da falta de aten\u00e7\u00e3o: afogamentos ocupam o segundo lugar no ranking de mortes de crian\u00e7as at\u00e9 14 anos por acidentes no Brasil. O tr\u00e2nsito, incluindo os atropelamentos, ocupa o primeiro lugar, [&hellip;]","og_url":"https:\/\/www.notibras.com\/site\/ong-faz-campanha-para-evitar-morte-de-crianca-afogada\/","og_site_name":"Notibras","article_publisher":"https:\/\/www.facebook.com\/notibras\/","article_published_time":"2014-03-22T14:01:45+00:00","article_modified_time":"2014-03-22T23:16:40+00:00","og_image":[{"width":480,"height":300,"url":"https:\/\/www.notibras.com\/site\/wp-content\/uploads\/2014\/03\/menino-nadando.jpg","type":"image\/jpeg"}],"author":"Reda\u00e7\u00e3o","twitter_card":"summary_large_image","twitter_creator":"@Notibras","twitter_site":"@Notibras","twitter_misc":{"Escrito por":"Reda\u00e7\u00e3o","Est. tempo de leitura":"3 minutos"},"schema":{"@context":"https:\/\/schema.org","@graph":[{"@type":"Article","@id":"https:\/\/www.notibras.com\/site\/ong-faz-campanha-para-evitar-morte-de-crianca-afogada\/#article","isPartOf":{"@id":"https:\/\/www.notibras.com\/site\/ong-faz-campanha-para-evitar-morte-de-crianca-afogada\/"},"author":{"name":"Reda\u00e7\u00e3o","@id":"https:\/\/www.notibras.com\/site\/#\/schema\/person\/36ab0979449956132d3e5b517ea76ac8"},"headline":"ONG faz campanha para evitar morte de crian\u00e7a afogada","datePublished":"2014-03-22T14:01:45+00:00","dateModified":"2014-03-22T23:16:40+00:00","mainEntityOfPage":{"@id":"https:\/\/www.notibras.com\/site\/ong-faz-campanha-para-evitar-morte-de-crianca-afogada\/"},"wordCount":575,"commentCount":0,"publisher":{"@id":"https:\/\/www.notibras.com\/site\/#organization"},"image":{"@id":"https:\/\/www.notibras.com\/site\/ong-faz-campanha-para-evitar-morte-de-crianca-afogada\/#primaryimage"},"thumbnailUrl":"https:\/\/www.notibras.com\/site\/wp-content\/uploads\/2014\/03\/menino-nadando.jpg","articleSection":["Brasil"],"inLanguage":"pt-BR","potentialAction":[{"@type":"CommentAction","name":"Comment","target":["https:\/\/www.notibras.com\/site\/ong-faz-campanha-para-evitar-morte-de-crianca-afogada\/#respond"]}]},{"@type":"WebPage","@id":"https:\/\/www.notibras.com\/site\/ong-faz-campanha-para-evitar-morte-de-crianca-afogada\/","url":"https:\/\/www.notibras.com\/site\/ong-faz-campanha-para-evitar-morte-de-crianca-afogada\/","name":"ONG faz campanha para evitar morte de crian\u00e7a afogada - Notibras","isPartOf":{"@id":"https:\/\/www.notibras.com\/site\/#website"},"primaryImageOfPage":{"@id":"https:\/\/www.notibras.com\/site\/ong-faz-campanha-para-evitar-morte-de-crianca-afogada\/#primaryimage"},"image":{"@id":"https:\/\/www.notibras.com\/site\/ong-faz-campanha-para-evitar-morte-de-crianca-afogada\/#primaryimage"},"thumbnailUrl":"https:\/\/www.notibras.com\/site\/wp-content\/uploads\/2014\/03\/menino-nadando.jpg","datePublished":"2014-03-22T14:01:45+00:00","dateModified":"2014-03-22T23:16:40+00:00","breadcrumb":{"@id":"https:\/\/www.notibras.com\/site\/ong-faz-campanha-para-evitar-morte-de-crianca-afogada\/#breadcrumb"},"inLanguage":"pt-BR","potentialAction":[{"@type":"ReadAction","target":["https:\/\/www.notibras.com\/site\/ong-faz-campanha-para-evitar-morte-de-crianca-afogada\/"]}]},{"@type":"ImageObject","inLanguage":"pt-BR","@id":"https:\/\/www.notibras.com\/site\/ong-faz-campanha-para-evitar-morte-de-crianca-afogada\/#primaryimage","url":"https:\/\/www.notibras.com\/site\/wp-content\/uploads\/2014\/03\/menino-nadando.jpg","contentUrl":"https:\/\/www.notibras.com\/site\/wp-content\/uploads\/2014\/03\/menino-nadando.jpg","width":480,"height":300},{"@type":"BreadcrumbList","@id":"https:\/\/www.notibras.com\/site\/ong-faz-campanha-para-evitar-morte-de-crianca-afogada\/#breadcrumb","itemListElement":[{"@type":"ListItem","position":1,"name":"In\u00edcio","item":"https:\/\/www.notibras.com\/site\/"},{"@type":"ListItem","position":2,"name":"ONG faz campanha para evitar morte de crian\u00e7a afogada"}]},{"@type":"WebSite","@id":"https:\/\/www.notibras.com\/site\/#website","url":"https:\/\/www.notibras.com\/site\/","name":"Notibras","description":"Not\u00edcias de Bras\u00edlia, do Brasil e do Mundo","publisher":{"@id":"https:\/\/www.notibras.com\/site\/#organization"},"potentialAction":[{"@type":"SearchAction","target":{"@type":"EntryPoint","urlTemplate":"https:\/\/www.notibras.com\/site\/?s={search_term_string}"},"query-input":{"@type":"PropertyValueSpecification","valueRequired":true,"valueName":"search_term_string"}}],"inLanguage":"pt-BR"},{"@type":"Organization","@id":"https:\/\/www.notibras.com\/site\/#organization","name":"Grupo Notibras de Comunica\u00e7\u00e3o","url":"https:\/\/www.notibras.com\/site\/","logo":{"@type":"ImageObject","inLanguage":"pt-BR","@id":"https:\/\/www.notibras.com\/site\/#\/schema\/logo\/image\/","url":"https:\/\/www.notibras.com\/site\/wp-content\/uploads\/2023\/01\/notibras23.png","contentUrl":"https:\/\/www.notibras.com\/site\/wp-content\/uploads\/2023\/01\/notibras23.png","width":350,"height":87,"caption":"Grupo Notibras de Comunica\u00e7\u00e3o"},"image":{"@id":"https:\/\/www.notibras.com\/site\/#\/schema\/logo\/image\/"},"sameAs":["https:\/\/www.facebook.com\/notibras\/","https:\/\/x.com\/Notibras","https:\/\/www.instagram.com\/notibras\/"]},{"@type":"Person","@id":"https:\/\/www.notibras.com\/site\/#\/schema\/person\/36ab0979449956132d3e5b517ea76ac8","name":"Reda\u00e7\u00e3o","image":{"@type":"ImageObject","inLanguage":"pt-BR","@id":"https:\/\/secure.gravatar.com\/avatar\/e0a867bdedb85fd243eadf09663511f96fc81e0720a4a42581f334ad4303aa6b?s=96&d=mm&r=g","url":"https:\/\/secure.gravatar.com\/avatar\/e0a867bdedb85fd243eadf09663511f96fc81e0720a4a42581f334ad4303aa6b?s=96&d=mm&r=g","contentUrl":"https:\/\/secure.gravatar.com\/avatar\/e0a867bdedb85fd243eadf09663511f96fc81e0720a4a42581f334ad4303aa6b?s=96&d=mm&r=g","caption":"Reda\u00e7\u00e3o"}}]}},"amp_enabled":true,"_links":{"self":[{"href":"https:\/\/www.notibras.com\/site\/wp-json\/wp\/v2\/posts\/4993","targetHints":{"allow":["GET"]}}],"collection":[{"href":"https:\/\/www.notibras.com\/site\/wp-json\/wp\/v2\/posts"}],"about":[{"href":"https:\/\/www.notibras.com\/site\/wp-json\/wp\/v2\/types\/post"}],"author":[{"embeddable":true,"href":"https:\/\/www.notibras.com\/site\/wp-json\/wp\/v2\/users\/2"}],"replies":[{"embeddable":true,"href":"https:\/\/www.notibras.com\/site\/wp-json\/wp\/v2\/comments?post=4993"}],"version-history":[{"count":0,"href":"https:\/\/www.notibras.com\/site\/wp-json\/wp\/v2\/posts\/4993\/revisions"}],"wp:featuredmedia":[{"embeddable":true,"href":"https:\/\/www.notibras.com\/site\/wp-json\/wp\/v2\/media\/4994"}],"wp:attachment":[{"href":"https:\/\/www.notibras.com\/site\/wp-json\/wp\/v2\/media?parent=4993"}],"wp:term":[{"taxonomy":"category","embeddable":true,"href":"https:\/\/www.notibras.com\/site\/wp-json\/wp\/v2\/categories?post=4993"},{"taxonomy":"post_tag","embeddable":true,"href":"https:\/\/www.notibras.com\/site\/wp-json\/wp\/v2\/tags?post=4993"}],"curies":[{"name":"wp","href":"https:\/\/api.w.org\/{rel}","templated":true}]}}