{"id":49945,"date":"2015-05-22T00:45:51","date_gmt":"2015-05-22T03:45:51","guid":{"rendered":"http:\/\/www.notibras.com\/site\/?p=49945"},"modified":"2015-05-23T11:02:42","modified_gmt":"2015-05-23T14:02:42","slug":"economia-para-e-patroes-mandam-98-mil-para-a-rua-em-abril-no-ano-sao-137-mil","status":"publish","type":"post","link":"https:\/\/www.notibras.com\/site\/economia-para-e-patroes-mandam-98-mil-para-a-rua-em-abril-no-ano-sao-137-mil\/","title":{"rendered":"Economia para e 98 mil v\u00e3o para a rua em abril; no ano j\u00e1 s\u00e3o 137 mil"},"content":{"rendered":"<p>O Brasil fechou 97.828 postos de trabalho formais em abril, depois de registrar saldo positivo em mar\u00e7o. \u00c9 a primeira vez desde 1992, quando come\u00e7ou a s\u00e9rie hist\u00f3rica, que abril registra um resultado negativo. Naquele ano houve fechamento de 63.175 vagas.<\/p>\n<p>Os dados foram divulgados pelo Minist\u00e9rio do Trabalho nesta sexta-feira (22) e fazem parte do Caged (Cadastro Geral de Empregados e Desempregados).<\/p>\n<p>Em abril, na compara\u00e7\u00e3o com o m\u00eas anterior, a perda representa 0,24% no n\u00famero de pessoas com carteira assinada. Em mar\u00e7o, tinham sido abertos 19.282 postos, ap\u00f3s tr\u00eas meses de cortes.<\/p>\n<blockquote><p>Com o resultado de abril, no acumulado do ano foram fechadas 137.004 vagas de emprego, uma queda de 0,33%. Nos \u00faltimos 12 meses, foram eliminadas 263.493 vagas, ou perda de 0,64% de trabalhadores formais. Esses n\u00fameros s\u00e3o ajustados, ou seja, incluem dados enviados pelas empresas fora do prazo.<\/p><\/blockquote>\n","protected":false},"excerpt":{"rendered":"<p>O Brasil fechou 97.828 postos de trabalho formais em abril, depois de registrar saldo positivo em mar\u00e7o. \u00c9 a primeira vez desde 1992, quando come\u00e7ou a s\u00e9rie hist\u00f3rica, que abril registra um resultado negativo. Naquele ano houve fechamento de 63.175 vagas. Os dados foram divulgados pelo Minist\u00e9rio do Trabalho nesta sexta-feira (22) e fazem parte [&hellip;]<\/p>\n","protected":false},"author":2,"featured_media":49948,"comment_status":"open","ping_status":"closed","sticky":false,"template":"","format":"standard","meta":{"_acf_changed":false,"footnotes":""},"categories":[16],"tags":[],"class_list":["post-49945","post","type-post","status-publish","format-standard","has-post-thumbnail","hentry","category-brasil"],"acf":[],"yoast_head":"<!-- This site is optimized with the Yoast SEO plugin v27.2 - https:\/\/yoast.com\/product\/yoast-seo-wordpress\/ -->\n<title>Economia para e 98 mil v\u00e3o para a rua em abril; no ano j\u00e1 s\u00e3o 137 mil - Notibras<\/title>\n<meta name=\"robots\" content=\"index, follow, max-snippet:-1, max-image-preview:large, max-video-preview:-1\" \/>\n<link rel=\"canonical\" href=\"https:\/\/www.notibras.com\/site\/economia-para-e-patroes-mandam-98-mil-para-a-rua-em-abril-no-ano-sao-137-mil\/\" \/>\n<meta property=\"og:locale\" content=\"pt_BR\" \/>\n<meta property=\"og:type\" content=\"article\" \/>\n<meta property=\"og:title\" content=\"Economia para e 98 mil v\u00e3o para a rua em abril; no ano j\u00e1 s\u00e3o 137 mil - Notibras\" \/>\n<meta property=\"og:description\" content=\"O Brasil fechou 97.828 postos de trabalho formais em abril, depois de registrar saldo positivo em mar\u00e7o. \u00c9 a primeira vez desde 1992, quando come\u00e7ou a s\u00e9rie hist\u00f3rica, que abril registra um resultado negativo. Naquele ano houve fechamento de 63.175 vagas. Os dados foram divulgados pelo Minist\u00e9rio do Trabalho nesta sexta-feira (22) e fazem parte [&hellip;]\" \/>\n<meta property=\"og:url\" content=\"https:\/\/www.notibras.com\/site\/economia-para-e-patroes-mandam-98-mil-para-a-rua-em-abril-no-ano-sao-137-mil\/\" \/>\n<meta property=\"og:site_name\" content=\"Notibras\" \/>\n<meta property=\"article:publisher\" content=\"https:\/\/www.facebook.com\/notibras\/\" \/>\n<meta property=\"article:published_time\" content=\"2015-05-22T03:45:51+00:00\" \/>\n<meta property=\"article:modified_time\" content=\"2015-05-23T14:02:42+00:00\" \/>\n<meta property=\"og:image\" content=\"https:\/\/www.notibras.com\/site\/wp-content\/uploads\/2015\/05\/desemprego-300x225.jpg\" \/>\n\t<meta property=\"og:image:width\" content=\"300\" \/>\n\t<meta property=\"og:image:height\" content=\"225\" \/>\n\t<meta property=\"og:image:type\" content=\"image\/jpeg\" \/>\n<meta name=\"author\" content=\"Reda\u00e7\u00e3o\" \/>\n<meta name=\"twitter:card\" content=\"summary_large_image\" \/>\n<meta name=\"twitter:creator\" content=\"@Notibras\" \/>\n<meta name=\"twitter:site\" content=\"@Notibras\" \/>\n<meta name=\"twitter:label1\" content=\"Escrito por\" \/>\n\t<meta name=\"twitter:data1\" content=\"Reda\u00e7\u00e3o\" \/>\n\t<meta name=\"twitter:label2\" content=\"Est. tempo de leitura\" \/>\n\t<meta name=\"twitter:data2\" content=\"1 minuto\" \/>\n<script type=\"application\/ld+json\" class=\"yoast-schema-graph\">{\"@context\":\"https:\/\/schema.org\",\"@graph\":[{\"@type\":\"Article\",\"@id\":\"https:\/\/www.notibras.com\/site\/economia-para-e-patroes-mandam-98-mil-para-a-rua-em-abril-no-ano-sao-137-mil\/#article\",\"isPartOf\":{\"@id\":\"https:\/\/www.notibras.com\/site\/economia-para-e-patroes-mandam-98-mil-para-a-rua-em-abril-no-ano-sao-137-mil\/\"},\"author\":{\"name\":\"Reda\u00e7\u00e3o\",\"@id\":\"https:\/\/www.notibras.com\/site\/#\/schema\/person\/36ab0979449956132d3e5b517ea76ac8\"},\"headline\":\"Economia para e 98 mil v\u00e3o para a rua em abril; no ano j\u00e1 s\u00e3o 137 mil\",\"datePublished\":\"2015-05-22T03:45:51+00:00\",\"dateModified\":\"2015-05-23T14:02:42+00:00\",\"mainEntityOfPage\":{\"@id\":\"https:\/\/www.notibras.com\/site\/economia-para-e-patroes-mandam-98-mil-para-a-rua-em-abril-no-ano-sao-137-mil\/\"},\"wordCount\":160,\"commentCount\":0,\"publisher\":{\"@id\":\"https:\/\/www.notibras.com\/site\/#organization\"},\"image\":{\"@id\":\"https:\/\/www.notibras.com\/site\/economia-para-e-patroes-mandam-98-mil-para-a-rua-em-abril-no-ano-sao-137-mil\/#primaryimage\"},\"thumbnailUrl\":\"https:\/\/www.notibras.com\/site\/wp-content\/uploads\/2015\/05\/desemprego-300x225.jpg\",\"articleSection\":[\"Brasil\"],\"inLanguage\":\"pt-BR\",\"potentialAction\":[{\"@type\":\"CommentAction\",\"name\":\"Comment\",\"target\":[\"https:\/\/www.notibras.com\/site\/economia-para-e-patroes-mandam-98-mil-para-a-rua-em-abril-no-ano-sao-137-mil\/#respond\"]}]},{\"@type\":\"WebPage\",\"@id\":\"https:\/\/www.notibras.com\/site\/economia-para-e-patroes-mandam-98-mil-para-a-rua-em-abril-no-ano-sao-137-mil\/\",\"url\":\"https:\/\/www.notibras.com\/site\/economia-para-e-patroes-mandam-98-mil-para-a-rua-em-abril-no-ano-sao-137-mil\/\",\"name\":\"Economia para e 98 mil v\u00e3o para a rua em abril; no ano j\u00e1 s\u00e3o 137 mil - Notibras\",\"isPartOf\":{\"@id\":\"https:\/\/www.notibras.com\/site\/#website\"},\"primaryImageOfPage\":{\"@id\":\"https:\/\/www.notibras.com\/site\/economia-para-e-patroes-mandam-98-mil-para-a-rua-em-abril-no-ano-sao-137-mil\/#primaryimage\"},\"image\":{\"@id\":\"https:\/\/www.notibras.com\/site\/economia-para-e-patroes-mandam-98-mil-para-a-rua-em-abril-no-ano-sao-137-mil\/#primaryimage\"},\"thumbnailUrl\":\"https:\/\/www.notibras.com\/site\/wp-content\/uploads\/2015\/05\/desemprego-300x225.jpg\",\"datePublished\":\"2015-05-22T03:45:51+00:00\",\"dateModified\":\"2015-05-23T14:02:42+00:00\",\"breadcrumb\":{\"@id\":\"https:\/\/www.notibras.com\/site\/economia-para-e-patroes-mandam-98-mil-para-a-rua-em-abril-no-ano-sao-137-mil\/#breadcrumb\"},\"inLanguage\":\"pt-BR\",\"potentialAction\":[{\"@type\":\"ReadAction\",\"target\":[\"https:\/\/www.notibras.com\/site\/economia-para-e-patroes-mandam-98-mil-para-a-rua-em-abril-no-ano-sao-137-mil\/\"]}]},{\"@type\":\"ImageObject\",\"inLanguage\":\"pt-BR\",\"@id\":\"https:\/\/www.notibras.com\/site\/economia-para-e-patroes-mandam-98-mil-para-a-rua-em-abril-no-ano-sao-137-mil\/#primaryimage\",\"url\":\"https:\/\/www.notibras.com\/site\/wp-content\/uploads\/2015\/05\/desemprego-300x225.jpg\",\"contentUrl\":\"https:\/\/www.notibras.com\/site\/wp-content\/uploads\/2015\/05\/desemprego-300x225.jpg\",\"width\":300,\"height\":225},{\"@type\":\"BreadcrumbList\",\"@id\":\"https:\/\/www.notibras.com\/site\/economia-para-e-patroes-mandam-98-mil-para-a-rua-em-abril-no-ano-sao-137-mil\/#breadcrumb\",\"itemListElement\":[{\"@type\":\"ListItem\",\"position\":1,\"name\":\"In\u00edcio\",\"item\":\"https:\/\/www.notibras.com\/site\/\"},{\"@type\":\"ListItem\",\"position\":2,\"name\":\"Economia para e 98 mil v\u00e3o para a rua em abril; no ano j\u00e1 s\u00e3o 137 mil\"}]},{\"@type\":\"WebSite\",\"@id\":\"https:\/\/www.notibras.com\/site\/#website\",\"url\":\"https:\/\/www.notibras.com\/site\/\",\"name\":\"Notibras\",\"description\":\"Not\u00edcias de Bras\u00edlia, do Brasil e do Mundo\",\"publisher\":{\"@id\":\"https:\/\/www.notibras.com\/site\/#organization\"},\"potentialAction\":[{\"@type\":\"SearchAction\",\"target\":{\"@type\":\"EntryPoint\",\"urlTemplate\":\"https:\/\/www.notibras.com\/site\/?s={search_term_string}\"},\"query-input\":{\"@type\":\"PropertyValueSpecification\",\"valueRequired\":true,\"valueName\":\"search_term_string\"}}],\"inLanguage\":\"pt-BR\"},{\"@type\":\"Organization\",\"@id\":\"https:\/\/www.notibras.com\/site\/#organization\",\"name\":\"Grupo Notibras de Comunica\u00e7\u00e3o\",\"url\":\"https:\/\/www.notibras.com\/site\/\",\"logo\":{\"@type\":\"ImageObject\",\"inLanguage\":\"pt-BR\",\"@id\":\"https:\/\/www.notibras.com\/site\/#\/schema\/logo\/image\/\",\"url\":\"https:\/\/www.notibras.com\/site\/wp-content\/uploads\/2023\/01\/notibras23.png\",\"contentUrl\":\"https:\/\/www.notibras.com\/site\/wp-content\/uploads\/2023\/01\/notibras23.png\",\"width\":350,\"height\":87,\"caption\":\"Grupo Notibras de Comunica\u00e7\u00e3o\"},\"image\":{\"@id\":\"https:\/\/www.notibras.com\/site\/#\/schema\/logo\/image\/\"},\"sameAs\":[\"https:\/\/www.facebook.com\/notibras\/\",\"https:\/\/x.com\/Notibras\",\"https:\/\/www.instagram.com\/notibras\/\"]},{\"@type\":\"Person\",\"@id\":\"https:\/\/www.notibras.com\/site\/#\/schema\/person\/36ab0979449956132d3e5b517ea76ac8\",\"name\":\"Reda\u00e7\u00e3o\",\"image\":{\"@type\":\"ImageObject\",\"inLanguage\":\"pt-BR\",\"@id\":\"https:\/\/secure.gravatar.com\/avatar\/e0a867bdedb85fd243eadf09663511f96fc81e0720a4a42581f334ad4303aa6b?s=96&d=mm&r=g\",\"url\":\"https:\/\/secure.gravatar.com\/avatar\/e0a867bdedb85fd243eadf09663511f96fc81e0720a4a42581f334ad4303aa6b?s=96&d=mm&r=g\",\"contentUrl\":\"https:\/\/secure.gravatar.com\/avatar\/e0a867bdedb85fd243eadf09663511f96fc81e0720a4a42581f334ad4303aa6b?s=96&d=mm&r=g\",\"caption\":\"Reda\u00e7\u00e3o\"}}]}<\/script>\n<!-- \/ Yoast SEO plugin. -->","yoast_head_json":{"title":"Economia para e 98 mil v\u00e3o para a rua em abril; no ano j\u00e1 s\u00e3o 137 mil - Notibras","robots":{"index":"index","follow":"follow","max-snippet":"max-snippet:-1","max-image-preview":"max-image-preview:large","max-video-preview":"max-video-preview:-1"},"canonical":"https:\/\/www.notibras.com\/site\/economia-para-e-patroes-mandam-98-mil-para-a-rua-em-abril-no-ano-sao-137-mil\/","og_locale":"pt_BR","og_type":"article","og_title":"Economia para e 98 mil v\u00e3o para a rua em abril; no ano j\u00e1 s\u00e3o 137 mil - Notibras","og_description":"O Brasil fechou 97.828 postos de trabalho formais em abril, depois de registrar saldo positivo em mar\u00e7o. \u00c9 a primeira vez desde 1992, quando come\u00e7ou a s\u00e9rie hist\u00f3rica, que abril registra um resultado negativo. Naquele ano houve fechamento de 63.175 vagas. Os dados foram divulgados pelo Minist\u00e9rio do Trabalho nesta sexta-feira (22) e fazem parte [&hellip;]","og_url":"https:\/\/www.notibras.com\/site\/economia-para-e-patroes-mandam-98-mil-para-a-rua-em-abril-no-ano-sao-137-mil\/","og_site_name":"Notibras","article_publisher":"https:\/\/www.facebook.com\/notibras\/","article_published_time":"2015-05-22T03:45:51+00:00","article_modified_time":"2015-05-23T14:02:42+00:00","og_image":[{"width":300,"height":225,"url":"https:\/\/www.notibras.com\/site\/wp-content\/uploads\/2015\/05\/desemprego-300x225.jpg","type":"image\/jpeg"}],"author":"Reda\u00e7\u00e3o","twitter_card":"summary_large_image","twitter_creator":"@Notibras","twitter_site":"@Notibras","twitter_misc":{"Escrito por":"Reda\u00e7\u00e3o","Est. tempo de leitura":"1 minuto"},"schema":{"@context":"https:\/\/schema.org","@graph":[{"@type":"Article","@id":"https:\/\/www.notibras.com\/site\/economia-para-e-patroes-mandam-98-mil-para-a-rua-em-abril-no-ano-sao-137-mil\/#article","isPartOf":{"@id":"https:\/\/www.notibras.com\/site\/economia-para-e-patroes-mandam-98-mil-para-a-rua-em-abril-no-ano-sao-137-mil\/"},"author":{"name":"Reda\u00e7\u00e3o","@id":"https:\/\/www.notibras.com\/site\/#\/schema\/person\/36ab0979449956132d3e5b517ea76ac8"},"headline":"Economia para e 98 mil v\u00e3o para a rua em abril; no ano j\u00e1 s\u00e3o 137 mil","datePublished":"2015-05-22T03:45:51+00:00","dateModified":"2015-05-23T14:02:42+00:00","mainEntityOfPage":{"@id":"https:\/\/www.notibras.com\/site\/economia-para-e-patroes-mandam-98-mil-para-a-rua-em-abril-no-ano-sao-137-mil\/"},"wordCount":160,"commentCount":0,"publisher":{"@id":"https:\/\/www.notibras.com\/site\/#organization"},"image":{"@id":"https:\/\/www.notibras.com\/site\/economia-para-e-patroes-mandam-98-mil-para-a-rua-em-abril-no-ano-sao-137-mil\/#primaryimage"},"thumbnailUrl":"https:\/\/www.notibras.com\/site\/wp-content\/uploads\/2015\/05\/desemprego-300x225.jpg","articleSection":["Brasil"],"inLanguage":"pt-BR","potentialAction":[{"@type":"CommentAction","name":"Comment","target":["https:\/\/www.notibras.com\/site\/economia-para-e-patroes-mandam-98-mil-para-a-rua-em-abril-no-ano-sao-137-mil\/#respond"]}]},{"@type":"WebPage","@id":"https:\/\/www.notibras.com\/site\/economia-para-e-patroes-mandam-98-mil-para-a-rua-em-abril-no-ano-sao-137-mil\/","url":"https:\/\/www.notibras.com\/site\/economia-para-e-patroes-mandam-98-mil-para-a-rua-em-abril-no-ano-sao-137-mil\/","name":"Economia para e 98 mil v\u00e3o para a rua em abril; no ano j\u00e1 s\u00e3o 137 mil - Notibras","isPartOf":{"@id":"https:\/\/www.notibras.com\/site\/#website"},"primaryImageOfPage":{"@id":"https:\/\/www.notibras.com\/site\/economia-para-e-patroes-mandam-98-mil-para-a-rua-em-abril-no-ano-sao-137-mil\/#primaryimage"},"image":{"@id":"https:\/\/www.notibras.com\/site\/economia-para-e-patroes-mandam-98-mil-para-a-rua-em-abril-no-ano-sao-137-mil\/#primaryimage"},"thumbnailUrl":"https:\/\/www.notibras.com\/site\/wp-content\/uploads\/2015\/05\/desemprego-300x225.jpg","datePublished":"2015-05-22T03:45:51+00:00","dateModified":"2015-05-23T14:02:42+00:00","breadcrumb":{"@id":"https:\/\/www.notibras.com\/site\/economia-para-e-patroes-mandam-98-mil-para-a-rua-em-abril-no-ano-sao-137-mil\/#breadcrumb"},"inLanguage":"pt-BR","potentialAction":[{"@type":"ReadAction","target":["https:\/\/www.notibras.com\/site\/economia-para-e-patroes-mandam-98-mil-para-a-rua-em-abril-no-ano-sao-137-mil\/"]}]},{"@type":"ImageObject","inLanguage":"pt-BR","@id":"https:\/\/www.notibras.com\/site\/economia-para-e-patroes-mandam-98-mil-para-a-rua-em-abril-no-ano-sao-137-mil\/#primaryimage","url":"https:\/\/www.notibras.com\/site\/wp-content\/uploads\/2015\/05\/desemprego-300x225.jpg","contentUrl":"https:\/\/www.notibras.com\/site\/wp-content\/uploads\/2015\/05\/desemprego-300x225.jpg","width":300,"height":225},{"@type":"BreadcrumbList","@id":"https:\/\/www.notibras.com\/site\/economia-para-e-patroes-mandam-98-mil-para-a-rua-em-abril-no-ano-sao-137-mil\/#breadcrumb","itemListElement":[{"@type":"ListItem","position":1,"name":"In\u00edcio","item":"https:\/\/www.notibras.com\/site\/"},{"@type":"ListItem","position":2,"name":"Economia para e 98 mil v\u00e3o para a rua em abril; no ano j\u00e1 s\u00e3o 137 mil"}]},{"@type":"WebSite","@id":"https:\/\/www.notibras.com\/site\/#website","url":"https:\/\/www.notibras.com\/site\/","name":"Notibras","description":"Not\u00edcias de Bras\u00edlia, do Brasil e do Mundo","publisher":{"@id":"https:\/\/www.notibras.com\/site\/#organization"},"potentialAction":[{"@type":"SearchAction","target":{"@type":"EntryPoint","urlTemplate":"https:\/\/www.notibras.com\/site\/?s={search_term_string}"},"query-input":{"@type":"PropertyValueSpecification","valueRequired":true,"valueName":"search_term_string"}}],"inLanguage":"pt-BR"},{"@type":"Organization","@id":"https:\/\/www.notibras.com\/site\/#organization","name":"Grupo Notibras de Comunica\u00e7\u00e3o","url":"https:\/\/www.notibras.com\/site\/","logo":{"@type":"ImageObject","inLanguage":"pt-BR","@id":"https:\/\/www.notibras.com\/site\/#\/schema\/logo\/image\/","url":"https:\/\/www.notibras.com\/site\/wp-content\/uploads\/2023\/01\/notibras23.png","contentUrl":"https:\/\/www.notibras.com\/site\/wp-content\/uploads\/2023\/01\/notibras23.png","width":350,"height":87,"caption":"Grupo Notibras de Comunica\u00e7\u00e3o"},"image":{"@id":"https:\/\/www.notibras.com\/site\/#\/schema\/logo\/image\/"},"sameAs":["https:\/\/www.facebook.com\/notibras\/","https:\/\/x.com\/Notibras","https:\/\/www.instagram.com\/notibras\/"]},{"@type":"Person","@id":"https:\/\/www.notibras.com\/site\/#\/schema\/person\/36ab0979449956132d3e5b517ea76ac8","name":"Reda\u00e7\u00e3o","image":{"@type":"ImageObject","inLanguage":"pt-BR","@id":"https:\/\/secure.gravatar.com\/avatar\/e0a867bdedb85fd243eadf09663511f96fc81e0720a4a42581f334ad4303aa6b?s=96&d=mm&r=g","url":"https:\/\/secure.gravatar.com\/avatar\/e0a867bdedb85fd243eadf09663511f96fc81e0720a4a42581f334ad4303aa6b?s=96&d=mm&r=g","contentUrl":"https:\/\/secure.gravatar.com\/avatar\/e0a867bdedb85fd243eadf09663511f96fc81e0720a4a42581f334ad4303aa6b?s=96&d=mm&r=g","caption":"Reda\u00e7\u00e3o"}}]}},"amp_enabled":true,"_links":{"self":[{"href":"https:\/\/www.notibras.com\/site\/wp-json\/wp\/v2\/posts\/49945","targetHints":{"allow":["GET"]}}],"collection":[{"href":"https:\/\/www.notibras.com\/site\/wp-json\/wp\/v2\/posts"}],"about":[{"href":"https:\/\/www.notibras.com\/site\/wp-json\/wp\/v2\/types\/post"}],"author":[{"embeddable":true,"href":"https:\/\/www.notibras.com\/site\/wp-json\/wp\/v2\/users\/2"}],"replies":[{"embeddable":true,"href":"https:\/\/www.notibras.com\/site\/wp-json\/wp\/v2\/comments?post=49945"}],"version-history":[{"count":0,"href":"https:\/\/www.notibras.com\/site\/wp-json\/wp\/v2\/posts\/49945\/revisions"}],"wp:featuredmedia":[{"embeddable":true,"href":"https:\/\/www.notibras.com\/site\/wp-json\/wp\/v2\/media\/49948"}],"wp:attachment":[{"href":"https:\/\/www.notibras.com\/site\/wp-json\/wp\/v2\/media?parent=49945"}],"wp:term":[{"taxonomy":"category","embeddable":true,"href":"https:\/\/www.notibras.com\/site\/wp-json\/wp\/v2\/categories?post=49945"},{"taxonomy":"post_tag","embeddable":true,"href":"https:\/\/www.notibras.com\/site\/wp-json\/wp\/v2\/tags?post=49945"}],"curies":[{"name":"wp","href":"https:\/\/api.w.org\/{rel}","templated":true}]}}