{"id":49953,"date":"2015-05-22T17:03:46","date_gmt":"2015-05-22T20:03:46","guid":{"rendered":"http:\/\/www.notibras.com\/site\/?p=49953"},"modified":"2015-05-22T17:04:25","modified_gmt":"2015-05-22T20:04:25","slug":"planalto-corta-na-carne-e-coloca-70-bi-do-orcamento-na-geladeira","status":"publish","type":"post","link":"https:\/\/www.notibras.com\/site\/planalto-corta-na-carne-e-coloca-70-bi-do-orcamento-na-geladeira\/","title":{"rendered":"Planalto corta na carne e coloca 70 bilh\u00f5es do Or\u00e7amento na geladeira"},"content":{"rendered":"<header>\n<div class=\"node-info\">O governo federal decidiu contingenciar R$ 69,946 bilh\u00f5es do Or\u00e7amento Geral da Uni\u00e3o como parte do esfor\u00e7o fiscal para equilibrar as contas p\u00fablicas do pa\u00eds. O n\u00famero foi divulgado h\u00e1 pouco pelo Minist\u00e9rio do Planejamento. O objetivo do governo \u00e9 atingir a meta de super\u00e1vit prim\u00e1rio de 1,2% do Produto Interno Bruto (PIB) neste ano. O detalhamento sobre os cortes coube ao ministro do Planejamento, Or\u00e7amento e Gest\u00e3o, Nelson Barbosa, e ao secret\u00e1rio do Tesouro Nacional, Marcelo Barbosa Saintive.<\/div>\n<\/header>\n<div class=\"content\">\n<p>O contingenciamento (reten\u00e7\u00e3o dos gastos) e o estabelecimento de um limite de despesas de cada minist\u00e9rio constam de decreto que ser\u00e1 publicado ainda hoje (22) em edi\u00e7\u00e3o extraordin\u00e1ria do <em>Di\u00e1rio Oficial da Uni\u00e3o<\/em>. Segundo a lei or\u00e7ament\u00e1ria de 2015, vence hoje o prazo para edi\u00e7\u00e3o do decreto. A cada dois meses, o tamanho do corte poder\u00e1 ser reavaliado.<\/p>\n<p>O governo aguardava a aprova\u00e7\u00e3o de medidas encaminhadas ao Congresso Nacional para anunciar o contingenciamento e definir como faria o reequil\u00edbrio das contas. Com o atraso das vota\u00e7\u00f5es, teve de estabelecer a reten\u00e7\u00e3o dos gastos a partir de hoje, como determina a lei or\u00e7ament\u00e1ria.<\/p>\n<p>Na quinta-feira 21 o governo deu mais um passo para fechar um acordo com o objetivo de aprovar as\u00a0medidas provis\u00f3rias do ajuste fiscal no Congresso Nacional.\u00a0O contingenciamento poder\u00e1 ser reduzido ao longo do ano caso aumentem as estimativas de receita da Uni\u00e3o ou melhorem as proje\u00e7\u00f5es para a economia em 2015.<\/p>\n<blockquote><p>Mesmo com o an\u00fancio desta sexta-feira, a demora na vota\u00e7\u00e3o das medidas do ajuste fiscal se refletir\u00e1 na arrecada\u00e7\u00e3o dos pr\u00f3ximos meses, aumentando o impacto das desonera\u00e7\u00f5es nos cofres federais.<\/p><\/blockquote>\n<p>A avalia\u00e7\u00e3o \u00e9 do chefe do Centro de Estudos Tribut\u00e1rios da Receita Federal, Claudemir Malaquias, que ontem divulgou o resultado da arrecada\u00e7\u00e3o. A arrecada\u00e7\u00e3o registrou o menor resultado para o m\u00eas de abril em cinco anos: R$ 109,241 bilh\u00f5es. Houve queda de 4,62% em rela\u00e7\u00e3o a abril de 2014, descontada a infla\u00e7\u00e3o oficial.<\/p>\n<p>Inicialmente, o ministro da Fazenda, Joaquim Levy, tinha previsto uma arrecada\u00e7\u00e3o extra com a\u00a0eleva\u00e7\u00e3o de tributos pr\u00f3xima de R$ 20,6 bilh\u00f5es. Em janeiro deste ano, anunciou o ajuste fiscal e fez mudan\u00e7as no Programa de Integra\u00e7\u00e3o Social (PIS) e na Contribui\u00e7\u00e3o para o Financiamento da Seguridade Social (Cofins) sobre os combust\u00edveis, al\u00e9m de adiantar o retorno da Contribui\u00e7\u00e3o para Interven\u00e7\u00e3o no Dom\u00ednio Econ\u00f4mico (Cide).<\/p>\n<p>O aumento da taxa\u00e7\u00e3o dos lucros dos bancos, que consta de medida provis\u00f3ria publicada hoje, render\u00e1 de R$ 3 bilh\u00f5es a R$ 4 bilh\u00f5es extras.<\/p>\n<p><strong>Wellton M\u00e1ximo e Pedro Peduzzi, ABr<\/strong><\/p>\n<\/div>\n","protected":false},"excerpt":{"rendered":"<p>O governo federal decidiu contingenciar R$ 69,946 bilh\u00f5es do Or\u00e7amento Geral da Uni\u00e3o como parte do esfor\u00e7o fiscal para equilibrar as contas p\u00fablicas do pa\u00eds. O n\u00famero foi divulgado h\u00e1 pouco pelo Minist\u00e9rio do Planejamento. O objetivo do governo \u00e9 atingir a meta de super\u00e1vit prim\u00e1rio de 1,2% do Produto Interno Bruto (PIB) neste ano. [&hellip;]<\/p>\n","protected":false},"author":2,"featured_media":49954,"comment_status":"open","ping_status":"closed","sticky":false,"template":"","format":"standard","meta":{"_acf_changed":false,"footnotes":""},"categories":[16],"tags":[],"class_list":["post-49953","post","type-post","status-publish","format-standard","has-post-thumbnail","hentry","category-brasil"],"acf":[],"yoast_head":"<!-- This site is optimized with the Yoast SEO plugin v27.2 - https:\/\/yoast.com\/product\/yoast-seo-wordpress\/ -->\n<title>Planalto corta na carne e coloca 70 bilh\u00f5es do Or\u00e7amento na geladeira - Notibras<\/title>\n<meta name=\"robots\" content=\"index, follow, max-snippet:-1, max-image-preview:large, max-video-preview:-1\" \/>\n<link rel=\"canonical\" href=\"https:\/\/www.notibras.com\/site\/planalto-corta-na-carne-e-coloca-70-bi-do-orcamento-na-geladeira\/\" \/>\n<meta property=\"og:locale\" content=\"pt_BR\" \/>\n<meta property=\"og:type\" content=\"article\" \/>\n<meta property=\"og:title\" content=\"Planalto corta na carne e coloca 70 bilh\u00f5es do Or\u00e7amento na geladeira - Notibras\" \/>\n<meta property=\"og:description\" content=\"O governo federal decidiu contingenciar R$ 69,946 bilh\u00f5es do Or\u00e7amento Geral da Uni\u00e3o como parte do esfor\u00e7o fiscal para equilibrar as contas p\u00fablicas do pa\u00eds. O n\u00famero foi divulgado h\u00e1 pouco pelo Minist\u00e9rio do Planejamento. O objetivo do governo \u00e9 atingir a meta de super\u00e1vit prim\u00e1rio de 1,2% do Produto Interno Bruto (PIB) neste ano. [&hellip;]\" \/>\n<meta property=\"og:url\" content=\"https:\/\/www.notibras.com\/site\/planalto-corta-na-carne-e-coloca-70-bi-do-orcamento-na-geladeira\/\" \/>\n<meta property=\"og:site_name\" content=\"Notibras\" \/>\n<meta property=\"article:publisher\" content=\"https:\/\/www.facebook.com\/notibras\/\" \/>\n<meta property=\"article:published_time\" content=\"2015-05-22T20:03:46+00:00\" \/>\n<meta property=\"article:modified_time\" content=\"2015-05-22T20:04:25+00:00\" \/>\n<meta property=\"og:image\" content=\"https:\/\/www.notibras.com\/site\/wp-content\/uploads\/2015\/05\/nb22.jpg\" \/>\n\t<meta property=\"og:image:width\" content=\"284\" \/>\n\t<meta property=\"og:image:height\" content=\"178\" \/>\n\t<meta property=\"og:image:type\" content=\"image\/jpeg\" \/>\n<meta name=\"author\" content=\"Reda\u00e7\u00e3o\" \/>\n<meta name=\"twitter:card\" content=\"summary_large_image\" \/>\n<meta name=\"twitter:creator\" content=\"@Notibras\" \/>\n<meta name=\"twitter:site\" content=\"@Notibras\" \/>\n<meta name=\"twitter:label1\" content=\"Escrito por\" \/>\n\t<meta name=\"twitter:data1\" content=\"Reda\u00e7\u00e3o\" \/>\n\t<meta name=\"twitter:label2\" content=\"Est. tempo de leitura\" \/>\n\t<meta name=\"twitter:data2\" content=\"2 minutos\" \/>\n<script type=\"application\/ld+json\" class=\"yoast-schema-graph\">{\"@context\":\"https:\/\/schema.org\",\"@graph\":[{\"@type\":\"Article\",\"@id\":\"https:\/\/www.notibras.com\/site\/planalto-corta-na-carne-e-coloca-70-bi-do-orcamento-na-geladeira\/#article\",\"isPartOf\":{\"@id\":\"https:\/\/www.notibras.com\/site\/planalto-corta-na-carne-e-coloca-70-bi-do-orcamento-na-geladeira\/\"},\"author\":{\"name\":\"Reda\u00e7\u00e3o\",\"@id\":\"https:\/\/www.notibras.com\/site\/#\/schema\/person\/36ab0979449956132d3e5b517ea76ac8\"},\"headline\":\"Planalto corta na carne e coloca 70 bilh\u00f5es do Or\u00e7amento na geladeira\",\"datePublished\":\"2015-05-22T20:03:46+00:00\",\"dateModified\":\"2015-05-22T20:04:25+00:00\",\"mainEntityOfPage\":{\"@id\":\"https:\/\/www.notibras.com\/site\/planalto-corta-na-carne-e-coloca-70-bi-do-orcamento-na-geladeira\/\"},\"wordCount\":474,\"commentCount\":0,\"publisher\":{\"@id\":\"https:\/\/www.notibras.com\/site\/#organization\"},\"image\":{\"@id\":\"https:\/\/www.notibras.com\/site\/planalto-corta-na-carne-e-coloca-70-bi-do-orcamento-na-geladeira\/#primaryimage\"},\"thumbnailUrl\":\"https:\/\/www.notibras.com\/site\/wp-content\/uploads\/2015\/05\/nb22.jpg\",\"articleSection\":[\"Brasil\"],\"inLanguage\":\"pt-BR\",\"potentialAction\":[{\"@type\":\"CommentAction\",\"name\":\"Comment\",\"target\":[\"https:\/\/www.notibras.com\/site\/planalto-corta-na-carne-e-coloca-70-bi-do-orcamento-na-geladeira\/#respond\"]}]},{\"@type\":\"WebPage\",\"@id\":\"https:\/\/www.notibras.com\/site\/planalto-corta-na-carne-e-coloca-70-bi-do-orcamento-na-geladeira\/\",\"url\":\"https:\/\/www.notibras.com\/site\/planalto-corta-na-carne-e-coloca-70-bi-do-orcamento-na-geladeira\/\",\"name\":\"Planalto corta na carne e coloca 70 bilh\u00f5es do Or\u00e7amento na geladeira - Notibras\",\"isPartOf\":{\"@id\":\"https:\/\/www.notibras.com\/site\/#website\"},\"primaryImageOfPage\":{\"@id\":\"https:\/\/www.notibras.com\/site\/planalto-corta-na-carne-e-coloca-70-bi-do-orcamento-na-geladeira\/#primaryimage\"},\"image\":{\"@id\":\"https:\/\/www.notibras.com\/site\/planalto-corta-na-carne-e-coloca-70-bi-do-orcamento-na-geladeira\/#primaryimage\"},\"thumbnailUrl\":\"https:\/\/www.notibras.com\/site\/wp-content\/uploads\/2015\/05\/nb22.jpg\",\"datePublished\":\"2015-05-22T20:03:46+00:00\",\"dateModified\":\"2015-05-22T20:04:25+00:00\",\"breadcrumb\":{\"@id\":\"https:\/\/www.notibras.com\/site\/planalto-corta-na-carne-e-coloca-70-bi-do-orcamento-na-geladeira\/#breadcrumb\"},\"inLanguage\":\"pt-BR\",\"potentialAction\":[{\"@type\":\"ReadAction\",\"target\":[\"https:\/\/www.notibras.com\/site\/planalto-corta-na-carne-e-coloca-70-bi-do-orcamento-na-geladeira\/\"]}]},{\"@type\":\"ImageObject\",\"inLanguage\":\"pt-BR\",\"@id\":\"https:\/\/www.notibras.com\/site\/planalto-corta-na-carne-e-coloca-70-bi-do-orcamento-na-geladeira\/#primaryimage\",\"url\":\"https:\/\/www.notibras.com\/site\/wp-content\/uploads\/2015\/05\/nb22.jpg\",\"contentUrl\":\"https:\/\/www.notibras.com\/site\/wp-content\/uploads\/2015\/05\/nb22.jpg\",\"width\":284,\"height\":178},{\"@type\":\"BreadcrumbList\",\"@id\":\"https:\/\/www.notibras.com\/site\/planalto-corta-na-carne-e-coloca-70-bi-do-orcamento-na-geladeira\/#breadcrumb\",\"itemListElement\":[{\"@type\":\"ListItem\",\"position\":1,\"name\":\"In\u00edcio\",\"item\":\"https:\/\/www.notibras.com\/site\/\"},{\"@type\":\"ListItem\",\"position\":2,\"name\":\"Planalto corta na carne e coloca 70 bilh\u00f5es do Or\u00e7amento na geladeira\"}]},{\"@type\":\"WebSite\",\"@id\":\"https:\/\/www.notibras.com\/site\/#website\",\"url\":\"https:\/\/www.notibras.com\/site\/\",\"name\":\"Notibras\",\"description\":\"Not\u00edcias de Bras\u00edlia, do Brasil e do Mundo\",\"publisher\":{\"@id\":\"https:\/\/www.notibras.com\/site\/#organization\"},\"potentialAction\":[{\"@type\":\"SearchAction\",\"target\":{\"@type\":\"EntryPoint\",\"urlTemplate\":\"https:\/\/www.notibras.com\/site\/?s={search_term_string}\"},\"query-input\":{\"@type\":\"PropertyValueSpecification\",\"valueRequired\":true,\"valueName\":\"search_term_string\"}}],\"inLanguage\":\"pt-BR\"},{\"@type\":\"Organization\",\"@id\":\"https:\/\/www.notibras.com\/site\/#organization\",\"name\":\"Grupo Notibras de Comunica\u00e7\u00e3o\",\"url\":\"https:\/\/www.notibras.com\/site\/\",\"logo\":{\"@type\":\"ImageObject\",\"inLanguage\":\"pt-BR\",\"@id\":\"https:\/\/www.notibras.com\/site\/#\/schema\/logo\/image\/\",\"url\":\"https:\/\/www.notibras.com\/site\/wp-content\/uploads\/2023\/01\/notibras23.png\",\"contentUrl\":\"https:\/\/www.notibras.com\/site\/wp-content\/uploads\/2023\/01\/notibras23.png\",\"width\":350,\"height\":87,\"caption\":\"Grupo Notibras de Comunica\u00e7\u00e3o\"},\"image\":{\"@id\":\"https:\/\/www.notibras.com\/site\/#\/schema\/logo\/image\/\"},\"sameAs\":[\"https:\/\/www.facebook.com\/notibras\/\",\"https:\/\/x.com\/Notibras\",\"https:\/\/www.instagram.com\/notibras\/\"]},{\"@type\":\"Person\",\"@id\":\"https:\/\/www.notibras.com\/site\/#\/schema\/person\/36ab0979449956132d3e5b517ea76ac8\",\"name\":\"Reda\u00e7\u00e3o\",\"image\":{\"@type\":\"ImageObject\",\"inLanguage\":\"pt-BR\",\"@id\":\"https:\/\/secure.gravatar.com\/avatar\/e0a867bdedb85fd243eadf09663511f96fc81e0720a4a42581f334ad4303aa6b?s=96&d=mm&r=g\",\"url\":\"https:\/\/secure.gravatar.com\/avatar\/e0a867bdedb85fd243eadf09663511f96fc81e0720a4a42581f334ad4303aa6b?s=96&d=mm&r=g\",\"contentUrl\":\"https:\/\/secure.gravatar.com\/avatar\/e0a867bdedb85fd243eadf09663511f96fc81e0720a4a42581f334ad4303aa6b?s=96&d=mm&r=g\",\"caption\":\"Reda\u00e7\u00e3o\"}}]}<\/script>\n<!-- \/ Yoast SEO plugin. -->","yoast_head_json":{"title":"Planalto corta na carne e coloca 70 bilh\u00f5es do Or\u00e7amento na geladeira - Notibras","robots":{"index":"index","follow":"follow","max-snippet":"max-snippet:-1","max-image-preview":"max-image-preview:large","max-video-preview":"max-video-preview:-1"},"canonical":"https:\/\/www.notibras.com\/site\/planalto-corta-na-carne-e-coloca-70-bi-do-orcamento-na-geladeira\/","og_locale":"pt_BR","og_type":"article","og_title":"Planalto corta na carne e coloca 70 bilh\u00f5es do Or\u00e7amento na geladeira - Notibras","og_description":"O governo federal decidiu contingenciar R$ 69,946 bilh\u00f5es do Or\u00e7amento Geral da Uni\u00e3o como parte do esfor\u00e7o fiscal para equilibrar as contas p\u00fablicas do pa\u00eds. O n\u00famero foi divulgado h\u00e1 pouco pelo Minist\u00e9rio do Planejamento. O objetivo do governo \u00e9 atingir a meta de super\u00e1vit prim\u00e1rio de 1,2% do Produto Interno Bruto (PIB) neste ano. [&hellip;]","og_url":"https:\/\/www.notibras.com\/site\/planalto-corta-na-carne-e-coloca-70-bi-do-orcamento-na-geladeira\/","og_site_name":"Notibras","article_publisher":"https:\/\/www.facebook.com\/notibras\/","article_published_time":"2015-05-22T20:03:46+00:00","article_modified_time":"2015-05-22T20:04:25+00:00","og_image":[{"width":284,"height":178,"url":"https:\/\/www.notibras.com\/site\/wp-content\/uploads\/2015\/05\/nb22.jpg","type":"image\/jpeg"}],"author":"Reda\u00e7\u00e3o","twitter_card":"summary_large_image","twitter_creator":"@Notibras","twitter_site":"@Notibras","twitter_misc":{"Escrito por":"Reda\u00e7\u00e3o","Est. tempo de leitura":"2 minutos"},"schema":{"@context":"https:\/\/schema.org","@graph":[{"@type":"Article","@id":"https:\/\/www.notibras.com\/site\/planalto-corta-na-carne-e-coloca-70-bi-do-orcamento-na-geladeira\/#article","isPartOf":{"@id":"https:\/\/www.notibras.com\/site\/planalto-corta-na-carne-e-coloca-70-bi-do-orcamento-na-geladeira\/"},"author":{"name":"Reda\u00e7\u00e3o","@id":"https:\/\/www.notibras.com\/site\/#\/schema\/person\/36ab0979449956132d3e5b517ea76ac8"},"headline":"Planalto corta na carne e coloca 70 bilh\u00f5es do Or\u00e7amento na geladeira","datePublished":"2015-05-22T20:03:46+00:00","dateModified":"2015-05-22T20:04:25+00:00","mainEntityOfPage":{"@id":"https:\/\/www.notibras.com\/site\/planalto-corta-na-carne-e-coloca-70-bi-do-orcamento-na-geladeira\/"},"wordCount":474,"commentCount":0,"publisher":{"@id":"https:\/\/www.notibras.com\/site\/#organization"},"image":{"@id":"https:\/\/www.notibras.com\/site\/planalto-corta-na-carne-e-coloca-70-bi-do-orcamento-na-geladeira\/#primaryimage"},"thumbnailUrl":"https:\/\/www.notibras.com\/site\/wp-content\/uploads\/2015\/05\/nb22.jpg","articleSection":["Brasil"],"inLanguage":"pt-BR","potentialAction":[{"@type":"CommentAction","name":"Comment","target":["https:\/\/www.notibras.com\/site\/planalto-corta-na-carne-e-coloca-70-bi-do-orcamento-na-geladeira\/#respond"]}]},{"@type":"WebPage","@id":"https:\/\/www.notibras.com\/site\/planalto-corta-na-carne-e-coloca-70-bi-do-orcamento-na-geladeira\/","url":"https:\/\/www.notibras.com\/site\/planalto-corta-na-carne-e-coloca-70-bi-do-orcamento-na-geladeira\/","name":"Planalto corta na carne e coloca 70 bilh\u00f5es do Or\u00e7amento na geladeira - Notibras","isPartOf":{"@id":"https:\/\/www.notibras.com\/site\/#website"},"primaryImageOfPage":{"@id":"https:\/\/www.notibras.com\/site\/planalto-corta-na-carne-e-coloca-70-bi-do-orcamento-na-geladeira\/#primaryimage"},"image":{"@id":"https:\/\/www.notibras.com\/site\/planalto-corta-na-carne-e-coloca-70-bi-do-orcamento-na-geladeira\/#primaryimage"},"thumbnailUrl":"https:\/\/www.notibras.com\/site\/wp-content\/uploads\/2015\/05\/nb22.jpg","datePublished":"2015-05-22T20:03:46+00:00","dateModified":"2015-05-22T20:04:25+00:00","breadcrumb":{"@id":"https:\/\/www.notibras.com\/site\/planalto-corta-na-carne-e-coloca-70-bi-do-orcamento-na-geladeira\/#breadcrumb"},"inLanguage":"pt-BR","potentialAction":[{"@type":"ReadAction","target":["https:\/\/www.notibras.com\/site\/planalto-corta-na-carne-e-coloca-70-bi-do-orcamento-na-geladeira\/"]}]},{"@type":"ImageObject","inLanguage":"pt-BR","@id":"https:\/\/www.notibras.com\/site\/planalto-corta-na-carne-e-coloca-70-bi-do-orcamento-na-geladeira\/#primaryimage","url":"https:\/\/www.notibras.com\/site\/wp-content\/uploads\/2015\/05\/nb22.jpg","contentUrl":"https:\/\/www.notibras.com\/site\/wp-content\/uploads\/2015\/05\/nb22.jpg","width":284,"height":178},{"@type":"BreadcrumbList","@id":"https:\/\/www.notibras.com\/site\/planalto-corta-na-carne-e-coloca-70-bi-do-orcamento-na-geladeira\/#breadcrumb","itemListElement":[{"@type":"ListItem","position":1,"name":"In\u00edcio","item":"https:\/\/www.notibras.com\/site\/"},{"@type":"ListItem","position":2,"name":"Planalto corta na carne e coloca 70 bilh\u00f5es do Or\u00e7amento na geladeira"}]},{"@type":"WebSite","@id":"https:\/\/www.notibras.com\/site\/#website","url":"https:\/\/www.notibras.com\/site\/","name":"Notibras","description":"Not\u00edcias de Bras\u00edlia, do Brasil e do Mundo","publisher":{"@id":"https:\/\/www.notibras.com\/site\/#organization"},"potentialAction":[{"@type":"SearchAction","target":{"@type":"EntryPoint","urlTemplate":"https:\/\/www.notibras.com\/site\/?s={search_term_string}"},"query-input":{"@type":"PropertyValueSpecification","valueRequired":true,"valueName":"search_term_string"}}],"inLanguage":"pt-BR"},{"@type":"Organization","@id":"https:\/\/www.notibras.com\/site\/#organization","name":"Grupo Notibras de Comunica\u00e7\u00e3o","url":"https:\/\/www.notibras.com\/site\/","logo":{"@type":"ImageObject","inLanguage":"pt-BR","@id":"https:\/\/www.notibras.com\/site\/#\/schema\/logo\/image\/","url":"https:\/\/www.notibras.com\/site\/wp-content\/uploads\/2023\/01\/notibras23.png","contentUrl":"https:\/\/www.notibras.com\/site\/wp-content\/uploads\/2023\/01\/notibras23.png","width":350,"height":87,"caption":"Grupo Notibras de Comunica\u00e7\u00e3o"},"image":{"@id":"https:\/\/www.notibras.com\/site\/#\/schema\/logo\/image\/"},"sameAs":["https:\/\/www.facebook.com\/notibras\/","https:\/\/x.com\/Notibras","https:\/\/www.instagram.com\/notibras\/"]},{"@type":"Person","@id":"https:\/\/www.notibras.com\/site\/#\/schema\/person\/36ab0979449956132d3e5b517ea76ac8","name":"Reda\u00e7\u00e3o","image":{"@type":"ImageObject","inLanguage":"pt-BR","@id":"https:\/\/secure.gravatar.com\/avatar\/e0a867bdedb85fd243eadf09663511f96fc81e0720a4a42581f334ad4303aa6b?s=96&d=mm&r=g","url":"https:\/\/secure.gravatar.com\/avatar\/e0a867bdedb85fd243eadf09663511f96fc81e0720a4a42581f334ad4303aa6b?s=96&d=mm&r=g","contentUrl":"https:\/\/secure.gravatar.com\/avatar\/e0a867bdedb85fd243eadf09663511f96fc81e0720a4a42581f334ad4303aa6b?s=96&d=mm&r=g","caption":"Reda\u00e7\u00e3o"}}]}},"amp_enabled":true,"_links":{"self":[{"href":"https:\/\/www.notibras.com\/site\/wp-json\/wp\/v2\/posts\/49953","targetHints":{"allow":["GET"]}}],"collection":[{"href":"https:\/\/www.notibras.com\/site\/wp-json\/wp\/v2\/posts"}],"about":[{"href":"https:\/\/www.notibras.com\/site\/wp-json\/wp\/v2\/types\/post"}],"author":[{"embeddable":true,"href":"https:\/\/www.notibras.com\/site\/wp-json\/wp\/v2\/users\/2"}],"replies":[{"embeddable":true,"href":"https:\/\/www.notibras.com\/site\/wp-json\/wp\/v2\/comments?post=49953"}],"version-history":[{"count":0,"href":"https:\/\/www.notibras.com\/site\/wp-json\/wp\/v2\/posts\/49953\/revisions"}],"wp:featuredmedia":[{"embeddable":true,"href":"https:\/\/www.notibras.com\/site\/wp-json\/wp\/v2\/media\/49954"}],"wp:attachment":[{"href":"https:\/\/www.notibras.com\/site\/wp-json\/wp\/v2\/media?parent=49953"}],"wp:term":[{"taxonomy":"category","embeddable":true,"href":"https:\/\/www.notibras.com\/site\/wp-json\/wp\/v2\/categories?post=49953"},{"taxonomy":"post_tag","embeddable":true,"href":"https:\/\/www.notibras.com\/site\/wp-json\/wp\/v2\/tags?post=49953"}],"curies":[{"name":"wp","href":"https:\/\/api.w.org\/{rel}","templated":true}]}}