{"id":49973,"date":"2015-05-22T15:09:41","date_gmt":"2015-05-22T18:09:41","guid":{"rendered":"http:\/\/www.notibras.com\/site\/?p=49973"},"modified":"2015-05-22T17:51:06","modified_gmt":"2015-05-22T20:51:06","slug":"congresso-nao-escapa-do-corte-e-parlamentares-perdem-215-bilhoes-em-emendas","status":"publish","type":"post","link":"https:\/\/www.notibras.com\/site\/congresso-nao-escapa-do-corte-e-parlamentares-perdem-215-bilhoes-em-emendas\/","title":{"rendered":"Congresso n\u00e3o escapa do corte e parlamentares perdem mais de 21,5 bilh\u00f5es em emendas"},"content":{"rendered":"<header>\n<div class=\"node-info\">O corte nas emendas parlamentares ao Or\u00e7amento de 2015 chegar\u00e1 a R$ 21,4 bilh\u00f5es, anunciou o Minist\u00e9rio do Planejamento. O valor representa 30,6% do contingenciamento (bloqueio) de R$ 69,976 bilh\u00f5es nas despesas discricion\u00e1rias (n\u00e3o obrigat\u00f3rias) previstas para este ano.<\/div>\n<\/header>\n<div class=\"content\">\n<p>A Constitui\u00e7\u00e3o estabelece que parte das emendas parlamentares s\u00e3o impositivas, at\u00e9 o limite de 1,2% da receita corrente l\u00edquida do governo federal no ano anterior. Por esse crit\u00e9rio, o governo teria de, obrigatoriamente, executar R$ 7,699 bilh\u00f5es em emendas parlamentares em 2015.<\/p>\n<blockquote><p>Apesar de estabelecer um montante de gastos obrigat\u00f3rios de emendas, a Constitui\u00e7\u00e3o autoriza o contingenciamento das emendas impositivas na mesma propor\u00e7\u00e3o do corte nas despesas discricion\u00e1rias. Segundo o ministro do Planejamento, Nelson Barbosa, o dispositivo permitiu reduzir em 35,4% o volume de gastos da rubrica, para R$ 4,636 bilh\u00f5es.<\/p><\/blockquote>\n<\/div>\n","protected":false},"excerpt":{"rendered":"<p>O corte nas emendas parlamentares ao Or\u00e7amento de 2015 chegar\u00e1 a R$ 21,4 bilh\u00f5es, anunciou o Minist\u00e9rio do Planejamento. O valor representa 30,6% do contingenciamento (bloqueio) de R$ 69,976 bilh\u00f5es nas despesas discricion\u00e1rias (n\u00e3o obrigat\u00f3rias) previstas para este ano. A Constitui\u00e7\u00e3o estabelece que parte das emendas parlamentares s\u00e3o impositivas, at\u00e9 o limite de 1,2% da [&hellip;]<\/p>\n","protected":false},"author":2,"featured_media":49975,"comment_status":"open","ping_status":"closed","sticky":false,"template":"","format":"standard","meta":{"_acf_changed":false,"footnotes":""},"categories":[16],"tags":[],"class_list":["post-49973","post","type-post","status-publish","format-standard","has-post-thumbnail","hentry","category-brasil"],"acf":[],"yoast_head":"<!-- This site is optimized with the Yoast SEO plugin v27.2 - https:\/\/yoast.com\/product\/yoast-seo-wordpress\/ -->\n<title>Congresso n\u00e3o escapa do corte e parlamentares perdem mais de 21,5 bilh\u00f5es em emendas - Notibras<\/title>\n<meta name=\"robots\" content=\"index, follow, max-snippet:-1, max-image-preview:large, max-video-preview:-1\" \/>\n<link rel=\"canonical\" href=\"https:\/\/www.notibras.com\/site\/congresso-nao-escapa-do-corte-e-parlamentares-perdem-215-bilhoes-em-emendas\/\" \/>\n<meta property=\"og:locale\" content=\"pt_BR\" \/>\n<meta property=\"og:type\" content=\"article\" \/>\n<meta property=\"og:title\" content=\"Congresso n\u00e3o escapa do corte e parlamentares perdem mais de 21,5 bilh\u00f5es em emendas - Notibras\" \/>\n<meta property=\"og:description\" content=\"O corte nas emendas parlamentares ao Or\u00e7amento de 2015 chegar\u00e1 a R$ 21,4 bilh\u00f5es, anunciou o Minist\u00e9rio do Planejamento. O valor representa 30,6% do contingenciamento (bloqueio) de R$ 69,976 bilh\u00f5es nas despesas discricion\u00e1rias (n\u00e3o obrigat\u00f3rias) previstas para este ano. A Constitui\u00e7\u00e3o estabelece que parte das emendas parlamentares s\u00e3o impositivas, at\u00e9 o limite de 1,2% da [&hellip;]\" \/>\n<meta property=\"og:url\" content=\"https:\/\/www.notibras.com\/site\/congresso-nao-escapa-do-corte-e-parlamentares-perdem-215-bilhoes-em-emendas\/\" \/>\n<meta property=\"og:site_name\" content=\"Notibras\" \/>\n<meta property=\"article:publisher\" content=\"https:\/\/www.facebook.com\/notibras\/\" \/>\n<meta property=\"article:published_time\" content=\"2015-05-22T18:09:41+00:00\" \/>\n<meta property=\"article:modified_time\" content=\"2015-05-22T20:51:06+00:00\" \/>\n<meta property=\"og:image\" content=\"https:\/\/www.notibras.com\/site\/wp-content\/uploads\/2015\/05\/secon.jpg\" \/>\n\t<meta property=\"og:image:width\" content=\"276\" \/>\n\t<meta property=\"og:image:height\" content=\"183\" \/>\n\t<meta property=\"og:image:type\" content=\"image\/jpeg\" \/>\n<meta name=\"author\" content=\"Reda\u00e7\u00e3o\" \/>\n<meta name=\"twitter:card\" content=\"summary_large_image\" \/>\n<meta name=\"twitter:creator\" content=\"@Notibras\" \/>\n<meta name=\"twitter:site\" content=\"@Notibras\" \/>\n<meta name=\"twitter:label1\" content=\"Escrito por\" \/>\n\t<meta name=\"twitter:data1\" content=\"Reda\u00e7\u00e3o\" \/>\n\t<meta name=\"twitter:label2\" content=\"Est. tempo de leitura\" \/>\n\t<meta name=\"twitter:data2\" content=\"1 minuto\" \/>\n<script type=\"application\/ld+json\" class=\"yoast-schema-graph\">{\"@context\":\"https:\/\/schema.org\",\"@graph\":[{\"@type\":\"Article\",\"@id\":\"https:\/\/www.notibras.com\/site\/congresso-nao-escapa-do-corte-e-parlamentares-perdem-215-bilhoes-em-emendas\/#article\",\"isPartOf\":{\"@id\":\"https:\/\/www.notibras.com\/site\/congresso-nao-escapa-do-corte-e-parlamentares-perdem-215-bilhoes-em-emendas\/\"},\"author\":{\"name\":\"Reda\u00e7\u00e3o\",\"@id\":\"https:\/\/www.notibras.com\/site\/#\/schema\/person\/36ab0979449956132d3e5b517ea76ac8\"},\"headline\":\"Congresso n\u00e3o escapa do corte e parlamentares perdem mais de 21,5 bilh\u00f5es em emendas\",\"datePublished\":\"2015-05-22T18:09:41+00:00\",\"dateModified\":\"2015-05-22T20:51:06+00:00\",\"mainEntityOfPage\":{\"@id\":\"https:\/\/www.notibras.com\/site\/congresso-nao-escapa-do-corte-e-parlamentares-perdem-215-bilhoes-em-emendas\/\"},\"wordCount\":153,\"commentCount\":0,\"publisher\":{\"@id\":\"https:\/\/www.notibras.com\/site\/#organization\"},\"image\":{\"@id\":\"https:\/\/www.notibras.com\/site\/congresso-nao-escapa-do-corte-e-parlamentares-perdem-215-bilhoes-em-emendas\/#primaryimage\"},\"thumbnailUrl\":\"https:\/\/www.notibras.com\/site\/wp-content\/uploads\/2015\/05\/secon.jpg\",\"articleSection\":[\"Brasil\"],\"inLanguage\":\"pt-BR\",\"potentialAction\":[{\"@type\":\"CommentAction\",\"name\":\"Comment\",\"target\":[\"https:\/\/www.notibras.com\/site\/congresso-nao-escapa-do-corte-e-parlamentares-perdem-215-bilhoes-em-emendas\/#respond\"]}]},{\"@type\":\"WebPage\",\"@id\":\"https:\/\/www.notibras.com\/site\/congresso-nao-escapa-do-corte-e-parlamentares-perdem-215-bilhoes-em-emendas\/\",\"url\":\"https:\/\/www.notibras.com\/site\/congresso-nao-escapa-do-corte-e-parlamentares-perdem-215-bilhoes-em-emendas\/\",\"name\":\"Congresso n\u00e3o escapa do corte e parlamentares perdem mais de 21,5 bilh\u00f5es em emendas - Notibras\",\"isPartOf\":{\"@id\":\"https:\/\/www.notibras.com\/site\/#website\"},\"primaryImageOfPage\":{\"@id\":\"https:\/\/www.notibras.com\/site\/congresso-nao-escapa-do-corte-e-parlamentares-perdem-215-bilhoes-em-emendas\/#primaryimage\"},\"image\":{\"@id\":\"https:\/\/www.notibras.com\/site\/congresso-nao-escapa-do-corte-e-parlamentares-perdem-215-bilhoes-em-emendas\/#primaryimage\"},\"thumbnailUrl\":\"https:\/\/www.notibras.com\/site\/wp-content\/uploads\/2015\/05\/secon.jpg\",\"datePublished\":\"2015-05-22T18:09:41+00:00\",\"dateModified\":\"2015-05-22T20:51:06+00:00\",\"breadcrumb\":{\"@id\":\"https:\/\/www.notibras.com\/site\/congresso-nao-escapa-do-corte-e-parlamentares-perdem-215-bilhoes-em-emendas\/#breadcrumb\"},\"inLanguage\":\"pt-BR\",\"potentialAction\":[{\"@type\":\"ReadAction\",\"target\":[\"https:\/\/www.notibras.com\/site\/congresso-nao-escapa-do-corte-e-parlamentares-perdem-215-bilhoes-em-emendas\/\"]}]},{\"@type\":\"ImageObject\",\"inLanguage\":\"pt-BR\",\"@id\":\"https:\/\/www.notibras.com\/site\/congresso-nao-escapa-do-corte-e-parlamentares-perdem-215-bilhoes-em-emendas\/#primaryimage\",\"url\":\"https:\/\/www.notibras.com\/site\/wp-content\/uploads\/2015\/05\/secon.jpg\",\"contentUrl\":\"https:\/\/www.notibras.com\/site\/wp-content\/uploads\/2015\/05\/secon.jpg\",\"width\":276,\"height\":183},{\"@type\":\"BreadcrumbList\",\"@id\":\"https:\/\/www.notibras.com\/site\/congresso-nao-escapa-do-corte-e-parlamentares-perdem-215-bilhoes-em-emendas\/#breadcrumb\",\"itemListElement\":[{\"@type\":\"ListItem\",\"position\":1,\"name\":\"In\u00edcio\",\"item\":\"https:\/\/www.notibras.com\/site\/\"},{\"@type\":\"ListItem\",\"position\":2,\"name\":\"Congresso n\u00e3o escapa do corte e parlamentares perdem mais de 21,5 bilh\u00f5es em emendas\"}]},{\"@type\":\"WebSite\",\"@id\":\"https:\/\/www.notibras.com\/site\/#website\",\"url\":\"https:\/\/www.notibras.com\/site\/\",\"name\":\"Notibras\",\"description\":\"Not\u00edcias de Bras\u00edlia, do Brasil e do Mundo\",\"publisher\":{\"@id\":\"https:\/\/www.notibras.com\/site\/#organization\"},\"potentialAction\":[{\"@type\":\"SearchAction\",\"target\":{\"@type\":\"EntryPoint\",\"urlTemplate\":\"https:\/\/www.notibras.com\/site\/?s={search_term_string}\"},\"query-input\":{\"@type\":\"PropertyValueSpecification\",\"valueRequired\":true,\"valueName\":\"search_term_string\"}}],\"inLanguage\":\"pt-BR\"},{\"@type\":\"Organization\",\"@id\":\"https:\/\/www.notibras.com\/site\/#organization\",\"name\":\"Grupo Notibras de Comunica\u00e7\u00e3o\",\"url\":\"https:\/\/www.notibras.com\/site\/\",\"logo\":{\"@type\":\"ImageObject\",\"inLanguage\":\"pt-BR\",\"@id\":\"https:\/\/www.notibras.com\/site\/#\/schema\/logo\/image\/\",\"url\":\"https:\/\/www.notibras.com\/site\/wp-content\/uploads\/2023\/01\/notibras23.png\",\"contentUrl\":\"https:\/\/www.notibras.com\/site\/wp-content\/uploads\/2023\/01\/notibras23.png\",\"width\":350,\"height\":87,\"caption\":\"Grupo Notibras de Comunica\u00e7\u00e3o\"},\"image\":{\"@id\":\"https:\/\/www.notibras.com\/site\/#\/schema\/logo\/image\/\"},\"sameAs\":[\"https:\/\/www.facebook.com\/notibras\/\",\"https:\/\/x.com\/Notibras\",\"https:\/\/www.instagram.com\/notibras\/\"]},{\"@type\":\"Person\",\"@id\":\"https:\/\/www.notibras.com\/site\/#\/schema\/person\/36ab0979449956132d3e5b517ea76ac8\",\"name\":\"Reda\u00e7\u00e3o\",\"image\":{\"@type\":\"ImageObject\",\"inLanguage\":\"pt-BR\",\"@id\":\"https:\/\/secure.gravatar.com\/avatar\/e0a867bdedb85fd243eadf09663511f96fc81e0720a4a42581f334ad4303aa6b?s=96&d=mm&r=g\",\"url\":\"https:\/\/secure.gravatar.com\/avatar\/e0a867bdedb85fd243eadf09663511f96fc81e0720a4a42581f334ad4303aa6b?s=96&d=mm&r=g\",\"contentUrl\":\"https:\/\/secure.gravatar.com\/avatar\/e0a867bdedb85fd243eadf09663511f96fc81e0720a4a42581f334ad4303aa6b?s=96&d=mm&r=g\",\"caption\":\"Reda\u00e7\u00e3o\"}}]}<\/script>\n<!-- \/ Yoast SEO plugin. -->","yoast_head_json":{"title":"Congresso n\u00e3o escapa do corte e parlamentares perdem mais de 21,5 bilh\u00f5es em emendas - Notibras","robots":{"index":"index","follow":"follow","max-snippet":"max-snippet:-1","max-image-preview":"max-image-preview:large","max-video-preview":"max-video-preview:-1"},"canonical":"https:\/\/www.notibras.com\/site\/congresso-nao-escapa-do-corte-e-parlamentares-perdem-215-bilhoes-em-emendas\/","og_locale":"pt_BR","og_type":"article","og_title":"Congresso n\u00e3o escapa do corte e parlamentares perdem mais de 21,5 bilh\u00f5es em emendas - Notibras","og_description":"O corte nas emendas parlamentares ao Or\u00e7amento de 2015 chegar\u00e1 a R$ 21,4 bilh\u00f5es, anunciou o Minist\u00e9rio do Planejamento. O valor representa 30,6% do contingenciamento (bloqueio) de R$ 69,976 bilh\u00f5es nas despesas discricion\u00e1rias (n\u00e3o obrigat\u00f3rias) previstas para este ano. A Constitui\u00e7\u00e3o estabelece que parte das emendas parlamentares s\u00e3o impositivas, at\u00e9 o limite de 1,2% da [&hellip;]","og_url":"https:\/\/www.notibras.com\/site\/congresso-nao-escapa-do-corte-e-parlamentares-perdem-215-bilhoes-em-emendas\/","og_site_name":"Notibras","article_publisher":"https:\/\/www.facebook.com\/notibras\/","article_published_time":"2015-05-22T18:09:41+00:00","article_modified_time":"2015-05-22T20:51:06+00:00","og_image":[{"width":276,"height":183,"url":"https:\/\/www.notibras.com\/site\/wp-content\/uploads\/2015\/05\/secon.jpg","type":"image\/jpeg"}],"author":"Reda\u00e7\u00e3o","twitter_card":"summary_large_image","twitter_creator":"@Notibras","twitter_site":"@Notibras","twitter_misc":{"Escrito por":"Reda\u00e7\u00e3o","Est. tempo de leitura":"1 minuto"},"schema":{"@context":"https:\/\/schema.org","@graph":[{"@type":"Article","@id":"https:\/\/www.notibras.com\/site\/congresso-nao-escapa-do-corte-e-parlamentares-perdem-215-bilhoes-em-emendas\/#article","isPartOf":{"@id":"https:\/\/www.notibras.com\/site\/congresso-nao-escapa-do-corte-e-parlamentares-perdem-215-bilhoes-em-emendas\/"},"author":{"name":"Reda\u00e7\u00e3o","@id":"https:\/\/www.notibras.com\/site\/#\/schema\/person\/36ab0979449956132d3e5b517ea76ac8"},"headline":"Congresso n\u00e3o escapa do corte e parlamentares perdem mais de 21,5 bilh\u00f5es em emendas","datePublished":"2015-05-22T18:09:41+00:00","dateModified":"2015-05-22T20:51:06+00:00","mainEntityOfPage":{"@id":"https:\/\/www.notibras.com\/site\/congresso-nao-escapa-do-corte-e-parlamentares-perdem-215-bilhoes-em-emendas\/"},"wordCount":153,"commentCount":0,"publisher":{"@id":"https:\/\/www.notibras.com\/site\/#organization"},"image":{"@id":"https:\/\/www.notibras.com\/site\/congresso-nao-escapa-do-corte-e-parlamentares-perdem-215-bilhoes-em-emendas\/#primaryimage"},"thumbnailUrl":"https:\/\/www.notibras.com\/site\/wp-content\/uploads\/2015\/05\/secon.jpg","articleSection":["Brasil"],"inLanguage":"pt-BR","potentialAction":[{"@type":"CommentAction","name":"Comment","target":["https:\/\/www.notibras.com\/site\/congresso-nao-escapa-do-corte-e-parlamentares-perdem-215-bilhoes-em-emendas\/#respond"]}]},{"@type":"WebPage","@id":"https:\/\/www.notibras.com\/site\/congresso-nao-escapa-do-corte-e-parlamentares-perdem-215-bilhoes-em-emendas\/","url":"https:\/\/www.notibras.com\/site\/congresso-nao-escapa-do-corte-e-parlamentares-perdem-215-bilhoes-em-emendas\/","name":"Congresso n\u00e3o escapa do corte e parlamentares perdem mais de 21,5 bilh\u00f5es em emendas - Notibras","isPartOf":{"@id":"https:\/\/www.notibras.com\/site\/#website"},"primaryImageOfPage":{"@id":"https:\/\/www.notibras.com\/site\/congresso-nao-escapa-do-corte-e-parlamentares-perdem-215-bilhoes-em-emendas\/#primaryimage"},"image":{"@id":"https:\/\/www.notibras.com\/site\/congresso-nao-escapa-do-corte-e-parlamentares-perdem-215-bilhoes-em-emendas\/#primaryimage"},"thumbnailUrl":"https:\/\/www.notibras.com\/site\/wp-content\/uploads\/2015\/05\/secon.jpg","datePublished":"2015-05-22T18:09:41+00:00","dateModified":"2015-05-22T20:51:06+00:00","breadcrumb":{"@id":"https:\/\/www.notibras.com\/site\/congresso-nao-escapa-do-corte-e-parlamentares-perdem-215-bilhoes-em-emendas\/#breadcrumb"},"inLanguage":"pt-BR","potentialAction":[{"@type":"ReadAction","target":["https:\/\/www.notibras.com\/site\/congresso-nao-escapa-do-corte-e-parlamentares-perdem-215-bilhoes-em-emendas\/"]}]},{"@type":"ImageObject","inLanguage":"pt-BR","@id":"https:\/\/www.notibras.com\/site\/congresso-nao-escapa-do-corte-e-parlamentares-perdem-215-bilhoes-em-emendas\/#primaryimage","url":"https:\/\/www.notibras.com\/site\/wp-content\/uploads\/2015\/05\/secon.jpg","contentUrl":"https:\/\/www.notibras.com\/site\/wp-content\/uploads\/2015\/05\/secon.jpg","width":276,"height":183},{"@type":"BreadcrumbList","@id":"https:\/\/www.notibras.com\/site\/congresso-nao-escapa-do-corte-e-parlamentares-perdem-215-bilhoes-em-emendas\/#breadcrumb","itemListElement":[{"@type":"ListItem","position":1,"name":"In\u00edcio","item":"https:\/\/www.notibras.com\/site\/"},{"@type":"ListItem","position":2,"name":"Congresso n\u00e3o escapa do corte e parlamentares perdem mais de 21,5 bilh\u00f5es em emendas"}]},{"@type":"WebSite","@id":"https:\/\/www.notibras.com\/site\/#website","url":"https:\/\/www.notibras.com\/site\/","name":"Notibras","description":"Not\u00edcias de Bras\u00edlia, do Brasil e do Mundo","publisher":{"@id":"https:\/\/www.notibras.com\/site\/#organization"},"potentialAction":[{"@type":"SearchAction","target":{"@type":"EntryPoint","urlTemplate":"https:\/\/www.notibras.com\/site\/?s={search_term_string}"},"query-input":{"@type":"PropertyValueSpecification","valueRequired":true,"valueName":"search_term_string"}}],"inLanguage":"pt-BR"},{"@type":"Organization","@id":"https:\/\/www.notibras.com\/site\/#organization","name":"Grupo Notibras de Comunica\u00e7\u00e3o","url":"https:\/\/www.notibras.com\/site\/","logo":{"@type":"ImageObject","inLanguage":"pt-BR","@id":"https:\/\/www.notibras.com\/site\/#\/schema\/logo\/image\/","url":"https:\/\/www.notibras.com\/site\/wp-content\/uploads\/2023\/01\/notibras23.png","contentUrl":"https:\/\/www.notibras.com\/site\/wp-content\/uploads\/2023\/01\/notibras23.png","width":350,"height":87,"caption":"Grupo Notibras de Comunica\u00e7\u00e3o"},"image":{"@id":"https:\/\/www.notibras.com\/site\/#\/schema\/logo\/image\/"},"sameAs":["https:\/\/www.facebook.com\/notibras\/","https:\/\/x.com\/Notibras","https:\/\/www.instagram.com\/notibras\/"]},{"@type":"Person","@id":"https:\/\/www.notibras.com\/site\/#\/schema\/person\/36ab0979449956132d3e5b517ea76ac8","name":"Reda\u00e7\u00e3o","image":{"@type":"ImageObject","inLanguage":"pt-BR","@id":"https:\/\/secure.gravatar.com\/avatar\/e0a867bdedb85fd243eadf09663511f96fc81e0720a4a42581f334ad4303aa6b?s=96&d=mm&r=g","url":"https:\/\/secure.gravatar.com\/avatar\/e0a867bdedb85fd243eadf09663511f96fc81e0720a4a42581f334ad4303aa6b?s=96&d=mm&r=g","contentUrl":"https:\/\/secure.gravatar.com\/avatar\/e0a867bdedb85fd243eadf09663511f96fc81e0720a4a42581f334ad4303aa6b?s=96&d=mm&r=g","caption":"Reda\u00e7\u00e3o"}}]}},"amp_enabled":true,"_links":{"self":[{"href":"https:\/\/www.notibras.com\/site\/wp-json\/wp\/v2\/posts\/49973","targetHints":{"allow":["GET"]}}],"collection":[{"href":"https:\/\/www.notibras.com\/site\/wp-json\/wp\/v2\/posts"}],"about":[{"href":"https:\/\/www.notibras.com\/site\/wp-json\/wp\/v2\/types\/post"}],"author":[{"embeddable":true,"href":"https:\/\/www.notibras.com\/site\/wp-json\/wp\/v2\/users\/2"}],"replies":[{"embeddable":true,"href":"https:\/\/www.notibras.com\/site\/wp-json\/wp\/v2\/comments?post=49973"}],"version-history":[{"count":0,"href":"https:\/\/www.notibras.com\/site\/wp-json\/wp\/v2\/posts\/49973\/revisions"}],"wp:featuredmedia":[{"embeddable":true,"href":"https:\/\/www.notibras.com\/site\/wp-json\/wp\/v2\/media\/49975"}],"wp:attachment":[{"href":"https:\/\/www.notibras.com\/site\/wp-json\/wp\/v2\/media?parent=49973"}],"wp:term":[{"taxonomy":"category","embeddable":true,"href":"https:\/\/www.notibras.com\/site\/wp-json\/wp\/v2\/categories?post=49973"},{"taxonomy":"post_tag","embeddable":true,"href":"https:\/\/www.notibras.com\/site\/wp-json\/wp\/v2\/tags?post=49973"}],"curies":[{"name":"wp","href":"https:\/\/api.w.org\/{rel}","templated":true}]}}