{"id":4998,"date":"2014-03-22T17:00:29","date_gmt":"2014-03-22T20:00:29","guid":{"rendered":"http:\/\/www.notibras.com\/site\/?p=4998"},"modified":"2014-03-22T17:00:50","modified_gmt":"2014-03-22T20:00:50","slug":"advogadas-fazem-caminhada-no-parque-da-cidade-contra-discriminacao","status":"publish","type":"post","link":"https:\/\/www.notibras.com\/site\/advogadas-fazem-caminhada-no-parque-da-cidade-contra-discriminacao\/","title":{"rendered":"Advogadas fazem caminhada no Parque contra discrimina\u00e7\u00e3o"},"content":{"rendered":"<div>\n<p>A discrimina\u00e7\u00e3o de g\u00eanero afeta tamb\u00e9m aquelas que, a princ\u00edpio, s\u00e3o especializadas em Direito: as advogadas. Por esse motivo, a Comiss\u00e3o de Mulheres da Ordem dos Advogados do Brasil (OAB) promoveu neste s\u00e1bado (22) a 2\u00aa Caminhada da Advogada pela Igualdade de G\u00eanero e Fim da Viol\u00eancia contra a Mulher, em Bras\u00edlia, no Parque da Cidade, que reuniu cerca de 150 pessoas.<\/p>\n<p>O evento marca a abertura de espa\u00e7o para discutir o tema na entidade. \u201c\u00c9 a primeira vez, em 54 anos, que a OAB tem uma comiss\u00e3o espec\u00edfica para debater a quest\u00e3o da igualdade de g\u00eanero\u201d, disse \u00e0 <strong>Ag\u00eancia Brasil<\/strong> a presidenta da Comiss\u00e3o de Mulheres, Ilka Teodoro.<\/p>\n<p>Segundo ela, a comiss\u00e3o tem como focos principais a igualdade de g\u00eanero, o fim da viol\u00eancia e &#8220;a defesa da mulher advogada&#8221;, disse Ilka. \u201cAs remunera\u00e7\u00f5es das mulheres advogadas costumam ser inferiores \u00e0 dos homens. Al\u00e9m disso, h\u00e1 diversos tipos de discrimina\u00e7\u00e3o que t\u00eam por base a quest\u00e3o do g\u00eanero. Por sermos profissionais aut\u00f4nomas, passamos por dificuldades para nos mantermos no mercado e, nos ambientes de trabalho, faltam espa\u00e7os como creches e ber\u00e7\u00e1rios\u201d, argumentou a advogada.<\/p>\n<p>A condi\u00e7\u00e3o feminina, no entanto, n\u00e3o implica, segundo ela, apenas desvantagens na profiss\u00e3o. \u201cTemos maior capacidade de compreens\u00e3o do mundo e somos mais humanas e compreensivas do que os homens\u201d, disse.<\/p>\n<p>Ilka avalia que, apesar de longe do ideal, a situa\u00e7\u00e3o das profissionais do direito tem melhorado nos \u00faltimos anos. \u201cEstamos aumentando a ocupa\u00e7\u00e3o de espa\u00e7os dentro do ciclo hier\u00e1rquico do Poder Judici\u00e1rio. Na OAB, temos a maioria das presid\u00eancias de comiss\u00f5es e j\u00e1 ocupamos 30% do conselho\u201d.<\/p>\n<p>Al\u00e9m da caminhada no Parque da Cidade, o evento contou com atividades de confraterniza\u00e7\u00e3o como alongamentos e massagens. \u201cTamb\u00e9m montamos um varal feminista com fotos de advogadas de express\u00e3o, sorteamos brindes, al\u00e9m de fazer a caminhada ao som do grupo [de percuss\u00e3o feminino] Batal\u00e1\u201d.<\/p>\n<p><strong>Pedro Peduzzi, ABr<\/strong><\/p>\n<\/div>\n","protected":false},"excerpt":{"rendered":"<p>A discrimina\u00e7\u00e3o de g\u00eanero afeta tamb\u00e9m aquelas que, a princ\u00edpio, s\u00e3o especializadas em Direito: as advogadas. Por esse motivo, a Comiss\u00e3o de Mulheres da Ordem dos Advogados do Brasil (OAB) promoveu neste s\u00e1bado (22) a 2\u00aa Caminhada da Advogada pela Igualdade de G\u00eanero e Fim da Viol\u00eancia contra a Mulher, em Bras\u00edlia, no Parque da [&hellip;]<\/p>\n","protected":false},"author":2,"featured_media":4999,"comment_status":"open","ping_status":"closed","sticky":false,"template":"","format":"standard","meta":{"_acf_changed":false,"footnotes":""},"categories":[1],"tags":[],"class_list":["post-4998","post","type-post","status-publish","format-standard","has-post-thumbnail","hentry","category-brasilia"],"acf":[],"yoast_head":"<!-- This site is optimized with the Yoast SEO plugin v27.2 - https:\/\/yoast.com\/product\/yoast-seo-wordpress\/ -->\n<title>Advogadas fazem caminhada no Parque contra discrimina\u00e7\u00e3o - Notibras<\/title>\n<meta name=\"robots\" content=\"index, follow, max-snippet:-1, max-image-preview:large, max-video-preview:-1\" \/>\n<link rel=\"canonical\" href=\"https:\/\/www.notibras.com\/site\/advogadas-fazem-caminhada-no-parque-da-cidade-contra-discriminacao\/\" \/>\n<meta property=\"og:locale\" content=\"pt_BR\" \/>\n<meta property=\"og:type\" content=\"article\" \/>\n<meta property=\"og:title\" content=\"Advogadas fazem caminhada no Parque contra discrimina\u00e7\u00e3o - Notibras\" \/>\n<meta property=\"og:description\" content=\"A discrimina\u00e7\u00e3o de g\u00eanero afeta tamb\u00e9m aquelas que, a princ\u00edpio, s\u00e3o especializadas em Direito: as advogadas. Por esse motivo, a Comiss\u00e3o de Mulheres da Ordem dos Advogados do Brasil (OAB) promoveu neste s\u00e1bado (22) a 2\u00aa Caminhada da Advogada pela Igualdade de G\u00eanero e Fim da Viol\u00eancia contra a Mulher, em Bras\u00edlia, no Parque da [&hellip;]\" \/>\n<meta property=\"og:url\" content=\"https:\/\/www.notibras.com\/site\/advogadas-fazem-caminhada-no-parque-da-cidade-contra-discriminacao\/\" \/>\n<meta property=\"og:site_name\" content=\"Notibras\" \/>\n<meta property=\"article:publisher\" content=\"https:\/\/www.facebook.com\/notibras\/\" \/>\n<meta property=\"article:published_time\" content=\"2014-03-22T20:00:29+00:00\" \/>\n<meta property=\"article:modified_time\" content=\"2014-03-22T20:00:50+00:00\" \/>\n<meta property=\"og:image\" content=\"https:\/\/www.notibras.com\/site\/wp-content\/uploads\/2014\/03\/9187.jpg\" \/>\n\t<meta property=\"og:image:width\" content=\"600\" \/>\n\t<meta property=\"og:image:height\" content=\"398\" \/>\n\t<meta property=\"og:image:type\" content=\"image\/jpeg\" \/>\n<meta name=\"author\" content=\"Reda\u00e7\u00e3o\" \/>\n<meta name=\"twitter:card\" content=\"summary_large_image\" \/>\n<meta name=\"twitter:creator\" content=\"@Notibras\" \/>\n<meta name=\"twitter:site\" content=\"@Notibras\" \/>\n<meta name=\"twitter:label1\" content=\"Escrito por\" \/>\n\t<meta name=\"twitter:data1\" content=\"Reda\u00e7\u00e3o\" \/>\n\t<meta name=\"twitter:label2\" content=\"Est. tempo de leitura\" \/>\n\t<meta name=\"twitter:data2\" content=\"2 minutos\" \/>\n<script type=\"application\/ld+json\" class=\"yoast-schema-graph\">{\"@context\":\"https:\/\/schema.org\",\"@graph\":[{\"@type\":\"Article\",\"@id\":\"https:\/\/www.notibras.com\/site\/advogadas-fazem-caminhada-no-parque-da-cidade-contra-discriminacao\/#article\",\"isPartOf\":{\"@id\":\"https:\/\/www.notibras.com\/site\/advogadas-fazem-caminhada-no-parque-da-cidade-contra-discriminacao\/\"},\"author\":{\"name\":\"Reda\u00e7\u00e3o\",\"@id\":\"https:\/\/www.notibras.com\/site\/#\/schema\/person\/36ab0979449956132d3e5b517ea76ac8\"},\"headline\":\"Advogadas fazem caminhada no Parque contra discrimina\u00e7\u00e3o\",\"datePublished\":\"2014-03-22T20:00:29+00:00\",\"dateModified\":\"2014-03-22T20:00:50+00:00\",\"mainEntityOfPage\":{\"@id\":\"https:\/\/www.notibras.com\/site\/advogadas-fazem-caminhada-no-parque-da-cidade-contra-discriminacao\/\"},\"wordCount\":356,\"commentCount\":0,\"publisher\":{\"@id\":\"https:\/\/www.notibras.com\/site\/#organization\"},\"image\":{\"@id\":\"https:\/\/www.notibras.com\/site\/advogadas-fazem-caminhada-no-parque-da-cidade-contra-discriminacao\/#primaryimage\"},\"thumbnailUrl\":\"https:\/\/www.notibras.com\/site\/wp-content\/uploads\/2014\/03\/9187.jpg\",\"articleSection\":[\"Bras\u00edlia\"],\"inLanguage\":\"pt-BR\",\"potentialAction\":[{\"@type\":\"CommentAction\",\"name\":\"Comment\",\"target\":[\"https:\/\/www.notibras.com\/site\/advogadas-fazem-caminhada-no-parque-da-cidade-contra-discriminacao\/#respond\"]}]},{\"@type\":\"WebPage\",\"@id\":\"https:\/\/www.notibras.com\/site\/advogadas-fazem-caminhada-no-parque-da-cidade-contra-discriminacao\/\",\"url\":\"https:\/\/www.notibras.com\/site\/advogadas-fazem-caminhada-no-parque-da-cidade-contra-discriminacao\/\",\"name\":\"Advogadas fazem caminhada no Parque contra discrimina\u00e7\u00e3o - Notibras\",\"isPartOf\":{\"@id\":\"https:\/\/www.notibras.com\/site\/#website\"},\"primaryImageOfPage\":{\"@id\":\"https:\/\/www.notibras.com\/site\/advogadas-fazem-caminhada-no-parque-da-cidade-contra-discriminacao\/#primaryimage\"},\"image\":{\"@id\":\"https:\/\/www.notibras.com\/site\/advogadas-fazem-caminhada-no-parque-da-cidade-contra-discriminacao\/#primaryimage\"},\"thumbnailUrl\":\"https:\/\/www.notibras.com\/site\/wp-content\/uploads\/2014\/03\/9187.jpg\",\"datePublished\":\"2014-03-22T20:00:29+00:00\",\"dateModified\":\"2014-03-22T20:00:50+00:00\",\"breadcrumb\":{\"@id\":\"https:\/\/www.notibras.com\/site\/advogadas-fazem-caminhada-no-parque-da-cidade-contra-discriminacao\/#breadcrumb\"},\"inLanguage\":\"pt-BR\",\"potentialAction\":[{\"@type\":\"ReadAction\",\"target\":[\"https:\/\/www.notibras.com\/site\/advogadas-fazem-caminhada-no-parque-da-cidade-contra-discriminacao\/\"]}]},{\"@type\":\"ImageObject\",\"inLanguage\":\"pt-BR\",\"@id\":\"https:\/\/www.notibras.com\/site\/advogadas-fazem-caminhada-no-parque-da-cidade-contra-discriminacao\/#primaryimage\",\"url\":\"https:\/\/www.notibras.com\/site\/wp-content\/uploads\/2014\/03\/9187.jpg\",\"contentUrl\":\"https:\/\/www.notibras.com\/site\/wp-content\/uploads\/2014\/03\/9187.jpg\",\"width\":600,\"height\":398},{\"@type\":\"BreadcrumbList\",\"@id\":\"https:\/\/www.notibras.com\/site\/advogadas-fazem-caminhada-no-parque-da-cidade-contra-discriminacao\/#breadcrumb\",\"itemListElement\":[{\"@type\":\"ListItem\",\"position\":1,\"name\":\"In\u00edcio\",\"item\":\"https:\/\/www.notibras.com\/site\/\"},{\"@type\":\"ListItem\",\"position\":2,\"name\":\"Advogadas fazem caminhada no Parque contra discrimina\u00e7\u00e3o\"}]},{\"@type\":\"WebSite\",\"@id\":\"https:\/\/www.notibras.com\/site\/#website\",\"url\":\"https:\/\/www.notibras.com\/site\/\",\"name\":\"Notibras\",\"description\":\"Not\u00edcias de Bras\u00edlia, do Brasil e do Mundo\",\"publisher\":{\"@id\":\"https:\/\/www.notibras.com\/site\/#organization\"},\"potentialAction\":[{\"@type\":\"SearchAction\",\"target\":{\"@type\":\"EntryPoint\",\"urlTemplate\":\"https:\/\/www.notibras.com\/site\/?s={search_term_string}\"},\"query-input\":{\"@type\":\"PropertyValueSpecification\",\"valueRequired\":true,\"valueName\":\"search_term_string\"}}],\"inLanguage\":\"pt-BR\"},{\"@type\":\"Organization\",\"@id\":\"https:\/\/www.notibras.com\/site\/#organization\",\"name\":\"Grupo Notibras de Comunica\u00e7\u00e3o\",\"url\":\"https:\/\/www.notibras.com\/site\/\",\"logo\":{\"@type\":\"ImageObject\",\"inLanguage\":\"pt-BR\",\"@id\":\"https:\/\/www.notibras.com\/site\/#\/schema\/logo\/image\/\",\"url\":\"https:\/\/www.notibras.com\/site\/wp-content\/uploads\/2023\/01\/notibras23.png\",\"contentUrl\":\"https:\/\/www.notibras.com\/site\/wp-content\/uploads\/2023\/01\/notibras23.png\",\"width\":350,\"height\":87,\"caption\":\"Grupo Notibras de Comunica\u00e7\u00e3o\"},\"image\":{\"@id\":\"https:\/\/www.notibras.com\/site\/#\/schema\/logo\/image\/\"},\"sameAs\":[\"https:\/\/www.facebook.com\/notibras\/\",\"https:\/\/x.com\/Notibras\",\"https:\/\/www.instagram.com\/notibras\/\"]},{\"@type\":\"Person\",\"@id\":\"https:\/\/www.notibras.com\/site\/#\/schema\/person\/36ab0979449956132d3e5b517ea76ac8\",\"name\":\"Reda\u00e7\u00e3o\",\"image\":{\"@type\":\"ImageObject\",\"inLanguage\":\"pt-BR\",\"@id\":\"https:\/\/secure.gravatar.com\/avatar\/e0a867bdedb85fd243eadf09663511f96fc81e0720a4a42581f334ad4303aa6b?s=96&d=mm&r=g\",\"url\":\"https:\/\/secure.gravatar.com\/avatar\/e0a867bdedb85fd243eadf09663511f96fc81e0720a4a42581f334ad4303aa6b?s=96&d=mm&r=g\",\"contentUrl\":\"https:\/\/secure.gravatar.com\/avatar\/e0a867bdedb85fd243eadf09663511f96fc81e0720a4a42581f334ad4303aa6b?s=96&d=mm&r=g\",\"caption\":\"Reda\u00e7\u00e3o\"}}]}<\/script>\n<!-- \/ Yoast SEO plugin. -->","yoast_head_json":{"title":"Advogadas fazem caminhada no Parque contra discrimina\u00e7\u00e3o - Notibras","robots":{"index":"index","follow":"follow","max-snippet":"max-snippet:-1","max-image-preview":"max-image-preview:large","max-video-preview":"max-video-preview:-1"},"canonical":"https:\/\/www.notibras.com\/site\/advogadas-fazem-caminhada-no-parque-da-cidade-contra-discriminacao\/","og_locale":"pt_BR","og_type":"article","og_title":"Advogadas fazem caminhada no Parque contra discrimina\u00e7\u00e3o - Notibras","og_description":"A discrimina\u00e7\u00e3o de g\u00eanero afeta tamb\u00e9m aquelas que, a princ\u00edpio, s\u00e3o especializadas em Direito: as advogadas. Por esse motivo, a Comiss\u00e3o de Mulheres da Ordem dos Advogados do Brasil (OAB) promoveu neste s\u00e1bado (22) a 2\u00aa Caminhada da Advogada pela Igualdade de G\u00eanero e Fim da Viol\u00eancia contra a Mulher, em Bras\u00edlia, no Parque da [&hellip;]","og_url":"https:\/\/www.notibras.com\/site\/advogadas-fazem-caminhada-no-parque-da-cidade-contra-discriminacao\/","og_site_name":"Notibras","article_publisher":"https:\/\/www.facebook.com\/notibras\/","article_published_time":"2014-03-22T20:00:29+00:00","article_modified_time":"2014-03-22T20:00:50+00:00","og_image":[{"width":600,"height":398,"url":"https:\/\/www.notibras.com\/site\/wp-content\/uploads\/2014\/03\/9187.jpg","type":"image\/jpeg"}],"author":"Reda\u00e7\u00e3o","twitter_card":"summary_large_image","twitter_creator":"@Notibras","twitter_site":"@Notibras","twitter_misc":{"Escrito por":"Reda\u00e7\u00e3o","Est. tempo de leitura":"2 minutos"},"schema":{"@context":"https:\/\/schema.org","@graph":[{"@type":"Article","@id":"https:\/\/www.notibras.com\/site\/advogadas-fazem-caminhada-no-parque-da-cidade-contra-discriminacao\/#article","isPartOf":{"@id":"https:\/\/www.notibras.com\/site\/advogadas-fazem-caminhada-no-parque-da-cidade-contra-discriminacao\/"},"author":{"name":"Reda\u00e7\u00e3o","@id":"https:\/\/www.notibras.com\/site\/#\/schema\/person\/36ab0979449956132d3e5b517ea76ac8"},"headline":"Advogadas fazem caminhada no Parque contra discrimina\u00e7\u00e3o","datePublished":"2014-03-22T20:00:29+00:00","dateModified":"2014-03-22T20:00:50+00:00","mainEntityOfPage":{"@id":"https:\/\/www.notibras.com\/site\/advogadas-fazem-caminhada-no-parque-da-cidade-contra-discriminacao\/"},"wordCount":356,"commentCount":0,"publisher":{"@id":"https:\/\/www.notibras.com\/site\/#organization"},"image":{"@id":"https:\/\/www.notibras.com\/site\/advogadas-fazem-caminhada-no-parque-da-cidade-contra-discriminacao\/#primaryimage"},"thumbnailUrl":"https:\/\/www.notibras.com\/site\/wp-content\/uploads\/2014\/03\/9187.jpg","articleSection":["Bras\u00edlia"],"inLanguage":"pt-BR","potentialAction":[{"@type":"CommentAction","name":"Comment","target":["https:\/\/www.notibras.com\/site\/advogadas-fazem-caminhada-no-parque-da-cidade-contra-discriminacao\/#respond"]}]},{"@type":"WebPage","@id":"https:\/\/www.notibras.com\/site\/advogadas-fazem-caminhada-no-parque-da-cidade-contra-discriminacao\/","url":"https:\/\/www.notibras.com\/site\/advogadas-fazem-caminhada-no-parque-da-cidade-contra-discriminacao\/","name":"Advogadas fazem caminhada no Parque contra discrimina\u00e7\u00e3o - Notibras","isPartOf":{"@id":"https:\/\/www.notibras.com\/site\/#website"},"primaryImageOfPage":{"@id":"https:\/\/www.notibras.com\/site\/advogadas-fazem-caminhada-no-parque-da-cidade-contra-discriminacao\/#primaryimage"},"image":{"@id":"https:\/\/www.notibras.com\/site\/advogadas-fazem-caminhada-no-parque-da-cidade-contra-discriminacao\/#primaryimage"},"thumbnailUrl":"https:\/\/www.notibras.com\/site\/wp-content\/uploads\/2014\/03\/9187.jpg","datePublished":"2014-03-22T20:00:29+00:00","dateModified":"2014-03-22T20:00:50+00:00","breadcrumb":{"@id":"https:\/\/www.notibras.com\/site\/advogadas-fazem-caminhada-no-parque-da-cidade-contra-discriminacao\/#breadcrumb"},"inLanguage":"pt-BR","potentialAction":[{"@type":"ReadAction","target":["https:\/\/www.notibras.com\/site\/advogadas-fazem-caminhada-no-parque-da-cidade-contra-discriminacao\/"]}]},{"@type":"ImageObject","inLanguage":"pt-BR","@id":"https:\/\/www.notibras.com\/site\/advogadas-fazem-caminhada-no-parque-da-cidade-contra-discriminacao\/#primaryimage","url":"https:\/\/www.notibras.com\/site\/wp-content\/uploads\/2014\/03\/9187.jpg","contentUrl":"https:\/\/www.notibras.com\/site\/wp-content\/uploads\/2014\/03\/9187.jpg","width":600,"height":398},{"@type":"BreadcrumbList","@id":"https:\/\/www.notibras.com\/site\/advogadas-fazem-caminhada-no-parque-da-cidade-contra-discriminacao\/#breadcrumb","itemListElement":[{"@type":"ListItem","position":1,"name":"In\u00edcio","item":"https:\/\/www.notibras.com\/site\/"},{"@type":"ListItem","position":2,"name":"Advogadas fazem caminhada no Parque contra discrimina\u00e7\u00e3o"}]},{"@type":"WebSite","@id":"https:\/\/www.notibras.com\/site\/#website","url":"https:\/\/www.notibras.com\/site\/","name":"Notibras","description":"Not\u00edcias de Bras\u00edlia, do Brasil e do Mundo","publisher":{"@id":"https:\/\/www.notibras.com\/site\/#organization"},"potentialAction":[{"@type":"SearchAction","target":{"@type":"EntryPoint","urlTemplate":"https:\/\/www.notibras.com\/site\/?s={search_term_string}"},"query-input":{"@type":"PropertyValueSpecification","valueRequired":true,"valueName":"search_term_string"}}],"inLanguage":"pt-BR"},{"@type":"Organization","@id":"https:\/\/www.notibras.com\/site\/#organization","name":"Grupo Notibras de Comunica\u00e7\u00e3o","url":"https:\/\/www.notibras.com\/site\/","logo":{"@type":"ImageObject","inLanguage":"pt-BR","@id":"https:\/\/www.notibras.com\/site\/#\/schema\/logo\/image\/","url":"https:\/\/www.notibras.com\/site\/wp-content\/uploads\/2023\/01\/notibras23.png","contentUrl":"https:\/\/www.notibras.com\/site\/wp-content\/uploads\/2023\/01\/notibras23.png","width":350,"height":87,"caption":"Grupo Notibras de Comunica\u00e7\u00e3o"},"image":{"@id":"https:\/\/www.notibras.com\/site\/#\/schema\/logo\/image\/"},"sameAs":["https:\/\/www.facebook.com\/notibras\/","https:\/\/x.com\/Notibras","https:\/\/www.instagram.com\/notibras\/"]},{"@type":"Person","@id":"https:\/\/www.notibras.com\/site\/#\/schema\/person\/36ab0979449956132d3e5b517ea76ac8","name":"Reda\u00e7\u00e3o","image":{"@type":"ImageObject","inLanguage":"pt-BR","@id":"https:\/\/secure.gravatar.com\/avatar\/e0a867bdedb85fd243eadf09663511f96fc81e0720a4a42581f334ad4303aa6b?s=96&d=mm&r=g","url":"https:\/\/secure.gravatar.com\/avatar\/e0a867bdedb85fd243eadf09663511f96fc81e0720a4a42581f334ad4303aa6b?s=96&d=mm&r=g","contentUrl":"https:\/\/secure.gravatar.com\/avatar\/e0a867bdedb85fd243eadf09663511f96fc81e0720a4a42581f334ad4303aa6b?s=96&d=mm&r=g","caption":"Reda\u00e7\u00e3o"}}]}},"amp_enabled":true,"_links":{"self":[{"href":"https:\/\/www.notibras.com\/site\/wp-json\/wp\/v2\/posts\/4998","targetHints":{"allow":["GET"]}}],"collection":[{"href":"https:\/\/www.notibras.com\/site\/wp-json\/wp\/v2\/posts"}],"about":[{"href":"https:\/\/www.notibras.com\/site\/wp-json\/wp\/v2\/types\/post"}],"author":[{"embeddable":true,"href":"https:\/\/www.notibras.com\/site\/wp-json\/wp\/v2\/users\/2"}],"replies":[{"embeddable":true,"href":"https:\/\/www.notibras.com\/site\/wp-json\/wp\/v2\/comments?post=4998"}],"version-history":[{"count":0,"href":"https:\/\/www.notibras.com\/site\/wp-json\/wp\/v2\/posts\/4998\/revisions"}],"wp:featuredmedia":[{"embeddable":true,"href":"https:\/\/www.notibras.com\/site\/wp-json\/wp\/v2\/media\/4999"}],"wp:attachment":[{"href":"https:\/\/www.notibras.com\/site\/wp-json\/wp\/v2\/media?parent=4998"}],"wp:term":[{"taxonomy":"category","embeddable":true,"href":"https:\/\/www.notibras.com\/site\/wp-json\/wp\/v2\/categories?post=4998"},{"taxonomy":"post_tag","embeddable":true,"href":"https:\/\/www.notibras.com\/site\/wp-json\/wp\/v2\/tags?post=4998"}],"curies":[{"name":"wp","href":"https:\/\/api.w.org\/{rel}","templated":true}]}}