{"id":50083,"date":"2015-05-23T20:17:47","date_gmt":"2015-05-23T23:17:47","guid":{"rendered":"http:\/\/www.notibras.com\/site\/?p=50083"},"modified":"2015-05-23T20:17:47","modified_gmt":"2015-05-23T23:17:47","slug":"botafogo-tropeca-em-brasilia-e-fica-no-0-a-0-com-atletico-de-goias","status":"publish","type":"post","link":"https:\/\/www.notibras.com\/site\/botafogo-tropeca-em-brasilia-e-fica-no-0-a-0-com-atletico-de-goias\/","title":{"rendered":"Botafogo trope\u00e7a em Bras\u00edlia e fica no 0 a 0 com Atl\u00e9tico de Goi\u00e1s"},"content":{"rendered":"<p>O Botafogo teve o primeiro trope\u00e7o na S\u00e9rie B neste s\u00e1bado, ao empatar sem gols com o Atl\u00e9tico-GO, no est\u00e1dio Man\u00e9 Garrincha, em Bras\u00edlia. Com o resultado, o Alvinegro chega aos 7 pontos e perde a campanha 100% na competi\u00e7\u00e3o. O \u00fanico com esse status \u00e9 o N\u00e1utico, primeiro colocado, com 9 pontos. Os cariocas, por\u00e9m, seguem invictos no Campeonato Brasileiro.<\/p>\n<p>O sentimento foi de frustra\u00e7\u00e3o, j\u00e1 que o est\u00e1dio estava repleto de botafoguenses. Isso porque o Atl\u00e9tico-GO, mandante da partida, levou o duelo para Bras\u00edlia, onde o Botafogo conta com grande reduto de torcedores. Foi o primeiro duelo como &#8216;visitante de aluguel&#8217;, o que dever\u00e1 ser uma rotina para o Alvinegro na S\u00e9rie B.<\/p>\n<blockquote><p>O Botafogo iniciou o primeiro tempo dominando as a\u00e7\u00f5es. O que no in\u00edcio era uma posse de bola produtiva, com boas chegadas pelas laterais, se transformou em algo ineficaz. Muito porque Daniel Carvalho sofria marca\u00e7\u00e3o individual e n\u00e3o conseguia fazer boas jogadas. Assim, o Atl\u00e9tico-GO cresceu no duelo e s\u00f3 n\u00e3o abriu o placar porque Arthur, que balan\u00e7ou as redes, estava em posi\u00e7\u00e3o irregular.<\/p><\/blockquote>\n<p>Com caras novas, o Botafogo tentou mudar o panorama da partida no segundo tempo. Mas nada disso ocorreu. Preso na marca\u00e7\u00e3o do Atl\u00e9tico-GO, o Alvinegro n\u00e3o conseguiu mostrar a mesma for\u00e7a ofensiva de outros jogos na temporada. O advers\u00e1rio, por sua vez, tentou sair nos contra-ataques, mas somente quando n\u00e3o corria perigo defensivo. Com este cen\u00e1rio, o resultado n\u00e3o poderia ser diferente de um 0 a 0.<\/p>\n<p>O Botafogo volta a campo no pr\u00f3ximo s\u00e1bado, quando receber\u00e1 o Vit\u00f3ria, no Engenh\u00e3o. O Atl\u00e9tico-GO, por sua vez, visita o Crici\u00fama, tamb\u00e9m no Heriberto Hulse, em Santa Catarina.<\/p>\n","protected":false},"excerpt":{"rendered":"<p>O Botafogo teve o primeiro trope\u00e7o na S\u00e9rie B neste s\u00e1bado, ao empatar sem gols com o Atl\u00e9tico-GO, no est\u00e1dio Man\u00e9 Garrincha, em Bras\u00edlia. Com o resultado, o Alvinegro chega aos 7 pontos e perde a campanha 100% na competi\u00e7\u00e3o. O \u00fanico com esse status \u00e9 o N\u00e1utico, primeiro colocado, com 9 pontos. Os cariocas, [&hellip;]<\/p>\n","protected":false},"author":2,"featured_media":50084,"comment_status":"open","ping_status":"closed","sticky":false,"template":"","format":"standard","meta":{"_acf_changed":false,"footnotes":""},"categories":[19,29],"tags":[],"class_list":["post-50083","post","type-post","status-publish","format-standard","has-post-thumbnail","hentry","category-esportes","category-futebol"],"acf":[],"yoast_head":"<!-- This site is optimized with the Yoast SEO plugin v27.2 - https:\/\/yoast.com\/product\/yoast-seo-wordpress\/ -->\n<title>Botafogo trope\u00e7a em Bras\u00edlia e fica no 0 a 0 com Atl\u00e9tico de Goi\u00e1s - Notibras<\/title>\n<meta name=\"robots\" content=\"index, follow, max-snippet:-1, max-image-preview:large, max-video-preview:-1\" \/>\n<link rel=\"canonical\" href=\"https:\/\/www.notibras.com\/site\/botafogo-tropeca-em-brasilia-e-fica-no-0-a-0-com-atletico-de-goias\/\" \/>\n<meta property=\"og:locale\" content=\"pt_BR\" \/>\n<meta property=\"og:type\" content=\"article\" \/>\n<meta property=\"og:title\" content=\"Botafogo trope\u00e7a em Bras\u00edlia e fica no 0 a 0 com Atl\u00e9tico de Goi\u00e1s - Notibras\" \/>\n<meta property=\"og:description\" content=\"O Botafogo teve o primeiro trope\u00e7o na S\u00e9rie B neste s\u00e1bado, ao empatar sem gols com o Atl\u00e9tico-GO, no est\u00e1dio Man\u00e9 Garrincha, em Bras\u00edlia. Com o resultado, o Alvinegro chega aos 7 pontos e perde a campanha 100% na competi\u00e7\u00e3o. O \u00fanico com esse status \u00e9 o N\u00e1utico, primeiro colocado, com 9 pontos. Os cariocas, [&hellip;]\" \/>\n<meta property=\"og:url\" content=\"https:\/\/www.notibras.com\/site\/botafogo-tropeca-em-brasilia-e-fica-no-0-a-0-com-atletico-de-goias\/\" \/>\n<meta property=\"og:site_name\" content=\"Notibras\" \/>\n<meta property=\"article:publisher\" content=\"https:\/\/www.facebook.com\/notibras\/\" \/>\n<meta property=\"article:published_time\" content=\"2015-05-23T23:17:47+00:00\" \/>\n<meta property=\"og:image\" content=\"https:\/\/www.notibras.com\/site\/wp-content\/uploads\/2015\/05\/fogo.jpg\" \/>\n\t<meta property=\"og:image:width\" content=\"300\" \/>\n\t<meta property=\"og:image:height\" content=\"300\" \/>\n\t<meta property=\"og:image:type\" content=\"image\/jpeg\" \/>\n<meta name=\"author\" content=\"Reda\u00e7\u00e3o\" \/>\n<meta name=\"twitter:card\" content=\"summary_large_image\" \/>\n<meta name=\"twitter:creator\" content=\"@Notibras\" \/>\n<meta name=\"twitter:site\" content=\"@Notibras\" \/>\n<meta name=\"twitter:label1\" content=\"Escrito por\" \/>\n\t<meta name=\"twitter:data1\" content=\"Reda\u00e7\u00e3o\" \/>\n\t<meta name=\"twitter:label2\" content=\"Est. tempo de leitura\" \/>\n\t<meta name=\"twitter:data2\" content=\"2 minutos\" \/>\n<script type=\"application\/ld+json\" class=\"yoast-schema-graph\">{\"@context\":\"https:\/\/schema.org\",\"@graph\":[{\"@type\":\"Article\",\"@id\":\"https:\/\/www.notibras.com\/site\/botafogo-tropeca-em-brasilia-e-fica-no-0-a-0-com-atletico-de-goias\/#article\",\"isPartOf\":{\"@id\":\"https:\/\/www.notibras.com\/site\/botafogo-tropeca-em-brasilia-e-fica-no-0-a-0-com-atletico-de-goias\/\"},\"author\":{\"name\":\"Reda\u00e7\u00e3o\",\"@id\":\"https:\/\/www.notibras.com\/site\/#\/schema\/person\/36ab0979449956132d3e5b517ea76ac8\"},\"headline\":\"Botafogo trope\u00e7a em Bras\u00edlia e fica no 0 a 0 com Atl\u00e9tico de Goi\u00e1s\",\"datePublished\":\"2015-05-23T23:17:47+00:00\",\"mainEntityOfPage\":{\"@id\":\"https:\/\/www.notibras.com\/site\/botafogo-tropeca-em-brasilia-e-fica-no-0-a-0-com-atletico-de-goias\/\"},\"wordCount\":322,\"commentCount\":0,\"publisher\":{\"@id\":\"https:\/\/www.notibras.com\/site\/#organization\"},\"image\":{\"@id\":\"https:\/\/www.notibras.com\/site\/botafogo-tropeca-em-brasilia-e-fica-no-0-a-0-com-atletico-de-goias\/#primaryimage\"},\"thumbnailUrl\":\"https:\/\/www.notibras.com\/site\/wp-content\/uploads\/2015\/05\/fogo.jpg\",\"articleSection\":[\"Esportes\",\"Futebol\"],\"inLanguage\":\"pt-BR\",\"potentialAction\":[{\"@type\":\"CommentAction\",\"name\":\"Comment\",\"target\":[\"https:\/\/www.notibras.com\/site\/botafogo-tropeca-em-brasilia-e-fica-no-0-a-0-com-atletico-de-goias\/#respond\"]}]},{\"@type\":\"WebPage\",\"@id\":\"https:\/\/www.notibras.com\/site\/botafogo-tropeca-em-brasilia-e-fica-no-0-a-0-com-atletico-de-goias\/\",\"url\":\"https:\/\/www.notibras.com\/site\/botafogo-tropeca-em-brasilia-e-fica-no-0-a-0-com-atletico-de-goias\/\",\"name\":\"Botafogo trope\u00e7a em Bras\u00edlia e fica no 0 a 0 com Atl\u00e9tico de Goi\u00e1s - Notibras\",\"isPartOf\":{\"@id\":\"https:\/\/www.notibras.com\/site\/#website\"},\"primaryImageOfPage\":{\"@id\":\"https:\/\/www.notibras.com\/site\/botafogo-tropeca-em-brasilia-e-fica-no-0-a-0-com-atletico-de-goias\/#primaryimage\"},\"image\":{\"@id\":\"https:\/\/www.notibras.com\/site\/botafogo-tropeca-em-brasilia-e-fica-no-0-a-0-com-atletico-de-goias\/#primaryimage\"},\"thumbnailUrl\":\"https:\/\/www.notibras.com\/site\/wp-content\/uploads\/2015\/05\/fogo.jpg\",\"datePublished\":\"2015-05-23T23:17:47+00:00\",\"breadcrumb\":{\"@id\":\"https:\/\/www.notibras.com\/site\/botafogo-tropeca-em-brasilia-e-fica-no-0-a-0-com-atletico-de-goias\/#breadcrumb\"},\"inLanguage\":\"pt-BR\",\"potentialAction\":[{\"@type\":\"ReadAction\",\"target\":[\"https:\/\/www.notibras.com\/site\/botafogo-tropeca-em-brasilia-e-fica-no-0-a-0-com-atletico-de-goias\/\"]}]},{\"@type\":\"ImageObject\",\"inLanguage\":\"pt-BR\",\"@id\":\"https:\/\/www.notibras.com\/site\/botafogo-tropeca-em-brasilia-e-fica-no-0-a-0-com-atletico-de-goias\/#primaryimage\",\"url\":\"https:\/\/www.notibras.com\/site\/wp-content\/uploads\/2015\/05\/fogo.jpg\",\"contentUrl\":\"https:\/\/www.notibras.com\/site\/wp-content\/uploads\/2015\/05\/fogo.jpg\",\"width\":300,\"height\":300},{\"@type\":\"BreadcrumbList\",\"@id\":\"https:\/\/www.notibras.com\/site\/botafogo-tropeca-em-brasilia-e-fica-no-0-a-0-com-atletico-de-goias\/#breadcrumb\",\"itemListElement\":[{\"@type\":\"ListItem\",\"position\":1,\"name\":\"In\u00edcio\",\"item\":\"https:\/\/www.notibras.com\/site\/\"},{\"@type\":\"ListItem\",\"position\":2,\"name\":\"Botafogo trope\u00e7a em Bras\u00edlia e fica no 0 a 0 com Atl\u00e9tico de Goi\u00e1s\"}]},{\"@type\":\"WebSite\",\"@id\":\"https:\/\/www.notibras.com\/site\/#website\",\"url\":\"https:\/\/www.notibras.com\/site\/\",\"name\":\"Notibras\",\"description\":\"Not\u00edcias de Bras\u00edlia, do Brasil e do Mundo\",\"publisher\":{\"@id\":\"https:\/\/www.notibras.com\/site\/#organization\"},\"potentialAction\":[{\"@type\":\"SearchAction\",\"target\":{\"@type\":\"EntryPoint\",\"urlTemplate\":\"https:\/\/www.notibras.com\/site\/?s={search_term_string}\"},\"query-input\":{\"@type\":\"PropertyValueSpecification\",\"valueRequired\":true,\"valueName\":\"search_term_string\"}}],\"inLanguage\":\"pt-BR\"},{\"@type\":\"Organization\",\"@id\":\"https:\/\/www.notibras.com\/site\/#organization\",\"name\":\"Grupo Notibras de Comunica\u00e7\u00e3o\",\"url\":\"https:\/\/www.notibras.com\/site\/\",\"logo\":{\"@type\":\"ImageObject\",\"inLanguage\":\"pt-BR\",\"@id\":\"https:\/\/www.notibras.com\/site\/#\/schema\/logo\/image\/\",\"url\":\"https:\/\/www.notibras.com\/site\/wp-content\/uploads\/2023\/01\/notibras23.png\",\"contentUrl\":\"https:\/\/www.notibras.com\/site\/wp-content\/uploads\/2023\/01\/notibras23.png\",\"width\":350,\"height\":87,\"caption\":\"Grupo Notibras de Comunica\u00e7\u00e3o\"},\"image\":{\"@id\":\"https:\/\/www.notibras.com\/site\/#\/schema\/logo\/image\/\"},\"sameAs\":[\"https:\/\/www.facebook.com\/notibras\/\",\"https:\/\/x.com\/Notibras\",\"https:\/\/www.instagram.com\/notibras\/\"]},{\"@type\":\"Person\",\"@id\":\"https:\/\/www.notibras.com\/site\/#\/schema\/person\/36ab0979449956132d3e5b517ea76ac8\",\"name\":\"Reda\u00e7\u00e3o\",\"image\":{\"@type\":\"ImageObject\",\"inLanguage\":\"pt-BR\",\"@id\":\"https:\/\/secure.gravatar.com\/avatar\/e0a867bdedb85fd243eadf09663511f96fc81e0720a4a42581f334ad4303aa6b?s=96&d=mm&r=g\",\"url\":\"https:\/\/secure.gravatar.com\/avatar\/e0a867bdedb85fd243eadf09663511f96fc81e0720a4a42581f334ad4303aa6b?s=96&d=mm&r=g\",\"contentUrl\":\"https:\/\/secure.gravatar.com\/avatar\/e0a867bdedb85fd243eadf09663511f96fc81e0720a4a42581f334ad4303aa6b?s=96&d=mm&r=g\",\"caption\":\"Reda\u00e7\u00e3o\"}}]}<\/script>\n<!-- \/ Yoast SEO plugin. -->","yoast_head_json":{"title":"Botafogo trope\u00e7a em Bras\u00edlia e fica no 0 a 0 com Atl\u00e9tico de Goi\u00e1s - Notibras","robots":{"index":"index","follow":"follow","max-snippet":"max-snippet:-1","max-image-preview":"max-image-preview:large","max-video-preview":"max-video-preview:-1"},"canonical":"https:\/\/www.notibras.com\/site\/botafogo-tropeca-em-brasilia-e-fica-no-0-a-0-com-atletico-de-goias\/","og_locale":"pt_BR","og_type":"article","og_title":"Botafogo trope\u00e7a em Bras\u00edlia e fica no 0 a 0 com Atl\u00e9tico de Goi\u00e1s - Notibras","og_description":"O Botafogo teve o primeiro trope\u00e7o na S\u00e9rie B neste s\u00e1bado, ao empatar sem gols com o Atl\u00e9tico-GO, no est\u00e1dio Man\u00e9 Garrincha, em Bras\u00edlia. Com o resultado, o Alvinegro chega aos 7 pontos e perde a campanha 100% na competi\u00e7\u00e3o. O \u00fanico com esse status \u00e9 o N\u00e1utico, primeiro colocado, com 9 pontos. Os cariocas, [&hellip;]","og_url":"https:\/\/www.notibras.com\/site\/botafogo-tropeca-em-brasilia-e-fica-no-0-a-0-com-atletico-de-goias\/","og_site_name":"Notibras","article_publisher":"https:\/\/www.facebook.com\/notibras\/","article_published_time":"2015-05-23T23:17:47+00:00","og_image":[{"width":300,"height":300,"url":"https:\/\/www.notibras.com\/site\/wp-content\/uploads\/2015\/05\/fogo.jpg","type":"image\/jpeg"}],"author":"Reda\u00e7\u00e3o","twitter_card":"summary_large_image","twitter_creator":"@Notibras","twitter_site":"@Notibras","twitter_misc":{"Escrito por":"Reda\u00e7\u00e3o","Est. tempo de leitura":"2 minutos"},"schema":{"@context":"https:\/\/schema.org","@graph":[{"@type":"Article","@id":"https:\/\/www.notibras.com\/site\/botafogo-tropeca-em-brasilia-e-fica-no-0-a-0-com-atletico-de-goias\/#article","isPartOf":{"@id":"https:\/\/www.notibras.com\/site\/botafogo-tropeca-em-brasilia-e-fica-no-0-a-0-com-atletico-de-goias\/"},"author":{"name":"Reda\u00e7\u00e3o","@id":"https:\/\/www.notibras.com\/site\/#\/schema\/person\/36ab0979449956132d3e5b517ea76ac8"},"headline":"Botafogo trope\u00e7a em Bras\u00edlia e fica no 0 a 0 com Atl\u00e9tico de Goi\u00e1s","datePublished":"2015-05-23T23:17:47+00:00","mainEntityOfPage":{"@id":"https:\/\/www.notibras.com\/site\/botafogo-tropeca-em-brasilia-e-fica-no-0-a-0-com-atletico-de-goias\/"},"wordCount":322,"commentCount":0,"publisher":{"@id":"https:\/\/www.notibras.com\/site\/#organization"},"image":{"@id":"https:\/\/www.notibras.com\/site\/botafogo-tropeca-em-brasilia-e-fica-no-0-a-0-com-atletico-de-goias\/#primaryimage"},"thumbnailUrl":"https:\/\/www.notibras.com\/site\/wp-content\/uploads\/2015\/05\/fogo.jpg","articleSection":["Esportes","Futebol"],"inLanguage":"pt-BR","potentialAction":[{"@type":"CommentAction","name":"Comment","target":["https:\/\/www.notibras.com\/site\/botafogo-tropeca-em-brasilia-e-fica-no-0-a-0-com-atletico-de-goias\/#respond"]}]},{"@type":"WebPage","@id":"https:\/\/www.notibras.com\/site\/botafogo-tropeca-em-brasilia-e-fica-no-0-a-0-com-atletico-de-goias\/","url":"https:\/\/www.notibras.com\/site\/botafogo-tropeca-em-brasilia-e-fica-no-0-a-0-com-atletico-de-goias\/","name":"Botafogo trope\u00e7a em Bras\u00edlia e fica no 0 a 0 com Atl\u00e9tico de Goi\u00e1s - Notibras","isPartOf":{"@id":"https:\/\/www.notibras.com\/site\/#website"},"primaryImageOfPage":{"@id":"https:\/\/www.notibras.com\/site\/botafogo-tropeca-em-brasilia-e-fica-no-0-a-0-com-atletico-de-goias\/#primaryimage"},"image":{"@id":"https:\/\/www.notibras.com\/site\/botafogo-tropeca-em-brasilia-e-fica-no-0-a-0-com-atletico-de-goias\/#primaryimage"},"thumbnailUrl":"https:\/\/www.notibras.com\/site\/wp-content\/uploads\/2015\/05\/fogo.jpg","datePublished":"2015-05-23T23:17:47+00:00","breadcrumb":{"@id":"https:\/\/www.notibras.com\/site\/botafogo-tropeca-em-brasilia-e-fica-no-0-a-0-com-atletico-de-goias\/#breadcrumb"},"inLanguage":"pt-BR","potentialAction":[{"@type":"ReadAction","target":["https:\/\/www.notibras.com\/site\/botafogo-tropeca-em-brasilia-e-fica-no-0-a-0-com-atletico-de-goias\/"]}]},{"@type":"ImageObject","inLanguage":"pt-BR","@id":"https:\/\/www.notibras.com\/site\/botafogo-tropeca-em-brasilia-e-fica-no-0-a-0-com-atletico-de-goias\/#primaryimage","url":"https:\/\/www.notibras.com\/site\/wp-content\/uploads\/2015\/05\/fogo.jpg","contentUrl":"https:\/\/www.notibras.com\/site\/wp-content\/uploads\/2015\/05\/fogo.jpg","width":300,"height":300},{"@type":"BreadcrumbList","@id":"https:\/\/www.notibras.com\/site\/botafogo-tropeca-em-brasilia-e-fica-no-0-a-0-com-atletico-de-goias\/#breadcrumb","itemListElement":[{"@type":"ListItem","position":1,"name":"In\u00edcio","item":"https:\/\/www.notibras.com\/site\/"},{"@type":"ListItem","position":2,"name":"Botafogo trope\u00e7a em Bras\u00edlia e fica no 0 a 0 com Atl\u00e9tico de Goi\u00e1s"}]},{"@type":"WebSite","@id":"https:\/\/www.notibras.com\/site\/#website","url":"https:\/\/www.notibras.com\/site\/","name":"Notibras","description":"Not\u00edcias de Bras\u00edlia, do Brasil e do Mundo","publisher":{"@id":"https:\/\/www.notibras.com\/site\/#organization"},"potentialAction":[{"@type":"SearchAction","target":{"@type":"EntryPoint","urlTemplate":"https:\/\/www.notibras.com\/site\/?s={search_term_string}"},"query-input":{"@type":"PropertyValueSpecification","valueRequired":true,"valueName":"search_term_string"}}],"inLanguage":"pt-BR"},{"@type":"Organization","@id":"https:\/\/www.notibras.com\/site\/#organization","name":"Grupo Notibras de Comunica\u00e7\u00e3o","url":"https:\/\/www.notibras.com\/site\/","logo":{"@type":"ImageObject","inLanguage":"pt-BR","@id":"https:\/\/www.notibras.com\/site\/#\/schema\/logo\/image\/","url":"https:\/\/www.notibras.com\/site\/wp-content\/uploads\/2023\/01\/notibras23.png","contentUrl":"https:\/\/www.notibras.com\/site\/wp-content\/uploads\/2023\/01\/notibras23.png","width":350,"height":87,"caption":"Grupo Notibras de Comunica\u00e7\u00e3o"},"image":{"@id":"https:\/\/www.notibras.com\/site\/#\/schema\/logo\/image\/"},"sameAs":["https:\/\/www.facebook.com\/notibras\/","https:\/\/x.com\/Notibras","https:\/\/www.instagram.com\/notibras\/"]},{"@type":"Person","@id":"https:\/\/www.notibras.com\/site\/#\/schema\/person\/36ab0979449956132d3e5b517ea76ac8","name":"Reda\u00e7\u00e3o","image":{"@type":"ImageObject","inLanguage":"pt-BR","@id":"https:\/\/secure.gravatar.com\/avatar\/e0a867bdedb85fd243eadf09663511f96fc81e0720a4a42581f334ad4303aa6b?s=96&d=mm&r=g","url":"https:\/\/secure.gravatar.com\/avatar\/e0a867bdedb85fd243eadf09663511f96fc81e0720a4a42581f334ad4303aa6b?s=96&d=mm&r=g","contentUrl":"https:\/\/secure.gravatar.com\/avatar\/e0a867bdedb85fd243eadf09663511f96fc81e0720a4a42581f334ad4303aa6b?s=96&d=mm&r=g","caption":"Reda\u00e7\u00e3o"}}]}},"amp_enabled":true,"_links":{"self":[{"href":"https:\/\/www.notibras.com\/site\/wp-json\/wp\/v2\/posts\/50083","targetHints":{"allow":["GET"]}}],"collection":[{"href":"https:\/\/www.notibras.com\/site\/wp-json\/wp\/v2\/posts"}],"about":[{"href":"https:\/\/www.notibras.com\/site\/wp-json\/wp\/v2\/types\/post"}],"author":[{"embeddable":true,"href":"https:\/\/www.notibras.com\/site\/wp-json\/wp\/v2\/users\/2"}],"replies":[{"embeddable":true,"href":"https:\/\/www.notibras.com\/site\/wp-json\/wp\/v2\/comments?post=50083"}],"version-history":[{"count":0,"href":"https:\/\/www.notibras.com\/site\/wp-json\/wp\/v2\/posts\/50083\/revisions"}],"wp:featuredmedia":[{"embeddable":true,"href":"https:\/\/www.notibras.com\/site\/wp-json\/wp\/v2\/media\/50084"}],"wp:attachment":[{"href":"https:\/\/www.notibras.com\/site\/wp-json\/wp\/v2\/media?parent=50083"}],"wp:term":[{"taxonomy":"category","embeddable":true,"href":"https:\/\/www.notibras.com\/site\/wp-json\/wp\/v2\/categories?post=50083"},{"taxonomy":"post_tag","embeddable":true,"href":"https:\/\/www.notibras.com\/site\/wp-json\/wp\/v2\/tags?post=50083"}],"curies":[{"name":"wp","href":"https:\/\/api.w.org\/{rel}","templated":true}]}}