{"id":50092,"date":"2015-05-24T10:33:31","date_gmt":"2015-05-24T13:33:31","guid":{"rendered":"http:\/\/www.notibras.com\/site\/?p=50092"},"modified":"2015-05-24T11:00:12","modified_gmt":"2015-05-24T14:00:12","slug":"vasco-sai-atras-provoca-expulsao-e-arranca-empate-com-o-inter-em-1-a-1","status":"publish","type":"post","link":"https:\/\/www.notibras.com\/site\/vasco-sai-atras-provoca-expulsao-e-arranca-empate-com-o-inter-em-1-a-1\/","title":{"rendered":"Vasco sai atr\u00e1s, provoca expuls\u00e3o e arranca empate com o Inter em 1&#215;1"},"content":{"rendered":"<p>O Vasco, enfim, marcou seu primeiro gol no Campeonato Brasileiro. Ainda assim, n\u00e3o foi o suficiente para alcan\u00e7ar uma vit\u00f3ria na competi\u00e7\u00e3o. Em jogo sofrido e com muitas chances desperdi\u00e7adas, o Cruzmaltino arrancou um empate com o time reserva do Internacional neste s\u00e1bado, em S\u00e3o Janu\u00e1rio. Nilmar marcou para o Colorado; o volante Lucas, no final do segundo tempo, balan\u00e7ou a rede para os cruzmaltinos.<\/p>\n<p>Mesmo evitando a derrota, o Vasco completou cinco jogos sem saber o que \u00e9 vencer \u2013 tr\u00eas no Brasileiro e dois na Copa do Brasil. O time carioca subiu provisoriamente para a 13\u00aa coloca\u00e7\u00e3o do campeonato. J\u00e1 o Internacional, que vem priorizando a disputa da Copa Libertadores, subiu para o oitavo lugar.<\/p>\n<p>Na pr\u00f3xima rodada, no dia 31, o Vasco encara o Atl\u00e9tico-MG, em Belo Horizonte. J\u00e1 o Internacional recebe o S\u00e3o Paulo, na mesma data, no Beira Rio.<\/p>\n<p>Pressionado ap\u00f3s dois empates nas primeiras rodadas do Campeonato Brasileiro e uma classifica\u00e7\u00e3o sofrida na Copa do Brasil, o Vasco entrou em campo buscando encerrar a m\u00e1 fase. Com uma marca\u00e7\u00e3o avan\u00e7ada e muita disposi\u00e7\u00e3o, o Cruzmaltino pressionou o Internacional e dominou boa parte da etapa inicial.<\/p>\n<blockquote><p>Comandado por J\u00falio dos Santos, o time se imp\u00f4s e finalizou a gol sete vezes no primeiro tempo. O dom\u00ednio era grande, mas n\u00e3o o suficiente para garantir uma vantagem no placar. E se o Vasco n\u00e3o aproveitou as chances, o mesmo n\u00e3o se pode dizer do Colorado. A equipe ga\u00facha aproveitou os vacilos do advers\u00e1rio no final dos 45 minutos iniciais e foi para o intervalo vencendo por 1 a 0: Nilmar aproveitou boa jogada de Nilton pela esquerda e finalizou para o fundo do gol.<\/p><\/blockquote>\n<p>Na volta para o segundo tempo, o panorama se repetiu, com o Vasco pressionando e o Internacional apenas se defendendo e tentando aproveitar as sa\u00eddas em contra-ataque. E novamente os donos da casa n\u00e3o mostraram efici\u00eancia para chegar ao gol.<\/p>\n<p>Com a expuls\u00e3o de Alan Ruschel, do Internacional, o time do t\u00e9cnico Doriva passou a criar melhores oportunidades. E em um destes lances chegou ao empate, ap\u00f3s muita insist\u00eancia. O volante Lucas aproveitou rebote ap\u00f3s escanteio e chutou para o fundo da rede.<\/p>\n<p>O time da casa seguiu pressionando em busca da vit\u00f3ria nos minutos finais, mas foi s\u00f3. Mesmo com um homem a menos, o Internacional conseguiu segurar o empate fora de casa at\u00e9 o apito final.<\/p>\n","protected":false},"excerpt":{"rendered":"<p>O Vasco, enfim, marcou seu primeiro gol no Campeonato Brasileiro. Ainda assim, n\u00e3o foi o suficiente para alcan\u00e7ar uma vit\u00f3ria na competi\u00e7\u00e3o. Em jogo sofrido e com muitas chances desperdi\u00e7adas, o Cruzmaltino arrancou um empate com o time reserva do Internacional neste s\u00e1bado, em S\u00e3o Janu\u00e1rio. Nilmar marcou para o Colorado; o volante Lucas, no [&hellip;]<\/p>\n","protected":false},"author":2,"featured_media":50093,"comment_status":"open","ping_status":"closed","sticky":false,"template":"","format":"standard","meta":{"_acf_changed":false,"footnotes":""},"categories":[19,29],"tags":[],"class_list":["post-50092","post","type-post","status-publish","format-standard","has-post-thumbnail","hentry","category-esportes","category-futebol"],"acf":[],"yoast_head":"<!-- This site is optimized with the Yoast SEO plugin v27.2 - https:\/\/yoast.com\/product\/yoast-seo-wordpress\/ -->\n<title>Vasco sai atr\u00e1s, provoca expuls\u00e3o e arranca empate com o Inter em 1x1 - Notibras<\/title>\n<meta name=\"robots\" content=\"index, follow, max-snippet:-1, max-image-preview:large, max-video-preview:-1\" \/>\n<link rel=\"canonical\" href=\"https:\/\/www.notibras.com\/site\/vasco-sai-atras-provoca-expulsao-e-arranca-empate-com-o-inter-em-1-a-1\/\" \/>\n<meta property=\"og:locale\" content=\"pt_BR\" \/>\n<meta property=\"og:type\" content=\"article\" \/>\n<meta property=\"og:title\" content=\"Vasco sai atr\u00e1s, provoca expuls\u00e3o e arranca empate com o Inter em 1x1 - Notibras\" \/>\n<meta property=\"og:description\" content=\"O Vasco, enfim, marcou seu primeiro gol no Campeonato Brasileiro. Ainda assim, n\u00e3o foi o suficiente para alcan\u00e7ar uma vit\u00f3ria na competi\u00e7\u00e3o. Em jogo sofrido e com muitas chances desperdi\u00e7adas, o Cruzmaltino arrancou um empate com o time reserva do Internacional neste s\u00e1bado, em S\u00e3o Janu\u00e1rio. Nilmar marcou para o Colorado; o volante Lucas, no [&hellip;]\" \/>\n<meta property=\"og:url\" content=\"https:\/\/www.notibras.com\/site\/vasco-sai-atras-provoca-expulsao-e-arranca-empate-com-o-inter-em-1-a-1\/\" \/>\n<meta property=\"og:site_name\" content=\"Notibras\" \/>\n<meta property=\"article:publisher\" content=\"https:\/\/www.facebook.com\/notibras\/\" \/>\n<meta property=\"article:published_time\" content=\"2015-05-24T13:33:31+00:00\" \/>\n<meta property=\"article:modified_time\" content=\"2015-05-24T14:00:12+00:00\" \/>\n<meta property=\"og:image\" content=\"https:\/\/www.notibras.com\/site\/wp-content\/uploads\/2015\/05\/vasco.jpg\" \/>\n\t<meta property=\"og:image:width\" content=\"300\" \/>\n\t<meta property=\"og:image:height\" content=\"200\" \/>\n\t<meta property=\"og:image:type\" content=\"image\/jpeg\" \/>\n<meta name=\"author\" content=\"Reda\u00e7\u00e3o\" \/>\n<meta name=\"twitter:card\" content=\"summary_large_image\" \/>\n<meta name=\"twitter:creator\" content=\"@Notibras\" \/>\n<meta name=\"twitter:site\" content=\"@Notibras\" \/>\n<meta name=\"twitter:label1\" content=\"Escrito por\" \/>\n\t<meta name=\"twitter:data1\" content=\"Reda\u00e7\u00e3o\" \/>\n\t<meta name=\"twitter:label2\" content=\"Est. tempo de leitura\" \/>\n\t<meta name=\"twitter:data2\" content=\"2 minutos\" \/>\n<script type=\"application\/ld+json\" class=\"yoast-schema-graph\">{\"@context\":\"https:\/\/schema.org\",\"@graph\":[{\"@type\":\"Article\",\"@id\":\"https:\/\/www.notibras.com\/site\/vasco-sai-atras-provoca-expulsao-e-arranca-empate-com-o-inter-em-1-a-1\/#article\",\"isPartOf\":{\"@id\":\"https:\/\/www.notibras.com\/site\/vasco-sai-atras-provoca-expulsao-e-arranca-empate-com-o-inter-em-1-a-1\/\"},\"author\":{\"name\":\"Reda\u00e7\u00e3o\",\"@id\":\"https:\/\/www.notibras.com\/site\/#\/schema\/person\/36ab0979449956132d3e5b517ea76ac8\"},\"headline\":\"Vasco sai atr\u00e1s, provoca expuls\u00e3o e arranca empate com o Inter em 1&#215;1\",\"datePublished\":\"2015-05-24T13:33:31+00:00\",\"dateModified\":\"2015-05-24T14:00:12+00:00\",\"mainEntityOfPage\":{\"@id\":\"https:\/\/www.notibras.com\/site\/vasco-sai-atras-provoca-expulsao-e-arranca-empate-com-o-inter-em-1-a-1\/\"},\"wordCount\":440,\"commentCount\":0,\"publisher\":{\"@id\":\"https:\/\/www.notibras.com\/site\/#organization\"},\"image\":{\"@id\":\"https:\/\/www.notibras.com\/site\/vasco-sai-atras-provoca-expulsao-e-arranca-empate-com-o-inter-em-1-a-1\/#primaryimage\"},\"thumbnailUrl\":\"https:\/\/www.notibras.com\/site\/wp-content\/uploads\/2015\/05\/vasco.jpg\",\"articleSection\":[\"Esportes\",\"Futebol\"],\"inLanguage\":\"pt-BR\",\"potentialAction\":[{\"@type\":\"CommentAction\",\"name\":\"Comment\",\"target\":[\"https:\/\/www.notibras.com\/site\/vasco-sai-atras-provoca-expulsao-e-arranca-empate-com-o-inter-em-1-a-1\/#respond\"]}]},{\"@type\":\"WebPage\",\"@id\":\"https:\/\/www.notibras.com\/site\/vasco-sai-atras-provoca-expulsao-e-arranca-empate-com-o-inter-em-1-a-1\/\",\"url\":\"https:\/\/www.notibras.com\/site\/vasco-sai-atras-provoca-expulsao-e-arranca-empate-com-o-inter-em-1-a-1\/\",\"name\":\"Vasco sai atr\u00e1s, provoca expuls\u00e3o e arranca empate com o Inter em 1x1 - Notibras\",\"isPartOf\":{\"@id\":\"https:\/\/www.notibras.com\/site\/#website\"},\"primaryImageOfPage\":{\"@id\":\"https:\/\/www.notibras.com\/site\/vasco-sai-atras-provoca-expulsao-e-arranca-empate-com-o-inter-em-1-a-1\/#primaryimage\"},\"image\":{\"@id\":\"https:\/\/www.notibras.com\/site\/vasco-sai-atras-provoca-expulsao-e-arranca-empate-com-o-inter-em-1-a-1\/#primaryimage\"},\"thumbnailUrl\":\"https:\/\/www.notibras.com\/site\/wp-content\/uploads\/2015\/05\/vasco.jpg\",\"datePublished\":\"2015-05-24T13:33:31+00:00\",\"dateModified\":\"2015-05-24T14:00:12+00:00\",\"breadcrumb\":{\"@id\":\"https:\/\/www.notibras.com\/site\/vasco-sai-atras-provoca-expulsao-e-arranca-empate-com-o-inter-em-1-a-1\/#breadcrumb\"},\"inLanguage\":\"pt-BR\",\"potentialAction\":[{\"@type\":\"ReadAction\",\"target\":[\"https:\/\/www.notibras.com\/site\/vasco-sai-atras-provoca-expulsao-e-arranca-empate-com-o-inter-em-1-a-1\/\"]}]},{\"@type\":\"ImageObject\",\"inLanguage\":\"pt-BR\",\"@id\":\"https:\/\/www.notibras.com\/site\/vasco-sai-atras-provoca-expulsao-e-arranca-empate-com-o-inter-em-1-a-1\/#primaryimage\",\"url\":\"https:\/\/www.notibras.com\/site\/wp-content\/uploads\/2015\/05\/vasco.jpg\",\"contentUrl\":\"https:\/\/www.notibras.com\/site\/wp-content\/uploads\/2015\/05\/vasco.jpg\",\"width\":300,\"height\":200},{\"@type\":\"BreadcrumbList\",\"@id\":\"https:\/\/www.notibras.com\/site\/vasco-sai-atras-provoca-expulsao-e-arranca-empate-com-o-inter-em-1-a-1\/#breadcrumb\",\"itemListElement\":[{\"@type\":\"ListItem\",\"position\":1,\"name\":\"In\u00edcio\",\"item\":\"https:\/\/www.notibras.com\/site\/\"},{\"@type\":\"ListItem\",\"position\":2,\"name\":\"Vasco sai atr\u00e1s, provoca expuls\u00e3o e arranca empate com o Inter em 1&#215;1\"}]},{\"@type\":\"WebSite\",\"@id\":\"https:\/\/www.notibras.com\/site\/#website\",\"url\":\"https:\/\/www.notibras.com\/site\/\",\"name\":\"Notibras\",\"description\":\"Not\u00edcias de Bras\u00edlia, do Brasil e do Mundo\",\"publisher\":{\"@id\":\"https:\/\/www.notibras.com\/site\/#organization\"},\"potentialAction\":[{\"@type\":\"SearchAction\",\"target\":{\"@type\":\"EntryPoint\",\"urlTemplate\":\"https:\/\/www.notibras.com\/site\/?s={search_term_string}\"},\"query-input\":{\"@type\":\"PropertyValueSpecification\",\"valueRequired\":true,\"valueName\":\"search_term_string\"}}],\"inLanguage\":\"pt-BR\"},{\"@type\":\"Organization\",\"@id\":\"https:\/\/www.notibras.com\/site\/#organization\",\"name\":\"Grupo Notibras de Comunica\u00e7\u00e3o\",\"url\":\"https:\/\/www.notibras.com\/site\/\",\"logo\":{\"@type\":\"ImageObject\",\"inLanguage\":\"pt-BR\",\"@id\":\"https:\/\/www.notibras.com\/site\/#\/schema\/logo\/image\/\",\"url\":\"https:\/\/www.notibras.com\/site\/wp-content\/uploads\/2023\/01\/notibras23.png\",\"contentUrl\":\"https:\/\/www.notibras.com\/site\/wp-content\/uploads\/2023\/01\/notibras23.png\",\"width\":350,\"height\":87,\"caption\":\"Grupo Notibras de Comunica\u00e7\u00e3o\"},\"image\":{\"@id\":\"https:\/\/www.notibras.com\/site\/#\/schema\/logo\/image\/\"},\"sameAs\":[\"https:\/\/www.facebook.com\/notibras\/\",\"https:\/\/x.com\/Notibras\",\"https:\/\/www.instagram.com\/notibras\/\"]},{\"@type\":\"Person\",\"@id\":\"https:\/\/www.notibras.com\/site\/#\/schema\/person\/36ab0979449956132d3e5b517ea76ac8\",\"name\":\"Reda\u00e7\u00e3o\",\"image\":{\"@type\":\"ImageObject\",\"inLanguage\":\"pt-BR\",\"@id\":\"https:\/\/secure.gravatar.com\/avatar\/e0a867bdedb85fd243eadf09663511f96fc81e0720a4a42581f334ad4303aa6b?s=96&d=mm&r=g\",\"url\":\"https:\/\/secure.gravatar.com\/avatar\/e0a867bdedb85fd243eadf09663511f96fc81e0720a4a42581f334ad4303aa6b?s=96&d=mm&r=g\",\"contentUrl\":\"https:\/\/secure.gravatar.com\/avatar\/e0a867bdedb85fd243eadf09663511f96fc81e0720a4a42581f334ad4303aa6b?s=96&d=mm&r=g\",\"caption\":\"Reda\u00e7\u00e3o\"}}]}<\/script>\n<!-- \/ Yoast SEO plugin. -->","yoast_head_json":{"title":"Vasco sai atr\u00e1s, provoca expuls\u00e3o e arranca empate com o Inter em 1x1 - Notibras","robots":{"index":"index","follow":"follow","max-snippet":"max-snippet:-1","max-image-preview":"max-image-preview:large","max-video-preview":"max-video-preview:-1"},"canonical":"https:\/\/www.notibras.com\/site\/vasco-sai-atras-provoca-expulsao-e-arranca-empate-com-o-inter-em-1-a-1\/","og_locale":"pt_BR","og_type":"article","og_title":"Vasco sai atr\u00e1s, provoca expuls\u00e3o e arranca empate com o Inter em 1x1 - Notibras","og_description":"O Vasco, enfim, marcou seu primeiro gol no Campeonato Brasileiro. Ainda assim, n\u00e3o foi o suficiente para alcan\u00e7ar uma vit\u00f3ria na competi\u00e7\u00e3o. Em jogo sofrido e com muitas chances desperdi\u00e7adas, o Cruzmaltino arrancou um empate com o time reserva do Internacional neste s\u00e1bado, em S\u00e3o Janu\u00e1rio. Nilmar marcou para o Colorado; o volante Lucas, no [&hellip;]","og_url":"https:\/\/www.notibras.com\/site\/vasco-sai-atras-provoca-expulsao-e-arranca-empate-com-o-inter-em-1-a-1\/","og_site_name":"Notibras","article_publisher":"https:\/\/www.facebook.com\/notibras\/","article_published_time":"2015-05-24T13:33:31+00:00","article_modified_time":"2015-05-24T14:00:12+00:00","og_image":[{"width":300,"height":200,"url":"https:\/\/www.notibras.com\/site\/wp-content\/uploads\/2015\/05\/vasco.jpg","type":"image\/jpeg"}],"author":"Reda\u00e7\u00e3o","twitter_card":"summary_large_image","twitter_creator":"@Notibras","twitter_site":"@Notibras","twitter_misc":{"Escrito por":"Reda\u00e7\u00e3o","Est. tempo de leitura":"2 minutos"},"schema":{"@context":"https:\/\/schema.org","@graph":[{"@type":"Article","@id":"https:\/\/www.notibras.com\/site\/vasco-sai-atras-provoca-expulsao-e-arranca-empate-com-o-inter-em-1-a-1\/#article","isPartOf":{"@id":"https:\/\/www.notibras.com\/site\/vasco-sai-atras-provoca-expulsao-e-arranca-empate-com-o-inter-em-1-a-1\/"},"author":{"name":"Reda\u00e7\u00e3o","@id":"https:\/\/www.notibras.com\/site\/#\/schema\/person\/36ab0979449956132d3e5b517ea76ac8"},"headline":"Vasco sai atr\u00e1s, provoca expuls\u00e3o e arranca empate com o Inter em 1&#215;1","datePublished":"2015-05-24T13:33:31+00:00","dateModified":"2015-05-24T14:00:12+00:00","mainEntityOfPage":{"@id":"https:\/\/www.notibras.com\/site\/vasco-sai-atras-provoca-expulsao-e-arranca-empate-com-o-inter-em-1-a-1\/"},"wordCount":440,"commentCount":0,"publisher":{"@id":"https:\/\/www.notibras.com\/site\/#organization"},"image":{"@id":"https:\/\/www.notibras.com\/site\/vasco-sai-atras-provoca-expulsao-e-arranca-empate-com-o-inter-em-1-a-1\/#primaryimage"},"thumbnailUrl":"https:\/\/www.notibras.com\/site\/wp-content\/uploads\/2015\/05\/vasco.jpg","articleSection":["Esportes","Futebol"],"inLanguage":"pt-BR","potentialAction":[{"@type":"CommentAction","name":"Comment","target":["https:\/\/www.notibras.com\/site\/vasco-sai-atras-provoca-expulsao-e-arranca-empate-com-o-inter-em-1-a-1\/#respond"]}]},{"@type":"WebPage","@id":"https:\/\/www.notibras.com\/site\/vasco-sai-atras-provoca-expulsao-e-arranca-empate-com-o-inter-em-1-a-1\/","url":"https:\/\/www.notibras.com\/site\/vasco-sai-atras-provoca-expulsao-e-arranca-empate-com-o-inter-em-1-a-1\/","name":"Vasco sai atr\u00e1s, provoca expuls\u00e3o e arranca empate com o Inter em 1x1 - Notibras","isPartOf":{"@id":"https:\/\/www.notibras.com\/site\/#website"},"primaryImageOfPage":{"@id":"https:\/\/www.notibras.com\/site\/vasco-sai-atras-provoca-expulsao-e-arranca-empate-com-o-inter-em-1-a-1\/#primaryimage"},"image":{"@id":"https:\/\/www.notibras.com\/site\/vasco-sai-atras-provoca-expulsao-e-arranca-empate-com-o-inter-em-1-a-1\/#primaryimage"},"thumbnailUrl":"https:\/\/www.notibras.com\/site\/wp-content\/uploads\/2015\/05\/vasco.jpg","datePublished":"2015-05-24T13:33:31+00:00","dateModified":"2015-05-24T14:00:12+00:00","breadcrumb":{"@id":"https:\/\/www.notibras.com\/site\/vasco-sai-atras-provoca-expulsao-e-arranca-empate-com-o-inter-em-1-a-1\/#breadcrumb"},"inLanguage":"pt-BR","potentialAction":[{"@type":"ReadAction","target":["https:\/\/www.notibras.com\/site\/vasco-sai-atras-provoca-expulsao-e-arranca-empate-com-o-inter-em-1-a-1\/"]}]},{"@type":"ImageObject","inLanguage":"pt-BR","@id":"https:\/\/www.notibras.com\/site\/vasco-sai-atras-provoca-expulsao-e-arranca-empate-com-o-inter-em-1-a-1\/#primaryimage","url":"https:\/\/www.notibras.com\/site\/wp-content\/uploads\/2015\/05\/vasco.jpg","contentUrl":"https:\/\/www.notibras.com\/site\/wp-content\/uploads\/2015\/05\/vasco.jpg","width":300,"height":200},{"@type":"BreadcrumbList","@id":"https:\/\/www.notibras.com\/site\/vasco-sai-atras-provoca-expulsao-e-arranca-empate-com-o-inter-em-1-a-1\/#breadcrumb","itemListElement":[{"@type":"ListItem","position":1,"name":"In\u00edcio","item":"https:\/\/www.notibras.com\/site\/"},{"@type":"ListItem","position":2,"name":"Vasco sai atr\u00e1s, provoca expuls\u00e3o e arranca empate com o Inter em 1&#215;1"}]},{"@type":"WebSite","@id":"https:\/\/www.notibras.com\/site\/#website","url":"https:\/\/www.notibras.com\/site\/","name":"Notibras","description":"Not\u00edcias de Bras\u00edlia, do Brasil e do Mundo","publisher":{"@id":"https:\/\/www.notibras.com\/site\/#organization"},"potentialAction":[{"@type":"SearchAction","target":{"@type":"EntryPoint","urlTemplate":"https:\/\/www.notibras.com\/site\/?s={search_term_string}"},"query-input":{"@type":"PropertyValueSpecification","valueRequired":true,"valueName":"search_term_string"}}],"inLanguage":"pt-BR"},{"@type":"Organization","@id":"https:\/\/www.notibras.com\/site\/#organization","name":"Grupo Notibras de Comunica\u00e7\u00e3o","url":"https:\/\/www.notibras.com\/site\/","logo":{"@type":"ImageObject","inLanguage":"pt-BR","@id":"https:\/\/www.notibras.com\/site\/#\/schema\/logo\/image\/","url":"https:\/\/www.notibras.com\/site\/wp-content\/uploads\/2023\/01\/notibras23.png","contentUrl":"https:\/\/www.notibras.com\/site\/wp-content\/uploads\/2023\/01\/notibras23.png","width":350,"height":87,"caption":"Grupo Notibras de Comunica\u00e7\u00e3o"},"image":{"@id":"https:\/\/www.notibras.com\/site\/#\/schema\/logo\/image\/"},"sameAs":["https:\/\/www.facebook.com\/notibras\/","https:\/\/x.com\/Notibras","https:\/\/www.instagram.com\/notibras\/"]},{"@type":"Person","@id":"https:\/\/www.notibras.com\/site\/#\/schema\/person\/36ab0979449956132d3e5b517ea76ac8","name":"Reda\u00e7\u00e3o","image":{"@type":"ImageObject","inLanguage":"pt-BR","@id":"https:\/\/secure.gravatar.com\/avatar\/e0a867bdedb85fd243eadf09663511f96fc81e0720a4a42581f334ad4303aa6b?s=96&d=mm&r=g","url":"https:\/\/secure.gravatar.com\/avatar\/e0a867bdedb85fd243eadf09663511f96fc81e0720a4a42581f334ad4303aa6b?s=96&d=mm&r=g","contentUrl":"https:\/\/secure.gravatar.com\/avatar\/e0a867bdedb85fd243eadf09663511f96fc81e0720a4a42581f334ad4303aa6b?s=96&d=mm&r=g","caption":"Reda\u00e7\u00e3o"}}]}},"amp_enabled":true,"_links":{"self":[{"href":"https:\/\/www.notibras.com\/site\/wp-json\/wp\/v2\/posts\/50092","targetHints":{"allow":["GET"]}}],"collection":[{"href":"https:\/\/www.notibras.com\/site\/wp-json\/wp\/v2\/posts"}],"about":[{"href":"https:\/\/www.notibras.com\/site\/wp-json\/wp\/v2\/types\/post"}],"author":[{"embeddable":true,"href":"https:\/\/www.notibras.com\/site\/wp-json\/wp\/v2\/users\/2"}],"replies":[{"embeddable":true,"href":"https:\/\/www.notibras.com\/site\/wp-json\/wp\/v2\/comments?post=50092"}],"version-history":[{"count":0,"href":"https:\/\/www.notibras.com\/site\/wp-json\/wp\/v2\/posts\/50092\/revisions"}],"wp:featuredmedia":[{"embeddable":true,"href":"https:\/\/www.notibras.com\/site\/wp-json\/wp\/v2\/media\/50093"}],"wp:attachment":[{"href":"https:\/\/www.notibras.com\/site\/wp-json\/wp\/v2\/media?parent=50092"}],"wp:term":[{"taxonomy":"category","embeddable":true,"href":"https:\/\/www.notibras.com\/site\/wp-json\/wp\/v2\/categories?post=50092"},{"taxonomy":"post_tag","embeddable":true,"href":"https:\/\/www.notibras.com\/site\/wp-json\/wp\/v2\/tags?post=50092"}],"curies":[{"name":"wp","href":"https:\/\/api.w.org\/{rel}","templated":true}]}}