{"id":50121,"date":"2015-05-24T00:19:48","date_gmt":"2015-05-24T03:19:48","guid":{"rendered":"http:\/\/www.notibras.com\/site\/?p=50121"},"modified":"2015-05-25T10:00:25","modified_gmt":"2015-05-25T13:00:25","slug":"deputado-almoca-duas-vezes-no-mesmo-dia-e-camara-paga-tudo","status":"publish","type":"post","link":"https:\/\/www.notibras.com\/site\/deputado-almoca-duas-vezes-no-mesmo-dia-e-camara-paga-tudo\/","title":{"rendered":"Deputado almo\u00e7a duas vezes no mesmo dia e C\u00e2mara paga tudo"},"content":{"rendered":"<p>S\u00f3 pode ser farra com o dinheiro p\u00fablico. N\u00e3o tem outra explica\u00e7\u00e3o para os gatos de alguns deputados federais, como almo\u00e7ar duas vezes no mesmo dia, num intervalo inferior a 1 hora. \u00c9 o que aponta reportagem do site <em>Congresso em Foco<\/em>, assinada por Wilson Lima.<\/p>\n<p>Leia a mat\u00e9ria:<\/p>\n<p>As notas fiscais apresentadas para obten\u00e7\u00e3o de ressarcimento pelo deputado federal Francisco Floriano (PR-RJ), no in\u00edcio da atual legislatura, mostram que ele \u00e9 um homem com muito apetite. A ponto de almo\u00e7ar duas vezes no mesmo dia ou de fazer lanches que seriam dignos de atletas de MMA. At\u00e9 embalagens para \u201cquentinhas\u201d Floriano custeou com verba da C\u00e2mara.<\/p>\n<p>Em menos de quatro meses, o parlamentar gastou R$ 8.631,16 da Cota de Aux\u00edlio de Atividade Parlamentar (Ceap) a t\u00edtulo de \u201cfornecimento de alimenta\u00e7\u00e3o\u201d. Em cerca de 100 dias, o deputado gastou o equivalente a 24 cestas b\u00e1sicas, quando levado em considera\u00e7\u00e3o o valor da cesta b\u00e1sica paulista, que \u00e9 de R$ 354,19 \u2013 a mais cara do pa\u00eds. Apesar de gastar R$ 8,6 mil, ele n\u00e3o foi o campe\u00e3o de disp\u00eandios com alimenta\u00e7\u00e3o na C\u00e2mara. O deputado Rog\u00e9rio Peninha Mendon\u00e7a (PMDB-SC) \u00a0foi o que mais gastou com comida neste in\u00edcio da legislatura, conforme dados da Opera\u00e7\u00e3o Pol\u00edtica Supervisionada (OPS)<a href=\"http:\/\/congressoemfoco.uol.com.br\/tag\/operacao-politica-supervisionada\/\">.<\/a> As despesas com alimenta\u00e7\u00e3o do peemedebista chegaram a R$ 11,1 mil desde fevereiro. Pelas regras da Casa, a cota s\u00f3 pode ser usada para bancar refei\u00e7\u00f5es do parlamentar.<\/p>\n<blockquote><p>No dia 8 de fevereiro, um domingo, Floriano almo\u00e7ou no Restaurante Carioca, na Barra da Tijuca, no Rio de Janeiro. Depois do almo\u00e7o, apresentou duas notas fiscais pedindo ressarcimento \u00e0 C\u00e2mara utilizando a cota de aux\u00edlio de atividade parlamentar. Uma das notas tinha valor de R$ 209,44 e outra, de R$ 227. Foram dois pratos de picanha assada, um deles acompanhado com pur\u00ea de batata e outro com banana \u00e0 milanesa.\u00a0Uma nota foi emitida \u00e0s 15h23 e outra \u00e0s 15h43 conforme revelam os comprovantes fiscais.<\/p><\/blockquote>\n<p>Teoricamente, domingo \u00e9 dia de folga dos parlamentares. N\u00e3o foram registradas atividades pol\u00edticas no restaurante da Barra da Tijuca, onde o deputado almo\u00e7ou. Al\u00e9m das refei\u00e7\u00f5es, ele tamb\u00e9m custeou, com verba da C\u00e2mara, couvert art\u00edstico de R$ 38 no mesmo estabelecimento. A casa cobra couvert art\u00edstico individual de R$ 19. O valor foi inclu\u00eddo na mesma nota fiscal dos alimentos consumidos.<\/p>\n<p>Em um s\u00e1bado, dia 2 de maio, \u00e0s 21h37, o congressista fez um lanche digno de atleta de MMA. Segundo nota apresentada por ele \u00e0 C\u00e2mara, Floriano consumiu, em uma casa chamada Bili Bali Sucos, 500 ml de \u00e1gua de coco, um leite de am\u00eandoas, um hamb\u00farguer, uma por\u00e7\u00e3o de queijo prato, um ovo frito, uma salada, uma fruta do conde, uma por\u00e7\u00e3o de fil\u00e9 mignon e mais duas por\u00e7\u00f5es de a\u00e7a\u00ed. O valor da nota: R$ 85,30.<\/p>\n<p>Esse n\u00e3o foi o \u00fanico lanche de peso do deputado. No dia 6 de mar\u00e7o deste ano, uma sexta-feira, o parlamentar tamb\u00e9m estava no Jardim Bot\u00e2nico (RJ), igualmente na Bili Bali Sucos e fez uma refei\u00e7\u00e3o \u00e0s 23h13. A nota tinha valor de R$ 158,18<a href=\"http:\/\/www.camara.gov.br\/cota-parlamentar\/documentos\/publ\/2267\/2015\/5623697.pdf\">.<\/a> Na alimenta\u00e7\u00e3o de Francisco Floriano, estavam tr\u00eas pratos de fil\u00e9 mignon, duas Coca-Colas em lata, uma Coca de 500 ml, tr\u00eas ovos fritos, uma por\u00e7\u00e3o de queijo prato, duas saladas, um a\u00e7a\u00ed em tigela, outro a\u00e7a\u00ed de 300 ml e um hamb\u00farguer.<\/p>\n<p>Ali\u00e1s, essa n\u00e3o foi a \u00fanica nota fiscal apresentada para justificar gastos com a\u00e7a\u00ed. No dia 11 de mar\u00e7o, o parlamentar comprou um a\u00e7a\u00ed com banana no valor de R$ 13,90 e ainda bancou o custo da embalagem para viagem, que custava R$ 1,00. Um outro gasto com refei\u00e7\u00e3o encomendada para viagem ocorreu no dia 31 de mar\u00e7o. Conforme nota apresentada \u00e0 C\u00e2mara, ele gastou R$ 53 em um \u201cfrango com embalagem\u201d, em um restaurante da Asa Sul, em Bras\u00edlia. Em todos os casos, ele pediu ressarcimento das despesas \u00e0 C\u00e2mara por meio da cota criada para custear despesas atreladas ao mandato.<\/p>\n<blockquote><p>Nestes menos de quatro meses de legislatura, tamb\u00e9m foram identificadas outras pequenas despesas, todas custeadas com a verba da C\u00e2mara. Foram pelo menos quatro notas fiscais apresentadas para lanches no McDonald\u2019s, al\u00e9m de outros documentos fiscais para pedir ressarcimento por salgados. Como o caso de uma nota de R$ 3,20 em que o parlamentar cobrou o pagamento de um \u201cfolhado doce\u201d. O lanche ocorreu no Rio de Janeiro \u00e0s 12h12 do dia 6 de mar\u00e7o \u2013 uma sexta-feira.<\/p><\/blockquote>\n<p>A C\u00e2mara permite a utiliza\u00e7\u00e3o do cot\u00e3o para despesas alimentares. No entanto, elas precisam estar vinculadas \u00e0 realiza\u00e7\u00e3o da atividade parlamentar. Al\u00e9m disso, o art. 14 do Ato da Mesa Diretora que disciplina a utiliza\u00e7\u00e3o do Ceap, afirma que \u201ca cota n\u00e3o poder\u00e1 ser antecipada ou transferida de um benefici\u00e1rio para outro\u201d. Ou seja, o deputado pode at\u00e9 se alimentar com verba da C\u00e2mara, mas isso somente pode ocorrer com a comprova\u00e7\u00e3o de que foi uma alimenta\u00e7\u00e3o paga durante atividade parlamentar e o benef\u00edcio n\u00e3o pode ser estendido a assessores, amigos, familiares ou funcion\u00e1rios.<\/p>\n<p>Desde quarta-feira, diz o <em>Congresso em Foco,<\/em>\u00a0o deputado fluminense tem sido procurado para dar explica\u00e7\u00f5es sobre seus gastos, mas sem sucesso. J\u00e1 o deputado Peninha Mendon\u00e7a disse, em nota oficial, que apesar dos custos com alimenta\u00e7\u00e3o, ele \u201ceconomizou em outros itens, tais como: publicidade, combust\u00edvel, aluguel, passagens a\u00e9reas, etc.\u201d<\/p>\n","protected":false},"excerpt":{"rendered":"<p>S\u00f3 pode ser farra com o dinheiro p\u00fablico. N\u00e3o tem outra explica\u00e7\u00e3o para os gatos de alguns deputados federais, como almo\u00e7ar duas vezes no mesmo dia, num intervalo inferior a 1 hora. \u00c9 o que aponta reportagem do site Congresso em Foco, assinada por Wilson Lima. Leia a mat\u00e9ria: As notas fiscais apresentadas para obten\u00e7\u00e3o [&hellip;]<\/p>\n","protected":false},"author":2,"featured_media":50122,"comment_status":"open","ping_status":"closed","sticky":false,"template":"","format":"standard","meta":{"_acf_changed":false,"footnotes":""},"categories":[16],"tags":[],"class_list":["post-50121","post","type-post","status-publish","format-standard","has-post-thumbnail","hentry","category-brasil"],"acf":[],"yoast_head":"<!-- This site is optimized with the Yoast SEO plugin v27.2 - https:\/\/yoast.com\/product\/yoast-seo-wordpress\/ -->\n<title>Deputado almo\u00e7a duas vezes no mesmo dia e C\u00e2mara paga tudo - Notibras<\/title>\n<meta name=\"robots\" content=\"index, follow, max-snippet:-1, max-image-preview:large, max-video-preview:-1\" \/>\n<link rel=\"canonical\" href=\"https:\/\/www.notibras.com\/site\/deputado-almoca-duas-vezes-no-mesmo-dia-e-camara-paga-tudo\/\" \/>\n<meta property=\"og:locale\" content=\"pt_BR\" \/>\n<meta property=\"og:type\" content=\"article\" \/>\n<meta property=\"og:title\" content=\"Deputado almo\u00e7a duas vezes no mesmo dia e C\u00e2mara paga tudo - Notibras\" \/>\n<meta property=\"og:description\" content=\"S\u00f3 pode ser farra com o dinheiro p\u00fablico. N\u00e3o tem outra explica\u00e7\u00e3o para os gatos de alguns deputados federais, como almo\u00e7ar duas vezes no mesmo dia, num intervalo inferior a 1 hora. \u00c9 o que aponta reportagem do site Congresso em Foco, assinada por Wilson Lima. Leia a mat\u00e9ria: As notas fiscais apresentadas para obten\u00e7\u00e3o [&hellip;]\" \/>\n<meta property=\"og:url\" content=\"https:\/\/www.notibras.com\/site\/deputado-almoca-duas-vezes-no-mesmo-dia-e-camara-paga-tudo\/\" \/>\n<meta property=\"og:site_name\" content=\"Notibras\" \/>\n<meta property=\"article:publisher\" content=\"https:\/\/www.facebook.com\/notibras\/\" \/>\n<meta property=\"article:published_time\" content=\"2015-05-24T03:19:48+00:00\" \/>\n<meta property=\"article:modified_time\" content=\"2015-05-25T13:00:25+00:00\" \/>\n<meta property=\"og:image\" content=\"https:\/\/www.notibras.com\/site\/wp-content\/uploads\/2015\/05\/nota2.jpg\" \/>\n\t<meta property=\"og:image:width\" content=\"259\" \/>\n\t<meta property=\"og:image:height\" content=\"300\" \/>\n\t<meta property=\"og:image:type\" content=\"image\/jpeg\" \/>\n<meta name=\"author\" content=\"Reda\u00e7\u00e3o\" \/>\n<meta name=\"twitter:card\" content=\"summary_large_image\" \/>\n<meta name=\"twitter:creator\" content=\"@Notibras\" \/>\n<meta name=\"twitter:site\" content=\"@Notibras\" \/>\n<meta name=\"twitter:label1\" content=\"Escrito por\" \/>\n\t<meta name=\"twitter:data1\" content=\"Reda\u00e7\u00e3o\" \/>\n\t<meta name=\"twitter:label2\" content=\"Est. tempo de leitura\" \/>\n\t<meta name=\"twitter:data2\" content=\"5 minutos\" \/>\n<script type=\"application\/ld+json\" class=\"yoast-schema-graph\">{\"@context\":\"https:\/\/schema.org\",\"@graph\":[{\"@type\":\"Article\",\"@id\":\"https:\/\/www.notibras.com\/site\/deputado-almoca-duas-vezes-no-mesmo-dia-e-camara-paga-tudo\/#article\",\"isPartOf\":{\"@id\":\"https:\/\/www.notibras.com\/site\/deputado-almoca-duas-vezes-no-mesmo-dia-e-camara-paga-tudo\/\"},\"author\":{\"name\":\"Reda\u00e7\u00e3o\",\"@id\":\"https:\/\/www.notibras.com\/site\/#\/schema\/person\/36ab0979449956132d3e5b517ea76ac8\"},\"headline\":\"Deputado almo\u00e7a duas vezes no mesmo dia e C\u00e2mara paga tudo\",\"datePublished\":\"2015-05-24T03:19:48+00:00\",\"dateModified\":\"2015-05-25T13:00:25+00:00\",\"mainEntityOfPage\":{\"@id\":\"https:\/\/www.notibras.com\/site\/deputado-almoca-duas-vezes-no-mesmo-dia-e-camara-paga-tudo\/\"},\"wordCount\":941,\"commentCount\":0,\"publisher\":{\"@id\":\"https:\/\/www.notibras.com\/site\/#organization\"},\"image\":{\"@id\":\"https:\/\/www.notibras.com\/site\/deputado-almoca-duas-vezes-no-mesmo-dia-e-camara-paga-tudo\/#primaryimage\"},\"thumbnailUrl\":\"https:\/\/www.notibras.com\/site\/wp-content\/uploads\/2015\/05\/nota2.jpg\",\"articleSection\":[\"Brasil\"],\"inLanguage\":\"pt-BR\",\"potentialAction\":[{\"@type\":\"CommentAction\",\"name\":\"Comment\",\"target\":[\"https:\/\/www.notibras.com\/site\/deputado-almoca-duas-vezes-no-mesmo-dia-e-camara-paga-tudo\/#respond\"]}]},{\"@type\":\"WebPage\",\"@id\":\"https:\/\/www.notibras.com\/site\/deputado-almoca-duas-vezes-no-mesmo-dia-e-camara-paga-tudo\/\",\"url\":\"https:\/\/www.notibras.com\/site\/deputado-almoca-duas-vezes-no-mesmo-dia-e-camara-paga-tudo\/\",\"name\":\"Deputado almo\u00e7a duas vezes no mesmo dia e C\u00e2mara paga tudo - Notibras\",\"isPartOf\":{\"@id\":\"https:\/\/www.notibras.com\/site\/#website\"},\"primaryImageOfPage\":{\"@id\":\"https:\/\/www.notibras.com\/site\/deputado-almoca-duas-vezes-no-mesmo-dia-e-camara-paga-tudo\/#primaryimage\"},\"image\":{\"@id\":\"https:\/\/www.notibras.com\/site\/deputado-almoca-duas-vezes-no-mesmo-dia-e-camara-paga-tudo\/#primaryimage\"},\"thumbnailUrl\":\"https:\/\/www.notibras.com\/site\/wp-content\/uploads\/2015\/05\/nota2.jpg\",\"datePublished\":\"2015-05-24T03:19:48+00:00\",\"dateModified\":\"2015-05-25T13:00:25+00:00\",\"breadcrumb\":{\"@id\":\"https:\/\/www.notibras.com\/site\/deputado-almoca-duas-vezes-no-mesmo-dia-e-camara-paga-tudo\/#breadcrumb\"},\"inLanguage\":\"pt-BR\",\"potentialAction\":[{\"@type\":\"ReadAction\",\"target\":[\"https:\/\/www.notibras.com\/site\/deputado-almoca-duas-vezes-no-mesmo-dia-e-camara-paga-tudo\/\"]}]},{\"@type\":\"ImageObject\",\"inLanguage\":\"pt-BR\",\"@id\":\"https:\/\/www.notibras.com\/site\/deputado-almoca-duas-vezes-no-mesmo-dia-e-camara-paga-tudo\/#primaryimage\",\"url\":\"https:\/\/www.notibras.com\/site\/wp-content\/uploads\/2015\/05\/nota2.jpg\",\"contentUrl\":\"https:\/\/www.notibras.com\/site\/wp-content\/uploads\/2015\/05\/nota2.jpg\",\"width\":259,\"height\":300},{\"@type\":\"BreadcrumbList\",\"@id\":\"https:\/\/www.notibras.com\/site\/deputado-almoca-duas-vezes-no-mesmo-dia-e-camara-paga-tudo\/#breadcrumb\",\"itemListElement\":[{\"@type\":\"ListItem\",\"position\":1,\"name\":\"In\u00edcio\",\"item\":\"https:\/\/www.notibras.com\/site\/\"},{\"@type\":\"ListItem\",\"position\":2,\"name\":\"Deputado almo\u00e7a duas vezes no mesmo dia e C\u00e2mara paga tudo\"}]},{\"@type\":\"WebSite\",\"@id\":\"https:\/\/www.notibras.com\/site\/#website\",\"url\":\"https:\/\/www.notibras.com\/site\/\",\"name\":\"Notibras\",\"description\":\"Not\u00edcias de Bras\u00edlia, do Brasil e do Mundo\",\"publisher\":{\"@id\":\"https:\/\/www.notibras.com\/site\/#organization\"},\"potentialAction\":[{\"@type\":\"SearchAction\",\"target\":{\"@type\":\"EntryPoint\",\"urlTemplate\":\"https:\/\/www.notibras.com\/site\/?s={search_term_string}\"},\"query-input\":{\"@type\":\"PropertyValueSpecification\",\"valueRequired\":true,\"valueName\":\"search_term_string\"}}],\"inLanguage\":\"pt-BR\"},{\"@type\":\"Organization\",\"@id\":\"https:\/\/www.notibras.com\/site\/#organization\",\"name\":\"Grupo Notibras de Comunica\u00e7\u00e3o\",\"url\":\"https:\/\/www.notibras.com\/site\/\",\"logo\":{\"@type\":\"ImageObject\",\"inLanguage\":\"pt-BR\",\"@id\":\"https:\/\/www.notibras.com\/site\/#\/schema\/logo\/image\/\",\"url\":\"https:\/\/www.notibras.com\/site\/wp-content\/uploads\/2023\/01\/notibras23.png\",\"contentUrl\":\"https:\/\/www.notibras.com\/site\/wp-content\/uploads\/2023\/01\/notibras23.png\",\"width\":350,\"height\":87,\"caption\":\"Grupo Notibras de Comunica\u00e7\u00e3o\"},\"image\":{\"@id\":\"https:\/\/www.notibras.com\/site\/#\/schema\/logo\/image\/\"},\"sameAs\":[\"https:\/\/www.facebook.com\/notibras\/\",\"https:\/\/x.com\/Notibras\",\"https:\/\/www.instagram.com\/notibras\/\"]},{\"@type\":\"Person\",\"@id\":\"https:\/\/www.notibras.com\/site\/#\/schema\/person\/36ab0979449956132d3e5b517ea76ac8\",\"name\":\"Reda\u00e7\u00e3o\",\"image\":{\"@type\":\"ImageObject\",\"inLanguage\":\"pt-BR\",\"@id\":\"https:\/\/secure.gravatar.com\/avatar\/e0a867bdedb85fd243eadf09663511f96fc81e0720a4a42581f334ad4303aa6b?s=96&d=mm&r=g\",\"url\":\"https:\/\/secure.gravatar.com\/avatar\/e0a867bdedb85fd243eadf09663511f96fc81e0720a4a42581f334ad4303aa6b?s=96&d=mm&r=g\",\"contentUrl\":\"https:\/\/secure.gravatar.com\/avatar\/e0a867bdedb85fd243eadf09663511f96fc81e0720a4a42581f334ad4303aa6b?s=96&d=mm&r=g\",\"caption\":\"Reda\u00e7\u00e3o\"}}]}<\/script>\n<!-- \/ Yoast SEO plugin. -->","yoast_head_json":{"title":"Deputado almo\u00e7a duas vezes no mesmo dia e C\u00e2mara paga tudo - Notibras","robots":{"index":"index","follow":"follow","max-snippet":"max-snippet:-1","max-image-preview":"max-image-preview:large","max-video-preview":"max-video-preview:-1"},"canonical":"https:\/\/www.notibras.com\/site\/deputado-almoca-duas-vezes-no-mesmo-dia-e-camara-paga-tudo\/","og_locale":"pt_BR","og_type":"article","og_title":"Deputado almo\u00e7a duas vezes no mesmo dia e C\u00e2mara paga tudo - Notibras","og_description":"S\u00f3 pode ser farra com o dinheiro p\u00fablico. N\u00e3o tem outra explica\u00e7\u00e3o para os gatos de alguns deputados federais, como almo\u00e7ar duas vezes no mesmo dia, num intervalo inferior a 1 hora. \u00c9 o que aponta reportagem do site Congresso em Foco, assinada por Wilson Lima. Leia a mat\u00e9ria: As notas fiscais apresentadas para obten\u00e7\u00e3o [&hellip;]","og_url":"https:\/\/www.notibras.com\/site\/deputado-almoca-duas-vezes-no-mesmo-dia-e-camara-paga-tudo\/","og_site_name":"Notibras","article_publisher":"https:\/\/www.facebook.com\/notibras\/","article_published_time":"2015-05-24T03:19:48+00:00","article_modified_time":"2015-05-25T13:00:25+00:00","og_image":[{"width":259,"height":300,"url":"https:\/\/www.notibras.com\/site\/wp-content\/uploads\/2015\/05\/nota2.jpg","type":"image\/jpeg"}],"author":"Reda\u00e7\u00e3o","twitter_card":"summary_large_image","twitter_creator":"@Notibras","twitter_site":"@Notibras","twitter_misc":{"Escrito por":"Reda\u00e7\u00e3o","Est. tempo de leitura":"5 minutos"},"schema":{"@context":"https:\/\/schema.org","@graph":[{"@type":"Article","@id":"https:\/\/www.notibras.com\/site\/deputado-almoca-duas-vezes-no-mesmo-dia-e-camara-paga-tudo\/#article","isPartOf":{"@id":"https:\/\/www.notibras.com\/site\/deputado-almoca-duas-vezes-no-mesmo-dia-e-camara-paga-tudo\/"},"author":{"name":"Reda\u00e7\u00e3o","@id":"https:\/\/www.notibras.com\/site\/#\/schema\/person\/36ab0979449956132d3e5b517ea76ac8"},"headline":"Deputado almo\u00e7a duas vezes no mesmo dia e C\u00e2mara paga tudo","datePublished":"2015-05-24T03:19:48+00:00","dateModified":"2015-05-25T13:00:25+00:00","mainEntityOfPage":{"@id":"https:\/\/www.notibras.com\/site\/deputado-almoca-duas-vezes-no-mesmo-dia-e-camara-paga-tudo\/"},"wordCount":941,"commentCount":0,"publisher":{"@id":"https:\/\/www.notibras.com\/site\/#organization"},"image":{"@id":"https:\/\/www.notibras.com\/site\/deputado-almoca-duas-vezes-no-mesmo-dia-e-camara-paga-tudo\/#primaryimage"},"thumbnailUrl":"https:\/\/www.notibras.com\/site\/wp-content\/uploads\/2015\/05\/nota2.jpg","articleSection":["Brasil"],"inLanguage":"pt-BR","potentialAction":[{"@type":"CommentAction","name":"Comment","target":["https:\/\/www.notibras.com\/site\/deputado-almoca-duas-vezes-no-mesmo-dia-e-camara-paga-tudo\/#respond"]}]},{"@type":"WebPage","@id":"https:\/\/www.notibras.com\/site\/deputado-almoca-duas-vezes-no-mesmo-dia-e-camara-paga-tudo\/","url":"https:\/\/www.notibras.com\/site\/deputado-almoca-duas-vezes-no-mesmo-dia-e-camara-paga-tudo\/","name":"Deputado almo\u00e7a duas vezes no mesmo dia e C\u00e2mara paga tudo - Notibras","isPartOf":{"@id":"https:\/\/www.notibras.com\/site\/#website"},"primaryImageOfPage":{"@id":"https:\/\/www.notibras.com\/site\/deputado-almoca-duas-vezes-no-mesmo-dia-e-camara-paga-tudo\/#primaryimage"},"image":{"@id":"https:\/\/www.notibras.com\/site\/deputado-almoca-duas-vezes-no-mesmo-dia-e-camara-paga-tudo\/#primaryimage"},"thumbnailUrl":"https:\/\/www.notibras.com\/site\/wp-content\/uploads\/2015\/05\/nota2.jpg","datePublished":"2015-05-24T03:19:48+00:00","dateModified":"2015-05-25T13:00:25+00:00","breadcrumb":{"@id":"https:\/\/www.notibras.com\/site\/deputado-almoca-duas-vezes-no-mesmo-dia-e-camara-paga-tudo\/#breadcrumb"},"inLanguage":"pt-BR","potentialAction":[{"@type":"ReadAction","target":["https:\/\/www.notibras.com\/site\/deputado-almoca-duas-vezes-no-mesmo-dia-e-camara-paga-tudo\/"]}]},{"@type":"ImageObject","inLanguage":"pt-BR","@id":"https:\/\/www.notibras.com\/site\/deputado-almoca-duas-vezes-no-mesmo-dia-e-camara-paga-tudo\/#primaryimage","url":"https:\/\/www.notibras.com\/site\/wp-content\/uploads\/2015\/05\/nota2.jpg","contentUrl":"https:\/\/www.notibras.com\/site\/wp-content\/uploads\/2015\/05\/nota2.jpg","width":259,"height":300},{"@type":"BreadcrumbList","@id":"https:\/\/www.notibras.com\/site\/deputado-almoca-duas-vezes-no-mesmo-dia-e-camara-paga-tudo\/#breadcrumb","itemListElement":[{"@type":"ListItem","position":1,"name":"In\u00edcio","item":"https:\/\/www.notibras.com\/site\/"},{"@type":"ListItem","position":2,"name":"Deputado almo\u00e7a duas vezes no mesmo dia e C\u00e2mara paga tudo"}]},{"@type":"WebSite","@id":"https:\/\/www.notibras.com\/site\/#website","url":"https:\/\/www.notibras.com\/site\/","name":"Notibras","description":"Not\u00edcias de Bras\u00edlia, do Brasil e do Mundo","publisher":{"@id":"https:\/\/www.notibras.com\/site\/#organization"},"potentialAction":[{"@type":"SearchAction","target":{"@type":"EntryPoint","urlTemplate":"https:\/\/www.notibras.com\/site\/?s={search_term_string}"},"query-input":{"@type":"PropertyValueSpecification","valueRequired":true,"valueName":"search_term_string"}}],"inLanguage":"pt-BR"},{"@type":"Organization","@id":"https:\/\/www.notibras.com\/site\/#organization","name":"Grupo Notibras de Comunica\u00e7\u00e3o","url":"https:\/\/www.notibras.com\/site\/","logo":{"@type":"ImageObject","inLanguage":"pt-BR","@id":"https:\/\/www.notibras.com\/site\/#\/schema\/logo\/image\/","url":"https:\/\/www.notibras.com\/site\/wp-content\/uploads\/2023\/01\/notibras23.png","contentUrl":"https:\/\/www.notibras.com\/site\/wp-content\/uploads\/2023\/01\/notibras23.png","width":350,"height":87,"caption":"Grupo Notibras de Comunica\u00e7\u00e3o"},"image":{"@id":"https:\/\/www.notibras.com\/site\/#\/schema\/logo\/image\/"},"sameAs":["https:\/\/www.facebook.com\/notibras\/","https:\/\/x.com\/Notibras","https:\/\/www.instagram.com\/notibras\/"]},{"@type":"Person","@id":"https:\/\/www.notibras.com\/site\/#\/schema\/person\/36ab0979449956132d3e5b517ea76ac8","name":"Reda\u00e7\u00e3o","image":{"@type":"ImageObject","inLanguage":"pt-BR","@id":"https:\/\/secure.gravatar.com\/avatar\/e0a867bdedb85fd243eadf09663511f96fc81e0720a4a42581f334ad4303aa6b?s=96&d=mm&r=g","url":"https:\/\/secure.gravatar.com\/avatar\/e0a867bdedb85fd243eadf09663511f96fc81e0720a4a42581f334ad4303aa6b?s=96&d=mm&r=g","contentUrl":"https:\/\/secure.gravatar.com\/avatar\/e0a867bdedb85fd243eadf09663511f96fc81e0720a4a42581f334ad4303aa6b?s=96&d=mm&r=g","caption":"Reda\u00e7\u00e3o"}}]}},"amp_enabled":true,"_links":{"self":[{"href":"https:\/\/www.notibras.com\/site\/wp-json\/wp\/v2\/posts\/50121","targetHints":{"allow":["GET"]}}],"collection":[{"href":"https:\/\/www.notibras.com\/site\/wp-json\/wp\/v2\/posts"}],"about":[{"href":"https:\/\/www.notibras.com\/site\/wp-json\/wp\/v2\/types\/post"}],"author":[{"embeddable":true,"href":"https:\/\/www.notibras.com\/site\/wp-json\/wp\/v2\/users\/2"}],"replies":[{"embeddable":true,"href":"https:\/\/www.notibras.com\/site\/wp-json\/wp\/v2\/comments?post=50121"}],"version-history":[{"count":0,"href":"https:\/\/www.notibras.com\/site\/wp-json\/wp\/v2\/posts\/50121\/revisions"}],"wp:featuredmedia":[{"embeddable":true,"href":"https:\/\/www.notibras.com\/site\/wp-json\/wp\/v2\/media\/50122"}],"wp:attachment":[{"href":"https:\/\/www.notibras.com\/site\/wp-json\/wp\/v2\/media?parent=50121"}],"wp:term":[{"taxonomy":"category","embeddable":true,"href":"https:\/\/www.notibras.com\/site\/wp-json\/wp\/v2\/categories?post=50121"},{"taxonomy":"post_tag","embeddable":true,"href":"https:\/\/www.notibras.com\/site\/wp-json\/wp\/v2\/tags?post=50121"}],"curies":[{"name":"wp","href":"https:\/\/api.w.org\/{rel}","templated":true}]}}