{"id":50127,"date":"2015-05-24T00:32:33","date_gmt":"2015-05-24T03:32:33","guid":{"rendered":"http:\/\/www.notibras.com\/site\/?p=50127"},"modified":"2015-05-24T00:32:33","modified_gmt":"2015-05-24T03:32:33","slug":"felipao-entrega-o-cargo-e-gremio-vence-a-primeira-no-brasileirao","status":"publish","type":"post","link":"https:\/\/www.notibras.com\/site\/felipao-entrega-o-cargo-e-gremio-vence-a-primeira-no-brasileirao\/","title":{"rendered":"Felip\u00e3o entrega o cargo e Gr\u00eamio vence a primeira no Brasileir\u00e3o"},"content":{"rendered":"<p class=\"text\">Cinco dias depois do pedido de demiss\u00e3o de Felip\u00e3o, o Gr\u00eamio\u00a0mostrou neste s\u00e1bado que est\u00e1 vivo sem o ex-t\u00e9cnico. Ainda em busca de um novo comandante, a equipe ga\u00facha n\u00e3o conseguiu encantar o\u00a0torcedor &#8211; foram menos de 10 mil na Arena neste noite. Mesmo assim, obteve ao menos a primeira vit\u00f3ria no Campeonato Brasileiro de 2015: 1 a 0 sobre o Figueirense, que segue sem vencer na competi\u00e7\u00e3o.<\/p>\n<p class=\"text\">O confronto entre os clubes mostrou porque ambos entraram na rodada ocupando posi\u00e7\u00f5es bem ruins na classifica\u00e7\u00e3o. Com pouca criatividade, as chances foram rar\u00edssimas dos dois lados. De fato, s\u00f3 uma merece ser exaltada no mon\u00f3tono primeiro tempo: do gremista Giuliano, parado por \u00f3tima defesa do goleiro Alex.<\/p>\n<blockquote>\n<p class=\"text\">Enquanto o Figueirense se segurava na defesa e buscava contra-ataques com pouca efetividade, o Gr\u00eamio parecia que atuava pela primeira vez com o atual grupo de jogadores, sem nenhuma jogada oriunda de entrosamento. A partida s\u00f3 melhorou na metade final do segundo tempo. Ap\u00f3s chances com Giuliano e Luan, o gol gremista finalmente veio com Braian Rodr\u00edguez.<\/p>\n<\/blockquote>\n","protected":false},"excerpt":{"rendered":"<p>Cinco dias depois do pedido de demiss\u00e3o de Felip\u00e3o, o Gr\u00eamio\u00a0mostrou neste s\u00e1bado que est\u00e1 vivo sem o ex-t\u00e9cnico. Ainda em busca de um novo comandante, a equipe ga\u00facha n\u00e3o conseguiu encantar o\u00a0torcedor &#8211; foram menos de 10 mil na Arena neste noite. Mesmo assim, obteve ao menos a primeira vit\u00f3ria no Campeonato Brasileiro de [&hellip;]<\/p>\n","protected":false},"author":2,"featured_media":50128,"comment_status":"open","ping_status":"closed","sticky":false,"template":"","format":"standard","meta":{"_acf_changed":false,"footnotes":""},"categories":[19,29],"tags":[],"class_list":["post-50127","post","type-post","status-publish","format-standard","has-post-thumbnail","hentry","category-esportes","category-futebol"],"acf":[],"yoast_head":"<!-- This site is optimized with the Yoast SEO plugin v27.2 - https:\/\/yoast.com\/product\/yoast-seo-wordpress\/ -->\n<title>Felip\u00e3o entrega o cargo e Gr\u00eamio vence a primeira no Brasileir\u00e3o - Notibras<\/title>\n<meta name=\"robots\" content=\"index, follow, max-snippet:-1, max-image-preview:large, max-video-preview:-1\" \/>\n<link rel=\"canonical\" href=\"https:\/\/www.notibras.com\/site\/felipao-entrega-o-cargo-e-gremio-vence-a-primeira-no-brasileirao\/\" \/>\n<meta property=\"og:locale\" content=\"pt_BR\" \/>\n<meta property=\"og:type\" content=\"article\" \/>\n<meta property=\"og:title\" content=\"Felip\u00e3o entrega o cargo e Gr\u00eamio vence a primeira no Brasileir\u00e3o - Notibras\" \/>\n<meta property=\"og:description\" content=\"Cinco dias depois do pedido de demiss\u00e3o de Felip\u00e3o, o Gr\u00eamio\u00a0mostrou neste s\u00e1bado que est\u00e1 vivo sem o ex-t\u00e9cnico. Ainda em busca de um novo comandante, a equipe ga\u00facha n\u00e3o conseguiu encantar o\u00a0torcedor &#8211; foram menos de 10 mil na Arena neste noite. Mesmo assim, obteve ao menos a primeira vit\u00f3ria no Campeonato Brasileiro de [&hellip;]\" \/>\n<meta property=\"og:url\" content=\"https:\/\/www.notibras.com\/site\/felipao-entrega-o-cargo-e-gremio-vence-a-primeira-no-brasileirao\/\" \/>\n<meta property=\"og:site_name\" content=\"Notibras\" \/>\n<meta property=\"article:publisher\" content=\"https:\/\/www.facebook.com\/notibras\/\" \/>\n<meta property=\"article:published_time\" content=\"2015-05-24T03:32:33+00:00\" \/>\n<meta property=\"og:image\" content=\"https:\/\/www.notibras.com\/site\/wp-content\/uploads\/2015\/05\/gre.jpg\" \/>\n\t<meta property=\"og:image:width\" content=\"940\" \/>\n\t<meta property=\"og:image:height\" content=\"650\" \/>\n\t<meta property=\"og:image:type\" content=\"image\/jpeg\" \/>\n<meta name=\"author\" content=\"Reda\u00e7\u00e3o\" \/>\n<meta name=\"twitter:card\" content=\"summary_large_image\" \/>\n<meta name=\"twitter:creator\" content=\"@Notibras\" \/>\n<meta name=\"twitter:site\" content=\"@Notibras\" \/>\n<meta name=\"twitter:label1\" content=\"Escrito por\" \/>\n\t<meta name=\"twitter:data1\" content=\"Reda\u00e7\u00e3o\" \/>\n\t<meta name=\"twitter:label2\" content=\"Est. tempo de leitura\" \/>\n\t<meta name=\"twitter:data2\" content=\"1 minuto\" \/>\n<script type=\"application\/ld+json\" class=\"yoast-schema-graph\">{\"@context\":\"https:\/\/schema.org\",\"@graph\":[{\"@type\":\"Article\",\"@id\":\"https:\/\/www.notibras.com\/site\/felipao-entrega-o-cargo-e-gremio-vence-a-primeira-no-brasileirao\/#article\",\"isPartOf\":{\"@id\":\"https:\/\/www.notibras.com\/site\/felipao-entrega-o-cargo-e-gremio-vence-a-primeira-no-brasileirao\/\"},\"author\":{\"name\":\"Reda\u00e7\u00e3o\",\"@id\":\"https:\/\/www.notibras.com\/site\/#\/schema\/person\/36ab0979449956132d3e5b517ea76ac8\"},\"headline\":\"Felip\u00e3o entrega o cargo e Gr\u00eamio vence a primeira no Brasileir\u00e3o\",\"datePublished\":\"2015-05-24T03:32:33+00:00\",\"mainEntityOfPage\":{\"@id\":\"https:\/\/www.notibras.com\/site\/felipao-entrega-o-cargo-e-gremio-vence-a-primeira-no-brasileirao\/\"},\"wordCount\":201,\"commentCount\":0,\"publisher\":{\"@id\":\"https:\/\/www.notibras.com\/site\/#organization\"},\"image\":{\"@id\":\"https:\/\/www.notibras.com\/site\/felipao-entrega-o-cargo-e-gremio-vence-a-primeira-no-brasileirao\/#primaryimage\"},\"thumbnailUrl\":\"https:\/\/www.notibras.com\/site\/wp-content\/uploads\/2015\/05\/gre.jpg\",\"articleSection\":[\"Esportes\",\"Futebol\"],\"inLanguage\":\"pt-BR\",\"potentialAction\":[{\"@type\":\"CommentAction\",\"name\":\"Comment\",\"target\":[\"https:\/\/www.notibras.com\/site\/felipao-entrega-o-cargo-e-gremio-vence-a-primeira-no-brasileirao\/#respond\"]}]},{\"@type\":\"WebPage\",\"@id\":\"https:\/\/www.notibras.com\/site\/felipao-entrega-o-cargo-e-gremio-vence-a-primeira-no-brasileirao\/\",\"url\":\"https:\/\/www.notibras.com\/site\/felipao-entrega-o-cargo-e-gremio-vence-a-primeira-no-brasileirao\/\",\"name\":\"Felip\u00e3o entrega o cargo e Gr\u00eamio vence a primeira no Brasileir\u00e3o - Notibras\",\"isPartOf\":{\"@id\":\"https:\/\/www.notibras.com\/site\/#website\"},\"primaryImageOfPage\":{\"@id\":\"https:\/\/www.notibras.com\/site\/felipao-entrega-o-cargo-e-gremio-vence-a-primeira-no-brasileirao\/#primaryimage\"},\"image\":{\"@id\":\"https:\/\/www.notibras.com\/site\/felipao-entrega-o-cargo-e-gremio-vence-a-primeira-no-brasileirao\/#primaryimage\"},\"thumbnailUrl\":\"https:\/\/www.notibras.com\/site\/wp-content\/uploads\/2015\/05\/gre.jpg\",\"datePublished\":\"2015-05-24T03:32:33+00:00\",\"breadcrumb\":{\"@id\":\"https:\/\/www.notibras.com\/site\/felipao-entrega-o-cargo-e-gremio-vence-a-primeira-no-brasileirao\/#breadcrumb\"},\"inLanguage\":\"pt-BR\",\"potentialAction\":[{\"@type\":\"ReadAction\",\"target\":[\"https:\/\/www.notibras.com\/site\/felipao-entrega-o-cargo-e-gremio-vence-a-primeira-no-brasileirao\/\"]}]},{\"@type\":\"ImageObject\",\"inLanguage\":\"pt-BR\",\"@id\":\"https:\/\/www.notibras.com\/site\/felipao-entrega-o-cargo-e-gremio-vence-a-primeira-no-brasileirao\/#primaryimage\",\"url\":\"https:\/\/www.notibras.com\/site\/wp-content\/uploads\/2015\/05\/gre.jpg\",\"contentUrl\":\"https:\/\/www.notibras.com\/site\/wp-content\/uploads\/2015\/05\/gre.jpg\",\"width\":940,\"height\":650,\"caption\":\"O jogador Giuliano do Gr\u00eamio durante partida entre Gr\u00eamio RS e Figueirense SC v\u00e1lida pela S\u00e9rie A do Campeonato Brasileiro 2015 no Est\u00e1dio Arena Gr\u00eamio em Porto Alegre (RS), neste s\u00e1bado (23). Jeferson Guareze\/Futura Press\"},{\"@type\":\"BreadcrumbList\",\"@id\":\"https:\/\/www.notibras.com\/site\/felipao-entrega-o-cargo-e-gremio-vence-a-primeira-no-brasileirao\/#breadcrumb\",\"itemListElement\":[{\"@type\":\"ListItem\",\"position\":1,\"name\":\"In\u00edcio\",\"item\":\"https:\/\/www.notibras.com\/site\/\"},{\"@type\":\"ListItem\",\"position\":2,\"name\":\"Felip\u00e3o entrega o cargo e Gr\u00eamio vence a primeira no Brasileir\u00e3o\"}]},{\"@type\":\"WebSite\",\"@id\":\"https:\/\/www.notibras.com\/site\/#website\",\"url\":\"https:\/\/www.notibras.com\/site\/\",\"name\":\"Notibras\",\"description\":\"Not\u00edcias de Bras\u00edlia, do Brasil e do Mundo\",\"publisher\":{\"@id\":\"https:\/\/www.notibras.com\/site\/#organization\"},\"potentialAction\":[{\"@type\":\"SearchAction\",\"target\":{\"@type\":\"EntryPoint\",\"urlTemplate\":\"https:\/\/www.notibras.com\/site\/?s={search_term_string}\"},\"query-input\":{\"@type\":\"PropertyValueSpecification\",\"valueRequired\":true,\"valueName\":\"search_term_string\"}}],\"inLanguage\":\"pt-BR\"},{\"@type\":\"Organization\",\"@id\":\"https:\/\/www.notibras.com\/site\/#organization\",\"name\":\"Grupo Notibras de Comunica\u00e7\u00e3o\",\"url\":\"https:\/\/www.notibras.com\/site\/\",\"logo\":{\"@type\":\"ImageObject\",\"inLanguage\":\"pt-BR\",\"@id\":\"https:\/\/www.notibras.com\/site\/#\/schema\/logo\/image\/\",\"url\":\"https:\/\/www.notibras.com\/site\/wp-content\/uploads\/2023\/01\/notibras23.png\",\"contentUrl\":\"https:\/\/www.notibras.com\/site\/wp-content\/uploads\/2023\/01\/notibras23.png\",\"width\":350,\"height\":87,\"caption\":\"Grupo Notibras de Comunica\u00e7\u00e3o\"},\"image\":{\"@id\":\"https:\/\/www.notibras.com\/site\/#\/schema\/logo\/image\/\"},\"sameAs\":[\"https:\/\/www.facebook.com\/notibras\/\",\"https:\/\/x.com\/Notibras\",\"https:\/\/www.instagram.com\/notibras\/\"]},{\"@type\":\"Person\",\"@id\":\"https:\/\/www.notibras.com\/site\/#\/schema\/person\/36ab0979449956132d3e5b517ea76ac8\",\"name\":\"Reda\u00e7\u00e3o\",\"image\":{\"@type\":\"ImageObject\",\"inLanguage\":\"pt-BR\",\"@id\":\"https:\/\/secure.gravatar.com\/avatar\/e0a867bdedb85fd243eadf09663511f96fc81e0720a4a42581f334ad4303aa6b?s=96&d=mm&r=g\",\"url\":\"https:\/\/secure.gravatar.com\/avatar\/e0a867bdedb85fd243eadf09663511f96fc81e0720a4a42581f334ad4303aa6b?s=96&d=mm&r=g\",\"contentUrl\":\"https:\/\/secure.gravatar.com\/avatar\/e0a867bdedb85fd243eadf09663511f96fc81e0720a4a42581f334ad4303aa6b?s=96&d=mm&r=g\",\"caption\":\"Reda\u00e7\u00e3o\"}}]}<\/script>\n<!-- \/ Yoast SEO plugin. -->","yoast_head_json":{"title":"Felip\u00e3o entrega o cargo e Gr\u00eamio vence a primeira no Brasileir\u00e3o - Notibras","robots":{"index":"index","follow":"follow","max-snippet":"max-snippet:-1","max-image-preview":"max-image-preview:large","max-video-preview":"max-video-preview:-1"},"canonical":"https:\/\/www.notibras.com\/site\/felipao-entrega-o-cargo-e-gremio-vence-a-primeira-no-brasileirao\/","og_locale":"pt_BR","og_type":"article","og_title":"Felip\u00e3o entrega o cargo e Gr\u00eamio vence a primeira no Brasileir\u00e3o - Notibras","og_description":"Cinco dias depois do pedido de demiss\u00e3o de Felip\u00e3o, o Gr\u00eamio\u00a0mostrou neste s\u00e1bado que est\u00e1 vivo sem o ex-t\u00e9cnico. Ainda em busca de um novo comandante, a equipe ga\u00facha n\u00e3o conseguiu encantar o\u00a0torcedor &#8211; foram menos de 10 mil na Arena neste noite. Mesmo assim, obteve ao menos a primeira vit\u00f3ria no Campeonato Brasileiro de [&hellip;]","og_url":"https:\/\/www.notibras.com\/site\/felipao-entrega-o-cargo-e-gremio-vence-a-primeira-no-brasileirao\/","og_site_name":"Notibras","article_publisher":"https:\/\/www.facebook.com\/notibras\/","article_published_time":"2015-05-24T03:32:33+00:00","og_image":[{"width":940,"height":650,"url":"https:\/\/www.notibras.com\/site\/wp-content\/uploads\/2015\/05\/gre.jpg","type":"image\/jpeg"}],"author":"Reda\u00e7\u00e3o","twitter_card":"summary_large_image","twitter_creator":"@Notibras","twitter_site":"@Notibras","twitter_misc":{"Escrito por":"Reda\u00e7\u00e3o","Est. tempo de leitura":"1 minuto"},"schema":{"@context":"https:\/\/schema.org","@graph":[{"@type":"Article","@id":"https:\/\/www.notibras.com\/site\/felipao-entrega-o-cargo-e-gremio-vence-a-primeira-no-brasileirao\/#article","isPartOf":{"@id":"https:\/\/www.notibras.com\/site\/felipao-entrega-o-cargo-e-gremio-vence-a-primeira-no-brasileirao\/"},"author":{"name":"Reda\u00e7\u00e3o","@id":"https:\/\/www.notibras.com\/site\/#\/schema\/person\/36ab0979449956132d3e5b517ea76ac8"},"headline":"Felip\u00e3o entrega o cargo e Gr\u00eamio vence a primeira no Brasileir\u00e3o","datePublished":"2015-05-24T03:32:33+00:00","mainEntityOfPage":{"@id":"https:\/\/www.notibras.com\/site\/felipao-entrega-o-cargo-e-gremio-vence-a-primeira-no-brasileirao\/"},"wordCount":201,"commentCount":0,"publisher":{"@id":"https:\/\/www.notibras.com\/site\/#organization"},"image":{"@id":"https:\/\/www.notibras.com\/site\/felipao-entrega-o-cargo-e-gremio-vence-a-primeira-no-brasileirao\/#primaryimage"},"thumbnailUrl":"https:\/\/www.notibras.com\/site\/wp-content\/uploads\/2015\/05\/gre.jpg","articleSection":["Esportes","Futebol"],"inLanguage":"pt-BR","potentialAction":[{"@type":"CommentAction","name":"Comment","target":["https:\/\/www.notibras.com\/site\/felipao-entrega-o-cargo-e-gremio-vence-a-primeira-no-brasileirao\/#respond"]}]},{"@type":"WebPage","@id":"https:\/\/www.notibras.com\/site\/felipao-entrega-o-cargo-e-gremio-vence-a-primeira-no-brasileirao\/","url":"https:\/\/www.notibras.com\/site\/felipao-entrega-o-cargo-e-gremio-vence-a-primeira-no-brasileirao\/","name":"Felip\u00e3o entrega o cargo e Gr\u00eamio vence a primeira no Brasileir\u00e3o - Notibras","isPartOf":{"@id":"https:\/\/www.notibras.com\/site\/#website"},"primaryImageOfPage":{"@id":"https:\/\/www.notibras.com\/site\/felipao-entrega-o-cargo-e-gremio-vence-a-primeira-no-brasileirao\/#primaryimage"},"image":{"@id":"https:\/\/www.notibras.com\/site\/felipao-entrega-o-cargo-e-gremio-vence-a-primeira-no-brasileirao\/#primaryimage"},"thumbnailUrl":"https:\/\/www.notibras.com\/site\/wp-content\/uploads\/2015\/05\/gre.jpg","datePublished":"2015-05-24T03:32:33+00:00","breadcrumb":{"@id":"https:\/\/www.notibras.com\/site\/felipao-entrega-o-cargo-e-gremio-vence-a-primeira-no-brasileirao\/#breadcrumb"},"inLanguage":"pt-BR","potentialAction":[{"@type":"ReadAction","target":["https:\/\/www.notibras.com\/site\/felipao-entrega-o-cargo-e-gremio-vence-a-primeira-no-brasileirao\/"]}]},{"@type":"ImageObject","inLanguage":"pt-BR","@id":"https:\/\/www.notibras.com\/site\/felipao-entrega-o-cargo-e-gremio-vence-a-primeira-no-brasileirao\/#primaryimage","url":"https:\/\/www.notibras.com\/site\/wp-content\/uploads\/2015\/05\/gre.jpg","contentUrl":"https:\/\/www.notibras.com\/site\/wp-content\/uploads\/2015\/05\/gre.jpg","width":940,"height":650,"caption":"O jogador Giuliano do Gr\u00eamio durante partida entre Gr\u00eamio RS e Figueirense SC v\u00e1lida pela S\u00e9rie A do Campeonato Brasileiro 2015 no Est\u00e1dio Arena Gr\u00eamio em Porto Alegre (RS), neste s\u00e1bado (23). Jeferson Guareze\/Futura Press"},{"@type":"BreadcrumbList","@id":"https:\/\/www.notibras.com\/site\/felipao-entrega-o-cargo-e-gremio-vence-a-primeira-no-brasileirao\/#breadcrumb","itemListElement":[{"@type":"ListItem","position":1,"name":"In\u00edcio","item":"https:\/\/www.notibras.com\/site\/"},{"@type":"ListItem","position":2,"name":"Felip\u00e3o entrega o cargo e Gr\u00eamio vence a primeira no Brasileir\u00e3o"}]},{"@type":"WebSite","@id":"https:\/\/www.notibras.com\/site\/#website","url":"https:\/\/www.notibras.com\/site\/","name":"Notibras","description":"Not\u00edcias de Bras\u00edlia, do Brasil e do Mundo","publisher":{"@id":"https:\/\/www.notibras.com\/site\/#organization"},"potentialAction":[{"@type":"SearchAction","target":{"@type":"EntryPoint","urlTemplate":"https:\/\/www.notibras.com\/site\/?s={search_term_string}"},"query-input":{"@type":"PropertyValueSpecification","valueRequired":true,"valueName":"search_term_string"}}],"inLanguage":"pt-BR"},{"@type":"Organization","@id":"https:\/\/www.notibras.com\/site\/#organization","name":"Grupo Notibras de Comunica\u00e7\u00e3o","url":"https:\/\/www.notibras.com\/site\/","logo":{"@type":"ImageObject","inLanguage":"pt-BR","@id":"https:\/\/www.notibras.com\/site\/#\/schema\/logo\/image\/","url":"https:\/\/www.notibras.com\/site\/wp-content\/uploads\/2023\/01\/notibras23.png","contentUrl":"https:\/\/www.notibras.com\/site\/wp-content\/uploads\/2023\/01\/notibras23.png","width":350,"height":87,"caption":"Grupo Notibras de Comunica\u00e7\u00e3o"},"image":{"@id":"https:\/\/www.notibras.com\/site\/#\/schema\/logo\/image\/"},"sameAs":["https:\/\/www.facebook.com\/notibras\/","https:\/\/x.com\/Notibras","https:\/\/www.instagram.com\/notibras\/"]},{"@type":"Person","@id":"https:\/\/www.notibras.com\/site\/#\/schema\/person\/36ab0979449956132d3e5b517ea76ac8","name":"Reda\u00e7\u00e3o","image":{"@type":"ImageObject","inLanguage":"pt-BR","@id":"https:\/\/secure.gravatar.com\/avatar\/e0a867bdedb85fd243eadf09663511f96fc81e0720a4a42581f334ad4303aa6b?s=96&d=mm&r=g","url":"https:\/\/secure.gravatar.com\/avatar\/e0a867bdedb85fd243eadf09663511f96fc81e0720a4a42581f334ad4303aa6b?s=96&d=mm&r=g","contentUrl":"https:\/\/secure.gravatar.com\/avatar\/e0a867bdedb85fd243eadf09663511f96fc81e0720a4a42581f334ad4303aa6b?s=96&d=mm&r=g","caption":"Reda\u00e7\u00e3o"}}]}},"amp_enabled":true,"_links":{"self":[{"href":"https:\/\/www.notibras.com\/site\/wp-json\/wp\/v2\/posts\/50127","targetHints":{"allow":["GET"]}}],"collection":[{"href":"https:\/\/www.notibras.com\/site\/wp-json\/wp\/v2\/posts"}],"about":[{"href":"https:\/\/www.notibras.com\/site\/wp-json\/wp\/v2\/types\/post"}],"author":[{"embeddable":true,"href":"https:\/\/www.notibras.com\/site\/wp-json\/wp\/v2\/users\/2"}],"replies":[{"embeddable":true,"href":"https:\/\/www.notibras.com\/site\/wp-json\/wp\/v2\/comments?post=50127"}],"version-history":[{"count":0,"href":"https:\/\/www.notibras.com\/site\/wp-json\/wp\/v2\/posts\/50127\/revisions"}],"wp:featuredmedia":[{"embeddable":true,"href":"https:\/\/www.notibras.com\/site\/wp-json\/wp\/v2\/media\/50128"}],"wp:attachment":[{"href":"https:\/\/www.notibras.com\/site\/wp-json\/wp\/v2\/media?parent=50127"}],"wp:term":[{"taxonomy":"category","embeddable":true,"href":"https:\/\/www.notibras.com\/site\/wp-json\/wp\/v2\/categories?post=50127"},{"taxonomy":"post_tag","embeddable":true,"href":"https:\/\/www.notibras.com\/site\/wp-json\/wp\/v2\/tags?post=50127"}],"curies":[{"name":"wp","href":"https:\/\/api.w.org\/{rel}","templated":true}]}}