{"id":50140,"date":"2015-05-24T00:09:53","date_gmt":"2015-05-24T03:09:53","guid":{"rendered":"http:\/\/www.notibras.com\/site\/?p=50140"},"modified":"2015-05-24T10:14:35","modified_gmt":"2015-05-24T13:14:35","slug":"mal-governado-diz-fhc-brasil-paga-os-pecados-criados-pelo-pt","status":"publish","type":"post","link":"https:\/\/www.notibras.com\/site\/mal-governado-diz-fhc-brasil-paga-os-pecados-criados-pelo-pt\/","title":{"rendered":"Mal governado, diz FHC, Brasil paga pecados criados pelo PT"},"content":{"rendered":"<p>O ex-presidente Fernando Henrique Cardoso disse neste s\u00e1bado (23) que o contingenciamento de R$ 69,9 bilh\u00f5es do Or\u00e7amento Geral da Uni\u00e3o deste ano \u00e9 uma consequ\u00eancia dos erros do governo atual, que agora &#8220;est\u00e1 pagando seus pecados&#8221; com as medidas de conten\u00e7\u00e3o que est\u00e1 adotando.<\/p>\n<p>&#8220;O Brasil foi t\u00e3o mal governado nos \u00faltimos anos que o corte \u00e9 consequ\u00eancia disso. A situa\u00e7\u00e3o \u00e9 muito grave no Brasil. O problema \u00e9 que a responsabilidade \u00e9 dos governos. N\u00e3o era necess\u00e1rio que tivesse sido feito tanto erro como foi feito, tanto gasto. O Brasil come\u00e7ou a gastar como se os gastos fossem ilimitados. Agora est\u00e3o pagando a conta, e, como foi esse mesmo governo que mais errou, \u00e9 bom que seja ele tamb\u00e9m que tenha que tomar as medidas mais duras&#8221;, disse o ex-presidente, em entrevista a jornalistas no in\u00edcio da tarde.<\/p>\n<p class=\"text\">Ap\u00f3s proferir palestra sobre o futuro do Brasil em uma universidade de Bras\u00edlia, Fernando Henrique Cardoso criticou a forma como as medidas est\u00e3o sendo tomadas pelo governo. &#8220;\u00c9 uma esp\u00e9cie de opera\u00e7\u00e3o sem anestesia. Quando voc\u00ea faz uma conten\u00e7\u00e3o fiscal, voc\u00ea tem que explicar ao pa\u00eds o que vem depois, para que voc\u00ea faz, qual \u00e9 a esperan\u00e7a, o horizonte. E at\u00e9 agora n\u00f3s s\u00f3 estamos vendo nuvem negra. A\u00ed as pessoas ficam irritadas e n\u00e3o aceitam.&#8221;<\/p>\n<blockquote>\n<p class=\"text\">Para o ex-presidente, o pa\u00eds vive um momento de &#8220;d\u00favida h\u00edbrida&#8221; sobre o sistema pol\u00edtico \u2013 se \u00e9 presidencialista ou parlamentarista. &#8220;Nosso sistema \u00e9 presidencialista, pressup\u00f5e a a\u00e7\u00e3o forte do presidente. Quando o Congresso percebe que o presidente, por raz\u00f5es v\u00e1rias, n\u00e3o est\u00e1 exercendo esse poder, ele tenta ocupar o espa\u00e7o. E, como ele n\u00e3o est\u00e1 organizado como no [sistema] parlamentarista, pela maioria de partidos, \u00e9 fragment\u00e1rio. Ent\u00e3o fica essa sensa\u00e7\u00e3o de uma certa confus\u00e3o, que \u00e9 o que est\u00e1 acontecendo hoje&#8221;, afirmou.<\/p>\n<\/blockquote>\n<p class=\"text\">Fernando Henrique Cardos disse que &#8220;falta o comando&#8221; no pa\u00eds e quem vai exerc\u00ea-lo n\u00e3o tem as condi\u00e7\u00f5es adequadas para isso, uma vez que os partidos n\u00e3o est\u00e3o organizados para constituir maioria est\u00e1vel no Congresso. &#8220;A presidente delegou a negocia\u00e7\u00e3o pol\u00edtica ao vice [Michel Temer], que \u00e9 do PMDB, e a negocia\u00e7\u00e3o econ\u00f4mica ao [ministro da Fazenda, Joaquim] Levy, que \u00e9 do mercado. \u00c9 dif\u00edcil saber como voc\u00ea vai compor esse quadro todo mais tarde&#8221;, disse.<\/p>\n<p class=\"text\">Em refer\u00eancia \u00e0 representa\u00e7\u00e3o que ser\u00e1 feita nesta semana pela oposi\u00e7\u00e3o \u00e0 Procuradoria-Geral da Rep\u00fablica (PGR) para que a presidenta Dilma Rousseff seja investigada por crime comum \u2013 em fun\u00e7\u00e3o de supostas irregularidades no repasse de recursos do Tesouro a banco p\u00fablicos \u2013 o ex-presidente disse que o impeachment n\u00e3o pode ser uma bandeira de luta.<\/p>\n<p class=\"text\">&#8220;Se houver provas contundentes de que a presidente \u00e9 respons\u00e1vel por alguma coisa que \u00e9 cab\u00edvel na Lei do Impeachment, cabe o impeachment. Mas tem que haver [provas]. Isso n\u00e3o pode ser uma bandeira de luta, \u00e9 um objetivo errado. O objetivo \u00e9 apurar tudo, esse \u00e9 o objetivo da democracia. Se houver [provas], cai, se n\u00e3o, n\u00e3o [cai]. Mas voc\u00ea n\u00e3o pode, como ponto de partida, [dizer] quero derrubar o presidente. Isso n\u00e3o \u00e9 democr\u00e1tico. Para derrubar, voc\u00ea tem que seguir as regras da democracia&#8221;, defendeu.<\/p>\n<p class=\"text\">Durante a palestra Brasil, Qual Ser\u00e1 o Seu Futuro?, o ex-presidente afirmou n\u00e3o ser pessimista em rela\u00e7\u00e3o ao pa\u00eds. Segundo ele, o Brasil tem um &#8220;potencial enorme&#8221; e precisa focar alian\u00e7as tendo em vista o polo do crescimento. &#8220;N\u00e3o sou contra o Brasil ter rela\u00e7\u00f5es com \u00c1sia, \u00c1frica e com a China. Mas voc\u00ea n\u00e3o pode ter [rela\u00e7\u00f5es] por raz\u00f5es ideol\u00f3gicas. Ou seja, porque eu sou Sul, aquele \u00e9 Norte. Onde est\u00e1 o retorno de crescimento? O que aponta para o futuro? Para garantirmos o Brasil do futuro, vai depender de decis\u00f5es estrat\u00e9gicas. Um erro estrat\u00e9gico custa anos. N\u00e3o s\u00f3 o Brasil corre esse risco.&#8221;<\/p>\n<blockquote>\n<p class=\"text\">Para o ex-presidente, o Brasil tem que pensar em decis\u00f5es estrat\u00e9gicas sobre como refazer a base energ\u00e9tica, educacional e pol\u00edtica. Ele acredita que, com o aumento da capacidade de express\u00e3o dos cidad\u00e3os e os movimentos de rua e na internet, v\u00e3o surgir no pa\u00eds lideran\u00e7as fora do circuito tradicional.<\/p>\n<\/blockquote>\n<p class=\"text\">Procurado pela Ag\u00eancia Brasil para comentar as declara\u00e7\u00f5es de Fernando Henrique Cardoso, o Pal\u00e1cio do Planalto declarou que n\u00e3o se manifestar\u00e1. Nessa sexta-feira (22), quando explicou os cortes no Or\u00e7amento, o ministro do Planejamento, Nelson Barbosa, disse que todos os projetos do governo v\u00e3o continuar em execu\u00e7\u00e3o e que o ritmo das a\u00e7\u00f5es ser\u00e1 adequado ao novo limite financeiro. Barbosa afirmou ainda que &#8220;o investimento est\u00e1 sendo priorizado no que \u00e9 poss\u00edvel&#8221;.<\/p>\n","protected":false},"excerpt":{"rendered":"<p>O ex-presidente Fernando Henrique Cardoso disse neste s\u00e1bado (23) que o contingenciamento de R$ 69,9 bilh\u00f5es do Or\u00e7amento Geral da Uni\u00e3o deste ano \u00e9 uma consequ\u00eancia dos erros do governo atual, que agora &#8220;est\u00e1 pagando seus pecados&#8221; com as medidas de conten\u00e7\u00e3o que est\u00e1 adotando. &#8220;O Brasil foi t\u00e3o mal governado nos \u00faltimos anos que [&hellip;]<\/p>\n","protected":false},"author":2,"featured_media":50141,"comment_status":"open","ping_status":"closed","sticky":false,"template":"","format":"standard","meta":{"_acf_changed":false,"footnotes":""},"categories":[16],"tags":[],"class_list":["post-50140","post","type-post","status-publish","format-standard","has-post-thumbnail","hentry","category-brasil"],"acf":[],"yoast_head":"<!-- This site is optimized with the Yoast SEO plugin v27.2 - https:\/\/yoast.com\/product\/yoast-seo-wordpress\/ -->\n<title>Mal governado, diz FHC, Brasil paga pecados criados pelo PT - Notibras<\/title>\n<meta name=\"robots\" content=\"index, follow, max-snippet:-1, max-image-preview:large, max-video-preview:-1\" \/>\n<link rel=\"canonical\" href=\"https:\/\/www.notibras.com\/site\/mal-governado-diz-fhc-brasil-paga-os-pecados-criados-pelo-pt\/\" \/>\n<meta property=\"og:locale\" content=\"pt_BR\" \/>\n<meta property=\"og:type\" content=\"article\" \/>\n<meta property=\"og:title\" content=\"Mal governado, diz FHC, Brasil paga pecados criados pelo PT - Notibras\" \/>\n<meta property=\"og:description\" content=\"O ex-presidente Fernando Henrique Cardoso disse neste s\u00e1bado (23) que o contingenciamento de R$ 69,9 bilh\u00f5es do Or\u00e7amento Geral da Uni\u00e3o deste ano \u00e9 uma consequ\u00eancia dos erros do governo atual, que agora &#8220;est\u00e1 pagando seus pecados&#8221; com as medidas de conten\u00e7\u00e3o que est\u00e1 adotando. &#8220;O Brasil foi t\u00e3o mal governado nos \u00faltimos anos que [&hellip;]\" \/>\n<meta property=\"og:url\" content=\"https:\/\/www.notibras.com\/site\/mal-governado-diz-fhc-brasil-paga-os-pecados-criados-pelo-pt\/\" \/>\n<meta property=\"og:site_name\" content=\"Notibras\" \/>\n<meta property=\"article:publisher\" content=\"https:\/\/www.facebook.com\/notibras\/\" \/>\n<meta property=\"article:published_time\" content=\"2015-05-24T03:09:53+00:00\" \/>\n<meta property=\"article:modified_time\" content=\"2015-05-24T13:14:35+00:00\" \/>\n<meta property=\"og:image\" content=\"https:\/\/www.notibras.com\/site\/wp-content\/uploads\/2015\/05\/erros.jpg\" \/>\n\t<meta property=\"og:image:width\" content=\"940\" \/>\n\t<meta property=\"og:image:height\" content=\"639\" \/>\n\t<meta property=\"og:image:type\" content=\"image\/jpeg\" \/>\n<meta name=\"author\" content=\"Reda\u00e7\u00e3o\" \/>\n<meta name=\"twitter:card\" content=\"summary_large_image\" \/>\n<meta name=\"twitter:creator\" content=\"@Notibras\" \/>\n<meta name=\"twitter:site\" content=\"@Notibras\" \/>\n<meta name=\"twitter:label1\" content=\"Escrito por\" \/>\n\t<meta name=\"twitter:data1\" content=\"Reda\u00e7\u00e3o\" \/>\n\t<meta name=\"twitter:label2\" content=\"Est. tempo de leitura\" \/>\n\t<meta name=\"twitter:data2\" content=\"4 minutos\" \/>\n<script type=\"application\/ld+json\" class=\"yoast-schema-graph\">{\"@context\":\"https:\/\/schema.org\",\"@graph\":[{\"@type\":\"Article\",\"@id\":\"https:\/\/www.notibras.com\/site\/mal-governado-diz-fhc-brasil-paga-os-pecados-criados-pelo-pt\/#article\",\"isPartOf\":{\"@id\":\"https:\/\/www.notibras.com\/site\/mal-governado-diz-fhc-brasil-paga-os-pecados-criados-pelo-pt\/\"},\"author\":{\"name\":\"Reda\u00e7\u00e3o\",\"@id\":\"https:\/\/www.notibras.com\/site\/#\/schema\/person\/36ab0979449956132d3e5b517ea76ac8\"},\"headline\":\"Mal governado, diz FHC, Brasil paga pecados criados pelo PT\",\"datePublished\":\"2015-05-24T03:09:53+00:00\",\"dateModified\":\"2015-05-24T13:14:35+00:00\",\"mainEntityOfPage\":{\"@id\":\"https:\/\/www.notibras.com\/site\/mal-governado-diz-fhc-brasil-paga-os-pecados-criados-pelo-pt\/\"},\"wordCount\":823,\"commentCount\":0,\"publisher\":{\"@id\":\"https:\/\/www.notibras.com\/site\/#organization\"},\"image\":{\"@id\":\"https:\/\/www.notibras.com\/site\/mal-governado-diz-fhc-brasil-paga-os-pecados-criados-pelo-pt\/#primaryimage\"},\"thumbnailUrl\":\"https:\/\/www.notibras.com\/site\/wp-content\/uploads\/2015\/05\/erros.jpg\",\"articleSection\":[\"Brasil\"],\"inLanguage\":\"pt-BR\",\"potentialAction\":[{\"@type\":\"CommentAction\",\"name\":\"Comment\",\"target\":[\"https:\/\/www.notibras.com\/site\/mal-governado-diz-fhc-brasil-paga-os-pecados-criados-pelo-pt\/#respond\"]}]},{\"@type\":\"WebPage\",\"@id\":\"https:\/\/www.notibras.com\/site\/mal-governado-diz-fhc-brasil-paga-os-pecados-criados-pelo-pt\/\",\"url\":\"https:\/\/www.notibras.com\/site\/mal-governado-diz-fhc-brasil-paga-os-pecados-criados-pelo-pt\/\",\"name\":\"Mal governado, diz FHC, Brasil paga pecados criados pelo PT - Notibras\",\"isPartOf\":{\"@id\":\"https:\/\/www.notibras.com\/site\/#website\"},\"primaryImageOfPage\":{\"@id\":\"https:\/\/www.notibras.com\/site\/mal-governado-diz-fhc-brasil-paga-os-pecados-criados-pelo-pt\/#primaryimage\"},\"image\":{\"@id\":\"https:\/\/www.notibras.com\/site\/mal-governado-diz-fhc-brasil-paga-os-pecados-criados-pelo-pt\/#primaryimage\"},\"thumbnailUrl\":\"https:\/\/www.notibras.com\/site\/wp-content\/uploads\/2015\/05\/erros.jpg\",\"datePublished\":\"2015-05-24T03:09:53+00:00\",\"dateModified\":\"2015-05-24T13:14:35+00:00\",\"breadcrumb\":{\"@id\":\"https:\/\/www.notibras.com\/site\/mal-governado-diz-fhc-brasil-paga-os-pecados-criados-pelo-pt\/#breadcrumb\"},\"inLanguage\":\"pt-BR\",\"potentialAction\":[{\"@type\":\"ReadAction\",\"target\":[\"https:\/\/www.notibras.com\/site\/mal-governado-diz-fhc-brasil-paga-os-pecados-criados-pelo-pt\/\"]}]},{\"@type\":\"ImageObject\",\"inLanguage\":\"pt-BR\",\"@id\":\"https:\/\/www.notibras.com\/site\/mal-governado-diz-fhc-brasil-paga-os-pecados-criados-pelo-pt\/#primaryimage\",\"url\":\"https:\/\/www.notibras.com\/site\/wp-content\/uploads\/2015\/05\/erros.jpg\",\"contentUrl\":\"https:\/\/www.notibras.com\/site\/wp-content\/uploads\/2015\/05\/erros.jpg\",\"width\":940,\"height\":639},{\"@type\":\"BreadcrumbList\",\"@id\":\"https:\/\/www.notibras.com\/site\/mal-governado-diz-fhc-brasil-paga-os-pecados-criados-pelo-pt\/#breadcrumb\",\"itemListElement\":[{\"@type\":\"ListItem\",\"position\":1,\"name\":\"In\u00edcio\",\"item\":\"https:\/\/www.notibras.com\/site\/\"},{\"@type\":\"ListItem\",\"position\":2,\"name\":\"Mal governado, diz FHC, Brasil paga pecados criados pelo PT\"}]},{\"@type\":\"WebSite\",\"@id\":\"https:\/\/www.notibras.com\/site\/#website\",\"url\":\"https:\/\/www.notibras.com\/site\/\",\"name\":\"Notibras\",\"description\":\"Not\u00edcias de Bras\u00edlia, do Brasil e do Mundo\",\"publisher\":{\"@id\":\"https:\/\/www.notibras.com\/site\/#organization\"},\"potentialAction\":[{\"@type\":\"SearchAction\",\"target\":{\"@type\":\"EntryPoint\",\"urlTemplate\":\"https:\/\/www.notibras.com\/site\/?s={search_term_string}\"},\"query-input\":{\"@type\":\"PropertyValueSpecification\",\"valueRequired\":true,\"valueName\":\"search_term_string\"}}],\"inLanguage\":\"pt-BR\"},{\"@type\":\"Organization\",\"@id\":\"https:\/\/www.notibras.com\/site\/#organization\",\"name\":\"Grupo Notibras de Comunica\u00e7\u00e3o\",\"url\":\"https:\/\/www.notibras.com\/site\/\",\"logo\":{\"@type\":\"ImageObject\",\"inLanguage\":\"pt-BR\",\"@id\":\"https:\/\/www.notibras.com\/site\/#\/schema\/logo\/image\/\",\"url\":\"https:\/\/www.notibras.com\/site\/wp-content\/uploads\/2023\/01\/notibras23.png\",\"contentUrl\":\"https:\/\/www.notibras.com\/site\/wp-content\/uploads\/2023\/01\/notibras23.png\",\"width\":350,\"height\":87,\"caption\":\"Grupo Notibras de Comunica\u00e7\u00e3o\"},\"image\":{\"@id\":\"https:\/\/www.notibras.com\/site\/#\/schema\/logo\/image\/\"},\"sameAs\":[\"https:\/\/www.facebook.com\/notibras\/\",\"https:\/\/x.com\/Notibras\",\"https:\/\/www.instagram.com\/notibras\/\"]},{\"@type\":\"Person\",\"@id\":\"https:\/\/www.notibras.com\/site\/#\/schema\/person\/36ab0979449956132d3e5b517ea76ac8\",\"name\":\"Reda\u00e7\u00e3o\",\"image\":{\"@type\":\"ImageObject\",\"inLanguage\":\"pt-BR\",\"@id\":\"https:\/\/secure.gravatar.com\/avatar\/e0a867bdedb85fd243eadf09663511f96fc81e0720a4a42581f334ad4303aa6b?s=96&d=mm&r=g\",\"url\":\"https:\/\/secure.gravatar.com\/avatar\/e0a867bdedb85fd243eadf09663511f96fc81e0720a4a42581f334ad4303aa6b?s=96&d=mm&r=g\",\"contentUrl\":\"https:\/\/secure.gravatar.com\/avatar\/e0a867bdedb85fd243eadf09663511f96fc81e0720a4a42581f334ad4303aa6b?s=96&d=mm&r=g\",\"caption\":\"Reda\u00e7\u00e3o\"}}]}<\/script>\n<!-- \/ Yoast SEO plugin. -->","yoast_head_json":{"title":"Mal governado, diz FHC, Brasil paga pecados criados pelo PT - Notibras","robots":{"index":"index","follow":"follow","max-snippet":"max-snippet:-1","max-image-preview":"max-image-preview:large","max-video-preview":"max-video-preview:-1"},"canonical":"https:\/\/www.notibras.com\/site\/mal-governado-diz-fhc-brasil-paga-os-pecados-criados-pelo-pt\/","og_locale":"pt_BR","og_type":"article","og_title":"Mal governado, diz FHC, Brasil paga pecados criados pelo PT - Notibras","og_description":"O ex-presidente Fernando Henrique Cardoso disse neste s\u00e1bado (23) que o contingenciamento de R$ 69,9 bilh\u00f5es do Or\u00e7amento Geral da Uni\u00e3o deste ano \u00e9 uma consequ\u00eancia dos erros do governo atual, que agora &#8220;est\u00e1 pagando seus pecados&#8221; com as medidas de conten\u00e7\u00e3o que est\u00e1 adotando. &#8220;O Brasil foi t\u00e3o mal governado nos \u00faltimos anos que [&hellip;]","og_url":"https:\/\/www.notibras.com\/site\/mal-governado-diz-fhc-brasil-paga-os-pecados-criados-pelo-pt\/","og_site_name":"Notibras","article_publisher":"https:\/\/www.facebook.com\/notibras\/","article_published_time":"2015-05-24T03:09:53+00:00","article_modified_time":"2015-05-24T13:14:35+00:00","og_image":[{"width":940,"height":639,"url":"https:\/\/www.notibras.com\/site\/wp-content\/uploads\/2015\/05\/erros.jpg","type":"image\/jpeg"}],"author":"Reda\u00e7\u00e3o","twitter_card":"summary_large_image","twitter_creator":"@Notibras","twitter_site":"@Notibras","twitter_misc":{"Escrito por":"Reda\u00e7\u00e3o","Est. tempo de leitura":"4 minutos"},"schema":{"@context":"https:\/\/schema.org","@graph":[{"@type":"Article","@id":"https:\/\/www.notibras.com\/site\/mal-governado-diz-fhc-brasil-paga-os-pecados-criados-pelo-pt\/#article","isPartOf":{"@id":"https:\/\/www.notibras.com\/site\/mal-governado-diz-fhc-brasil-paga-os-pecados-criados-pelo-pt\/"},"author":{"name":"Reda\u00e7\u00e3o","@id":"https:\/\/www.notibras.com\/site\/#\/schema\/person\/36ab0979449956132d3e5b517ea76ac8"},"headline":"Mal governado, diz FHC, Brasil paga pecados criados pelo PT","datePublished":"2015-05-24T03:09:53+00:00","dateModified":"2015-05-24T13:14:35+00:00","mainEntityOfPage":{"@id":"https:\/\/www.notibras.com\/site\/mal-governado-diz-fhc-brasil-paga-os-pecados-criados-pelo-pt\/"},"wordCount":823,"commentCount":0,"publisher":{"@id":"https:\/\/www.notibras.com\/site\/#organization"},"image":{"@id":"https:\/\/www.notibras.com\/site\/mal-governado-diz-fhc-brasil-paga-os-pecados-criados-pelo-pt\/#primaryimage"},"thumbnailUrl":"https:\/\/www.notibras.com\/site\/wp-content\/uploads\/2015\/05\/erros.jpg","articleSection":["Brasil"],"inLanguage":"pt-BR","potentialAction":[{"@type":"CommentAction","name":"Comment","target":["https:\/\/www.notibras.com\/site\/mal-governado-diz-fhc-brasil-paga-os-pecados-criados-pelo-pt\/#respond"]}]},{"@type":"WebPage","@id":"https:\/\/www.notibras.com\/site\/mal-governado-diz-fhc-brasil-paga-os-pecados-criados-pelo-pt\/","url":"https:\/\/www.notibras.com\/site\/mal-governado-diz-fhc-brasil-paga-os-pecados-criados-pelo-pt\/","name":"Mal governado, diz FHC, Brasil paga pecados criados pelo PT - Notibras","isPartOf":{"@id":"https:\/\/www.notibras.com\/site\/#website"},"primaryImageOfPage":{"@id":"https:\/\/www.notibras.com\/site\/mal-governado-diz-fhc-brasil-paga-os-pecados-criados-pelo-pt\/#primaryimage"},"image":{"@id":"https:\/\/www.notibras.com\/site\/mal-governado-diz-fhc-brasil-paga-os-pecados-criados-pelo-pt\/#primaryimage"},"thumbnailUrl":"https:\/\/www.notibras.com\/site\/wp-content\/uploads\/2015\/05\/erros.jpg","datePublished":"2015-05-24T03:09:53+00:00","dateModified":"2015-05-24T13:14:35+00:00","breadcrumb":{"@id":"https:\/\/www.notibras.com\/site\/mal-governado-diz-fhc-brasil-paga-os-pecados-criados-pelo-pt\/#breadcrumb"},"inLanguage":"pt-BR","potentialAction":[{"@type":"ReadAction","target":["https:\/\/www.notibras.com\/site\/mal-governado-diz-fhc-brasil-paga-os-pecados-criados-pelo-pt\/"]}]},{"@type":"ImageObject","inLanguage":"pt-BR","@id":"https:\/\/www.notibras.com\/site\/mal-governado-diz-fhc-brasil-paga-os-pecados-criados-pelo-pt\/#primaryimage","url":"https:\/\/www.notibras.com\/site\/wp-content\/uploads\/2015\/05\/erros.jpg","contentUrl":"https:\/\/www.notibras.com\/site\/wp-content\/uploads\/2015\/05\/erros.jpg","width":940,"height":639},{"@type":"BreadcrumbList","@id":"https:\/\/www.notibras.com\/site\/mal-governado-diz-fhc-brasil-paga-os-pecados-criados-pelo-pt\/#breadcrumb","itemListElement":[{"@type":"ListItem","position":1,"name":"In\u00edcio","item":"https:\/\/www.notibras.com\/site\/"},{"@type":"ListItem","position":2,"name":"Mal governado, diz FHC, Brasil paga pecados criados pelo PT"}]},{"@type":"WebSite","@id":"https:\/\/www.notibras.com\/site\/#website","url":"https:\/\/www.notibras.com\/site\/","name":"Notibras","description":"Not\u00edcias de Bras\u00edlia, do Brasil e do Mundo","publisher":{"@id":"https:\/\/www.notibras.com\/site\/#organization"},"potentialAction":[{"@type":"SearchAction","target":{"@type":"EntryPoint","urlTemplate":"https:\/\/www.notibras.com\/site\/?s={search_term_string}"},"query-input":{"@type":"PropertyValueSpecification","valueRequired":true,"valueName":"search_term_string"}}],"inLanguage":"pt-BR"},{"@type":"Organization","@id":"https:\/\/www.notibras.com\/site\/#organization","name":"Grupo Notibras de Comunica\u00e7\u00e3o","url":"https:\/\/www.notibras.com\/site\/","logo":{"@type":"ImageObject","inLanguage":"pt-BR","@id":"https:\/\/www.notibras.com\/site\/#\/schema\/logo\/image\/","url":"https:\/\/www.notibras.com\/site\/wp-content\/uploads\/2023\/01\/notibras23.png","contentUrl":"https:\/\/www.notibras.com\/site\/wp-content\/uploads\/2023\/01\/notibras23.png","width":350,"height":87,"caption":"Grupo Notibras de Comunica\u00e7\u00e3o"},"image":{"@id":"https:\/\/www.notibras.com\/site\/#\/schema\/logo\/image\/"},"sameAs":["https:\/\/www.facebook.com\/notibras\/","https:\/\/x.com\/Notibras","https:\/\/www.instagram.com\/notibras\/"]},{"@type":"Person","@id":"https:\/\/www.notibras.com\/site\/#\/schema\/person\/36ab0979449956132d3e5b517ea76ac8","name":"Reda\u00e7\u00e3o","image":{"@type":"ImageObject","inLanguage":"pt-BR","@id":"https:\/\/secure.gravatar.com\/avatar\/e0a867bdedb85fd243eadf09663511f96fc81e0720a4a42581f334ad4303aa6b?s=96&d=mm&r=g","url":"https:\/\/secure.gravatar.com\/avatar\/e0a867bdedb85fd243eadf09663511f96fc81e0720a4a42581f334ad4303aa6b?s=96&d=mm&r=g","contentUrl":"https:\/\/secure.gravatar.com\/avatar\/e0a867bdedb85fd243eadf09663511f96fc81e0720a4a42581f334ad4303aa6b?s=96&d=mm&r=g","caption":"Reda\u00e7\u00e3o"}}]}},"amp_enabled":true,"_links":{"self":[{"href":"https:\/\/www.notibras.com\/site\/wp-json\/wp\/v2\/posts\/50140","targetHints":{"allow":["GET"]}}],"collection":[{"href":"https:\/\/www.notibras.com\/site\/wp-json\/wp\/v2\/posts"}],"about":[{"href":"https:\/\/www.notibras.com\/site\/wp-json\/wp\/v2\/types\/post"}],"author":[{"embeddable":true,"href":"https:\/\/www.notibras.com\/site\/wp-json\/wp\/v2\/users\/2"}],"replies":[{"embeddable":true,"href":"https:\/\/www.notibras.com\/site\/wp-json\/wp\/v2\/comments?post=50140"}],"version-history":[{"count":0,"href":"https:\/\/www.notibras.com\/site\/wp-json\/wp\/v2\/posts\/50140\/revisions"}],"wp:featuredmedia":[{"embeddable":true,"href":"https:\/\/www.notibras.com\/site\/wp-json\/wp\/v2\/media\/50141"}],"wp:attachment":[{"href":"https:\/\/www.notibras.com\/site\/wp-json\/wp\/v2\/media?parent=50140"}],"wp:term":[{"taxonomy":"category","embeddable":true,"href":"https:\/\/www.notibras.com\/site\/wp-json\/wp\/v2\/categories?post=50140"},{"taxonomy":"post_tag","embeddable":true,"href":"https:\/\/www.notibras.com\/site\/wp-json\/wp\/v2\/tags?post=50140"}],"curies":[{"name":"wp","href":"https:\/\/api.w.org\/{rel}","templated":true}]}}