{"id":5017,"date":"2014-03-22T20:10:46","date_gmt":"2014-03-22T23:10:46","guid":{"rendered":"http:\/\/www.notibras.com\/site\/?p=5017"},"modified":"2014-03-22T20:16:03","modified_gmt":"2014-03-22T23:16:03","slug":"marcha-da-familia-acaba-em-confrontos-entre-grupos-no-rio","status":"publish","type":"post","link":"https:\/\/www.notibras.com\/site\/marcha-da-familia-acaba-em-confrontos-entre-grupos-no-rio\/","title":{"rendered":"&#8216;Marcha da Fam\u00edlia&#8217; acaba em confronto de grupos no Rio"},"content":{"rendered":"<p>Ap\u00f3s chamarem de &#8220;fascistas&#8221; e &#8220;terroristas&#8221;, manifestantes contra e a favor de uma interven\u00e7\u00e3o militar no Brasil entraram em confronto neste s\u00e1bado (22), em frente ao Pal\u00e1cio Duque de Caxias, no centro do Rio, e policiais militares do Batalh\u00e3o de Grandes Eventos usaram cassetetes e balas de borracha para acabar com a confus\u00e3o.<\/p>\n<p>Um grupo estimado em 150 pessoas pela Pol\u00edcia Militar participava da tentativa de reeditar a Marcha da Fam\u00edlia com Deus Pela Liberdade, 50 anos depois do movimento que antecedeu o golpe militar em 1964, quando cerca de 50 militantes de movimentos sociais se aproximaram aos gritos de &#8220;cadeia, j\u00e1, para os fascistas do regime militar&#8221;. Os defensores da interven\u00e7\u00e3o militar responderam aos gritos de &#8220;fora, comunistas,&#8221; e &#8220;terroristas&#8221;, e o clima ficou tenso.<\/p>\n<p>A pol\u00edcia fez um cord\u00e3o de isolamento para impedir que os dois grupos se confrontassem, mas um homem que participava da Marcha da Fam\u00edlia conseguiu furar o bloqueio, passando por cima de uma das sa\u00eddas de ar pr\u00f3ximas ao Pante\u00e3o e ao monumento de Duque de Caxias e avan\u00e7ou contra os representantes dos movimentos sociais. Depois de agredir um manifestante, ele foi atingido com o cabo de uma bandeira, e os policiais dispersaram o protesto contra a interven\u00e7\u00e3o, usando balas de borracha e cassetetes. Os manifestantes correram para a Central do Brasil, onde parte do com\u00e9rcio fechou as portas.<\/p>\n<p>Em pelo menos mais duas ocasi\u00f5es, manifestantes de lados opostos trocaram socos e chutes em frente ao Quartel-General do Comando Militar do Leste, e a pol\u00edcia tentou separar as brigas. Durante cerca de 20 minutos, o clima foi de provoca\u00e7\u00e3o, com palavras de baixo cal\u00e3o, acusa\u00e7\u00f5es e xingamentos. Depois, o grupo contr\u00e1rio \u00e0 interven\u00e7\u00e3o militar se manteve em frente \u00e0 Central do Brasil, enquanto a Marcha da Fam\u00edlia continuou ao lado do pr\u00e9dio do Ex\u00e9rcito, j\u00e1 com n\u00famero bastante reduzido.<\/p>\n<p>O movimento que pedia interven\u00e7\u00e3o militar no pa\u00eds se concentrou na Candel\u00e1ria e seguiu pela Avenida Presidente Vargas, que teve uma de suas pistas interditadas. Com gritos de &#8220;fora, PT&#8221;, &#8220;fora, comunismo&#8221; e &#8220;fora, Dilma&#8221;, os manifestantes levantavam cartazes que pediam a troca das elei\u00e7\u00f5es por um governo militar que &#8220;limpasse o Congresso de corruptos&#8221;. Com bandeiras do Brasil e faixas, o grupo parou diante do Pal\u00e1cio Duque de Caxias e cantou o <em>Hino Nacional<\/em>. Depois, continuaram os gritos de rejei\u00e7\u00e3o ao governo e ao sistema pol\u00edtico.<\/p>\n<p>Um ativista que transmitia o evento ao vivo pela internet foi hostilizado por membros da marcha aos gritos de &#8220;V\u00e1 para Cuba, voc\u00ea n\u00e3o \u00e9 brasileiro&#8221;. Um dos manifestantes, ent\u00e3o, deu um tapa no celular que era usado para a filmagem e o derrubou no ch\u00e3o. Sem se exaltar, o ativista pegou o aparelho de volta e se afastou.<\/p>\n<p>Um dos organizadores da Marcha da Fam\u00edlia, o cabo da reserva do Ex\u00e9rcito Em\u00edlio Alarcon, ponderou que, apesar dos pedidos de interven\u00e7\u00e3o, a inten\u00e7\u00e3o deles n\u00e3o \u00e9 a instaura\u00e7\u00e3o de uma ditadura militar. Para ele, as For\u00e7as Armadas devem fechar o Congresso e derrubar o Executivo, para convocar novas elei\u00e7\u00f5es apenas com candidatos ficha limpa. &#8220;A interven\u00e7\u00e3o \u00e9 constitucional. A gente n\u00e3o est\u00e1 pedindo nada de anormal&#8221;, disse ele.<\/p>\n<p>Para reivindicar a interven\u00e7\u00e3o, os militantes desse grupo usaram o Artigo 142 da Constitui\u00e7\u00e3o, que diz: &#8220;As For\u00e7as Armadas, constitu\u00eddas pela Marinha, pelo Ex\u00e9rcito e pela Aeron\u00e1utica, s\u00e3o institui\u00e7\u00f5es nacionais permanentes e regulares, organizadas com base na hierarquia e na disciplina, sob a autoridade suprema do presidente da Rep\u00fablica, e destinam-se \u00e0 defesa da p\u00e1tria, \u00e0 garantia dos poderes constitucionais e, por iniciativa de qualquer destes, da lei e da ordem&#8221;. Na interpreta\u00e7\u00e3o do grupo, tal obriga\u00e7\u00e3o de garantir os poderes justificaria a interven\u00e7\u00e3o, j\u00e1 que h\u00e1 problemas institucionais graves que s\u00f3 podem ser resolvidos dessa forma: &#8220;seria um <em>reset<\/em>, formatar de novo o Brasil. Todos os partidos est\u00e3o envolvidos em corrup\u00e7\u00e3o&#8221;, argumentou Alarcon.<\/p>\n<p>O deputado federal Jair Bolsonaro (PP-RJ) compareceu \u00e0 marcha, mas n\u00e3o se posicionou a favor do pedido de interven\u00e7\u00e3o militar, por entender que isso descaracteriza o movimento. &#8220;Estou aqui como um patriota&#8221;, disse Bolsonaro.<\/p>\n<p>Na manifesta\u00e7\u00e3o contra a marcha, militantes usaram palavras como anenc\u00e9falos e assassinos para provocar os defensores da interven\u00e7\u00e3o. Em um dos cartazes, havia o pedido: &#8220;Pared\u00e3o aos torturadores do regime militar&#8221;. &#8220;Este movimento quer a uni\u00e3o da ditadura do capital \u00e0 ditadura militar. Hoje, vivemos a ditadura do capital, porque um governo que remove fam\u00edlias e leiloa o petr\u00f3leo e o g\u00e1s n\u00e3o est\u00e1 em busca dos nossos interesses, e sim dos norte-americanos. Esta marcha \u00e9 uma dem\u00eancia. S\u00f3 um tarado pode defender um regime que torturou e matou&#8221;, disse Andr\u00e9 de Paula, membro da Frente Internacionalista dos Sem-Teto.<\/p>\n<p>A militante dos direitos LGBT Indianara Siqueira tamb\u00e9m se manifestou contra a Marcha da Fam\u00edlia: &#8220;S\u00e3o pessoas que acham que perderam muito com a nossa sociedade mais liberal, de certa maneira. Eles falam em fam\u00edlia como se n\u00f3s n\u00e3o tiv\u00e9ssemos uma fam\u00edlia, como se n\u00e3o pertenc\u00eassemos a nenhuma fam\u00edlia e brot\u00e1ssemos como cogumelos do ch\u00e3o&#8221;, protestou Indianara.<\/p>\n<p><strong>Vin\u00edcius Lisboa, ABr<\/strong><\/p>\n","protected":false},"excerpt":{"rendered":"<p>Ap\u00f3s chamarem de &#8220;fascistas&#8221; e &#8220;terroristas&#8221;, manifestantes contra e a favor de uma interven\u00e7\u00e3o militar no Brasil entraram em confronto neste s\u00e1bado (22), em frente ao Pal\u00e1cio Duque de Caxias, no centro do Rio, e policiais militares do Batalh\u00e3o de Grandes Eventos usaram cassetetes e balas de borracha para acabar com a confus\u00e3o. Um grupo [&hellip;]<\/p>\n","protected":false},"author":2,"featured_media":5018,"comment_status":"open","ping_status":"closed","sticky":false,"template":"","format":"standard","meta":{"_acf_changed":false,"footnotes":""},"categories":[16],"tags":[],"class_list":["post-5017","post","type-post","status-publish","format-standard","has-post-thumbnail","hentry","category-brasil"],"acf":[],"yoast_head":"<!-- This site is optimized with the Yoast SEO plugin v27.2 - https:\/\/yoast.com\/product\/yoast-seo-wordpress\/ -->\n<title>&#039;Marcha da Fam\u00edlia&#039; acaba em confronto de grupos no Rio - Notibras<\/title>\n<meta name=\"robots\" content=\"index, follow, max-snippet:-1, max-image-preview:large, max-video-preview:-1\" \/>\n<link rel=\"canonical\" href=\"https:\/\/www.notibras.com\/site\/marcha-da-familia-acaba-em-confrontos-entre-grupos-no-rio\/\" \/>\n<meta property=\"og:locale\" content=\"pt_BR\" \/>\n<meta property=\"og:type\" content=\"article\" \/>\n<meta property=\"og:title\" content=\"&#039;Marcha da Fam\u00edlia&#039; acaba em confronto de grupos no Rio - Notibras\" \/>\n<meta property=\"og:description\" content=\"Ap\u00f3s chamarem de &#8220;fascistas&#8221; e &#8220;terroristas&#8221;, manifestantes contra e a favor de uma interven\u00e7\u00e3o militar no Brasil entraram em confronto neste s\u00e1bado (22), em frente ao Pal\u00e1cio Duque de Caxias, no centro do Rio, e policiais militares do Batalh\u00e3o de Grandes Eventos usaram cassetetes e balas de borracha para acabar com a confus\u00e3o. Um grupo [&hellip;]\" \/>\n<meta property=\"og:url\" content=\"https:\/\/www.notibras.com\/site\/marcha-da-familia-acaba-em-confrontos-entre-grupos-no-rio\/\" \/>\n<meta property=\"og:site_name\" content=\"Notibras\" \/>\n<meta property=\"article:publisher\" content=\"https:\/\/www.facebook.com\/notibras\/\" \/>\n<meta property=\"article:published_time\" content=\"2014-03-22T23:10:46+00:00\" \/>\n<meta property=\"article:modified_time\" content=\"2014-03-22T23:16:03+00:00\" \/>\n<meta property=\"og:image\" content=\"https:\/\/www.notibras.com\/site\/wp-content\/uploads\/2014\/03\/908301-protesto_rj_militares33.jpg\" \/>\n\t<meta property=\"og:image:width\" content=\"277\" \/>\n\t<meta property=\"og:image:height\" content=\"160\" \/>\n\t<meta property=\"og:image:type\" content=\"image\/jpeg\" \/>\n<meta name=\"author\" content=\"Reda\u00e7\u00e3o\" \/>\n<meta name=\"twitter:card\" content=\"summary_large_image\" \/>\n<meta name=\"twitter:creator\" content=\"@Notibras\" \/>\n<meta name=\"twitter:site\" content=\"@Notibras\" \/>\n<meta name=\"twitter:label1\" content=\"Escrito por\" \/>\n\t<meta name=\"twitter:data1\" content=\"Reda\u00e7\u00e3o\" \/>\n\t<meta name=\"twitter:label2\" content=\"Est. tempo de leitura\" \/>\n\t<meta name=\"twitter:data2\" content=\"5 minutos\" \/>\n<script type=\"application\/ld+json\" class=\"yoast-schema-graph\">{\"@context\":\"https:\/\/schema.org\",\"@graph\":[{\"@type\":\"Article\",\"@id\":\"https:\/\/www.notibras.com\/site\/marcha-da-familia-acaba-em-confrontos-entre-grupos-no-rio\/#article\",\"isPartOf\":{\"@id\":\"https:\/\/www.notibras.com\/site\/marcha-da-familia-acaba-em-confrontos-entre-grupos-no-rio\/\"},\"author\":{\"name\":\"Reda\u00e7\u00e3o\",\"@id\":\"https:\/\/www.notibras.com\/site\/#\/schema\/person\/36ab0979449956132d3e5b517ea76ac8\"},\"headline\":\"&#8216;Marcha da Fam\u00edlia&#8217; acaba em confronto de grupos no Rio\",\"datePublished\":\"2014-03-22T23:10:46+00:00\",\"dateModified\":\"2014-03-22T23:16:03+00:00\",\"mainEntityOfPage\":{\"@id\":\"https:\/\/www.notibras.com\/site\/marcha-da-familia-acaba-em-confrontos-entre-grupos-no-rio\/\"},\"wordCount\":912,\"commentCount\":0,\"publisher\":{\"@id\":\"https:\/\/www.notibras.com\/site\/#organization\"},\"image\":{\"@id\":\"https:\/\/www.notibras.com\/site\/marcha-da-familia-acaba-em-confrontos-entre-grupos-no-rio\/#primaryimage\"},\"thumbnailUrl\":\"https:\/\/www.notibras.com\/site\/wp-content\/uploads\/2014\/03\/908301-protesto_rj_militares33.jpg\",\"articleSection\":[\"Brasil\"],\"inLanguage\":\"pt-BR\",\"potentialAction\":[{\"@type\":\"CommentAction\",\"name\":\"Comment\",\"target\":[\"https:\/\/www.notibras.com\/site\/marcha-da-familia-acaba-em-confrontos-entre-grupos-no-rio\/#respond\"]}]},{\"@type\":\"WebPage\",\"@id\":\"https:\/\/www.notibras.com\/site\/marcha-da-familia-acaba-em-confrontos-entre-grupos-no-rio\/\",\"url\":\"https:\/\/www.notibras.com\/site\/marcha-da-familia-acaba-em-confrontos-entre-grupos-no-rio\/\",\"name\":\"'Marcha da Fam\u00edlia' acaba em confronto de grupos no Rio - Notibras\",\"isPartOf\":{\"@id\":\"https:\/\/www.notibras.com\/site\/#website\"},\"primaryImageOfPage\":{\"@id\":\"https:\/\/www.notibras.com\/site\/marcha-da-familia-acaba-em-confrontos-entre-grupos-no-rio\/#primaryimage\"},\"image\":{\"@id\":\"https:\/\/www.notibras.com\/site\/marcha-da-familia-acaba-em-confrontos-entre-grupos-no-rio\/#primaryimage\"},\"thumbnailUrl\":\"https:\/\/www.notibras.com\/site\/wp-content\/uploads\/2014\/03\/908301-protesto_rj_militares33.jpg\",\"datePublished\":\"2014-03-22T23:10:46+00:00\",\"dateModified\":\"2014-03-22T23:16:03+00:00\",\"breadcrumb\":{\"@id\":\"https:\/\/www.notibras.com\/site\/marcha-da-familia-acaba-em-confrontos-entre-grupos-no-rio\/#breadcrumb\"},\"inLanguage\":\"pt-BR\",\"potentialAction\":[{\"@type\":\"ReadAction\",\"target\":[\"https:\/\/www.notibras.com\/site\/marcha-da-familia-acaba-em-confrontos-entre-grupos-no-rio\/\"]}]},{\"@type\":\"ImageObject\",\"inLanguage\":\"pt-BR\",\"@id\":\"https:\/\/www.notibras.com\/site\/marcha-da-familia-acaba-em-confrontos-entre-grupos-no-rio\/#primaryimage\",\"url\":\"https:\/\/www.notibras.com\/site\/wp-content\/uploads\/2014\/03\/908301-protesto_rj_militares33.jpg\",\"contentUrl\":\"https:\/\/www.notibras.com\/site\/wp-content\/uploads\/2014\/03\/908301-protesto_rj_militares33.jpg\",\"width\":277,\"height\":160},{\"@type\":\"BreadcrumbList\",\"@id\":\"https:\/\/www.notibras.com\/site\/marcha-da-familia-acaba-em-confrontos-entre-grupos-no-rio\/#breadcrumb\",\"itemListElement\":[{\"@type\":\"ListItem\",\"position\":1,\"name\":\"In\u00edcio\",\"item\":\"https:\/\/www.notibras.com\/site\/\"},{\"@type\":\"ListItem\",\"position\":2,\"name\":\"&#8216;Marcha da Fam\u00edlia&#8217; acaba em confronto de grupos no Rio\"}]},{\"@type\":\"WebSite\",\"@id\":\"https:\/\/www.notibras.com\/site\/#website\",\"url\":\"https:\/\/www.notibras.com\/site\/\",\"name\":\"Notibras\",\"description\":\"Not\u00edcias de Bras\u00edlia, do Brasil e do Mundo\",\"publisher\":{\"@id\":\"https:\/\/www.notibras.com\/site\/#organization\"},\"potentialAction\":[{\"@type\":\"SearchAction\",\"target\":{\"@type\":\"EntryPoint\",\"urlTemplate\":\"https:\/\/www.notibras.com\/site\/?s={search_term_string}\"},\"query-input\":{\"@type\":\"PropertyValueSpecification\",\"valueRequired\":true,\"valueName\":\"search_term_string\"}}],\"inLanguage\":\"pt-BR\"},{\"@type\":\"Organization\",\"@id\":\"https:\/\/www.notibras.com\/site\/#organization\",\"name\":\"Grupo Notibras de Comunica\u00e7\u00e3o\",\"url\":\"https:\/\/www.notibras.com\/site\/\",\"logo\":{\"@type\":\"ImageObject\",\"inLanguage\":\"pt-BR\",\"@id\":\"https:\/\/www.notibras.com\/site\/#\/schema\/logo\/image\/\",\"url\":\"https:\/\/www.notibras.com\/site\/wp-content\/uploads\/2023\/01\/notibras23.png\",\"contentUrl\":\"https:\/\/www.notibras.com\/site\/wp-content\/uploads\/2023\/01\/notibras23.png\",\"width\":350,\"height\":87,\"caption\":\"Grupo Notibras de Comunica\u00e7\u00e3o\"},\"image\":{\"@id\":\"https:\/\/www.notibras.com\/site\/#\/schema\/logo\/image\/\"},\"sameAs\":[\"https:\/\/www.facebook.com\/notibras\/\",\"https:\/\/x.com\/Notibras\",\"https:\/\/www.instagram.com\/notibras\/\"]},{\"@type\":\"Person\",\"@id\":\"https:\/\/www.notibras.com\/site\/#\/schema\/person\/36ab0979449956132d3e5b517ea76ac8\",\"name\":\"Reda\u00e7\u00e3o\",\"image\":{\"@type\":\"ImageObject\",\"inLanguage\":\"pt-BR\",\"@id\":\"https:\/\/secure.gravatar.com\/avatar\/e0a867bdedb85fd243eadf09663511f96fc81e0720a4a42581f334ad4303aa6b?s=96&d=mm&r=g\",\"url\":\"https:\/\/secure.gravatar.com\/avatar\/e0a867bdedb85fd243eadf09663511f96fc81e0720a4a42581f334ad4303aa6b?s=96&d=mm&r=g\",\"contentUrl\":\"https:\/\/secure.gravatar.com\/avatar\/e0a867bdedb85fd243eadf09663511f96fc81e0720a4a42581f334ad4303aa6b?s=96&d=mm&r=g\",\"caption\":\"Reda\u00e7\u00e3o\"}}]}<\/script>\n<!-- \/ Yoast SEO plugin. -->","yoast_head_json":{"title":"'Marcha da Fam\u00edlia' acaba em confronto de grupos no Rio - Notibras","robots":{"index":"index","follow":"follow","max-snippet":"max-snippet:-1","max-image-preview":"max-image-preview:large","max-video-preview":"max-video-preview:-1"},"canonical":"https:\/\/www.notibras.com\/site\/marcha-da-familia-acaba-em-confrontos-entre-grupos-no-rio\/","og_locale":"pt_BR","og_type":"article","og_title":"'Marcha da Fam\u00edlia' acaba em confronto de grupos no Rio - Notibras","og_description":"Ap\u00f3s chamarem de &#8220;fascistas&#8221; e &#8220;terroristas&#8221;, manifestantes contra e a favor de uma interven\u00e7\u00e3o militar no Brasil entraram em confronto neste s\u00e1bado (22), em frente ao Pal\u00e1cio Duque de Caxias, no centro do Rio, e policiais militares do Batalh\u00e3o de Grandes Eventos usaram cassetetes e balas de borracha para acabar com a confus\u00e3o. Um grupo [&hellip;]","og_url":"https:\/\/www.notibras.com\/site\/marcha-da-familia-acaba-em-confrontos-entre-grupos-no-rio\/","og_site_name":"Notibras","article_publisher":"https:\/\/www.facebook.com\/notibras\/","article_published_time":"2014-03-22T23:10:46+00:00","article_modified_time":"2014-03-22T23:16:03+00:00","og_image":[{"width":277,"height":160,"url":"https:\/\/www.notibras.com\/site\/wp-content\/uploads\/2014\/03\/908301-protesto_rj_militares33.jpg","type":"image\/jpeg"}],"author":"Reda\u00e7\u00e3o","twitter_card":"summary_large_image","twitter_creator":"@Notibras","twitter_site":"@Notibras","twitter_misc":{"Escrito por":"Reda\u00e7\u00e3o","Est. tempo de leitura":"5 minutos"},"schema":{"@context":"https:\/\/schema.org","@graph":[{"@type":"Article","@id":"https:\/\/www.notibras.com\/site\/marcha-da-familia-acaba-em-confrontos-entre-grupos-no-rio\/#article","isPartOf":{"@id":"https:\/\/www.notibras.com\/site\/marcha-da-familia-acaba-em-confrontos-entre-grupos-no-rio\/"},"author":{"name":"Reda\u00e7\u00e3o","@id":"https:\/\/www.notibras.com\/site\/#\/schema\/person\/36ab0979449956132d3e5b517ea76ac8"},"headline":"&#8216;Marcha da Fam\u00edlia&#8217; acaba em confronto de grupos no Rio","datePublished":"2014-03-22T23:10:46+00:00","dateModified":"2014-03-22T23:16:03+00:00","mainEntityOfPage":{"@id":"https:\/\/www.notibras.com\/site\/marcha-da-familia-acaba-em-confrontos-entre-grupos-no-rio\/"},"wordCount":912,"commentCount":0,"publisher":{"@id":"https:\/\/www.notibras.com\/site\/#organization"},"image":{"@id":"https:\/\/www.notibras.com\/site\/marcha-da-familia-acaba-em-confrontos-entre-grupos-no-rio\/#primaryimage"},"thumbnailUrl":"https:\/\/www.notibras.com\/site\/wp-content\/uploads\/2014\/03\/908301-protesto_rj_militares33.jpg","articleSection":["Brasil"],"inLanguage":"pt-BR","potentialAction":[{"@type":"CommentAction","name":"Comment","target":["https:\/\/www.notibras.com\/site\/marcha-da-familia-acaba-em-confrontos-entre-grupos-no-rio\/#respond"]}]},{"@type":"WebPage","@id":"https:\/\/www.notibras.com\/site\/marcha-da-familia-acaba-em-confrontos-entre-grupos-no-rio\/","url":"https:\/\/www.notibras.com\/site\/marcha-da-familia-acaba-em-confrontos-entre-grupos-no-rio\/","name":"'Marcha da Fam\u00edlia' acaba em confronto de grupos no Rio - Notibras","isPartOf":{"@id":"https:\/\/www.notibras.com\/site\/#website"},"primaryImageOfPage":{"@id":"https:\/\/www.notibras.com\/site\/marcha-da-familia-acaba-em-confrontos-entre-grupos-no-rio\/#primaryimage"},"image":{"@id":"https:\/\/www.notibras.com\/site\/marcha-da-familia-acaba-em-confrontos-entre-grupos-no-rio\/#primaryimage"},"thumbnailUrl":"https:\/\/www.notibras.com\/site\/wp-content\/uploads\/2014\/03\/908301-protesto_rj_militares33.jpg","datePublished":"2014-03-22T23:10:46+00:00","dateModified":"2014-03-22T23:16:03+00:00","breadcrumb":{"@id":"https:\/\/www.notibras.com\/site\/marcha-da-familia-acaba-em-confrontos-entre-grupos-no-rio\/#breadcrumb"},"inLanguage":"pt-BR","potentialAction":[{"@type":"ReadAction","target":["https:\/\/www.notibras.com\/site\/marcha-da-familia-acaba-em-confrontos-entre-grupos-no-rio\/"]}]},{"@type":"ImageObject","inLanguage":"pt-BR","@id":"https:\/\/www.notibras.com\/site\/marcha-da-familia-acaba-em-confrontos-entre-grupos-no-rio\/#primaryimage","url":"https:\/\/www.notibras.com\/site\/wp-content\/uploads\/2014\/03\/908301-protesto_rj_militares33.jpg","contentUrl":"https:\/\/www.notibras.com\/site\/wp-content\/uploads\/2014\/03\/908301-protesto_rj_militares33.jpg","width":277,"height":160},{"@type":"BreadcrumbList","@id":"https:\/\/www.notibras.com\/site\/marcha-da-familia-acaba-em-confrontos-entre-grupos-no-rio\/#breadcrumb","itemListElement":[{"@type":"ListItem","position":1,"name":"In\u00edcio","item":"https:\/\/www.notibras.com\/site\/"},{"@type":"ListItem","position":2,"name":"&#8216;Marcha da Fam\u00edlia&#8217; acaba em confronto de grupos no Rio"}]},{"@type":"WebSite","@id":"https:\/\/www.notibras.com\/site\/#website","url":"https:\/\/www.notibras.com\/site\/","name":"Notibras","description":"Not\u00edcias de Bras\u00edlia, do Brasil e do Mundo","publisher":{"@id":"https:\/\/www.notibras.com\/site\/#organization"},"potentialAction":[{"@type":"SearchAction","target":{"@type":"EntryPoint","urlTemplate":"https:\/\/www.notibras.com\/site\/?s={search_term_string}"},"query-input":{"@type":"PropertyValueSpecification","valueRequired":true,"valueName":"search_term_string"}}],"inLanguage":"pt-BR"},{"@type":"Organization","@id":"https:\/\/www.notibras.com\/site\/#organization","name":"Grupo Notibras de Comunica\u00e7\u00e3o","url":"https:\/\/www.notibras.com\/site\/","logo":{"@type":"ImageObject","inLanguage":"pt-BR","@id":"https:\/\/www.notibras.com\/site\/#\/schema\/logo\/image\/","url":"https:\/\/www.notibras.com\/site\/wp-content\/uploads\/2023\/01\/notibras23.png","contentUrl":"https:\/\/www.notibras.com\/site\/wp-content\/uploads\/2023\/01\/notibras23.png","width":350,"height":87,"caption":"Grupo Notibras de Comunica\u00e7\u00e3o"},"image":{"@id":"https:\/\/www.notibras.com\/site\/#\/schema\/logo\/image\/"},"sameAs":["https:\/\/www.facebook.com\/notibras\/","https:\/\/x.com\/Notibras","https:\/\/www.instagram.com\/notibras\/"]},{"@type":"Person","@id":"https:\/\/www.notibras.com\/site\/#\/schema\/person\/36ab0979449956132d3e5b517ea76ac8","name":"Reda\u00e7\u00e3o","image":{"@type":"ImageObject","inLanguage":"pt-BR","@id":"https:\/\/secure.gravatar.com\/avatar\/e0a867bdedb85fd243eadf09663511f96fc81e0720a4a42581f334ad4303aa6b?s=96&d=mm&r=g","url":"https:\/\/secure.gravatar.com\/avatar\/e0a867bdedb85fd243eadf09663511f96fc81e0720a4a42581f334ad4303aa6b?s=96&d=mm&r=g","contentUrl":"https:\/\/secure.gravatar.com\/avatar\/e0a867bdedb85fd243eadf09663511f96fc81e0720a4a42581f334ad4303aa6b?s=96&d=mm&r=g","caption":"Reda\u00e7\u00e3o"}}]}},"amp_enabled":true,"_links":{"self":[{"href":"https:\/\/www.notibras.com\/site\/wp-json\/wp\/v2\/posts\/5017","targetHints":{"allow":["GET"]}}],"collection":[{"href":"https:\/\/www.notibras.com\/site\/wp-json\/wp\/v2\/posts"}],"about":[{"href":"https:\/\/www.notibras.com\/site\/wp-json\/wp\/v2\/types\/post"}],"author":[{"embeddable":true,"href":"https:\/\/www.notibras.com\/site\/wp-json\/wp\/v2\/users\/2"}],"replies":[{"embeddable":true,"href":"https:\/\/www.notibras.com\/site\/wp-json\/wp\/v2\/comments?post=5017"}],"version-history":[{"count":0,"href":"https:\/\/www.notibras.com\/site\/wp-json\/wp\/v2\/posts\/5017\/revisions"}],"wp:featuredmedia":[{"embeddable":true,"href":"https:\/\/www.notibras.com\/site\/wp-json\/wp\/v2\/media\/5018"}],"wp:attachment":[{"href":"https:\/\/www.notibras.com\/site\/wp-json\/wp\/v2\/media?parent=5017"}],"wp:term":[{"taxonomy":"category","embeddable":true,"href":"https:\/\/www.notibras.com\/site\/wp-json\/wp\/v2\/categories?post=5017"},{"taxonomy":"post_tag","embeddable":true,"href":"https:\/\/www.notibras.com\/site\/wp-json\/wp\/v2\/tags?post=5017"}],"curies":[{"name":"wp","href":"https:\/\/api.w.org\/{rel}","templated":true}]}}