{"id":50170,"date":"2015-05-24T11:45:09","date_gmt":"2015-05-24T14:45:09","guid":{"rendered":"http:\/\/www.notibras.com\/site\/?p=50170"},"modified":"2015-05-24T11:46:58","modified_gmt":"2015-05-24T14:46:58","slug":"usuario-de-onibus-do-gama-vive-sob-sol-e-chuva-em-ponto-sem-cobertura","status":"publish","type":"post","link":"https:\/\/www.notibras.com\/site\/usuario-de-onibus-do-gama-vive-sob-sol-e-chuva-em-ponto-sem-cobertura\/","title":{"rendered":"Morador do Gama vive sob sol e chuva em ponto sem cobertura"},"content":{"rendered":"<p>Tayn\u00e1 Costa, moradora do Setor Central do Gama, reclama da falta de paradas de \u00f4nibus cobertas na Avenida JK, uma das principais da cidade. Tayn\u00e1 relata que desde 2013, ap\u00f3s algumas obras na regi\u00e3o, os moradores ficaram sem abrigos de \u00f4nibus. \u201cQuem quiser esperar o \u00f4nibus, t\u00eam que ficar em p\u00e9 exposto \u00e0 chuva e ao sol\u201d afirma.<\/p>\n","protected":false},"excerpt":{"rendered":"<p>Tayn\u00e1 Costa, moradora do Setor Central do Gama, reclama da falta de paradas de \u00f4nibus cobertas na Avenida JK, uma das principais da cidade. Tayn\u00e1 relata que desde 2013, ap\u00f3s algumas obras na regi\u00e3o, os moradores ficaram sem abrigos de \u00f4nibus. \u201cQuem quiser esperar o \u00f4nibus, t\u00eam que ficar em p\u00e9 exposto \u00e0 chuva e [&hellip;]<\/p>\n","protected":false},"author":2,"featured_media":50171,"comment_status":"open","ping_status":"closed","sticky":false,"template":"","format":"standard","meta":{"_acf_changed":false,"footnotes":""},"categories":[40],"tags":[],"class_list":["post-50170","post","type-post","status-publish","format-standard","has-post-thumbnail","hentry","category-zapzap-das-quadras"],"acf":[],"yoast_head":"<!-- This site is optimized with the Yoast SEO plugin v27.2 - https:\/\/yoast.com\/product\/yoast-seo-wordpress\/ -->\n<title>Morador do Gama vive sob sol e chuva em ponto sem cobertura - Notibras<\/title>\n<meta name=\"robots\" content=\"index, follow, max-snippet:-1, max-image-preview:large, max-video-preview:-1\" \/>\n<link rel=\"canonical\" href=\"https:\/\/www.notibras.com\/site\/usuario-de-onibus-do-gama-vive-sob-sol-e-chuva-em-ponto-sem-cobertura\/\" \/>\n<meta property=\"og:locale\" content=\"pt_BR\" \/>\n<meta property=\"og:type\" content=\"article\" \/>\n<meta property=\"og:title\" content=\"Morador do Gama vive sob sol e chuva em ponto sem cobertura - Notibras\" \/>\n<meta property=\"og:description\" content=\"Tayn\u00e1 Costa, moradora do Setor Central do Gama, reclama da falta de paradas de \u00f4nibus cobertas na Avenida JK, uma das principais da cidade. Tayn\u00e1 relata que desde 2013, ap\u00f3s algumas obras na regi\u00e3o, os moradores ficaram sem abrigos de \u00f4nibus. \u201cQuem quiser esperar o \u00f4nibus, t\u00eam que ficar em p\u00e9 exposto \u00e0 chuva e [&hellip;]\" \/>\n<meta property=\"og:url\" content=\"https:\/\/www.notibras.com\/site\/usuario-de-onibus-do-gama-vive-sob-sol-e-chuva-em-ponto-sem-cobertura\/\" \/>\n<meta property=\"og:site_name\" content=\"Notibras\" \/>\n<meta property=\"article:publisher\" content=\"https:\/\/www.facebook.com\/notibras\/\" \/>\n<meta property=\"article:published_time\" content=\"2015-05-24T14:45:09+00:00\" \/>\n<meta property=\"article:modified_time\" content=\"2015-05-24T14:46:58+00:00\" \/>\n<meta property=\"og:image\" content=\"https:\/\/www.notibras.com\/site\/wp-content\/uploads\/2015\/05\/Avenida-JK-Gama-2015-05-11-manha_-chuva-ponto-o_nibus_DS-C07966.jpg\" \/>\n\t<meta property=\"og:image:width\" content=\"400\" \/>\n\t<meta property=\"og:image:height\" content=\"300\" \/>\n\t<meta property=\"og:image:type\" content=\"image\/jpeg\" \/>\n<meta name=\"author\" content=\"Reda\u00e7\u00e3o\" \/>\n<meta name=\"twitter:card\" content=\"summary_large_image\" \/>\n<meta name=\"twitter:creator\" content=\"@Notibras\" \/>\n<meta name=\"twitter:site\" content=\"@Notibras\" \/>\n<meta name=\"twitter:label1\" content=\"Escrito por\" \/>\n\t<meta name=\"twitter:data1\" content=\"Reda\u00e7\u00e3o\" \/>\n<script type=\"application\/ld+json\" class=\"yoast-schema-graph\">{\"@context\":\"https:\/\/schema.org\",\"@graph\":[{\"@type\":\"Article\",\"@id\":\"https:\/\/www.notibras.com\/site\/usuario-de-onibus-do-gama-vive-sob-sol-e-chuva-em-ponto-sem-cobertura\/#article\",\"isPartOf\":{\"@id\":\"https:\/\/www.notibras.com\/site\/usuario-de-onibus-do-gama-vive-sob-sol-e-chuva-em-ponto-sem-cobertura\/\"},\"author\":{\"name\":\"Reda\u00e7\u00e3o\",\"@id\":\"https:\/\/www.notibras.com\/site\/#\/schema\/person\/36ab0979449956132d3e5b517ea76ac8\"},\"headline\":\"Morador do Gama vive sob sol e chuva em ponto sem cobertura\",\"datePublished\":\"2015-05-24T14:45:09+00:00\",\"dateModified\":\"2015-05-24T14:46:58+00:00\",\"mainEntityOfPage\":{\"@id\":\"https:\/\/www.notibras.com\/site\/usuario-de-onibus-do-gama-vive-sob-sol-e-chuva-em-ponto-sem-cobertura\/\"},\"wordCount\":71,\"commentCount\":0,\"publisher\":{\"@id\":\"https:\/\/www.notibras.com\/site\/#organization\"},\"image\":{\"@id\":\"https:\/\/www.notibras.com\/site\/usuario-de-onibus-do-gama-vive-sob-sol-e-chuva-em-ponto-sem-cobertura\/#primaryimage\"},\"thumbnailUrl\":\"https:\/\/www.notibras.com\/site\/wp-content\/uploads\/2015\/05\/Avenida-JK-Gama-2015-05-11-manha_-chuva-ponto-o_nibus_DS-C07966.jpg\",\"articleSection\":[\"ZapZap das Quadras\"],\"inLanguage\":\"pt-BR\",\"potentialAction\":[{\"@type\":\"CommentAction\",\"name\":\"Comment\",\"target\":[\"https:\/\/www.notibras.com\/site\/usuario-de-onibus-do-gama-vive-sob-sol-e-chuva-em-ponto-sem-cobertura\/#respond\"]}]},{\"@type\":\"WebPage\",\"@id\":\"https:\/\/www.notibras.com\/site\/usuario-de-onibus-do-gama-vive-sob-sol-e-chuva-em-ponto-sem-cobertura\/\",\"url\":\"https:\/\/www.notibras.com\/site\/usuario-de-onibus-do-gama-vive-sob-sol-e-chuva-em-ponto-sem-cobertura\/\",\"name\":\"Morador do Gama vive sob sol e chuva em ponto sem cobertura - Notibras\",\"isPartOf\":{\"@id\":\"https:\/\/www.notibras.com\/site\/#website\"},\"primaryImageOfPage\":{\"@id\":\"https:\/\/www.notibras.com\/site\/usuario-de-onibus-do-gama-vive-sob-sol-e-chuva-em-ponto-sem-cobertura\/#primaryimage\"},\"image\":{\"@id\":\"https:\/\/www.notibras.com\/site\/usuario-de-onibus-do-gama-vive-sob-sol-e-chuva-em-ponto-sem-cobertura\/#primaryimage\"},\"thumbnailUrl\":\"https:\/\/www.notibras.com\/site\/wp-content\/uploads\/2015\/05\/Avenida-JK-Gama-2015-05-11-manha_-chuva-ponto-o_nibus_DS-C07966.jpg\",\"datePublished\":\"2015-05-24T14:45:09+00:00\",\"dateModified\":\"2015-05-24T14:46:58+00:00\",\"breadcrumb\":{\"@id\":\"https:\/\/www.notibras.com\/site\/usuario-de-onibus-do-gama-vive-sob-sol-e-chuva-em-ponto-sem-cobertura\/#breadcrumb\"},\"inLanguage\":\"pt-BR\",\"potentialAction\":[{\"@type\":\"ReadAction\",\"target\":[\"https:\/\/www.notibras.com\/site\/usuario-de-onibus-do-gama-vive-sob-sol-e-chuva-em-ponto-sem-cobertura\/\"]}]},{\"@type\":\"ImageObject\",\"inLanguage\":\"pt-BR\",\"@id\":\"https:\/\/www.notibras.com\/site\/usuario-de-onibus-do-gama-vive-sob-sol-e-chuva-em-ponto-sem-cobertura\/#primaryimage\",\"url\":\"https:\/\/www.notibras.com\/site\/wp-content\/uploads\/2015\/05\/Avenida-JK-Gama-2015-05-11-manha_-chuva-ponto-o_nibus_DS-C07966.jpg\",\"contentUrl\":\"https:\/\/www.notibras.com\/site\/wp-content\/uploads\/2015\/05\/Avenida-JK-Gama-2015-05-11-manha_-chuva-ponto-o_nibus_DS-C07966.jpg\",\"width\":400,\"height\":300},{\"@type\":\"BreadcrumbList\",\"@id\":\"https:\/\/www.notibras.com\/site\/usuario-de-onibus-do-gama-vive-sob-sol-e-chuva-em-ponto-sem-cobertura\/#breadcrumb\",\"itemListElement\":[{\"@type\":\"ListItem\",\"position\":1,\"name\":\"In\u00edcio\",\"item\":\"https:\/\/www.notibras.com\/site\/\"},{\"@type\":\"ListItem\",\"position\":2,\"name\":\"Morador do Gama vive sob sol e chuva em ponto sem cobertura\"}]},{\"@type\":\"WebSite\",\"@id\":\"https:\/\/www.notibras.com\/site\/#website\",\"url\":\"https:\/\/www.notibras.com\/site\/\",\"name\":\"Notibras\",\"description\":\"Not\u00edcias de Bras\u00edlia, do Brasil e do Mundo\",\"publisher\":{\"@id\":\"https:\/\/www.notibras.com\/site\/#organization\"},\"potentialAction\":[{\"@type\":\"SearchAction\",\"target\":{\"@type\":\"EntryPoint\",\"urlTemplate\":\"https:\/\/www.notibras.com\/site\/?s={search_term_string}\"},\"query-input\":{\"@type\":\"PropertyValueSpecification\",\"valueRequired\":true,\"valueName\":\"search_term_string\"}}],\"inLanguage\":\"pt-BR\"},{\"@type\":\"Organization\",\"@id\":\"https:\/\/www.notibras.com\/site\/#organization\",\"name\":\"Grupo Notibras de Comunica\u00e7\u00e3o\",\"url\":\"https:\/\/www.notibras.com\/site\/\",\"logo\":{\"@type\":\"ImageObject\",\"inLanguage\":\"pt-BR\",\"@id\":\"https:\/\/www.notibras.com\/site\/#\/schema\/logo\/image\/\",\"url\":\"https:\/\/www.notibras.com\/site\/wp-content\/uploads\/2023\/01\/notibras23.png\",\"contentUrl\":\"https:\/\/www.notibras.com\/site\/wp-content\/uploads\/2023\/01\/notibras23.png\",\"width\":350,\"height\":87,\"caption\":\"Grupo Notibras de Comunica\u00e7\u00e3o\"},\"image\":{\"@id\":\"https:\/\/www.notibras.com\/site\/#\/schema\/logo\/image\/\"},\"sameAs\":[\"https:\/\/www.facebook.com\/notibras\/\",\"https:\/\/x.com\/Notibras\",\"https:\/\/www.instagram.com\/notibras\/\"]},{\"@type\":\"Person\",\"@id\":\"https:\/\/www.notibras.com\/site\/#\/schema\/person\/36ab0979449956132d3e5b517ea76ac8\",\"name\":\"Reda\u00e7\u00e3o\",\"image\":{\"@type\":\"ImageObject\",\"inLanguage\":\"pt-BR\",\"@id\":\"https:\/\/secure.gravatar.com\/avatar\/e0a867bdedb85fd243eadf09663511f96fc81e0720a4a42581f334ad4303aa6b?s=96&d=mm&r=g\",\"url\":\"https:\/\/secure.gravatar.com\/avatar\/e0a867bdedb85fd243eadf09663511f96fc81e0720a4a42581f334ad4303aa6b?s=96&d=mm&r=g\",\"contentUrl\":\"https:\/\/secure.gravatar.com\/avatar\/e0a867bdedb85fd243eadf09663511f96fc81e0720a4a42581f334ad4303aa6b?s=96&d=mm&r=g\",\"caption\":\"Reda\u00e7\u00e3o\"}}]}<\/script>\n<!-- \/ Yoast SEO plugin. -->","yoast_head_json":{"title":"Morador do Gama vive sob sol e chuva em ponto sem cobertura - Notibras","robots":{"index":"index","follow":"follow","max-snippet":"max-snippet:-1","max-image-preview":"max-image-preview:large","max-video-preview":"max-video-preview:-1"},"canonical":"https:\/\/www.notibras.com\/site\/usuario-de-onibus-do-gama-vive-sob-sol-e-chuva-em-ponto-sem-cobertura\/","og_locale":"pt_BR","og_type":"article","og_title":"Morador do Gama vive sob sol e chuva em ponto sem cobertura - Notibras","og_description":"Tayn\u00e1 Costa, moradora do Setor Central do Gama, reclama da falta de paradas de \u00f4nibus cobertas na Avenida JK, uma das principais da cidade. Tayn\u00e1 relata que desde 2013, ap\u00f3s algumas obras na regi\u00e3o, os moradores ficaram sem abrigos de \u00f4nibus. \u201cQuem quiser esperar o \u00f4nibus, t\u00eam que ficar em p\u00e9 exposto \u00e0 chuva e [&hellip;]","og_url":"https:\/\/www.notibras.com\/site\/usuario-de-onibus-do-gama-vive-sob-sol-e-chuva-em-ponto-sem-cobertura\/","og_site_name":"Notibras","article_publisher":"https:\/\/www.facebook.com\/notibras\/","article_published_time":"2015-05-24T14:45:09+00:00","article_modified_time":"2015-05-24T14:46:58+00:00","og_image":[{"width":400,"height":300,"url":"https:\/\/www.notibras.com\/site\/wp-content\/uploads\/2015\/05\/Avenida-JK-Gama-2015-05-11-manha_-chuva-ponto-o_nibus_DS-C07966.jpg","type":"image\/jpeg"}],"author":"Reda\u00e7\u00e3o","twitter_card":"summary_large_image","twitter_creator":"@Notibras","twitter_site":"@Notibras","twitter_misc":{"Escrito por":"Reda\u00e7\u00e3o"},"schema":{"@context":"https:\/\/schema.org","@graph":[{"@type":"Article","@id":"https:\/\/www.notibras.com\/site\/usuario-de-onibus-do-gama-vive-sob-sol-e-chuva-em-ponto-sem-cobertura\/#article","isPartOf":{"@id":"https:\/\/www.notibras.com\/site\/usuario-de-onibus-do-gama-vive-sob-sol-e-chuva-em-ponto-sem-cobertura\/"},"author":{"name":"Reda\u00e7\u00e3o","@id":"https:\/\/www.notibras.com\/site\/#\/schema\/person\/36ab0979449956132d3e5b517ea76ac8"},"headline":"Morador do Gama vive sob sol e chuva em ponto sem cobertura","datePublished":"2015-05-24T14:45:09+00:00","dateModified":"2015-05-24T14:46:58+00:00","mainEntityOfPage":{"@id":"https:\/\/www.notibras.com\/site\/usuario-de-onibus-do-gama-vive-sob-sol-e-chuva-em-ponto-sem-cobertura\/"},"wordCount":71,"commentCount":0,"publisher":{"@id":"https:\/\/www.notibras.com\/site\/#organization"},"image":{"@id":"https:\/\/www.notibras.com\/site\/usuario-de-onibus-do-gama-vive-sob-sol-e-chuva-em-ponto-sem-cobertura\/#primaryimage"},"thumbnailUrl":"https:\/\/www.notibras.com\/site\/wp-content\/uploads\/2015\/05\/Avenida-JK-Gama-2015-05-11-manha_-chuva-ponto-o_nibus_DS-C07966.jpg","articleSection":["ZapZap das Quadras"],"inLanguage":"pt-BR","potentialAction":[{"@type":"CommentAction","name":"Comment","target":["https:\/\/www.notibras.com\/site\/usuario-de-onibus-do-gama-vive-sob-sol-e-chuva-em-ponto-sem-cobertura\/#respond"]}]},{"@type":"WebPage","@id":"https:\/\/www.notibras.com\/site\/usuario-de-onibus-do-gama-vive-sob-sol-e-chuva-em-ponto-sem-cobertura\/","url":"https:\/\/www.notibras.com\/site\/usuario-de-onibus-do-gama-vive-sob-sol-e-chuva-em-ponto-sem-cobertura\/","name":"Morador do Gama vive sob sol e chuva em ponto sem cobertura - Notibras","isPartOf":{"@id":"https:\/\/www.notibras.com\/site\/#website"},"primaryImageOfPage":{"@id":"https:\/\/www.notibras.com\/site\/usuario-de-onibus-do-gama-vive-sob-sol-e-chuva-em-ponto-sem-cobertura\/#primaryimage"},"image":{"@id":"https:\/\/www.notibras.com\/site\/usuario-de-onibus-do-gama-vive-sob-sol-e-chuva-em-ponto-sem-cobertura\/#primaryimage"},"thumbnailUrl":"https:\/\/www.notibras.com\/site\/wp-content\/uploads\/2015\/05\/Avenida-JK-Gama-2015-05-11-manha_-chuva-ponto-o_nibus_DS-C07966.jpg","datePublished":"2015-05-24T14:45:09+00:00","dateModified":"2015-05-24T14:46:58+00:00","breadcrumb":{"@id":"https:\/\/www.notibras.com\/site\/usuario-de-onibus-do-gama-vive-sob-sol-e-chuva-em-ponto-sem-cobertura\/#breadcrumb"},"inLanguage":"pt-BR","potentialAction":[{"@type":"ReadAction","target":["https:\/\/www.notibras.com\/site\/usuario-de-onibus-do-gama-vive-sob-sol-e-chuva-em-ponto-sem-cobertura\/"]}]},{"@type":"ImageObject","inLanguage":"pt-BR","@id":"https:\/\/www.notibras.com\/site\/usuario-de-onibus-do-gama-vive-sob-sol-e-chuva-em-ponto-sem-cobertura\/#primaryimage","url":"https:\/\/www.notibras.com\/site\/wp-content\/uploads\/2015\/05\/Avenida-JK-Gama-2015-05-11-manha_-chuva-ponto-o_nibus_DS-C07966.jpg","contentUrl":"https:\/\/www.notibras.com\/site\/wp-content\/uploads\/2015\/05\/Avenida-JK-Gama-2015-05-11-manha_-chuva-ponto-o_nibus_DS-C07966.jpg","width":400,"height":300},{"@type":"BreadcrumbList","@id":"https:\/\/www.notibras.com\/site\/usuario-de-onibus-do-gama-vive-sob-sol-e-chuva-em-ponto-sem-cobertura\/#breadcrumb","itemListElement":[{"@type":"ListItem","position":1,"name":"In\u00edcio","item":"https:\/\/www.notibras.com\/site\/"},{"@type":"ListItem","position":2,"name":"Morador do Gama vive sob sol e chuva em ponto sem cobertura"}]},{"@type":"WebSite","@id":"https:\/\/www.notibras.com\/site\/#website","url":"https:\/\/www.notibras.com\/site\/","name":"Notibras","description":"Not\u00edcias de Bras\u00edlia, do Brasil e do Mundo","publisher":{"@id":"https:\/\/www.notibras.com\/site\/#organization"},"potentialAction":[{"@type":"SearchAction","target":{"@type":"EntryPoint","urlTemplate":"https:\/\/www.notibras.com\/site\/?s={search_term_string}"},"query-input":{"@type":"PropertyValueSpecification","valueRequired":true,"valueName":"search_term_string"}}],"inLanguage":"pt-BR"},{"@type":"Organization","@id":"https:\/\/www.notibras.com\/site\/#organization","name":"Grupo Notibras de Comunica\u00e7\u00e3o","url":"https:\/\/www.notibras.com\/site\/","logo":{"@type":"ImageObject","inLanguage":"pt-BR","@id":"https:\/\/www.notibras.com\/site\/#\/schema\/logo\/image\/","url":"https:\/\/www.notibras.com\/site\/wp-content\/uploads\/2023\/01\/notibras23.png","contentUrl":"https:\/\/www.notibras.com\/site\/wp-content\/uploads\/2023\/01\/notibras23.png","width":350,"height":87,"caption":"Grupo Notibras de Comunica\u00e7\u00e3o"},"image":{"@id":"https:\/\/www.notibras.com\/site\/#\/schema\/logo\/image\/"},"sameAs":["https:\/\/www.facebook.com\/notibras\/","https:\/\/x.com\/Notibras","https:\/\/www.instagram.com\/notibras\/"]},{"@type":"Person","@id":"https:\/\/www.notibras.com\/site\/#\/schema\/person\/36ab0979449956132d3e5b517ea76ac8","name":"Reda\u00e7\u00e3o","image":{"@type":"ImageObject","inLanguage":"pt-BR","@id":"https:\/\/secure.gravatar.com\/avatar\/e0a867bdedb85fd243eadf09663511f96fc81e0720a4a42581f334ad4303aa6b?s=96&d=mm&r=g","url":"https:\/\/secure.gravatar.com\/avatar\/e0a867bdedb85fd243eadf09663511f96fc81e0720a4a42581f334ad4303aa6b?s=96&d=mm&r=g","contentUrl":"https:\/\/secure.gravatar.com\/avatar\/e0a867bdedb85fd243eadf09663511f96fc81e0720a4a42581f334ad4303aa6b?s=96&d=mm&r=g","caption":"Reda\u00e7\u00e3o"}}]}},"amp_enabled":true,"_links":{"self":[{"href":"https:\/\/www.notibras.com\/site\/wp-json\/wp\/v2\/posts\/50170","targetHints":{"allow":["GET"]}}],"collection":[{"href":"https:\/\/www.notibras.com\/site\/wp-json\/wp\/v2\/posts"}],"about":[{"href":"https:\/\/www.notibras.com\/site\/wp-json\/wp\/v2\/types\/post"}],"author":[{"embeddable":true,"href":"https:\/\/www.notibras.com\/site\/wp-json\/wp\/v2\/users\/2"}],"replies":[{"embeddable":true,"href":"https:\/\/www.notibras.com\/site\/wp-json\/wp\/v2\/comments?post=50170"}],"version-history":[{"count":0,"href":"https:\/\/www.notibras.com\/site\/wp-json\/wp\/v2\/posts\/50170\/revisions"}],"wp:featuredmedia":[{"embeddable":true,"href":"https:\/\/www.notibras.com\/site\/wp-json\/wp\/v2\/media\/50171"}],"wp:attachment":[{"href":"https:\/\/www.notibras.com\/site\/wp-json\/wp\/v2\/media?parent=50170"}],"wp:term":[{"taxonomy":"category","embeddable":true,"href":"https:\/\/www.notibras.com\/site\/wp-json\/wp\/v2\/categories?post=50170"},{"taxonomy":"post_tag","embeddable":true,"href":"https:\/\/www.notibras.com\/site\/wp-json\/wp\/v2\/tags?post=50170"}],"curies":[{"name":"wp","href":"https:\/\/api.w.org\/{rel}","templated":true}]}}