{"id":50175,"date":"2015-05-24T11:49:50","date_gmt":"2015-05-24T14:49:50","guid":{"rendered":"http:\/\/www.notibras.com\/site\/?p=50175"},"modified":"2015-05-24T11:50:36","modified_gmt":"2015-05-24T14:50:36","slug":"cade-a-ponte-que-deveria-estar-aqui-rollemberg-nao-fez-diz-o-povo","status":"publish","type":"post","link":"https:\/\/www.notibras.com\/site\/cade-a-ponte-que-deveria-estar-aqui-rollemberg-nao-fez-diz-o-povo\/","title":{"rendered":"Cad\u00ea a ponte que deveria estar aqui? Rollemberg n\u00e3o fez"},"content":{"rendered":"<p>Adriana Cavalcanti, moradora da Zona Rural do Parano\u00e1, reclama da demora do governo em construir uma ponte sobre o c\u00f3rrego Carir\u00fa que passa pela regi\u00e3o. Ela ressalta que a \u00fanica ponte da \u00e1rea para a passagem de ve\u00edculos foi interditada, e at\u00e9 hoje os moradores aguardam a constru\u00e7\u00e3o de uma nova. \u201cEstamos isolados, temos que andar muito para chegar at\u00e9 depois da ponte para pegarmos a locomo\u00e7\u00e3o e enquanto esperamos o transporte, corremos o risco de desequilibrar e cair no c\u00f3rrego\u201d destaca.<\/p>\n","protected":false},"excerpt":{"rendered":"<p>Adriana Cavalcanti, moradora da Zona Rural do Parano\u00e1, reclama da demora do governo em construir uma ponte sobre o c\u00f3rrego Carir\u00fa que passa pela regi\u00e3o. Ela ressalta que a \u00fanica ponte da \u00e1rea para a passagem de ve\u00edculos foi interditada, e at\u00e9 hoje os moradores aguardam a constru\u00e7\u00e3o de uma nova. \u201cEstamos isolados, temos que [&hellip;]<\/p>\n","protected":false},"author":2,"featured_media":50176,"comment_status":"open","ping_status":"closed","sticky":false,"template":"","format":"standard","meta":{"_acf_changed":false,"footnotes":""},"categories":[40],"tags":[],"class_list":["post-50175","post","type-post","status-publish","format-standard","has-post-thumbnail","hentry","category-zapzap-das-quadras"],"acf":[],"yoast_head":"<!-- This site is optimized with the Yoast SEO plugin v27.2 - https:\/\/yoast.com\/product\/yoast-seo-wordpress\/ -->\n<title>Cad\u00ea a ponte que deveria estar aqui? Rollemberg n\u00e3o fez - Notibras<\/title>\n<meta name=\"robots\" content=\"index, follow, max-snippet:-1, max-image-preview:large, max-video-preview:-1\" \/>\n<link rel=\"canonical\" href=\"https:\/\/www.notibras.com\/site\/cade-a-ponte-que-deveria-estar-aqui-rollemberg-nao-fez-diz-o-povo\/\" \/>\n<meta property=\"og:locale\" content=\"pt_BR\" \/>\n<meta property=\"og:type\" content=\"article\" \/>\n<meta property=\"og:title\" content=\"Cad\u00ea a ponte que deveria estar aqui? Rollemberg n\u00e3o fez - Notibras\" \/>\n<meta property=\"og:description\" content=\"Adriana Cavalcanti, moradora da Zona Rural do Parano\u00e1, reclama da demora do governo em construir uma ponte sobre o c\u00f3rrego Carir\u00fa que passa pela regi\u00e3o. Ela ressalta que a \u00fanica ponte da \u00e1rea para a passagem de ve\u00edculos foi interditada, e at\u00e9 hoje os moradores aguardam a constru\u00e7\u00e3o de uma nova. \u201cEstamos isolados, temos que [&hellip;]\" \/>\n<meta property=\"og:url\" content=\"https:\/\/www.notibras.com\/site\/cade-a-ponte-que-deveria-estar-aqui-rollemberg-nao-fez-diz-o-povo\/\" \/>\n<meta property=\"og:site_name\" content=\"Notibras\" \/>\n<meta property=\"article:publisher\" content=\"https:\/\/www.facebook.com\/notibras\/\" \/>\n<meta property=\"article:published_time\" content=\"2015-05-24T14:49:50+00:00\" \/>\n<meta property=\"article:modified_time\" content=\"2015-05-24T14:50:36+00:00\" \/>\n<meta property=\"og:image\" content=\"https:\/\/www.notibras.com\/site\/wp-content\/uploads\/2015\/05\/Ponte-Parano\u00e1.jpg\" \/>\n\t<meta property=\"og:image:width\" content=\"400\" \/>\n\t<meta property=\"og:image:height\" content=\"300\" \/>\n\t<meta property=\"og:image:type\" content=\"image\/jpeg\" \/>\n<meta name=\"author\" content=\"Reda\u00e7\u00e3o\" \/>\n<meta name=\"twitter:card\" content=\"summary_large_image\" \/>\n<meta name=\"twitter:creator\" content=\"@Notibras\" \/>\n<meta name=\"twitter:site\" content=\"@Notibras\" \/>\n<meta name=\"twitter:label1\" content=\"Escrito por\" \/>\n\t<meta name=\"twitter:data1\" content=\"Reda\u00e7\u00e3o\" \/>\n<script type=\"application\/ld+json\" class=\"yoast-schema-graph\">{\"@context\":\"https:\/\/schema.org\",\"@graph\":[{\"@type\":\"Article\",\"@id\":\"https:\/\/www.notibras.com\/site\/cade-a-ponte-que-deveria-estar-aqui-rollemberg-nao-fez-diz-o-povo\/#article\",\"isPartOf\":{\"@id\":\"https:\/\/www.notibras.com\/site\/cade-a-ponte-que-deveria-estar-aqui-rollemberg-nao-fez-diz-o-povo\/\"},\"author\":{\"name\":\"Reda\u00e7\u00e3o\",\"@id\":\"https:\/\/www.notibras.com\/site\/#\/schema\/person\/36ab0979449956132d3e5b517ea76ac8\"},\"headline\":\"Cad\u00ea a ponte que deveria estar aqui? Rollemberg n\u00e3o fez\",\"datePublished\":\"2015-05-24T14:49:50+00:00\",\"dateModified\":\"2015-05-24T14:50:36+00:00\",\"mainEntityOfPage\":{\"@id\":\"https:\/\/www.notibras.com\/site\/cade-a-ponte-que-deveria-estar-aqui-rollemberg-nao-fez-diz-o-povo\/\"},\"wordCount\":99,\"commentCount\":0,\"publisher\":{\"@id\":\"https:\/\/www.notibras.com\/site\/#organization\"},\"image\":{\"@id\":\"https:\/\/www.notibras.com\/site\/cade-a-ponte-que-deveria-estar-aqui-rollemberg-nao-fez-diz-o-povo\/#primaryimage\"},\"thumbnailUrl\":\"https:\/\/www.notibras.com\/site\/wp-content\/uploads\/2015\/05\/Ponte-Parano\u00e1.jpg\",\"articleSection\":[\"ZapZap das Quadras\"],\"inLanguage\":\"pt-BR\",\"potentialAction\":[{\"@type\":\"CommentAction\",\"name\":\"Comment\",\"target\":[\"https:\/\/www.notibras.com\/site\/cade-a-ponte-que-deveria-estar-aqui-rollemberg-nao-fez-diz-o-povo\/#respond\"]}]},{\"@type\":\"WebPage\",\"@id\":\"https:\/\/www.notibras.com\/site\/cade-a-ponte-que-deveria-estar-aqui-rollemberg-nao-fez-diz-o-povo\/\",\"url\":\"https:\/\/www.notibras.com\/site\/cade-a-ponte-que-deveria-estar-aqui-rollemberg-nao-fez-diz-o-povo\/\",\"name\":\"Cad\u00ea a ponte que deveria estar aqui? Rollemberg n\u00e3o fez - Notibras\",\"isPartOf\":{\"@id\":\"https:\/\/www.notibras.com\/site\/#website\"},\"primaryImageOfPage\":{\"@id\":\"https:\/\/www.notibras.com\/site\/cade-a-ponte-que-deveria-estar-aqui-rollemberg-nao-fez-diz-o-povo\/#primaryimage\"},\"image\":{\"@id\":\"https:\/\/www.notibras.com\/site\/cade-a-ponte-que-deveria-estar-aqui-rollemberg-nao-fez-diz-o-povo\/#primaryimage\"},\"thumbnailUrl\":\"https:\/\/www.notibras.com\/site\/wp-content\/uploads\/2015\/05\/Ponte-Parano\u00e1.jpg\",\"datePublished\":\"2015-05-24T14:49:50+00:00\",\"dateModified\":\"2015-05-24T14:50:36+00:00\",\"breadcrumb\":{\"@id\":\"https:\/\/www.notibras.com\/site\/cade-a-ponte-que-deveria-estar-aqui-rollemberg-nao-fez-diz-o-povo\/#breadcrumb\"},\"inLanguage\":\"pt-BR\",\"potentialAction\":[{\"@type\":\"ReadAction\",\"target\":[\"https:\/\/www.notibras.com\/site\/cade-a-ponte-que-deveria-estar-aqui-rollemberg-nao-fez-diz-o-povo\/\"]}]},{\"@type\":\"ImageObject\",\"inLanguage\":\"pt-BR\",\"@id\":\"https:\/\/www.notibras.com\/site\/cade-a-ponte-que-deveria-estar-aqui-rollemberg-nao-fez-diz-o-povo\/#primaryimage\",\"url\":\"https:\/\/www.notibras.com\/site\/wp-content\/uploads\/2015\/05\/Ponte-Parano\u00e1.jpg\",\"contentUrl\":\"https:\/\/www.notibras.com\/site\/wp-content\/uploads\/2015\/05\/Ponte-Parano\u00e1.jpg\",\"width\":400,\"height\":300},{\"@type\":\"BreadcrumbList\",\"@id\":\"https:\/\/www.notibras.com\/site\/cade-a-ponte-que-deveria-estar-aqui-rollemberg-nao-fez-diz-o-povo\/#breadcrumb\",\"itemListElement\":[{\"@type\":\"ListItem\",\"position\":1,\"name\":\"In\u00edcio\",\"item\":\"https:\/\/www.notibras.com\/site\/\"},{\"@type\":\"ListItem\",\"position\":2,\"name\":\"Cad\u00ea a ponte que deveria estar aqui? Rollemberg n\u00e3o fez\"}]},{\"@type\":\"WebSite\",\"@id\":\"https:\/\/www.notibras.com\/site\/#website\",\"url\":\"https:\/\/www.notibras.com\/site\/\",\"name\":\"Notibras\",\"description\":\"Not\u00edcias de Bras\u00edlia, do Brasil e do Mundo\",\"publisher\":{\"@id\":\"https:\/\/www.notibras.com\/site\/#organization\"},\"potentialAction\":[{\"@type\":\"SearchAction\",\"target\":{\"@type\":\"EntryPoint\",\"urlTemplate\":\"https:\/\/www.notibras.com\/site\/?s={search_term_string}\"},\"query-input\":{\"@type\":\"PropertyValueSpecification\",\"valueRequired\":true,\"valueName\":\"search_term_string\"}}],\"inLanguage\":\"pt-BR\"},{\"@type\":\"Organization\",\"@id\":\"https:\/\/www.notibras.com\/site\/#organization\",\"name\":\"Grupo Notibras de Comunica\u00e7\u00e3o\",\"url\":\"https:\/\/www.notibras.com\/site\/\",\"logo\":{\"@type\":\"ImageObject\",\"inLanguage\":\"pt-BR\",\"@id\":\"https:\/\/www.notibras.com\/site\/#\/schema\/logo\/image\/\",\"url\":\"https:\/\/www.notibras.com\/site\/wp-content\/uploads\/2023\/01\/notibras23.png\",\"contentUrl\":\"https:\/\/www.notibras.com\/site\/wp-content\/uploads\/2023\/01\/notibras23.png\",\"width\":350,\"height\":87,\"caption\":\"Grupo Notibras de Comunica\u00e7\u00e3o\"},\"image\":{\"@id\":\"https:\/\/www.notibras.com\/site\/#\/schema\/logo\/image\/\"},\"sameAs\":[\"https:\/\/www.facebook.com\/notibras\/\",\"https:\/\/x.com\/Notibras\",\"https:\/\/www.instagram.com\/notibras\/\"]},{\"@type\":\"Person\",\"@id\":\"https:\/\/www.notibras.com\/site\/#\/schema\/person\/36ab0979449956132d3e5b517ea76ac8\",\"name\":\"Reda\u00e7\u00e3o\",\"image\":{\"@type\":\"ImageObject\",\"inLanguage\":\"pt-BR\",\"@id\":\"https:\/\/secure.gravatar.com\/avatar\/e0a867bdedb85fd243eadf09663511f96fc81e0720a4a42581f334ad4303aa6b?s=96&d=mm&r=g\",\"url\":\"https:\/\/secure.gravatar.com\/avatar\/e0a867bdedb85fd243eadf09663511f96fc81e0720a4a42581f334ad4303aa6b?s=96&d=mm&r=g\",\"contentUrl\":\"https:\/\/secure.gravatar.com\/avatar\/e0a867bdedb85fd243eadf09663511f96fc81e0720a4a42581f334ad4303aa6b?s=96&d=mm&r=g\",\"caption\":\"Reda\u00e7\u00e3o\"}}]}<\/script>\n<!-- \/ Yoast SEO plugin. -->","yoast_head_json":{"title":"Cad\u00ea a ponte que deveria estar aqui? Rollemberg n\u00e3o fez - Notibras","robots":{"index":"index","follow":"follow","max-snippet":"max-snippet:-1","max-image-preview":"max-image-preview:large","max-video-preview":"max-video-preview:-1"},"canonical":"https:\/\/www.notibras.com\/site\/cade-a-ponte-que-deveria-estar-aqui-rollemberg-nao-fez-diz-o-povo\/","og_locale":"pt_BR","og_type":"article","og_title":"Cad\u00ea a ponte que deveria estar aqui? Rollemberg n\u00e3o fez - Notibras","og_description":"Adriana Cavalcanti, moradora da Zona Rural do Parano\u00e1, reclama da demora do governo em construir uma ponte sobre o c\u00f3rrego Carir\u00fa que passa pela regi\u00e3o. Ela ressalta que a \u00fanica ponte da \u00e1rea para a passagem de ve\u00edculos foi interditada, e at\u00e9 hoje os moradores aguardam a constru\u00e7\u00e3o de uma nova. \u201cEstamos isolados, temos que [&hellip;]","og_url":"https:\/\/www.notibras.com\/site\/cade-a-ponte-que-deveria-estar-aqui-rollemberg-nao-fez-diz-o-povo\/","og_site_name":"Notibras","article_publisher":"https:\/\/www.facebook.com\/notibras\/","article_published_time":"2015-05-24T14:49:50+00:00","article_modified_time":"2015-05-24T14:50:36+00:00","og_image":[{"width":400,"height":300,"url":"https:\/\/www.notibras.com\/site\/wp-content\/uploads\/2015\/05\/Ponte-Parano\u00e1.jpg","type":"image\/jpeg"}],"author":"Reda\u00e7\u00e3o","twitter_card":"summary_large_image","twitter_creator":"@Notibras","twitter_site":"@Notibras","twitter_misc":{"Escrito por":"Reda\u00e7\u00e3o"},"schema":{"@context":"https:\/\/schema.org","@graph":[{"@type":"Article","@id":"https:\/\/www.notibras.com\/site\/cade-a-ponte-que-deveria-estar-aqui-rollemberg-nao-fez-diz-o-povo\/#article","isPartOf":{"@id":"https:\/\/www.notibras.com\/site\/cade-a-ponte-que-deveria-estar-aqui-rollemberg-nao-fez-diz-o-povo\/"},"author":{"name":"Reda\u00e7\u00e3o","@id":"https:\/\/www.notibras.com\/site\/#\/schema\/person\/36ab0979449956132d3e5b517ea76ac8"},"headline":"Cad\u00ea a ponte que deveria estar aqui? Rollemberg n\u00e3o fez","datePublished":"2015-05-24T14:49:50+00:00","dateModified":"2015-05-24T14:50:36+00:00","mainEntityOfPage":{"@id":"https:\/\/www.notibras.com\/site\/cade-a-ponte-que-deveria-estar-aqui-rollemberg-nao-fez-diz-o-povo\/"},"wordCount":99,"commentCount":0,"publisher":{"@id":"https:\/\/www.notibras.com\/site\/#organization"},"image":{"@id":"https:\/\/www.notibras.com\/site\/cade-a-ponte-que-deveria-estar-aqui-rollemberg-nao-fez-diz-o-povo\/#primaryimage"},"thumbnailUrl":"https:\/\/www.notibras.com\/site\/wp-content\/uploads\/2015\/05\/Ponte-Parano\u00e1.jpg","articleSection":["ZapZap das Quadras"],"inLanguage":"pt-BR","potentialAction":[{"@type":"CommentAction","name":"Comment","target":["https:\/\/www.notibras.com\/site\/cade-a-ponte-que-deveria-estar-aqui-rollemberg-nao-fez-diz-o-povo\/#respond"]}]},{"@type":"WebPage","@id":"https:\/\/www.notibras.com\/site\/cade-a-ponte-que-deveria-estar-aqui-rollemberg-nao-fez-diz-o-povo\/","url":"https:\/\/www.notibras.com\/site\/cade-a-ponte-que-deveria-estar-aqui-rollemberg-nao-fez-diz-o-povo\/","name":"Cad\u00ea a ponte que deveria estar aqui? Rollemberg n\u00e3o fez - Notibras","isPartOf":{"@id":"https:\/\/www.notibras.com\/site\/#website"},"primaryImageOfPage":{"@id":"https:\/\/www.notibras.com\/site\/cade-a-ponte-que-deveria-estar-aqui-rollemberg-nao-fez-diz-o-povo\/#primaryimage"},"image":{"@id":"https:\/\/www.notibras.com\/site\/cade-a-ponte-que-deveria-estar-aqui-rollemberg-nao-fez-diz-o-povo\/#primaryimage"},"thumbnailUrl":"https:\/\/www.notibras.com\/site\/wp-content\/uploads\/2015\/05\/Ponte-Parano\u00e1.jpg","datePublished":"2015-05-24T14:49:50+00:00","dateModified":"2015-05-24T14:50:36+00:00","breadcrumb":{"@id":"https:\/\/www.notibras.com\/site\/cade-a-ponte-que-deveria-estar-aqui-rollemberg-nao-fez-diz-o-povo\/#breadcrumb"},"inLanguage":"pt-BR","potentialAction":[{"@type":"ReadAction","target":["https:\/\/www.notibras.com\/site\/cade-a-ponte-que-deveria-estar-aqui-rollemberg-nao-fez-diz-o-povo\/"]}]},{"@type":"ImageObject","inLanguage":"pt-BR","@id":"https:\/\/www.notibras.com\/site\/cade-a-ponte-que-deveria-estar-aqui-rollemberg-nao-fez-diz-o-povo\/#primaryimage","url":"https:\/\/www.notibras.com\/site\/wp-content\/uploads\/2015\/05\/Ponte-Parano\u00e1.jpg","contentUrl":"https:\/\/www.notibras.com\/site\/wp-content\/uploads\/2015\/05\/Ponte-Parano\u00e1.jpg","width":400,"height":300},{"@type":"BreadcrumbList","@id":"https:\/\/www.notibras.com\/site\/cade-a-ponte-que-deveria-estar-aqui-rollemberg-nao-fez-diz-o-povo\/#breadcrumb","itemListElement":[{"@type":"ListItem","position":1,"name":"In\u00edcio","item":"https:\/\/www.notibras.com\/site\/"},{"@type":"ListItem","position":2,"name":"Cad\u00ea a ponte que deveria estar aqui? Rollemberg n\u00e3o fez"}]},{"@type":"WebSite","@id":"https:\/\/www.notibras.com\/site\/#website","url":"https:\/\/www.notibras.com\/site\/","name":"Notibras","description":"Not\u00edcias de Bras\u00edlia, do Brasil e do Mundo","publisher":{"@id":"https:\/\/www.notibras.com\/site\/#organization"},"potentialAction":[{"@type":"SearchAction","target":{"@type":"EntryPoint","urlTemplate":"https:\/\/www.notibras.com\/site\/?s={search_term_string}"},"query-input":{"@type":"PropertyValueSpecification","valueRequired":true,"valueName":"search_term_string"}}],"inLanguage":"pt-BR"},{"@type":"Organization","@id":"https:\/\/www.notibras.com\/site\/#organization","name":"Grupo Notibras de Comunica\u00e7\u00e3o","url":"https:\/\/www.notibras.com\/site\/","logo":{"@type":"ImageObject","inLanguage":"pt-BR","@id":"https:\/\/www.notibras.com\/site\/#\/schema\/logo\/image\/","url":"https:\/\/www.notibras.com\/site\/wp-content\/uploads\/2023\/01\/notibras23.png","contentUrl":"https:\/\/www.notibras.com\/site\/wp-content\/uploads\/2023\/01\/notibras23.png","width":350,"height":87,"caption":"Grupo Notibras de Comunica\u00e7\u00e3o"},"image":{"@id":"https:\/\/www.notibras.com\/site\/#\/schema\/logo\/image\/"},"sameAs":["https:\/\/www.facebook.com\/notibras\/","https:\/\/x.com\/Notibras","https:\/\/www.instagram.com\/notibras\/"]},{"@type":"Person","@id":"https:\/\/www.notibras.com\/site\/#\/schema\/person\/36ab0979449956132d3e5b517ea76ac8","name":"Reda\u00e7\u00e3o","image":{"@type":"ImageObject","inLanguage":"pt-BR","@id":"https:\/\/secure.gravatar.com\/avatar\/e0a867bdedb85fd243eadf09663511f96fc81e0720a4a42581f334ad4303aa6b?s=96&d=mm&r=g","url":"https:\/\/secure.gravatar.com\/avatar\/e0a867bdedb85fd243eadf09663511f96fc81e0720a4a42581f334ad4303aa6b?s=96&d=mm&r=g","contentUrl":"https:\/\/secure.gravatar.com\/avatar\/e0a867bdedb85fd243eadf09663511f96fc81e0720a4a42581f334ad4303aa6b?s=96&d=mm&r=g","caption":"Reda\u00e7\u00e3o"}}]}},"amp_enabled":true,"_links":{"self":[{"href":"https:\/\/www.notibras.com\/site\/wp-json\/wp\/v2\/posts\/50175","targetHints":{"allow":["GET"]}}],"collection":[{"href":"https:\/\/www.notibras.com\/site\/wp-json\/wp\/v2\/posts"}],"about":[{"href":"https:\/\/www.notibras.com\/site\/wp-json\/wp\/v2\/types\/post"}],"author":[{"embeddable":true,"href":"https:\/\/www.notibras.com\/site\/wp-json\/wp\/v2\/users\/2"}],"replies":[{"embeddable":true,"href":"https:\/\/www.notibras.com\/site\/wp-json\/wp\/v2\/comments?post=50175"}],"version-history":[{"count":0,"href":"https:\/\/www.notibras.com\/site\/wp-json\/wp\/v2\/posts\/50175\/revisions"}],"wp:featuredmedia":[{"embeddable":true,"href":"https:\/\/www.notibras.com\/site\/wp-json\/wp\/v2\/media\/50176"}],"wp:attachment":[{"href":"https:\/\/www.notibras.com\/site\/wp-json\/wp\/v2\/media?parent=50175"}],"wp:term":[{"taxonomy":"category","embeddable":true,"href":"https:\/\/www.notibras.com\/site\/wp-json\/wp\/v2\/categories?post=50175"},{"taxonomy":"post_tag","embeddable":true,"href":"https:\/\/www.notibras.com\/site\/wp-json\/wp\/v2\/tags?post=50175"}],"curies":[{"name":"wp","href":"https:\/\/api.w.org\/{rel}","templated":true}]}}