{"id":5020,"date":"2014-03-22T20:14:43","date_gmt":"2014-03-22T23:14:43","guid":{"rendered":"http:\/\/www.notibras.com\/site\/?p=5020"},"modified":"2014-03-22T20:15:05","modified_gmt":"2014-03-22T23:15:05","slug":"em-sao-paulo-voltem-militares-e-ditadura-nunca-mais-vao-as-ruas","status":"publish","type":"post","link":"https:\/\/www.notibras.com\/site\/em-sao-paulo-voltem-militares-e-ditadura-nunca-mais-vao-as-ruas\/","title":{"rendered":"Em S\u00e3o Paulo, &#8216;voltem militares&#8217; e &#8216;Ditadura nunca mais&#8217; v\u00e3o \u00e0s ruas"},"content":{"rendered":"<p>Marcadas para come\u00e7ar no mesmo hor\u00e1rio, \u00e0s 15h, a cidade de S\u00e3o Paulo teve neste s\u00e1bado (22) duas manifesta\u00e7\u00f5es antag\u00f4nicas: A Marcha da Fam\u00edlia com Deus pela Liberdade, que pedia a volta dos militares ao poder, e a Marcha Antifascista, que reivindicava \u201cditadura nunca mais\u201d.<\/p>\n<p>Na Pra\u00e7a da Rep\u00fablica, no centro da capital, a Marcha da Fam\u00edlia comemorava tamb\u00e9m os 50 anos da primeira edi\u00e7\u00e3o da marcha, que ocorreu no dia 19 de mar\u00e7o de 1964, quando organiza\u00e7\u00f5es da classe m\u00e9dia paulistana protestaram contra o comunismo e abriram caminho para o golpe militar e in\u00edcio da ditadura no pa\u00eds, que seria instalada dias depois.<\/p>\n<p>\u201cEu sou federalista, sou a favor da democracia. S\u00f3 que a gente n\u00e3o tem certeza se a nossa democracia est\u00e1 sendo exercida. Ent\u00e3o, sou a favor de que os militares intervenham, n\u00e3o o regime, apenas para convocar novas elei\u00e7\u00f5es com voto impresso, para o povo ter garantia de que o voto que ele est\u00e1 dando est\u00e1 indo para quem ele colocou l\u00e1. N\u00e3o \u00e9 regime militar\u201d, disse Walace Silvestre.<\/p>\n<p>Os manifestantes, que tinham expectativa de refazer o percurso da primeira edi\u00e7\u00e3o do evento \u2013 da Pra\u00e7a da Rep\u00fablica at\u00e9 a Pra\u00e7a da S\u00e9 \u2013 gritaram, por vezes, \u201cfora, Dilma\u201d, e entoaram melodias pedindo a pris\u00e3o da presidenta e a volta dos militares: \u201cUm, dois, tr\u00eas, quatro, 5 mil, queremos os militares protegendo o Brasil\u201d, e \u201cum, dois, tr\u00eas, Dilma no xadrez\u201d.<\/p>\n<p>\u201cQuem \u00e9 pessoa de bem, as pessoas que j\u00e1 est\u00e3o cheias deste pa\u00eds est\u00e3o reivindicando um pouco mais de honestidade. O que a gente est\u00e1 vendo hoje n\u00e3o d\u00e1 mais para ficar: \u00e9 roubo, \u00e9 pol\u00edtico que n\u00e3o trabalha, \u00e9 pouco caso. Temos que parar definitivamente com isso. O que n\u00f3s precisamos \u00e9 mudar. Se for pela interven\u00e7\u00e3o militar, muito bem; se for [por meio de] pessoas s\u00e9rias, pol\u00edticos s\u00e9rios, que seja\u201d, disse Marques Brasil, um dos organizadores da marcha.<\/p>\n<p>Em meio \u00e0 manifesta\u00e7\u00e3o, alguns ativistas discutiram e foi necess\u00e1ria a a\u00e7\u00e3o da Pol\u00edcia Militar, que retirou \u00e0 for\u00e7a do local um dos manifestantes e o levou para dentro da Secretaria de Estado da Educa\u00e7\u00e3o, na Pra\u00e7a da Rep\u00fablica.<\/p>\n<p>A poucas quadras dali, na Pra\u00e7a da S\u00e9, a Marcha Antifascista reuniu manifestantes que repudiavam a ditadura e lembravam dos crimes de tortura e morte cometidos durante o regime militar. \u201cN\u00f3s entendemos que n\u00e3o h\u00e1 nada a comemorar hoje. A ditadura representou um profundo retrocesso, com tortura, mortes e a entrega do pa\u00eds para as grandes pot\u00eancias internacionais. \u00c9 necess\u00e1rio sair \u00e0s ruas contra essa pol\u00edtica de destituir o governo, fechar o Congresso Nacional e os partidos, que est\u00e1 sendo pregada pela outra manifesta\u00e7\u00e3o\u201d, disse o coordenador do ato, Antonio Carlos Silva, ligado ao Sindicato dos Professores do Ensino Oficial do Estado de S\u00e3o Paulo (Apeoesp).<\/p>\n<p>A Marcha Antifascista previa deixar a Pra\u00e7a da S\u00e9 e se dirigir at\u00e9 o pr\u00e9dio onde funcionou o Destacamento de Opera\u00e7\u00f5es de Informa\u00e7\u00f5es do Centro de Opera\u00e7\u00f5es de Defesa Interna do 2\u00ba Ex\u00e9rcito (DOI-Codi), na Luz.<\/p>\n<p>\u201cOs partidos de direita no Brasil est\u00e3o afastados do poder pelas elei\u00e7\u00f5es j\u00e1 h\u00e1 algum tempo. A falta de alternativas eleitorais legais os for\u00e7a a tentar outras vias. Um golpe n\u00e3o \u00e9 uma possibilidade afastada, e a gente tem de prestar aten\u00e7\u00e3o no que est\u00e1 acontecendo\u201d, ressaltou Rafael Dantas, militante do PCO, um dos partidos que participaram do ato.<\/p>\n<p><strong>Bruno Bocchini, ABr<\/strong><\/p>\n","protected":false},"excerpt":{"rendered":"<p>Marcadas para come\u00e7ar no mesmo hor\u00e1rio, \u00e0s 15h, a cidade de S\u00e3o Paulo teve neste s\u00e1bado (22) duas manifesta\u00e7\u00f5es antag\u00f4nicas: A Marcha da Fam\u00edlia com Deus pela Liberdade, que pedia a volta dos militares ao poder, e a Marcha Antifascista, que reivindicava \u201cditadura nunca mais\u201d. Na Pra\u00e7a da Rep\u00fablica, no centro da capital, a Marcha [&hellip;]<\/p>\n","protected":false},"author":2,"featured_media":5021,"comment_status":"open","ping_status":"closed","sticky":false,"template":"","format":"standard","meta":{"_acf_changed":false,"footnotes":""},"categories":[16],"tags":[],"class_list":["post-5020","post","type-post","status-publish","format-standard","has-post-thumbnail","hentry","category-brasil"],"acf":[],"yoast_head":"<!-- This site is optimized with the Yoast SEO plugin v27.2 - https:\/\/yoast.com\/product\/yoast-seo-wordpress\/ -->\n<title>Em S\u00e3o Paulo, &#039;voltem militares&#039; e &#039;Ditadura nunca mais&#039; v\u00e3o \u00e0s ruas - Notibras<\/title>\n<meta name=\"robots\" content=\"index, follow, max-snippet:-1, max-image-preview:large, max-video-preview:-1\" \/>\n<link rel=\"canonical\" href=\"https:\/\/www.notibras.com\/site\/em-sao-paulo-voltem-militares-e-ditadura-nunca-mais-vao-as-ruas\/\" \/>\n<meta property=\"og:locale\" content=\"pt_BR\" \/>\n<meta property=\"og:type\" content=\"article\" \/>\n<meta property=\"og:title\" content=\"Em S\u00e3o Paulo, &#039;voltem militares&#039; e &#039;Ditadura nunca mais&#039; v\u00e3o \u00e0s ruas - Notibras\" \/>\n<meta property=\"og:description\" content=\"Marcadas para come\u00e7ar no mesmo hor\u00e1rio, \u00e0s 15h, a cidade de S\u00e3o Paulo teve neste s\u00e1bado (22) duas manifesta\u00e7\u00f5es antag\u00f4nicas: A Marcha da Fam\u00edlia com Deus pela Liberdade, que pedia a volta dos militares ao poder, e a Marcha Antifascista, que reivindicava \u201cditadura nunca mais\u201d. Na Pra\u00e7a da Rep\u00fablica, no centro da capital, a Marcha [&hellip;]\" \/>\n<meta property=\"og:url\" content=\"https:\/\/www.notibras.com\/site\/em-sao-paulo-voltem-militares-e-ditadura-nunca-mais-vao-as-ruas\/\" \/>\n<meta property=\"og:site_name\" content=\"Notibras\" \/>\n<meta property=\"article:publisher\" content=\"https:\/\/www.facebook.com\/notibras\/\" \/>\n<meta property=\"article:published_time\" content=\"2014-03-22T23:14:43+00:00\" \/>\n<meta property=\"article:modified_time\" content=\"2014-03-22T23:15:05+00:00\" \/>\n<meta property=\"og:image\" content=\"https:\/\/www.notibras.com\/site\/wp-content\/uploads\/2014\/03\/27spmarchafamiliadeuspracamatsuterra.jpg\" \/>\n\t<meta property=\"og:image:width\" content=\"619\" \/>\n\t<meta property=\"og:image:height\" content=\"464\" \/>\n\t<meta property=\"og:image:type\" content=\"image\/jpeg\" \/>\n<meta name=\"author\" content=\"Reda\u00e7\u00e3o\" \/>\n<meta name=\"twitter:card\" content=\"summary_large_image\" \/>\n<meta name=\"twitter:creator\" content=\"@Notibras\" \/>\n<meta name=\"twitter:site\" content=\"@Notibras\" \/>\n<meta name=\"twitter:label1\" content=\"Escrito por\" \/>\n\t<meta name=\"twitter:data1\" content=\"Reda\u00e7\u00e3o\" \/>\n\t<meta name=\"twitter:label2\" content=\"Est. tempo de leitura\" \/>\n\t<meta name=\"twitter:data2\" content=\"3 minutos\" \/>\n<script type=\"application\/ld+json\" class=\"yoast-schema-graph\">{\"@context\":\"https:\/\/schema.org\",\"@graph\":[{\"@type\":\"Article\",\"@id\":\"https:\/\/www.notibras.com\/site\/em-sao-paulo-voltem-militares-e-ditadura-nunca-mais-vao-as-ruas\/#article\",\"isPartOf\":{\"@id\":\"https:\/\/www.notibras.com\/site\/em-sao-paulo-voltem-militares-e-ditadura-nunca-mais-vao-as-ruas\/\"},\"author\":{\"name\":\"Reda\u00e7\u00e3o\",\"@id\":\"https:\/\/www.notibras.com\/site\/#\/schema\/person\/36ab0979449956132d3e5b517ea76ac8\"},\"headline\":\"Em S\u00e3o Paulo, &#8216;voltem militares&#8217; e &#8216;Ditadura nunca mais&#8217; v\u00e3o \u00e0s ruas\",\"datePublished\":\"2014-03-22T23:14:43+00:00\",\"dateModified\":\"2014-03-22T23:15:05+00:00\",\"mainEntityOfPage\":{\"@id\":\"https:\/\/www.notibras.com\/site\/em-sao-paulo-voltem-militares-e-ditadura-nunca-mais-vao-as-ruas\/\"},\"wordCount\":622,\"commentCount\":0,\"publisher\":{\"@id\":\"https:\/\/www.notibras.com\/site\/#organization\"},\"image\":{\"@id\":\"https:\/\/www.notibras.com\/site\/em-sao-paulo-voltem-militares-e-ditadura-nunca-mais-vao-as-ruas\/#primaryimage\"},\"thumbnailUrl\":\"https:\/\/www.notibras.com\/site\/wp-content\/uploads\/2014\/03\/27spmarchafamiliadeuspracamatsuterra.jpg\",\"articleSection\":[\"Brasil\"],\"inLanguage\":\"pt-BR\",\"potentialAction\":[{\"@type\":\"CommentAction\",\"name\":\"Comment\",\"target\":[\"https:\/\/www.notibras.com\/site\/em-sao-paulo-voltem-militares-e-ditadura-nunca-mais-vao-as-ruas\/#respond\"]}]},{\"@type\":\"WebPage\",\"@id\":\"https:\/\/www.notibras.com\/site\/em-sao-paulo-voltem-militares-e-ditadura-nunca-mais-vao-as-ruas\/\",\"url\":\"https:\/\/www.notibras.com\/site\/em-sao-paulo-voltem-militares-e-ditadura-nunca-mais-vao-as-ruas\/\",\"name\":\"Em S\u00e3o Paulo, 'voltem militares' e 'Ditadura nunca mais' v\u00e3o \u00e0s ruas - Notibras\",\"isPartOf\":{\"@id\":\"https:\/\/www.notibras.com\/site\/#website\"},\"primaryImageOfPage\":{\"@id\":\"https:\/\/www.notibras.com\/site\/em-sao-paulo-voltem-militares-e-ditadura-nunca-mais-vao-as-ruas\/#primaryimage\"},\"image\":{\"@id\":\"https:\/\/www.notibras.com\/site\/em-sao-paulo-voltem-militares-e-ditadura-nunca-mais-vao-as-ruas\/#primaryimage\"},\"thumbnailUrl\":\"https:\/\/www.notibras.com\/site\/wp-content\/uploads\/2014\/03\/27spmarchafamiliadeuspracamatsuterra.jpg\",\"datePublished\":\"2014-03-22T23:14:43+00:00\",\"dateModified\":\"2014-03-22T23:15:05+00:00\",\"breadcrumb\":{\"@id\":\"https:\/\/www.notibras.com\/site\/em-sao-paulo-voltem-militares-e-ditadura-nunca-mais-vao-as-ruas\/#breadcrumb\"},\"inLanguage\":\"pt-BR\",\"potentialAction\":[{\"@type\":\"ReadAction\",\"target\":[\"https:\/\/www.notibras.com\/site\/em-sao-paulo-voltem-militares-e-ditadura-nunca-mais-vao-as-ruas\/\"]}]},{\"@type\":\"ImageObject\",\"inLanguage\":\"pt-BR\",\"@id\":\"https:\/\/www.notibras.com\/site\/em-sao-paulo-voltem-militares-e-ditadura-nunca-mais-vao-as-ruas\/#primaryimage\",\"url\":\"https:\/\/www.notibras.com\/site\/wp-content\/uploads\/2014\/03\/27spmarchafamiliadeuspracamatsuterra.jpg\",\"contentUrl\":\"https:\/\/www.notibras.com\/site\/wp-content\/uploads\/2014\/03\/27spmarchafamiliadeuspracamatsuterra.jpg\",\"width\":619,\"height\":464},{\"@type\":\"BreadcrumbList\",\"@id\":\"https:\/\/www.notibras.com\/site\/em-sao-paulo-voltem-militares-e-ditadura-nunca-mais-vao-as-ruas\/#breadcrumb\",\"itemListElement\":[{\"@type\":\"ListItem\",\"position\":1,\"name\":\"In\u00edcio\",\"item\":\"https:\/\/www.notibras.com\/site\/\"},{\"@type\":\"ListItem\",\"position\":2,\"name\":\"Em S\u00e3o Paulo, &#8216;voltem militares&#8217; e &#8216;Ditadura nunca mais&#8217; v\u00e3o \u00e0s ruas\"}]},{\"@type\":\"WebSite\",\"@id\":\"https:\/\/www.notibras.com\/site\/#website\",\"url\":\"https:\/\/www.notibras.com\/site\/\",\"name\":\"Notibras\",\"description\":\"Not\u00edcias de Bras\u00edlia, do Brasil e do Mundo\",\"publisher\":{\"@id\":\"https:\/\/www.notibras.com\/site\/#organization\"},\"potentialAction\":[{\"@type\":\"SearchAction\",\"target\":{\"@type\":\"EntryPoint\",\"urlTemplate\":\"https:\/\/www.notibras.com\/site\/?s={search_term_string}\"},\"query-input\":{\"@type\":\"PropertyValueSpecification\",\"valueRequired\":true,\"valueName\":\"search_term_string\"}}],\"inLanguage\":\"pt-BR\"},{\"@type\":\"Organization\",\"@id\":\"https:\/\/www.notibras.com\/site\/#organization\",\"name\":\"Grupo Notibras de Comunica\u00e7\u00e3o\",\"url\":\"https:\/\/www.notibras.com\/site\/\",\"logo\":{\"@type\":\"ImageObject\",\"inLanguage\":\"pt-BR\",\"@id\":\"https:\/\/www.notibras.com\/site\/#\/schema\/logo\/image\/\",\"url\":\"https:\/\/www.notibras.com\/site\/wp-content\/uploads\/2023\/01\/notibras23.png\",\"contentUrl\":\"https:\/\/www.notibras.com\/site\/wp-content\/uploads\/2023\/01\/notibras23.png\",\"width\":350,\"height\":87,\"caption\":\"Grupo Notibras de Comunica\u00e7\u00e3o\"},\"image\":{\"@id\":\"https:\/\/www.notibras.com\/site\/#\/schema\/logo\/image\/\"},\"sameAs\":[\"https:\/\/www.facebook.com\/notibras\/\",\"https:\/\/x.com\/Notibras\",\"https:\/\/www.instagram.com\/notibras\/\"]},{\"@type\":\"Person\",\"@id\":\"https:\/\/www.notibras.com\/site\/#\/schema\/person\/36ab0979449956132d3e5b517ea76ac8\",\"name\":\"Reda\u00e7\u00e3o\",\"image\":{\"@type\":\"ImageObject\",\"inLanguage\":\"pt-BR\",\"@id\":\"https:\/\/secure.gravatar.com\/avatar\/e0a867bdedb85fd243eadf09663511f96fc81e0720a4a42581f334ad4303aa6b?s=96&d=mm&r=g\",\"url\":\"https:\/\/secure.gravatar.com\/avatar\/e0a867bdedb85fd243eadf09663511f96fc81e0720a4a42581f334ad4303aa6b?s=96&d=mm&r=g\",\"contentUrl\":\"https:\/\/secure.gravatar.com\/avatar\/e0a867bdedb85fd243eadf09663511f96fc81e0720a4a42581f334ad4303aa6b?s=96&d=mm&r=g\",\"caption\":\"Reda\u00e7\u00e3o\"}}]}<\/script>\n<!-- \/ Yoast SEO plugin. -->","yoast_head_json":{"title":"Em S\u00e3o Paulo, 'voltem militares' e 'Ditadura nunca mais' v\u00e3o \u00e0s ruas - Notibras","robots":{"index":"index","follow":"follow","max-snippet":"max-snippet:-1","max-image-preview":"max-image-preview:large","max-video-preview":"max-video-preview:-1"},"canonical":"https:\/\/www.notibras.com\/site\/em-sao-paulo-voltem-militares-e-ditadura-nunca-mais-vao-as-ruas\/","og_locale":"pt_BR","og_type":"article","og_title":"Em S\u00e3o Paulo, 'voltem militares' e 'Ditadura nunca mais' v\u00e3o \u00e0s ruas - Notibras","og_description":"Marcadas para come\u00e7ar no mesmo hor\u00e1rio, \u00e0s 15h, a cidade de S\u00e3o Paulo teve neste s\u00e1bado (22) duas manifesta\u00e7\u00f5es antag\u00f4nicas: A Marcha da Fam\u00edlia com Deus pela Liberdade, que pedia a volta dos militares ao poder, e a Marcha Antifascista, que reivindicava \u201cditadura nunca mais\u201d. Na Pra\u00e7a da Rep\u00fablica, no centro da capital, a Marcha [&hellip;]","og_url":"https:\/\/www.notibras.com\/site\/em-sao-paulo-voltem-militares-e-ditadura-nunca-mais-vao-as-ruas\/","og_site_name":"Notibras","article_publisher":"https:\/\/www.facebook.com\/notibras\/","article_published_time":"2014-03-22T23:14:43+00:00","article_modified_time":"2014-03-22T23:15:05+00:00","og_image":[{"width":619,"height":464,"url":"https:\/\/www.notibras.com\/site\/wp-content\/uploads\/2014\/03\/27spmarchafamiliadeuspracamatsuterra.jpg","type":"image\/jpeg"}],"author":"Reda\u00e7\u00e3o","twitter_card":"summary_large_image","twitter_creator":"@Notibras","twitter_site":"@Notibras","twitter_misc":{"Escrito por":"Reda\u00e7\u00e3o","Est. tempo de leitura":"3 minutos"},"schema":{"@context":"https:\/\/schema.org","@graph":[{"@type":"Article","@id":"https:\/\/www.notibras.com\/site\/em-sao-paulo-voltem-militares-e-ditadura-nunca-mais-vao-as-ruas\/#article","isPartOf":{"@id":"https:\/\/www.notibras.com\/site\/em-sao-paulo-voltem-militares-e-ditadura-nunca-mais-vao-as-ruas\/"},"author":{"name":"Reda\u00e7\u00e3o","@id":"https:\/\/www.notibras.com\/site\/#\/schema\/person\/36ab0979449956132d3e5b517ea76ac8"},"headline":"Em S\u00e3o Paulo, &#8216;voltem militares&#8217; e &#8216;Ditadura nunca mais&#8217; v\u00e3o \u00e0s ruas","datePublished":"2014-03-22T23:14:43+00:00","dateModified":"2014-03-22T23:15:05+00:00","mainEntityOfPage":{"@id":"https:\/\/www.notibras.com\/site\/em-sao-paulo-voltem-militares-e-ditadura-nunca-mais-vao-as-ruas\/"},"wordCount":622,"commentCount":0,"publisher":{"@id":"https:\/\/www.notibras.com\/site\/#organization"},"image":{"@id":"https:\/\/www.notibras.com\/site\/em-sao-paulo-voltem-militares-e-ditadura-nunca-mais-vao-as-ruas\/#primaryimage"},"thumbnailUrl":"https:\/\/www.notibras.com\/site\/wp-content\/uploads\/2014\/03\/27spmarchafamiliadeuspracamatsuterra.jpg","articleSection":["Brasil"],"inLanguage":"pt-BR","potentialAction":[{"@type":"CommentAction","name":"Comment","target":["https:\/\/www.notibras.com\/site\/em-sao-paulo-voltem-militares-e-ditadura-nunca-mais-vao-as-ruas\/#respond"]}]},{"@type":"WebPage","@id":"https:\/\/www.notibras.com\/site\/em-sao-paulo-voltem-militares-e-ditadura-nunca-mais-vao-as-ruas\/","url":"https:\/\/www.notibras.com\/site\/em-sao-paulo-voltem-militares-e-ditadura-nunca-mais-vao-as-ruas\/","name":"Em S\u00e3o Paulo, 'voltem militares' e 'Ditadura nunca mais' v\u00e3o \u00e0s ruas - Notibras","isPartOf":{"@id":"https:\/\/www.notibras.com\/site\/#website"},"primaryImageOfPage":{"@id":"https:\/\/www.notibras.com\/site\/em-sao-paulo-voltem-militares-e-ditadura-nunca-mais-vao-as-ruas\/#primaryimage"},"image":{"@id":"https:\/\/www.notibras.com\/site\/em-sao-paulo-voltem-militares-e-ditadura-nunca-mais-vao-as-ruas\/#primaryimage"},"thumbnailUrl":"https:\/\/www.notibras.com\/site\/wp-content\/uploads\/2014\/03\/27spmarchafamiliadeuspracamatsuterra.jpg","datePublished":"2014-03-22T23:14:43+00:00","dateModified":"2014-03-22T23:15:05+00:00","breadcrumb":{"@id":"https:\/\/www.notibras.com\/site\/em-sao-paulo-voltem-militares-e-ditadura-nunca-mais-vao-as-ruas\/#breadcrumb"},"inLanguage":"pt-BR","potentialAction":[{"@type":"ReadAction","target":["https:\/\/www.notibras.com\/site\/em-sao-paulo-voltem-militares-e-ditadura-nunca-mais-vao-as-ruas\/"]}]},{"@type":"ImageObject","inLanguage":"pt-BR","@id":"https:\/\/www.notibras.com\/site\/em-sao-paulo-voltem-militares-e-ditadura-nunca-mais-vao-as-ruas\/#primaryimage","url":"https:\/\/www.notibras.com\/site\/wp-content\/uploads\/2014\/03\/27spmarchafamiliadeuspracamatsuterra.jpg","contentUrl":"https:\/\/www.notibras.com\/site\/wp-content\/uploads\/2014\/03\/27spmarchafamiliadeuspracamatsuterra.jpg","width":619,"height":464},{"@type":"BreadcrumbList","@id":"https:\/\/www.notibras.com\/site\/em-sao-paulo-voltem-militares-e-ditadura-nunca-mais-vao-as-ruas\/#breadcrumb","itemListElement":[{"@type":"ListItem","position":1,"name":"In\u00edcio","item":"https:\/\/www.notibras.com\/site\/"},{"@type":"ListItem","position":2,"name":"Em S\u00e3o Paulo, &#8216;voltem militares&#8217; e &#8216;Ditadura nunca mais&#8217; v\u00e3o \u00e0s ruas"}]},{"@type":"WebSite","@id":"https:\/\/www.notibras.com\/site\/#website","url":"https:\/\/www.notibras.com\/site\/","name":"Notibras","description":"Not\u00edcias de Bras\u00edlia, do Brasil e do Mundo","publisher":{"@id":"https:\/\/www.notibras.com\/site\/#organization"},"potentialAction":[{"@type":"SearchAction","target":{"@type":"EntryPoint","urlTemplate":"https:\/\/www.notibras.com\/site\/?s={search_term_string}"},"query-input":{"@type":"PropertyValueSpecification","valueRequired":true,"valueName":"search_term_string"}}],"inLanguage":"pt-BR"},{"@type":"Organization","@id":"https:\/\/www.notibras.com\/site\/#organization","name":"Grupo Notibras de Comunica\u00e7\u00e3o","url":"https:\/\/www.notibras.com\/site\/","logo":{"@type":"ImageObject","inLanguage":"pt-BR","@id":"https:\/\/www.notibras.com\/site\/#\/schema\/logo\/image\/","url":"https:\/\/www.notibras.com\/site\/wp-content\/uploads\/2023\/01\/notibras23.png","contentUrl":"https:\/\/www.notibras.com\/site\/wp-content\/uploads\/2023\/01\/notibras23.png","width":350,"height":87,"caption":"Grupo Notibras de Comunica\u00e7\u00e3o"},"image":{"@id":"https:\/\/www.notibras.com\/site\/#\/schema\/logo\/image\/"},"sameAs":["https:\/\/www.facebook.com\/notibras\/","https:\/\/x.com\/Notibras","https:\/\/www.instagram.com\/notibras\/"]},{"@type":"Person","@id":"https:\/\/www.notibras.com\/site\/#\/schema\/person\/36ab0979449956132d3e5b517ea76ac8","name":"Reda\u00e7\u00e3o","image":{"@type":"ImageObject","inLanguage":"pt-BR","@id":"https:\/\/secure.gravatar.com\/avatar\/e0a867bdedb85fd243eadf09663511f96fc81e0720a4a42581f334ad4303aa6b?s=96&d=mm&r=g","url":"https:\/\/secure.gravatar.com\/avatar\/e0a867bdedb85fd243eadf09663511f96fc81e0720a4a42581f334ad4303aa6b?s=96&d=mm&r=g","contentUrl":"https:\/\/secure.gravatar.com\/avatar\/e0a867bdedb85fd243eadf09663511f96fc81e0720a4a42581f334ad4303aa6b?s=96&d=mm&r=g","caption":"Reda\u00e7\u00e3o"}}]}},"amp_enabled":true,"_links":{"self":[{"href":"https:\/\/www.notibras.com\/site\/wp-json\/wp\/v2\/posts\/5020","targetHints":{"allow":["GET"]}}],"collection":[{"href":"https:\/\/www.notibras.com\/site\/wp-json\/wp\/v2\/posts"}],"about":[{"href":"https:\/\/www.notibras.com\/site\/wp-json\/wp\/v2\/types\/post"}],"author":[{"embeddable":true,"href":"https:\/\/www.notibras.com\/site\/wp-json\/wp\/v2\/users\/2"}],"replies":[{"embeddable":true,"href":"https:\/\/www.notibras.com\/site\/wp-json\/wp\/v2\/comments?post=5020"}],"version-history":[{"count":0,"href":"https:\/\/www.notibras.com\/site\/wp-json\/wp\/v2\/posts\/5020\/revisions"}],"wp:featuredmedia":[{"embeddable":true,"href":"https:\/\/www.notibras.com\/site\/wp-json\/wp\/v2\/media\/5021"}],"wp:attachment":[{"href":"https:\/\/www.notibras.com\/site\/wp-json\/wp\/v2\/media?parent=5020"}],"wp:term":[{"taxonomy":"category","embeddable":true,"href":"https:\/\/www.notibras.com\/site\/wp-json\/wp\/v2\/categories?post=5020"},{"taxonomy":"post_tag","embeddable":true,"href":"https:\/\/www.notibras.com\/site\/wp-json\/wp\/v2\/tags?post=5020"}],"curies":[{"name":"wp","href":"https:\/\/api.w.org\/{rel}","templated":true}]}}