{"id":50229,"date":"2015-05-24T18:14:55","date_gmt":"2015-05-24T21:14:55","guid":{"rendered":"http:\/\/www.notibras.com\/site\/?p=50229"},"modified":"2015-05-25T08:26:58","modified_gmt":"2015-05-25T11:26:58","slug":"avai-faz-2-a-1-com-um-gol-polemico-e-deixa-o-flamengo-segurando-a-lanterna","status":"publish","type":"post","link":"https:\/\/www.notibras.com\/site\/avai-faz-2-a-1-com-um-gol-polemico-e-deixa-o-flamengo-segurando-a-lanterna\/","title":{"rendered":"Ava\u00ed faz 2 a 1 com gol pol\u00eamico e deixa o Flamengo na lanterna"},"content":{"rendered":"<p class=\"text\">Ava\u00ed e nem Flamengo mostraram qualidades para vencer o jogo na Ressacada, neste domingo. Os dois times mostraram por que tinham apenas um ponto na competi\u00e7\u00e3o e fizeram um jogo feio\u00a0pelo Campeonato Brasileiro. Mas o time catarinense saiu com os tr\u00eas pontos por causa de um gol pol\u00eamico, marcado por Hugo. A vit\u00f3ria por 2 a 1 deixa o Ava\u00ed na parte de cima da tabela, enquanto o Flamengo ficou na zona de rebaixamento.<\/p>\n<p class=\"text\">O\u00a0jogo foi de baix\u00edssimo n\u00edvel t\u00e9cnico no primeiro tempo. Os dois times foram muito burocr\u00e1ticos, arriscaram pouco e, sem criatividade, ficaram longe de fazer gols. O time catarinense teve ligeira superioridade na posse de bola, mas o Flamengo teve a \u00fanica boa chance de abrir o placar, logo no in\u00edcio, quando Canteros ficou de frente para o gol, mas chutou para longe.<\/p>\n<p class=\"text\">O jogo at\u00e9 mudou no segundo tempo, mas gra\u00e7as a dois lances feios. Primeiro foi Hugo que aproveitou um bate e rebate na \u00e1rea. Cinco minutos depois, em outra sobra de bola na \u00e1rea, Gabriel foi oportunista e chutou a bola para as redes.<\/p>\n<blockquote>\n<p class=\"text\">Foram gols feios, mas pelo menos mudaram o ritmo e\u00a0animaram\u00a0o jogo. O Ava\u00ed foi mais agressivo e marcou o segundo gol, com Hugo, mas de forma totalmente pol\u00eamica. Flamenguistas reclamaram que a bola\u00a0j\u00e1 tinha sa\u00eddo quando Lopes deu a assist\u00eancia, mas o juiz n\u00e3o marcou nada.<\/p>\n<\/blockquote>\n<p class=\"text\">Pol\u00eamica \u00e0 parte, \u00e9 preciso destacar tamb\u00e9m que os rubro-negros n\u00e3o tiveram qualquer organiza\u00e7\u00e3o para buscar o empate no final do jogo s\u00f3 deram trabalho para o goleiro Vagner aos 48min, ap\u00f3s cobran\u00e7a de falta de Luiz Ant\u00f4nio.<\/p>\n","protected":false},"excerpt":{"rendered":"<p>Ava\u00ed e nem Flamengo mostraram qualidades para vencer o jogo na Ressacada, neste domingo. Os dois times mostraram por que tinham apenas um ponto na competi\u00e7\u00e3o e fizeram um jogo feio\u00a0pelo Campeonato Brasileiro. Mas o time catarinense saiu com os tr\u00eas pontos por causa de um gol pol\u00eamico, marcado por Hugo. A vit\u00f3ria por 2 [&hellip;]<\/p>\n","protected":false},"author":2,"featured_media":50233,"comment_status":"open","ping_status":"closed","sticky":false,"template":"","format":"standard","meta":{"_acf_changed":false,"footnotes":""},"categories":[19,29],"tags":[],"class_list":["post-50229","post","type-post","status-publish","format-standard","has-post-thumbnail","hentry","category-esportes","category-futebol"],"acf":[],"yoast_head":"<!-- This site is optimized with the Yoast SEO plugin v27.2 - https:\/\/yoast.com\/product\/yoast-seo-wordpress\/ -->\n<title>Ava\u00ed faz 2 a 1 com gol pol\u00eamico e deixa o Flamengo na lanterna - Notibras<\/title>\n<meta name=\"robots\" content=\"index, follow, max-snippet:-1, max-image-preview:large, max-video-preview:-1\" \/>\n<link rel=\"canonical\" href=\"https:\/\/www.notibras.com\/site\/avai-faz-2-a-1-com-um-gol-polemico-e-deixa-o-flamengo-segurando-a-lanterna\/\" \/>\n<meta property=\"og:locale\" content=\"pt_BR\" \/>\n<meta property=\"og:type\" content=\"article\" \/>\n<meta property=\"og:title\" content=\"Ava\u00ed faz 2 a 1 com gol pol\u00eamico e deixa o Flamengo na lanterna - Notibras\" \/>\n<meta property=\"og:description\" content=\"Ava\u00ed e nem Flamengo mostraram qualidades para vencer o jogo na Ressacada, neste domingo. Os dois times mostraram por que tinham apenas um ponto na competi\u00e7\u00e3o e fizeram um jogo feio\u00a0pelo Campeonato Brasileiro. Mas o time catarinense saiu com os tr\u00eas pontos por causa de um gol pol\u00eamico, marcado por Hugo. A vit\u00f3ria por 2 [&hellip;]\" \/>\n<meta property=\"og:url\" content=\"https:\/\/www.notibras.com\/site\/avai-faz-2-a-1-com-um-gol-polemico-e-deixa-o-flamengo-segurando-a-lanterna\/\" \/>\n<meta property=\"og:site_name\" content=\"Notibras\" \/>\n<meta property=\"article:publisher\" content=\"https:\/\/www.facebook.com\/notibras\/\" \/>\n<meta property=\"article:published_time\" content=\"2015-05-24T21:14:55+00:00\" \/>\n<meta property=\"article:modified_time\" content=\"2015-05-25T11:26:58+00:00\" \/>\n<meta property=\"og:image\" content=\"https:\/\/www.notibras.com\/site\/wp-content\/uploads\/2015\/05\/ava.jpg\" \/>\n\t<meta property=\"og:image:width\" content=\"620\" \/>\n\t<meta property=\"og:image:height\" content=\"430\" \/>\n\t<meta property=\"og:image:type\" content=\"image\/jpeg\" \/>\n<meta name=\"author\" content=\"Reda\u00e7\u00e3o\" \/>\n<meta name=\"twitter:card\" content=\"summary_large_image\" \/>\n<meta name=\"twitter:creator\" content=\"@Notibras\" \/>\n<meta name=\"twitter:site\" content=\"@Notibras\" \/>\n<meta name=\"twitter:label1\" content=\"Escrito por\" \/>\n\t<meta name=\"twitter:data1\" content=\"Reda\u00e7\u00e3o\" \/>\n\t<meta name=\"twitter:label2\" content=\"Est. tempo de leitura\" \/>\n\t<meta name=\"twitter:data2\" content=\"1 minuto\" \/>\n<script type=\"application\/ld+json\" class=\"yoast-schema-graph\">{\"@context\":\"https:\/\/schema.org\",\"@graph\":[{\"@type\":\"Article\",\"@id\":\"https:\/\/www.notibras.com\/site\/avai-faz-2-a-1-com-um-gol-polemico-e-deixa-o-flamengo-segurando-a-lanterna\/#article\",\"isPartOf\":{\"@id\":\"https:\/\/www.notibras.com\/site\/avai-faz-2-a-1-com-um-gol-polemico-e-deixa-o-flamengo-segurando-a-lanterna\/\"},\"author\":{\"name\":\"Reda\u00e7\u00e3o\",\"@id\":\"https:\/\/www.notibras.com\/site\/#\/schema\/person\/36ab0979449956132d3e5b517ea76ac8\"},\"headline\":\"Ava\u00ed faz 2 a 1 com gol pol\u00eamico e deixa o Flamengo na lanterna\",\"datePublished\":\"2015-05-24T21:14:55+00:00\",\"dateModified\":\"2015-05-25T11:26:58+00:00\",\"mainEntityOfPage\":{\"@id\":\"https:\/\/www.notibras.com\/site\/avai-faz-2-a-1-com-um-gol-polemico-e-deixa-o-flamengo-segurando-a-lanterna\/\"},\"wordCount\":299,\"commentCount\":0,\"publisher\":{\"@id\":\"https:\/\/www.notibras.com\/site\/#organization\"},\"image\":{\"@id\":\"https:\/\/www.notibras.com\/site\/avai-faz-2-a-1-com-um-gol-polemico-e-deixa-o-flamengo-segurando-a-lanterna\/#primaryimage\"},\"thumbnailUrl\":\"https:\/\/www.notibras.com\/site\/wp-content\/uploads\/2015\/05\/ava.jpg\",\"articleSection\":[\"Esportes\",\"Futebol\"],\"inLanguage\":\"pt-BR\",\"potentialAction\":[{\"@type\":\"CommentAction\",\"name\":\"Comment\",\"target\":[\"https:\/\/www.notibras.com\/site\/avai-faz-2-a-1-com-um-gol-polemico-e-deixa-o-flamengo-segurando-a-lanterna\/#respond\"]}]},{\"@type\":\"WebPage\",\"@id\":\"https:\/\/www.notibras.com\/site\/avai-faz-2-a-1-com-um-gol-polemico-e-deixa-o-flamengo-segurando-a-lanterna\/\",\"url\":\"https:\/\/www.notibras.com\/site\/avai-faz-2-a-1-com-um-gol-polemico-e-deixa-o-flamengo-segurando-a-lanterna\/\",\"name\":\"Ava\u00ed faz 2 a 1 com gol pol\u00eamico e deixa o Flamengo na lanterna - Notibras\",\"isPartOf\":{\"@id\":\"https:\/\/www.notibras.com\/site\/#website\"},\"primaryImageOfPage\":{\"@id\":\"https:\/\/www.notibras.com\/site\/avai-faz-2-a-1-com-um-gol-polemico-e-deixa-o-flamengo-segurando-a-lanterna\/#primaryimage\"},\"image\":{\"@id\":\"https:\/\/www.notibras.com\/site\/avai-faz-2-a-1-com-um-gol-polemico-e-deixa-o-flamengo-segurando-a-lanterna\/#primaryimage\"},\"thumbnailUrl\":\"https:\/\/www.notibras.com\/site\/wp-content\/uploads\/2015\/05\/ava.jpg\",\"datePublished\":\"2015-05-24T21:14:55+00:00\",\"dateModified\":\"2015-05-25T11:26:58+00:00\",\"breadcrumb\":{\"@id\":\"https:\/\/www.notibras.com\/site\/avai-faz-2-a-1-com-um-gol-polemico-e-deixa-o-flamengo-segurando-a-lanterna\/#breadcrumb\"},\"inLanguage\":\"pt-BR\",\"potentialAction\":[{\"@type\":\"ReadAction\",\"target\":[\"https:\/\/www.notibras.com\/site\/avai-faz-2-a-1-com-um-gol-polemico-e-deixa-o-flamengo-segurando-a-lanterna\/\"]}]},{\"@type\":\"ImageObject\",\"inLanguage\":\"pt-BR\",\"@id\":\"https:\/\/www.notibras.com\/site\/avai-faz-2-a-1-com-um-gol-polemico-e-deixa-o-flamengo-segurando-a-lanterna\/#primaryimage\",\"url\":\"https:\/\/www.notibras.com\/site\/wp-content\/uploads\/2015\/05\/ava.jpg\",\"contentUrl\":\"https:\/\/www.notibras.com\/site\/wp-content\/uploads\/2015\/05\/ava.jpg\",\"width\":620,\"height\":430},{\"@type\":\"BreadcrumbList\",\"@id\":\"https:\/\/www.notibras.com\/site\/avai-faz-2-a-1-com-um-gol-polemico-e-deixa-o-flamengo-segurando-a-lanterna\/#breadcrumb\",\"itemListElement\":[{\"@type\":\"ListItem\",\"position\":1,\"name\":\"In\u00edcio\",\"item\":\"https:\/\/www.notibras.com\/site\/\"},{\"@type\":\"ListItem\",\"position\":2,\"name\":\"Ava\u00ed faz 2 a 1 com gol pol\u00eamico e deixa o Flamengo na lanterna\"}]},{\"@type\":\"WebSite\",\"@id\":\"https:\/\/www.notibras.com\/site\/#website\",\"url\":\"https:\/\/www.notibras.com\/site\/\",\"name\":\"Notibras\",\"description\":\"Not\u00edcias de Bras\u00edlia, do Brasil e do Mundo\",\"publisher\":{\"@id\":\"https:\/\/www.notibras.com\/site\/#organization\"},\"potentialAction\":[{\"@type\":\"SearchAction\",\"target\":{\"@type\":\"EntryPoint\",\"urlTemplate\":\"https:\/\/www.notibras.com\/site\/?s={search_term_string}\"},\"query-input\":{\"@type\":\"PropertyValueSpecification\",\"valueRequired\":true,\"valueName\":\"search_term_string\"}}],\"inLanguage\":\"pt-BR\"},{\"@type\":\"Organization\",\"@id\":\"https:\/\/www.notibras.com\/site\/#organization\",\"name\":\"Grupo Notibras de Comunica\u00e7\u00e3o\",\"url\":\"https:\/\/www.notibras.com\/site\/\",\"logo\":{\"@type\":\"ImageObject\",\"inLanguage\":\"pt-BR\",\"@id\":\"https:\/\/www.notibras.com\/site\/#\/schema\/logo\/image\/\",\"url\":\"https:\/\/www.notibras.com\/site\/wp-content\/uploads\/2023\/01\/notibras23.png\",\"contentUrl\":\"https:\/\/www.notibras.com\/site\/wp-content\/uploads\/2023\/01\/notibras23.png\",\"width\":350,\"height\":87,\"caption\":\"Grupo Notibras de Comunica\u00e7\u00e3o\"},\"image\":{\"@id\":\"https:\/\/www.notibras.com\/site\/#\/schema\/logo\/image\/\"},\"sameAs\":[\"https:\/\/www.facebook.com\/notibras\/\",\"https:\/\/x.com\/Notibras\",\"https:\/\/www.instagram.com\/notibras\/\"]},{\"@type\":\"Person\",\"@id\":\"https:\/\/www.notibras.com\/site\/#\/schema\/person\/36ab0979449956132d3e5b517ea76ac8\",\"name\":\"Reda\u00e7\u00e3o\",\"image\":{\"@type\":\"ImageObject\",\"inLanguage\":\"pt-BR\",\"@id\":\"https:\/\/secure.gravatar.com\/avatar\/e0a867bdedb85fd243eadf09663511f96fc81e0720a4a42581f334ad4303aa6b?s=96&d=mm&r=g\",\"url\":\"https:\/\/secure.gravatar.com\/avatar\/e0a867bdedb85fd243eadf09663511f96fc81e0720a4a42581f334ad4303aa6b?s=96&d=mm&r=g\",\"contentUrl\":\"https:\/\/secure.gravatar.com\/avatar\/e0a867bdedb85fd243eadf09663511f96fc81e0720a4a42581f334ad4303aa6b?s=96&d=mm&r=g\",\"caption\":\"Reda\u00e7\u00e3o\"}}]}<\/script>\n<!-- \/ Yoast SEO plugin. -->","yoast_head_json":{"title":"Ava\u00ed faz 2 a 1 com gol pol\u00eamico e deixa o Flamengo na lanterna - Notibras","robots":{"index":"index","follow":"follow","max-snippet":"max-snippet:-1","max-image-preview":"max-image-preview:large","max-video-preview":"max-video-preview:-1"},"canonical":"https:\/\/www.notibras.com\/site\/avai-faz-2-a-1-com-um-gol-polemico-e-deixa-o-flamengo-segurando-a-lanterna\/","og_locale":"pt_BR","og_type":"article","og_title":"Ava\u00ed faz 2 a 1 com gol pol\u00eamico e deixa o Flamengo na lanterna - Notibras","og_description":"Ava\u00ed e nem Flamengo mostraram qualidades para vencer o jogo na Ressacada, neste domingo. Os dois times mostraram por que tinham apenas um ponto na competi\u00e7\u00e3o e fizeram um jogo feio\u00a0pelo Campeonato Brasileiro. Mas o time catarinense saiu com os tr\u00eas pontos por causa de um gol pol\u00eamico, marcado por Hugo. A vit\u00f3ria por 2 [&hellip;]","og_url":"https:\/\/www.notibras.com\/site\/avai-faz-2-a-1-com-um-gol-polemico-e-deixa-o-flamengo-segurando-a-lanterna\/","og_site_name":"Notibras","article_publisher":"https:\/\/www.facebook.com\/notibras\/","article_published_time":"2015-05-24T21:14:55+00:00","article_modified_time":"2015-05-25T11:26:58+00:00","og_image":[{"width":620,"height":430,"url":"https:\/\/www.notibras.com\/site\/wp-content\/uploads\/2015\/05\/ava.jpg","type":"image\/jpeg"}],"author":"Reda\u00e7\u00e3o","twitter_card":"summary_large_image","twitter_creator":"@Notibras","twitter_site":"@Notibras","twitter_misc":{"Escrito por":"Reda\u00e7\u00e3o","Est. tempo de leitura":"1 minuto"},"schema":{"@context":"https:\/\/schema.org","@graph":[{"@type":"Article","@id":"https:\/\/www.notibras.com\/site\/avai-faz-2-a-1-com-um-gol-polemico-e-deixa-o-flamengo-segurando-a-lanterna\/#article","isPartOf":{"@id":"https:\/\/www.notibras.com\/site\/avai-faz-2-a-1-com-um-gol-polemico-e-deixa-o-flamengo-segurando-a-lanterna\/"},"author":{"name":"Reda\u00e7\u00e3o","@id":"https:\/\/www.notibras.com\/site\/#\/schema\/person\/36ab0979449956132d3e5b517ea76ac8"},"headline":"Ava\u00ed faz 2 a 1 com gol pol\u00eamico e deixa o Flamengo na lanterna","datePublished":"2015-05-24T21:14:55+00:00","dateModified":"2015-05-25T11:26:58+00:00","mainEntityOfPage":{"@id":"https:\/\/www.notibras.com\/site\/avai-faz-2-a-1-com-um-gol-polemico-e-deixa-o-flamengo-segurando-a-lanterna\/"},"wordCount":299,"commentCount":0,"publisher":{"@id":"https:\/\/www.notibras.com\/site\/#organization"},"image":{"@id":"https:\/\/www.notibras.com\/site\/avai-faz-2-a-1-com-um-gol-polemico-e-deixa-o-flamengo-segurando-a-lanterna\/#primaryimage"},"thumbnailUrl":"https:\/\/www.notibras.com\/site\/wp-content\/uploads\/2015\/05\/ava.jpg","articleSection":["Esportes","Futebol"],"inLanguage":"pt-BR","potentialAction":[{"@type":"CommentAction","name":"Comment","target":["https:\/\/www.notibras.com\/site\/avai-faz-2-a-1-com-um-gol-polemico-e-deixa-o-flamengo-segurando-a-lanterna\/#respond"]}]},{"@type":"WebPage","@id":"https:\/\/www.notibras.com\/site\/avai-faz-2-a-1-com-um-gol-polemico-e-deixa-o-flamengo-segurando-a-lanterna\/","url":"https:\/\/www.notibras.com\/site\/avai-faz-2-a-1-com-um-gol-polemico-e-deixa-o-flamengo-segurando-a-lanterna\/","name":"Ava\u00ed faz 2 a 1 com gol pol\u00eamico e deixa o Flamengo na lanterna - Notibras","isPartOf":{"@id":"https:\/\/www.notibras.com\/site\/#website"},"primaryImageOfPage":{"@id":"https:\/\/www.notibras.com\/site\/avai-faz-2-a-1-com-um-gol-polemico-e-deixa-o-flamengo-segurando-a-lanterna\/#primaryimage"},"image":{"@id":"https:\/\/www.notibras.com\/site\/avai-faz-2-a-1-com-um-gol-polemico-e-deixa-o-flamengo-segurando-a-lanterna\/#primaryimage"},"thumbnailUrl":"https:\/\/www.notibras.com\/site\/wp-content\/uploads\/2015\/05\/ava.jpg","datePublished":"2015-05-24T21:14:55+00:00","dateModified":"2015-05-25T11:26:58+00:00","breadcrumb":{"@id":"https:\/\/www.notibras.com\/site\/avai-faz-2-a-1-com-um-gol-polemico-e-deixa-o-flamengo-segurando-a-lanterna\/#breadcrumb"},"inLanguage":"pt-BR","potentialAction":[{"@type":"ReadAction","target":["https:\/\/www.notibras.com\/site\/avai-faz-2-a-1-com-um-gol-polemico-e-deixa-o-flamengo-segurando-a-lanterna\/"]}]},{"@type":"ImageObject","inLanguage":"pt-BR","@id":"https:\/\/www.notibras.com\/site\/avai-faz-2-a-1-com-um-gol-polemico-e-deixa-o-flamengo-segurando-a-lanterna\/#primaryimage","url":"https:\/\/www.notibras.com\/site\/wp-content\/uploads\/2015\/05\/ava.jpg","contentUrl":"https:\/\/www.notibras.com\/site\/wp-content\/uploads\/2015\/05\/ava.jpg","width":620,"height":430},{"@type":"BreadcrumbList","@id":"https:\/\/www.notibras.com\/site\/avai-faz-2-a-1-com-um-gol-polemico-e-deixa-o-flamengo-segurando-a-lanterna\/#breadcrumb","itemListElement":[{"@type":"ListItem","position":1,"name":"In\u00edcio","item":"https:\/\/www.notibras.com\/site\/"},{"@type":"ListItem","position":2,"name":"Ava\u00ed faz 2 a 1 com gol pol\u00eamico e deixa o Flamengo na lanterna"}]},{"@type":"WebSite","@id":"https:\/\/www.notibras.com\/site\/#website","url":"https:\/\/www.notibras.com\/site\/","name":"Notibras","description":"Not\u00edcias de Bras\u00edlia, do Brasil e do Mundo","publisher":{"@id":"https:\/\/www.notibras.com\/site\/#organization"},"potentialAction":[{"@type":"SearchAction","target":{"@type":"EntryPoint","urlTemplate":"https:\/\/www.notibras.com\/site\/?s={search_term_string}"},"query-input":{"@type":"PropertyValueSpecification","valueRequired":true,"valueName":"search_term_string"}}],"inLanguage":"pt-BR"},{"@type":"Organization","@id":"https:\/\/www.notibras.com\/site\/#organization","name":"Grupo Notibras de Comunica\u00e7\u00e3o","url":"https:\/\/www.notibras.com\/site\/","logo":{"@type":"ImageObject","inLanguage":"pt-BR","@id":"https:\/\/www.notibras.com\/site\/#\/schema\/logo\/image\/","url":"https:\/\/www.notibras.com\/site\/wp-content\/uploads\/2023\/01\/notibras23.png","contentUrl":"https:\/\/www.notibras.com\/site\/wp-content\/uploads\/2023\/01\/notibras23.png","width":350,"height":87,"caption":"Grupo Notibras de Comunica\u00e7\u00e3o"},"image":{"@id":"https:\/\/www.notibras.com\/site\/#\/schema\/logo\/image\/"},"sameAs":["https:\/\/www.facebook.com\/notibras\/","https:\/\/x.com\/Notibras","https:\/\/www.instagram.com\/notibras\/"]},{"@type":"Person","@id":"https:\/\/www.notibras.com\/site\/#\/schema\/person\/36ab0979449956132d3e5b517ea76ac8","name":"Reda\u00e7\u00e3o","image":{"@type":"ImageObject","inLanguage":"pt-BR","@id":"https:\/\/secure.gravatar.com\/avatar\/e0a867bdedb85fd243eadf09663511f96fc81e0720a4a42581f334ad4303aa6b?s=96&d=mm&r=g","url":"https:\/\/secure.gravatar.com\/avatar\/e0a867bdedb85fd243eadf09663511f96fc81e0720a4a42581f334ad4303aa6b?s=96&d=mm&r=g","contentUrl":"https:\/\/secure.gravatar.com\/avatar\/e0a867bdedb85fd243eadf09663511f96fc81e0720a4a42581f334ad4303aa6b?s=96&d=mm&r=g","caption":"Reda\u00e7\u00e3o"}}]}},"amp_enabled":true,"_links":{"self":[{"href":"https:\/\/www.notibras.com\/site\/wp-json\/wp\/v2\/posts\/50229","targetHints":{"allow":["GET"]}}],"collection":[{"href":"https:\/\/www.notibras.com\/site\/wp-json\/wp\/v2\/posts"}],"about":[{"href":"https:\/\/www.notibras.com\/site\/wp-json\/wp\/v2\/types\/post"}],"author":[{"embeddable":true,"href":"https:\/\/www.notibras.com\/site\/wp-json\/wp\/v2\/users\/2"}],"replies":[{"embeddable":true,"href":"https:\/\/www.notibras.com\/site\/wp-json\/wp\/v2\/comments?post=50229"}],"version-history":[{"count":0,"href":"https:\/\/www.notibras.com\/site\/wp-json\/wp\/v2\/posts\/50229\/revisions"}],"wp:featuredmedia":[{"embeddable":true,"href":"https:\/\/www.notibras.com\/site\/wp-json\/wp\/v2\/media\/50233"}],"wp:attachment":[{"href":"https:\/\/www.notibras.com\/site\/wp-json\/wp\/v2\/media?parent=50229"}],"wp:term":[{"taxonomy":"category","embeddable":true,"href":"https:\/\/www.notibras.com\/site\/wp-json\/wp\/v2\/categories?post=50229"},{"taxonomy":"post_tag","embeddable":true,"href":"https:\/\/www.notibras.com\/site\/wp-json\/wp\/v2\/tags?post=50229"}],"curies":[{"name":"wp","href":"https:\/\/api.w.org\/{rel}","templated":true}]}}