{"id":50239,"date":"2015-05-24T17:40:42","date_gmt":"2015-05-24T20:40:42","guid":{"rendered":"http:\/\/www.notibras.com\/site\/?p=50239"},"modified":"2015-05-24T18:43:56","modified_gmt":"2015-05-24T21:43:56","slug":"na-guerra-dos-atleticos-o-do-parana-vence-por-1-a-0-em-curitiba","status":"publish","type":"post","link":"https:\/\/www.notibras.com\/site\/na-guerra-dos-atleticos-o-do-parana-vence-por-1-a-0-em-curitiba\/","title":{"rendered":"Na guerra dos Atl\u00e9ticos, o do Paran\u00e1 vence por 1 a 0 em Curitiba"},"content":{"rendered":"<p>Pontuar fora de casa e n\u00e3o vacilar diante das equipes que v\u00e3o disputar o Campeonato Brasileiro na parte de baixo da classifica\u00e7\u00e3o. Esse era o discurso dos jogadores e da comiss\u00e3o t\u00e9cnica do Atl\u00e9tico-MG antes do duelo com o Atl\u00e9tico-PR. Apesar do bom come\u00e7o, a derrota em Curitiba, por 1 a 0, com gol de Douglas Coutinho, frustra os planos dos mineiros, que desejavam fechar a rodada na lideran\u00e7a do Campeonato Brasileiro.<\/p>\n<p>Levir Culpi escalou o mesmo time que iniciou a goleada sobre o Fluminense. Com uma forma\u00e7\u00e3o bastante ofensiva, o Atl\u00e9tico-MG se imp\u00f4s, mesmo jogando na Arena da Baixada. A equipe da casa n\u00e3o conseguiu uma vez sequer at\u00e9 o minuto 20 da etapa inicial. Walter era o \u00fanico do Atl\u00e9tico-PR que aparecia no campo ofensivo, tamanha a posse de bola do Atl\u00e9tico-MG.<\/p>\n<p>Superioridade n\u00e3o convertida em gols e que custou caro. Uma falha de marca\u00e7\u00e3o custou caro e Douglas Coutinho abriu o placar no final do primeiro tempo. Levir tentou e mudou o time tr\u00eas vezes. Melhor tecnicamente e jogando ofensivamente, o Atl\u00e9tico-MG passou quase toda a etapa final perto do gol rival. Mas n\u00e3o deu. Primeira derrota no Brasileir\u00e3o e sonho de se tornar l\u00edder adiado.<\/p>\n<blockquote><p>J\u00e1 o Atl\u00e9tico-PR supera a desconfian\u00e7a por causa do p\u00e9ssimo desempenho no Estadual e faz o que se espera de quem jogar contra o rebaixamento. Venceu a segunda partida como mandante e termina a rodada com seis pontos em nove disputados.<\/p><\/blockquote>\n<p>Apesar de ser o Atl\u00e9tico visitante, era o Mineiro que ditava o ritmo da partida. Foi assim nos primeiros minutos de jogo. Foram pelo menos tr\u00eas boas chances criadas, todas defendidas pelo goleiro Weverton, em duas finaliza\u00e7\u00f5es de Lucas Pratto e outra de Carlos. Maior posse de bola, marca\u00e7\u00e3o no campo ofensivo e bastante troca de passes. A equipe de Levir Culpi se imp\u00f4s diante do rival paranaense.<\/p>\n<p>Por\u00e9m, o gol n\u00e3o saiu e o Atl\u00e9tico-PR conseguiu chegar pela primeira vez ao gol de Victor. E o goleiro alvinegro teve de fazer uma grande defesa para evitar que Douglas Coutinho marcasse aos 33. Mas o atacante da equipe paranaense apareceu sozinho na pequena \u00e1rea para aproveitar jogada de Nik\u00e3o, aos 39 minutos, e abriu o placar. Em um momento que o Alt\u00e9tico-MG tinha muita posse de bola e pouca cria\u00e7\u00e3o.<\/p>\n<p>Problema que Levir tentou resolver no intervalo, com a entrada de Giovanni Augusto no lugar de Carlos. O volume de jogo e o n\u00famero de chances criadas n\u00e3o foram iguais aos minutos iniciais do primeiro tempo, mas o Atl\u00e9tico-MG era quem buscava o jogo. At\u00e9 que a equipe mineira conseguiu criar algumas boas chances, mas Pratto e D\u00e1tolo n\u00e3o foram felizes nas conclus\u00f5es.<\/p>\n<p>Depois de correr muito e lugar bastante entre os dois zagueiros do Atl\u00e9tico-MG, o atacante Walter acabou expulso por reclama\u00e7\u00e3o.<\/p>\n","protected":false},"excerpt":{"rendered":"<p>Pontuar fora de casa e n\u00e3o vacilar diante das equipes que v\u00e3o disputar o Campeonato Brasileiro na parte de baixo da classifica\u00e7\u00e3o. Esse era o discurso dos jogadores e da comiss\u00e3o t\u00e9cnica do Atl\u00e9tico-MG antes do duelo com o Atl\u00e9tico-PR. Apesar do bom come\u00e7o, a derrota em Curitiba, por 1 a 0, com gol de [&hellip;]<\/p>\n","protected":false},"author":2,"featured_media":50240,"comment_status":"open","ping_status":"closed","sticky":false,"template":"","format":"standard","meta":{"_acf_changed":false,"footnotes":""},"categories":[19,29],"tags":[],"class_list":["post-50239","post","type-post","status-publish","format-standard","has-post-thumbnail","hentry","category-esportes","category-futebol"],"acf":[],"yoast_head":"<!-- This site is optimized with the Yoast SEO plugin v27.2 - https:\/\/yoast.com\/product\/yoast-seo-wordpress\/ -->\n<title>Na guerra dos Atl\u00e9ticos, o do Paran\u00e1 vence por 1 a 0 em Curitiba - Notibras<\/title>\n<meta name=\"robots\" content=\"index, follow, max-snippet:-1, max-image-preview:large, max-video-preview:-1\" \/>\n<link rel=\"canonical\" href=\"https:\/\/www.notibras.com\/site\/na-guerra-dos-atleticos-o-do-parana-vence-por-1-a-0-em-curitiba\/\" \/>\n<meta property=\"og:locale\" content=\"pt_BR\" \/>\n<meta property=\"og:type\" content=\"article\" \/>\n<meta property=\"og:title\" content=\"Na guerra dos Atl\u00e9ticos, o do Paran\u00e1 vence por 1 a 0 em Curitiba - Notibras\" \/>\n<meta property=\"og:description\" content=\"Pontuar fora de casa e n\u00e3o vacilar diante das equipes que v\u00e3o disputar o Campeonato Brasileiro na parte de baixo da classifica\u00e7\u00e3o. Esse era o discurso dos jogadores e da comiss\u00e3o t\u00e9cnica do Atl\u00e9tico-MG antes do duelo com o Atl\u00e9tico-PR. Apesar do bom come\u00e7o, a derrota em Curitiba, por 1 a 0, com gol de [&hellip;]\" \/>\n<meta property=\"og:url\" content=\"https:\/\/www.notibras.com\/site\/na-guerra-dos-atleticos-o-do-parana-vence-por-1-a-0-em-curitiba\/\" \/>\n<meta property=\"og:site_name\" content=\"Notibras\" \/>\n<meta property=\"article:publisher\" content=\"https:\/\/www.facebook.com\/notibras\/\" \/>\n<meta property=\"article:published_time\" content=\"2015-05-24T20:40:42+00:00\" \/>\n<meta property=\"article:modified_time\" content=\"2015-05-24T21:43:56+00:00\" \/>\n<meta property=\"og:image\" content=\"https:\/\/www.notibras.com\/site\/wp-content\/uploads\/2015\/05\/02douglascoutinhoagradecegoljokamadrugafp.jpg\" \/>\n\t<meta property=\"og:image:width\" content=\"940\" \/>\n\t<meta property=\"og:image:height\" content=\"627\" \/>\n\t<meta property=\"og:image:type\" content=\"image\/jpeg\" \/>\n<meta name=\"author\" content=\"Reda\u00e7\u00e3o\" \/>\n<meta name=\"twitter:card\" content=\"summary_large_image\" \/>\n<meta name=\"twitter:creator\" content=\"@Notibras\" \/>\n<meta name=\"twitter:site\" content=\"@Notibras\" \/>\n<meta name=\"twitter:label1\" content=\"Escrito por\" \/>\n\t<meta name=\"twitter:data1\" content=\"Reda\u00e7\u00e3o\" \/>\n\t<meta name=\"twitter:label2\" content=\"Est. tempo de leitura\" \/>\n\t<meta name=\"twitter:data2\" content=\"3 minutos\" \/>\n<script type=\"application\/ld+json\" class=\"yoast-schema-graph\">{\"@context\":\"https:\/\/schema.org\",\"@graph\":[{\"@type\":\"Article\",\"@id\":\"https:\/\/www.notibras.com\/site\/na-guerra-dos-atleticos-o-do-parana-vence-por-1-a-0-em-curitiba\/#article\",\"isPartOf\":{\"@id\":\"https:\/\/www.notibras.com\/site\/na-guerra-dos-atleticos-o-do-parana-vence-por-1-a-0-em-curitiba\/\"},\"author\":{\"name\":\"Reda\u00e7\u00e3o\",\"@id\":\"https:\/\/www.notibras.com\/site\/#\/schema\/person\/36ab0979449956132d3e5b517ea76ac8\"},\"headline\":\"Na guerra dos Atl\u00e9ticos, o do Paran\u00e1 vence por 1 a 0 em Curitiba\",\"datePublished\":\"2015-05-24T20:40:42+00:00\",\"dateModified\":\"2015-05-24T21:43:56+00:00\",\"mainEntityOfPage\":{\"@id\":\"https:\/\/www.notibras.com\/site\/na-guerra-dos-atleticos-o-do-parana-vence-por-1-a-0-em-curitiba\/\"},\"wordCount\":515,\"commentCount\":0,\"publisher\":{\"@id\":\"https:\/\/www.notibras.com\/site\/#organization\"},\"image\":{\"@id\":\"https:\/\/www.notibras.com\/site\/na-guerra-dos-atleticos-o-do-parana-vence-por-1-a-0-em-curitiba\/#primaryimage\"},\"thumbnailUrl\":\"https:\/\/www.notibras.com\/site\/wp-content\/uploads\/2015\/05\/02douglascoutinhoagradecegoljokamadrugafp.jpg\",\"articleSection\":[\"Esportes\",\"Futebol\"],\"inLanguage\":\"pt-BR\",\"potentialAction\":[{\"@type\":\"CommentAction\",\"name\":\"Comment\",\"target\":[\"https:\/\/www.notibras.com\/site\/na-guerra-dos-atleticos-o-do-parana-vence-por-1-a-0-em-curitiba\/#respond\"]}]},{\"@type\":\"WebPage\",\"@id\":\"https:\/\/www.notibras.com\/site\/na-guerra-dos-atleticos-o-do-parana-vence-por-1-a-0-em-curitiba\/\",\"url\":\"https:\/\/www.notibras.com\/site\/na-guerra-dos-atleticos-o-do-parana-vence-por-1-a-0-em-curitiba\/\",\"name\":\"Na guerra dos Atl\u00e9ticos, o do Paran\u00e1 vence por 1 a 0 em Curitiba - Notibras\",\"isPartOf\":{\"@id\":\"https:\/\/www.notibras.com\/site\/#website\"},\"primaryImageOfPage\":{\"@id\":\"https:\/\/www.notibras.com\/site\/na-guerra-dos-atleticos-o-do-parana-vence-por-1-a-0-em-curitiba\/#primaryimage\"},\"image\":{\"@id\":\"https:\/\/www.notibras.com\/site\/na-guerra-dos-atleticos-o-do-parana-vence-por-1-a-0-em-curitiba\/#primaryimage\"},\"thumbnailUrl\":\"https:\/\/www.notibras.com\/site\/wp-content\/uploads\/2015\/05\/02douglascoutinhoagradecegoljokamadrugafp.jpg\",\"datePublished\":\"2015-05-24T20:40:42+00:00\",\"dateModified\":\"2015-05-24T21:43:56+00:00\",\"breadcrumb\":{\"@id\":\"https:\/\/www.notibras.com\/site\/na-guerra-dos-atleticos-o-do-parana-vence-por-1-a-0-em-curitiba\/#breadcrumb\"},\"inLanguage\":\"pt-BR\",\"potentialAction\":[{\"@type\":\"ReadAction\",\"target\":[\"https:\/\/www.notibras.com\/site\/na-guerra-dos-atleticos-o-do-parana-vence-por-1-a-0-em-curitiba\/\"]}]},{\"@type\":\"ImageObject\",\"inLanguage\":\"pt-BR\",\"@id\":\"https:\/\/www.notibras.com\/site\/na-guerra-dos-atleticos-o-do-parana-vence-por-1-a-0-em-curitiba\/#primaryimage\",\"url\":\"https:\/\/www.notibras.com\/site\/wp-content\/uploads\/2015\/05\/02douglascoutinhoagradecegoljokamadrugafp.jpg\",\"contentUrl\":\"https:\/\/www.notibras.com\/site\/wp-content\/uploads\/2015\/05\/02douglascoutinhoagradecegoljokamadrugafp.jpg\",\"width\":940,\"height\":627,\"caption\":\"O jogador Douglas Coutinho comemora gol do Atl\u00e9tico Paranaense durante a partida entre Atl\u00e9tico PR e Atl\u00e9tico MG v\u00e1lida pela S\u00e9rie A do Campeonato Brasileiro 2015 no Est\u00e1dio Arena da Baixada em Curitiba (PR), neste domingo (24). Joka Madruga\/Futura Press\"},{\"@type\":\"BreadcrumbList\",\"@id\":\"https:\/\/www.notibras.com\/site\/na-guerra-dos-atleticos-o-do-parana-vence-por-1-a-0-em-curitiba\/#breadcrumb\",\"itemListElement\":[{\"@type\":\"ListItem\",\"position\":1,\"name\":\"In\u00edcio\",\"item\":\"https:\/\/www.notibras.com\/site\/\"},{\"@type\":\"ListItem\",\"position\":2,\"name\":\"Na guerra dos Atl\u00e9ticos, o do Paran\u00e1 vence por 1 a 0 em Curitiba\"}]},{\"@type\":\"WebSite\",\"@id\":\"https:\/\/www.notibras.com\/site\/#website\",\"url\":\"https:\/\/www.notibras.com\/site\/\",\"name\":\"Notibras\",\"description\":\"Not\u00edcias de Bras\u00edlia, do Brasil e do Mundo\",\"publisher\":{\"@id\":\"https:\/\/www.notibras.com\/site\/#organization\"},\"potentialAction\":[{\"@type\":\"SearchAction\",\"target\":{\"@type\":\"EntryPoint\",\"urlTemplate\":\"https:\/\/www.notibras.com\/site\/?s={search_term_string}\"},\"query-input\":{\"@type\":\"PropertyValueSpecification\",\"valueRequired\":true,\"valueName\":\"search_term_string\"}}],\"inLanguage\":\"pt-BR\"},{\"@type\":\"Organization\",\"@id\":\"https:\/\/www.notibras.com\/site\/#organization\",\"name\":\"Grupo Notibras de Comunica\u00e7\u00e3o\",\"url\":\"https:\/\/www.notibras.com\/site\/\",\"logo\":{\"@type\":\"ImageObject\",\"inLanguage\":\"pt-BR\",\"@id\":\"https:\/\/www.notibras.com\/site\/#\/schema\/logo\/image\/\",\"url\":\"https:\/\/www.notibras.com\/site\/wp-content\/uploads\/2023\/01\/notibras23.png\",\"contentUrl\":\"https:\/\/www.notibras.com\/site\/wp-content\/uploads\/2023\/01\/notibras23.png\",\"width\":350,\"height\":87,\"caption\":\"Grupo Notibras de Comunica\u00e7\u00e3o\"},\"image\":{\"@id\":\"https:\/\/www.notibras.com\/site\/#\/schema\/logo\/image\/\"},\"sameAs\":[\"https:\/\/www.facebook.com\/notibras\/\",\"https:\/\/x.com\/Notibras\",\"https:\/\/www.instagram.com\/notibras\/\"]},{\"@type\":\"Person\",\"@id\":\"https:\/\/www.notibras.com\/site\/#\/schema\/person\/36ab0979449956132d3e5b517ea76ac8\",\"name\":\"Reda\u00e7\u00e3o\",\"image\":{\"@type\":\"ImageObject\",\"inLanguage\":\"pt-BR\",\"@id\":\"https:\/\/secure.gravatar.com\/avatar\/e0a867bdedb85fd243eadf09663511f96fc81e0720a4a42581f334ad4303aa6b?s=96&d=mm&r=g\",\"url\":\"https:\/\/secure.gravatar.com\/avatar\/e0a867bdedb85fd243eadf09663511f96fc81e0720a4a42581f334ad4303aa6b?s=96&d=mm&r=g\",\"contentUrl\":\"https:\/\/secure.gravatar.com\/avatar\/e0a867bdedb85fd243eadf09663511f96fc81e0720a4a42581f334ad4303aa6b?s=96&d=mm&r=g\",\"caption\":\"Reda\u00e7\u00e3o\"}}]}<\/script>\n<!-- \/ Yoast SEO plugin. -->","yoast_head_json":{"title":"Na guerra dos Atl\u00e9ticos, o do Paran\u00e1 vence por 1 a 0 em Curitiba - Notibras","robots":{"index":"index","follow":"follow","max-snippet":"max-snippet:-1","max-image-preview":"max-image-preview:large","max-video-preview":"max-video-preview:-1"},"canonical":"https:\/\/www.notibras.com\/site\/na-guerra-dos-atleticos-o-do-parana-vence-por-1-a-0-em-curitiba\/","og_locale":"pt_BR","og_type":"article","og_title":"Na guerra dos Atl\u00e9ticos, o do Paran\u00e1 vence por 1 a 0 em Curitiba - Notibras","og_description":"Pontuar fora de casa e n\u00e3o vacilar diante das equipes que v\u00e3o disputar o Campeonato Brasileiro na parte de baixo da classifica\u00e7\u00e3o. Esse era o discurso dos jogadores e da comiss\u00e3o t\u00e9cnica do Atl\u00e9tico-MG antes do duelo com o Atl\u00e9tico-PR. Apesar do bom come\u00e7o, a derrota em Curitiba, por 1 a 0, com gol de [&hellip;]","og_url":"https:\/\/www.notibras.com\/site\/na-guerra-dos-atleticos-o-do-parana-vence-por-1-a-0-em-curitiba\/","og_site_name":"Notibras","article_publisher":"https:\/\/www.facebook.com\/notibras\/","article_published_time":"2015-05-24T20:40:42+00:00","article_modified_time":"2015-05-24T21:43:56+00:00","og_image":[{"width":940,"height":627,"url":"https:\/\/www.notibras.com\/site\/wp-content\/uploads\/2015\/05\/02douglascoutinhoagradecegoljokamadrugafp.jpg","type":"image\/jpeg"}],"author":"Reda\u00e7\u00e3o","twitter_card":"summary_large_image","twitter_creator":"@Notibras","twitter_site":"@Notibras","twitter_misc":{"Escrito por":"Reda\u00e7\u00e3o","Est. tempo de leitura":"3 minutos"},"schema":{"@context":"https:\/\/schema.org","@graph":[{"@type":"Article","@id":"https:\/\/www.notibras.com\/site\/na-guerra-dos-atleticos-o-do-parana-vence-por-1-a-0-em-curitiba\/#article","isPartOf":{"@id":"https:\/\/www.notibras.com\/site\/na-guerra-dos-atleticos-o-do-parana-vence-por-1-a-0-em-curitiba\/"},"author":{"name":"Reda\u00e7\u00e3o","@id":"https:\/\/www.notibras.com\/site\/#\/schema\/person\/36ab0979449956132d3e5b517ea76ac8"},"headline":"Na guerra dos Atl\u00e9ticos, o do Paran\u00e1 vence por 1 a 0 em Curitiba","datePublished":"2015-05-24T20:40:42+00:00","dateModified":"2015-05-24T21:43:56+00:00","mainEntityOfPage":{"@id":"https:\/\/www.notibras.com\/site\/na-guerra-dos-atleticos-o-do-parana-vence-por-1-a-0-em-curitiba\/"},"wordCount":515,"commentCount":0,"publisher":{"@id":"https:\/\/www.notibras.com\/site\/#organization"},"image":{"@id":"https:\/\/www.notibras.com\/site\/na-guerra-dos-atleticos-o-do-parana-vence-por-1-a-0-em-curitiba\/#primaryimage"},"thumbnailUrl":"https:\/\/www.notibras.com\/site\/wp-content\/uploads\/2015\/05\/02douglascoutinhoagradecegoljokamadrugafp.jpg","articleSection":["Esportes","Futebol"],"inLanguage":"pt-BR","potentialAction":[{"@type":"CommentAction","name":"Comment","target":["https:\/\/www.notibras.com\/site\/na-guerra-dos-atleticos-o-do-parana-vence-por-1-a-0-em-curitiba\/#respond"]}]},{"@type":"WebPage","@id":"https:\/\/www.notibras.com\/site\/na-guerra-dos-atleticos-o-do-parana-vence-por-1-a-0-em-curitiba\/","url":"https:\/\/www.notibras.com\/site\/na-guerra-dos-atleticos-o-do-parana-vence-por-1-a-0-em-curitiba\/","name":"Na guerra dos Atl\u00e9ticos, o do Paran\u00e1 vence por 1 a 0 em Curitiba - Notibras","isPartOf":{"@id":"https:\/\/www.notibras.com\/site\/#website"},"primaryImageOfPage":{"@id":"https:\/\/www.notibras.com\/site\/na-guerra-dos-atleticos-o-do-parana-vence-por-1-a-0-em-curitiba\/#primaryimage"},"image":{"@id":"https:\/\/www.notibras.com\/site\/na-guerra-dos-atleticos-o-do-parana-vence-por-1-a-0-em-curitiba\/#primaryimage"},"thumbnailUrl":"https:\/\/www.notibras.com\/site\/wp-content\/uploads\/2015\/05\/02douglascoutinhoagradecegoljokamadrugafp.jpg","datePublished":"2015-05-24T20:40:42+00:00","dateModified":"2015-05-24T21:43:56+00:00","breadcrumb":{"@id":"https:\/\/www.notibras.com\/site\/na-guerra-dos-atleticos-o-do-parana-vence-por-1-a-0-em-curitiba\/#breadcrumb"},"inLanguage":"pt-BR","potentialAction":[{"@type":"ReadAction","target":["https:\/\/www.notibras.com\/site\/na-guerra-dos-atleticos-o-do-parana-vence-por-1-a-0-em-curitiba\/"]}]},{"@type":"ImageObject","inLanguage":"pt-BR","@id":"https:\/\/www.notibras.com\/site\/na-guerra-dos-atleticos-o-do-parana-vence-por-1-a-0-em-curitiba\/#primaryimage","url":"https:\/\/www.notibras.com\/site\/wp-content\/uploads\/2015\/05\/02douglascoutinhoagradecegoljokamadrugafp.jpg","contentUrl":"https:\/\/www.notibras.com\/site\/wp-content\/uploads\/2015\/05\/02douglascoutinhoagradecegoljokamadrugafp.jpg","width":940,"height":627,"caption":"O jogador Douglas Coutinho comemora gol do Atl\u00e9tico Paranaense durante a partida entre Atl\u00e9tico PR e Atl\u00e9tico MG v\u00e1lida pela S\u00e9rie A do Campeonato Brasileiro 2015 no Est\u00e1dio Arena da Baixada em Curitiba (PR), neste domingo (24). Joka Madruga\/Futura Press"},{"@type":"BreadcrumbList","@id":"https:\/\/www.notibras.com\/site\/na-guerra-dos-atleticos-o-do-parana-vence-por-1-a-0-em-curitiba\/#breadcrumb","itemListElement":[{"@type":"ListItem","position":1,"name":"In\u00edcio","item":"https:\/\/www.notibras.com\/site\/"},{"@type":"ListItem","position":2,"name":"Na guerra dos Atl\u00e9ticos, o do Paran\u00e1 vence por 1 a 0 em Curitiba"}]},{"@type":"WebSite","@id":"https:\/\/www.notibras.com\/site\/#website","url":"https:\/\/www.notibras.com\/site\/","name":"Notibras","description":"Not\u00edcias de Bras\u00edlia, do Brasil e do Mundo","publisher":{"@id":"https:\/\/www.notibras.com\/site\/#organization"},"potentialAction":[{"@type":"SearchAction","target":{"@type":"EntryPoint","urlTemplate":"https:\/\/www.notibras.com\/site\/?s={search_term_string}"},"query-input":{"@type":"PropertyValueSpecification","valueRequired":true,"valueName":"search_term_string"}}],"inLanguage":"pt-BR"},{"@type":"Organization","@id":"https:\/\/www.notibras.com\/site\/#organization","name":"Grupo Notibras de Comunica\u00e7\u00e3o","url":"https:\/\/www.notibras.com\/site\/","logo":{"@type":"ImageObject","inLanguage":"pt-BR","@id":"https:\/\/www.notibras.com\/site\/#\/schema\/logo\/image\/","url":"https:\/\/www.notibras.com\/site\/wp-content\/uploads\/2023\/01\/notibras23.png","contentUrl":"https:\/\/www.notibras.com\/site\/wp-content\/uploads\/2023\/01\/notibras23.png","width":350,"height":87,"caption":"Grupo Notibras de Comunica\u00e7\u00e3o"},"image":{"@id":"https:\/\/www.notibras.com\/site\/#\/schema\/logo\/image\/"},"sameAs":["https:\/\/www.facebook.com\/notibras\/","https:\/\/x.com\/Notibras","https:\/\/www.instagram.com\/notibras\/"]},{"@type":"Person","@id":"https:\/\/www.notibras.com\/site\/#\/schema\/person\/36ab0979449956132d3e5b517ea76ac8","name":"Reda\u00e7\u00e3o","image":{"@type":"ImageObject","inLanguage":"pt-BR","@id":"https:\/\/secure.gravatar.com\/avatar\/e0a867bdedb85fd243eadf09663511f96fc81e0720a4a42581f334ad4303aa6b?s=96&d=mm&r=g","url":"https:\/\/secure.gravatar.com\/avatar\/e0a867bdedb85fd243eadf09663511f96fc81e0720a4a42581f334ad4303aa6b?s=96&d=mm&r=g","contentUrl":"https:\/\/secure.gravatar.com\/avatar\/e0a867bdedb85fd243eadf09663511f96fc81e0720a4a42581f334ad4303aa6b?s=96&d=mm&r=g","caption":"Reda\u00e7\u00e3o"}}]}},"amp_enabled":true,"_links":{"self":[{"href":"https:\/\/www.notibras.com\/site\/wp-json\/wp\/v2\/posts\/50239","targetHints":{"allow":["GET"]}}],"collection":[{"href":"https:\/\/www.notibras.com\/site\/wp-json\/wp\/v2\/posts"}],"about":[{"href":"https:\/\/www.notibras.com\/site\/wp-json\/wp\/v2\/types\/post"}],"author":[{"embeddable":true,"href":"https:\/\/www.notibras.com\/site\/wp-json\/wp\/v2\/users\/2"}],"replies":[{"embeddable":true,"href":"https:\/\/www.notibras.com\/site\/wp-json\/wp\/v2\/comments?post=50239"}],"version-history":[{"count":0,"href":"https:\/\/www.notibras.com\/site\/wp-json\/wp\/v2\/posts\/50239\/revisions"}],"wp:featuredmedia":[{"embeddable":true,"href":"https:\/\/www.notibras.com\/site\/wp-json\/wp\/v2\/media\/50240"}],"wp:attachment":[{"href":"https:\/\/www.notibras.com\/site\/wp-json\/wp\/v2\/media?parent=50239"}],"wp:term":[{"taxonomy":"category","embeddable":true,"href":"https:\/\/www.notibras.com\/site\/wp-json\/wp\/v2\/categories?post=50239"},{"taxonomy":"post_tag","embeddable":true,"href":"https:\/\/www.notibras.com\/site\/wp-json\/wp\/v2\/tags?post=50239"}],"curies":[{"name":"wp","href":"https:\/\/api.w.org\/{rel}","templated":true}]}}